{"id":3769,"date":"2023-10-02T22:14:13","date_gmt":"2023-10-03T01:14:13","guid":{"rendered":"https:\/\/elcanillita.info\/press\/?p=3769"},"modified":"2023-10-02T22:14:14","modified_gmt":"2023-10-03T01:14:14","slug":"la-iglesia-catolica-podria-bendecir-las-uniones-civiles-entre-personas-del-mismo-sexo","status":"publish","type":"post","link":"https:\/\/elcanillita.info\/press\/2023\/10\/02\/la-iglesia-catolica-podria-bendecir-las-uniones-civiles-entre-personas-del-mismo-sexo\/","title":{"rendered":"La Iglesia cat\u00f3lica podr\u00eda bendecir las uniones civiles entre personas del mismo sexo"},"content":{"rendered":"\n<figure class=\"wp-block-image size-full\"><img loading=\"lazy\" decoding=\"async\" width=\"600\" height=\"400\" src=\"https:\/\/elcanillita.info\/press\/images\/2023\/10\/pope_20231003.jpg\" alt=\"\" class=\"wp-image-3770\" srcset=\"https:\/\/elcanillita.info\/press\/images\/2023\/10\/pope_20231003.jpg 600w, https:\/\/elcanillita.info\/press\/images\/2023\/10\/pope_20231003-300x200.jpg 300w\" sizes=\"auto, (max-width: 600px) 100vw, 600px\" \/><\/figure>\n\n\n\n<p>El Papa Francisco dijo en una carta que &#8220;no podemos ser jueces que s\u00f3lo niegan, hacen retroceder, excluyen&#8221;<br><br>El Papa ha respaldado con cautela la bendici\u00f3n de las uniones homosexuales por primera vez, en un paso m\u00e1s para alejarse de la tradicional intolerancia de la Iglesia Cat\u00f3lica hacia la homosexualidad.<\/p>\n\n\n\n<p>Francisco, que en 2013 pronunci\u00f3 la famosa frase &#8220;\u00bfQui\u00e9n soy yo para juzgar?&#8221; cuando le preguntaron por los homosexuales, dio su veredicto sobre las uniones gais en respuesta a las preguntas doctrinales de cinco cardenales de l\u00ednea dura.<\/p>\n\n\n\n<p>La Iglesia cat\u00f3lica considera oficialmente el sexo homosexual como &#8220;intr\u00ednsecamente desordenado&#8221; y el Papa se ha opuesto durante mucho tiempo al matrimonio gay, alegando que el matrimonio s\u00f3lo puede darse entre un hombre y una mujer. Sin embargo, ha apoyado las uniones civiles entre personas del mismo sexo, argumentando que las parejas homosexuales necesitan derechos legales, y le dijo a un hombre gay en 2018 que &#8220;Dios te hizo as\u00ed y te ama como eres&#8221;.<\/p>\n\n\n\n<p>A pesar de su postura, el departamento doctrinal del Vaticano dijo en 2021 que la Iglesia no pod\u00eda bendecir las uniones homosexuales porque &#8220;Dios no puede bendecir el pecado&#8221;.<\/p>\n\n\n\n<p>Esto podr\u00eda estar a punto de cambiar tras la respuesta del Papa, en la que dijo que las bendiciones podr\u00edan ser posibles si no se equiparaban al matrimonio. En una carta, publicada ayer, dijo: &#8220;No podemos ser jueces que s\u00f3lo niegan, rechazan, excluyen&#8221;.<\/p>\n\n\n\n<p>Dijo: &#8220;Por tanto, la prudencia pastoral debe discernir adecuadamente si existen formas de bendici\u00f3n, solicitadas por una o varias personas, que no transmitan una concepci\u00f3n equivocada del matrimonio.&#8221;<\/p>\n\n\n\n<p>Francisco argument\u00f3: &#8220;Porque cuando se pide una bendici\u00f3n, se est\u00e1 expresando una petici\u00f3n de ayuda a Dios, una s\u00faplica para poder vivir mejor, una confianza en un padre que puede ayudarnos a vivir mejor.&#8221;<\/p>\n\n\n\n<p>A\u00f1adi\u00f3 que la bendici\u00f3n de las uniones homosexuales no deber\u00eda convertirse en una norma oficial y transcrita, sino que deber\u00eda realizarse caso por caso.<\/p>\n\n\n\n<p>&#8220;Se trata de un gran paso, inimaginable hace unos a\u00f1os, y una se\u00f1al para los obispos que piensan que nada ha cambiado desde el Papa Juan Pablo II&#8221;, afirm\u00f3 Massimo Faggioli, te\u00f3logo de la Universidad de Villanova (EE.UU.).<\/p>\n\n\n\n<p>El giro del Papa sobre las uniones homosexuales se produce antes de un s\u00ednodo clave de obispos, que comienza esta semana en el Vaticano y abordar\u00e1 temas controvertidos como la homosexualidad, la introducci\u00f3n de mujeres di\u00e1conos y los sacerdotes casados.<\/p>\n\n\n\n<p><small>Copyright \u00a9 2023 ElCanillita.info \/ SalaStampa.Eu &#8211; Informaci\u00f3n de dominio p\u00fablico<\/small><\/p>\n","protected":false},"excerpt":{"rendered":"<p>El Pont\u00edfice ha apoyado las bendiciones por primera vez, argumentando que las parejas homosexuales necesitan derechos legales<\/p>\n","protected":false},"author":1,"featured_media":3770,"comment_status":"closed","ping_status":"closed","sticky":false,"template":"","format":"standard","meta":{"footnotes":"","_links_to":"","_links_to_target":""},"categories":[108,121,70,5,25],"tags":[50],"class_list":["post-3769","post","type-post","status-publish","format-standard","has-post-thumbnail","hentry","category-blogdiario","category-dc24","category-actualidad","category-europa","category-sociedad","tag-ciudad-vaticano","entry","double"],"yoast_head":"<!-- This site is optimized with the Yoast SEO plugin v27.4 - https:\/\/yoast.com\/product\/yoast-seo-wordpress\/ -->\n<title>La Iglesia cat\u00f3lica podr\u00eda bendecir las uniones civiles entre personas del mismo sexo - ElCanillita.Info<\/title>\n<meta name=\"description\" content=\"El Pont\u00edfice ha apoyado las bendiciones por primera vez, argumentando que las parejas homosexuales necesitan derechos legales\" \/>\n<meta name=\"robots\" content=\"index, follow, max-snippet:-1, max-image-preview:large, max-video-preview:-1\" \/>\n<link rel=\"canonical\" href=\"https:\/\/elcanillita.info\/press\/2023\/10\/02\/la-iglesia-catolica-podria-bendecir-las-uniones-civiles-entre-personas-del-mismo-sexo\/\" \/>\n<meta property=\"og:locale\" content=\"es_ES\" \/>\n<meta property=\"og:type\" content=\"article\" \/>\n<meta property=\"og:title\" content=\"La Iglesia cat\u00f3lica podr\u00eda bendecir las uniones civiles entre personas del mismo sexo - ElCanillita.Info\" \/>\n<meta property=\"og:description\" content=\"El Pont\u00edfice ha apoyado las bendiciones por primera vez, argumentando que las parejas homosexuales necesitan derechos legales\" \/>\n<meta property=\"og:url\" content=\"https:\/\/elcanillita.info\/press\/2023\/10\/02\/la-iglesia-catolica-podria-bendecir-las-uniones-civiles-entre-personas-del-mismo-sexo\/\" \/>\n<meta property=\"og:site_name\" content=\"ElCanillita.Info\" \/>\n<meta property=\"article:publisher\" content=\"https:\/\/ar-ar.facebook.com\/ElCanillitainfo-114249515285712\/\" \/>\n<meta property=\"article:published_time\" content=\"2023-10-03T01:14:13+00:00\" \/>\n<meta property=\"article:modified_time\" content=\"2023-10-03T01:14:14+00:00\" \/>\n<meta property=\"og:image\" content=\"https:\/\/elcanillita.info\/press\/images\/2023\/10\/pope_20231003.jpg\" \/>\n\t<meta property=\"og:image:width\" content=\"600\" \/>\n\t<meta property=\"og:image:height\" content=\"400\" \/>\n\t<meta property=\"og:image:type\" content=\"image\/jpeg\" \/>\n<meta name=\"author\" content=\"SalaStampa.eu, world press service\" \/>\n<meta name=\"twitter:card\" content=\"summary_large_image\" \/>\n<meta name=\"twitter:label1\" content=\"Escrito por\" \/>\n\t<meta name=\"twitter:data1\" content=\"SalaStampa.eu, world press service\" \/>\n\t<meta name=\"twitter:label2\" content=\"Tiempo de lectura\" \/>\n\t<meta name=\"twitter:data2\" content=\"3 minutos\" \/>\n<script type=\"application\/ld+json\" class=\"yoast-schema-graph\">{\"@context\":\"https:\\\/\\\/schema.org\",\"@graph\":[{\"@type\":\"Article\",\"@id\":\"https:\\\/\\\/elcanillita.info\\\/press\\\/2023\\\/10\\\/02\\\/la-iglesia-catolica-podria-bendecir-las-uniones-civiles-entre-personas-del-mismo-sexo\\\/#article\",\"isPartOf\":{\"@id\":\"https:\\\/\\\/elcanillita.info\\\/press\\\/2023\\\/10\\\/02\\\/la-iglesia-catolica-podria-bendecir-las-uniones-civiles-entre-personas-del-mismo-sexo\\\/\"},\"author\":{\"name\":\"SalaStampa.eu, world press service\",\"@id\":\"https:\\\/\\\/elcanillita.info\\\/press\\\/#\\\/schema\\\/person\\\/7fcb79f38045700919f7da6d97e71ba0\"},\"headline\":\"La Iglesia cat\u00f3lica podr\u00eda bendecir las uniones civiles entre personas del mismo sexo\",\"datePublished\":\"2023-10-03T01:14:13+00:00\",\"dateModified\":\"2023-10-03T01:14:14+00:00\",\"mainEntityOfPage\":{\"@id\":\"https:\\\/\\\/elcanillita.info\\\/press\\\/2023\\\/10\\\/02\\\/la-iglesia-catolica-podria-bendecir-las-uniones-civiles-entre-personas-del-mismo-sexo\\\/\"},\"wordCount\":452,\"publisher\":{\"@id\":\"https:\\\/\\\/elcanillita.info\\\/press\\\/#organization\"},\"image\":{\"@id\":\"https:\\\/\\\/elcanillita.info\\\/press\\\/2023\\\/10\\\/02\\\/la-iglesia-catolica-podria-bendecir-las-uniones-civiles-entre-personas-del-mismo-sexo\\\/#primaryimage\"},\"thumbnailUrl\":\"https:\\\/\\\/elcanillita.info\\\/press\\\/images\\\/2023\\\/10\\\/pope_20231003.jpg\",\"keywords\":[\"Ciudad del Vaticano\"],\"articleSection\":[\".\",\".\",\"Actualidad\",\"Europa\",\"Sociedad\"],\"inLanguage\":\"es-AR\"},{\"@type\":\"WebPage\",\"@id\":\"https:\\\/\\\/elcanillita.info\\\/press\\\/2023\\\/10\\\/02\\\/la-iglesia-catolica-podria-bendecir-las-uniones-civiles-entre-personas-del-mismo-sexo\\\/\",\"url\":\"https:\\\/\\\/elcanillita.info\\\/press\\\/2023\\\/10\\\/02\\\/la-iglesia-catolica-podria-bendecir-las-uniones-civiles-entre-personas-del-mismo-sexo\\\/\",\"name\":\"La Iglesia cat\u00f3lica podr\u00eda bendecir las uniones civiles entre personas del mismo sexo - ElCanillita.Info\",\"isPartOf\":{\"@id\":\"https:\\\/\\\/elcanillita.info\\\/press\\\/#website\"},\"primaryImageOfPage\":{\"@id\":\"https:\\\/\\\/elcanillita.info\\\/press\\\/2023\\\/10\\\/02\\\/la-iglesia-catolica-podria-bendecir-las-uniones-civiles-entre-personas-del-mismo-sexo\\\/#primaryimage\"},\"image\":{\"@id\":\"https:\\\/\\\/elcanillita.info\\\/press\\\/2023\\\/10\\\/02\\\/la-iglesia-catolica-podria-bendecir-las-uniones-civiles-entre-personas-del-mismo-sexo\\\/#primaryimage\"},\"thumbnailUrl\":\"https:\\\/\\\/elcanillita.info\\\/press\\\/images\\\/2023\\\/10\\\/pope_20231003.jpg\",\"datePublished\":\"2023-10-03T01:14:13+00:00\",\"dateModified\":\"2023-10-03T01:14:14+00:00\",\"description\":\"El Pont\u00edfice ha apoyado las bendiciones por primera vez, argumentando que las parejas homosexuales necesitan derechos legales\",\"inLanguage\":\"es-AR\",\"potentialAction\":[{\"@type\":\"ReadAction\",\"target\":[\"https:\\\/\\\/elcanillita.info\\\/press\\\/2023\\\/10\\\/02\\\/la-iglesia-catolica-podria-bendecir-las-uniones-civiles-entre-personas-del-mismo-sexo\\\/\"]}]},{\"@type\":\"ImageObject\",\"inLanguage\":\"es-AR\",\"@id\":\"https:\\\/\\\/elcanillita.info\\\/press\\\/2023\\\/10\\\/02\\\/la-iglesia-catolica-podria-bendecir-las-uniones-civiles-entre-personas-del-mismo-sexo\\\/#primaryimage\",\"url\":\"https:\\\/\\\/elcanillita.info\\\/press\\\/images\\\/2023\\\/10\\\/pope_20231003.jpg\",\"contentUrl\":\"https:\\\/\\\/elcanillita.info\\\/press\\\/images\\\/2023\\\/10\\\/pope_20231003.jpg\",\"width\":600,\"height\":400},{\"@type\":\"WebSite\",\"@id\":\"https:\\\/\\\/elcanillita.info\\\/press\\\/#website\",\"url\":\"https:\\\/\\\/elcanillita.info\\\/press\\\/\",\"name\":\"ElCanillita.Info\",\"description\":\"desde los Apeninos a los Andes\",\"publisher\":{\"@id\":\"https:\\\/\\\/elcanillita.info\\\/press\\\/#organization\"},\"potentialAction\":[{\"@type\":\"SearchAction\",\"target\":{\"@type\":\"EntryPoint\",\"urlTemplate\":\"https:\\\/\\\/elcanillita.info\\\/press\\\/?s={search_term_string}\"},\"query-input\":{\"@type\":\"PropertyValueSpecification\",\"valueRequired\":true,\"valueName\":\"search_term_string\"}}],\"inLanguage\":\"es-AR\"},{\"@type\":\"Organization\",\"@id\":\"https:\\\/\\\/elcanillita.info\\\/press\\\/#organization\",\"name\":\"Guzzo Photos & Graphic Publications\",\"url\":\"https:\\\/\\\/elcanillita.info\\\/press\\\/\",\"logo\":{\"@type\":\"ImageObject\",\"inLanguage\":\"es-AR\",\"@id\":\"https:\\\/\\\/elcanillita.info\\\/press\\\/#\\\/schema\\\/logo\\\/image\\\/\",\"url\":\"https:\\\/\\\/elcanillita.info\\\/press\\\/images\\\/2020\\\/01\\\/cropped-cropped-cropped-elcanillitainfo.png\",\"contentUrl\":\"https:\\\/\\\/elcanillita.info\\\/press\\\/images\\\/2020\\\/01\\\/cropped-cropped-cropped-elcanillitainfo.png\",\"width\":460,\"height\":50,\"caption\":\"Guzzo Photos & Graphic Publications\"},\"image\":{\"@id\":\"https:\\\/\\\/elcanillita.info\\\/press\\\/#\\\/schema\\\/logo\\\/image\\\/\"},\"sameAs\":[\"https:\\\/\\\/ar-ar.facebook.com\\\/ElCanillitainfo-114249515285712\\\/\"]},{\"@type\":\"Person\",\"@id\":\"https:\\\/\\\/elcanillita.info\\\/press\\\/#\\\/schema\\\/person\\\/7fcb79f38045700919f7da6d97e71ba0\",\"name\":\"SalaStampa.eu, world press service\",\"image\":{\"@type\":\"ImageObject\",\"inLanguage\":\"es-AR\",\"@id\":\"https:\\\/\\\/secure.gravatar.com\\\/avatar\\\/c2f0e0d515a107624234994507816ca4724c7199cef73fc8bedebf6931d73888?s=96&d=mm&r=g\",\"url\":\"https:\\\/\\\/secure.gravatar.com\\\/avatar\\\/c2f0e0d515a107624234994507816ca4724c7199cef73fc8bedebf6931d73888?s=96&d=mm&r=g\",\"contentUrl\":\"https:\\\/\\\/secure.gravatar.com\\\/avatar\\\/c2f0e0d515a107624234994507816ca4724c7199cef73fc8bedebf6931d73888?s=96&d=mm&r=g\",\"caption\":\"SalaStampa.eu, world press service\"}}]}<\/script>\n<!-- \/ Yoast SEO plugin. -->","yoast_head_json":{"title":"La Iglesia cat\u00f3lica podr\u00eda bendecir las uniones civiles entre personas del mismo sexo - ElCanillita.Info","description":"El Pont\u00edfice ha apoyado las bendiciones por primera vez, argumentando que las parejas homosexuales necesitan derechos legales","robots":{"index":"index","follow":"follow","max-snippet":"max-snippet:-1","max-image-preview":"max-image-preview:large","max-video-preview":"max-video-preview:-1"},"canonical":"https:\/\/elcanillita.info\/press\/2023\/10\/02\/la-iglesia-catolica-podria-bendecir-las-uniones-civiles-entre-personas-del-mismo-sexo\/","og_locale":"es_ES","og_type":"article","og_title":"La Iglesia cat\u00f3lica podr\u00eda bendecir las uniones civiles entre personas del mismo sexo - ElCanillita.Info","og_description":"El Pont\u00edfice ha apoyado las bendiciones por primera vez, argumentando que las parejas homosexuales necesitan derechos legales","og_url":"https:\/\/elcanillita.info\/press\/2023\/10\/02\/la-iglesia-catolica-podria-bendecir-las-uniones-civiles-entre-personas-del-mismo-sexo\/","og_site_name":"ElCanillita.Info","article_publisher":"https:\/\/ar-ar.facebook.com\/ElCanillitainfo-114249515285712\/","article_published_time":"2023-10-03T01:14:13+00:00","article_modified_time":"2023-10-03T01:14:14+00:00","og_image":[{"width":600,"height":400,"url":"https:\/\/elcanillita.info\/press\/images\/2023\/10\/pope_20231003.jpg","type":"image\/jpeg"}],"author":"SalaStampa.eu, world press service","twitter_card":"summary_large_image","twitter_misc":{"Escrito por":"SalaStampa.eu, world press service","Tiempo de lectura":"3 minutos"},"schema":{"@context":"https:\/\/schema.org","@graph":[{"@type":"Article","@id":"https:\/\/elcanillita.info\/press\/2023\/10\/02\/la-iglesia-catolica-podria-bendecir-las-uniones-civiles-entre-personas-del-mismo-sexo\/#article","isPartOf":{"@id":"https:\/\/elcanillita.info\/press\/2023\/10\/02\/la-iglesia-catolica-podria-bendecir-las-uniones-civiles-entre-personas-del-mismo-sexo\/"},"author":{"name":"SalaStampa.eu, world press service","@id":"https:\/\/elcanillita.info\/press\/#\/schema\/person\/7fcb79f38045700919f7da6d97e71ba0"},"headline":"La Iglesia cat\u00f3lica podr\u00eda bendecir las uniones civiles entre personas del mismo sexo","datePublished":"2023-10-03T01:14:13+00:00","dateModified":"2023-10-03T01:14:14+00:00","mainEntityOfPage":{"@id":"https:\/\/elcanillita.info\/press\/2023\/10\/02\/la-iglesia-catolica-podria-bendecir-las-uniones-civiles-entre-personas-del-mismo-sexo\/"},"wordCount":452,"publisher":{"@id":"https:\/\/elcanillita.info\/press\/#organization"},"image":{"@id":"https:\/\/elcanillita.info\/press\/2023\/10\/02\/la-iglesia-catolica-podria-bendecir-las-uniones-civiles-entre-personas-del-mismo-sexo\/#primaryimage"},"thumbnailUrl":"https:\/\/elcanillita.info\/press\/images\/2023\/10\/pope_20231003.jpg","keywords":["Ciudad del Vaticano"],"articleSection":[".",".","Actualidad","Europa","Sociedad"],"inLanguage":"es-AR"},{"@type":"WebPage","@id":"https:\/\/elcanillita.info\/press\/2023\/10\/02\/la-iglesia-catolica-podria-bendecir-las-uniones-civiles-entre-personas-del-mismo-sexo\/","url":"https:\/\/elcanillita.info\/press\/2023\/10\/02\/la-iglesia-catolica-podria-bendecir-las-uniones-civiles-entre-personas-del-mismo-sexo\/","name":"La Iglesia cat\u00f3lica podr\u00eda bendecir las uniones civiles entre personas del mismo sexo - ElCanillita.Info","isPartOf":{"@id":"https:\/\/elcanillita.info\/press\/#website"},"primaryImageOfPage":{"@id":"https:\/\/elcanillita.info\/press\/2023\/10\/02\/la-iglesia-catolica-podria-bendecir-las-uniones-civiles-entre-personas-del-mismo-sexo\/#primaryimage"},"image":{"@id":"https:\/\/elcanillita.info\/press\/2023\/10\/02\/la-iglesia-catolica-podria-bendecir-las-uniones-civiles-entre-personas-del-mismo-sexo\/#primaryimage"},"thumbnailUrl":"https:\/\/elcanillita.info\/press\/images\/2023\/10\/pope_20231003.jpg","datePublished":"2023-10-03T01:14:13+00:00","dateModified":"2023-10-03T01:14:14+00:00","description":"El Pont\u00edfice ha apoyado las bendiciones por primera vez, argumentando que las parejas homosexuales necesitan derechos legales","inLanguage":"es-AR","potentialAction":[{"@type":"ReadAction","target":["https:\/\/elcanillita.info\/press\/2023\/10\/02\/la-iglesia-catolica-podria-bendecir-las-uniones-civiles-entre-personas-del-mismo-sexo\/"]}]},{"@type":"ImageObject","inLanguage":"es-AR","@id":"https:\/\/elcanillita.info\/press\/2023\/10\/02\/la-iglesia-catolica-podria-bendecir-las-uniones-civiles-entre-personas-del-mismo-sexo\/#primaryimage","url":"https:\/\/elcanillita.info\/press\/images\/2023\/10\/pope_20231003.jpg","contentUrl":"https:\/\/elcanillita.info\/press\/images\/2023\/10\/pope_20231003.jpg","width":600,"height":400},{"@type":"WebSite","@id":"https:\/\/elcanillita.info\/press\/#website","url":"https:\/\/elcanillita.info\/press\/","name":"ElCanillita.Info","description":"desde los Apeninos a los Andes","publisher":{"@id":"https:\/\/elcanillita.info\/press\/#organization"},"potentialAction":[{"@type":"SearchAction","target":{"@type":"EntryPoint","urlTemplate":"https:\/\/elcanillita.info\/press\/?s={search_term_string}"},"query-input":{"@type":"PropertyValueSpecification","valueRequired":true,"valueName":"search_term_string"}}],"inLanguage":"es-AR"},{"@type":"Organization","@id":"https:\/\/elcanillita.info\/press\/#organization","name":"Guzzo Photos & Graphic Publications","url":"https:\/\/elcanillita.info\/press\/","logo":{"@type":"ImageObject","inLanguage":"es-AR","@id":"https:\/\/elcanillita.info\/press\/#\/schema\/logo\/image\/","url":"https:\/\/elcanillita.info\/press\/images\/2020\/01\/cropped-cropped-cropped-elcanillitainfo.png","contentUrl":"https:\/\/elcanillita.info\/press\/images\/2020\/01\/cropped-cropped-cropped-elcanillitainfo.png","width":460,"height":50,"caption":"Guzzo Photos & Graphic Publications"},"image":{"@id":"https:\/\/elcanillita.info\/press\/#\/schema\/logo\/image\/"},"sameAs":["https:\/\/ar-ar.facebook.com\/ElCanillitainfo-114249515285712\/"]},{"@type":"Person","@id":"https:\/\/elcanillita.info\/press\/#\/schema\/person\/7fcb79f38045700919f7da6d97e71ba0","name":"SalaStampa.eu, world press service","image":{"@type":"ImageObject","inLanguage":"es-AR","@id":"https:\/\/secure.gravatar.com\/avatar\/c2f0e0d515a107624234994507816ca4724c7199cef73fc8bedebf6931d73888?s=96&d=mm&r=g","url":"https:\/\/secure.gravatar.com\/avatar\/c2f0e0d515a107624234994507816ca4724c7199cef73fc8bedebf6931d73888?s=96&d=mm&r=g","contentUrl":"https:\/\/secure.gravatar.com\/avatar\/c2f0e0d515a107624234994507816ca4724c7199cef73fc8bedebf6931d73888?s=96&d=mm&r=g","caption":"SalaStampa.eu, world press service"}}]}},"views":391,"_links":{"self":[{"href":"https:\/\/elcanillita.info\/press\/wp-json\/wp\/v2\/posts\/3769","targetHints":{"allow":["GET"]}}],"collection":[{"href":"https:\/\/elcanillita.info\/press\/wp-json\/wp\/v2\/posts"}],"about":[{"href":"https:\/\/elcanillita.info\/press\/wp-json\/wp\/v2\/types\/post"}],"author":[{"embeddable":true,"href":"https:\/\/elcanillita.info\/press\/wp-json\/wp\/v2\/users\/1"}],"replies":[{"embeddable":true,"href":"https:\/\/elcanillita.info\/press\/wp-json\/wp\/v2\/comments?post=3769"}],"version-history":[{"count":0,"href":"https:\/\/elcanillita.info\/press\/wp-json\/wp\/v2\/posts\/3769\/revisions"}],"wp:featuredmedia":[{"embeddable":true,"href":"https:\/\/elcanillita.info\/press\/wp-json\/wp\/v2\/media\/3770"}],"wp:attachment":[{"href":"https:\/\/elcanillita.info\/press\/wp-json\/wp\/v2\/media?parent=3769"}],"wp:term":[{"taxonomy":"category","embeddable":true,"href":"https:\/\/elcanillita.info\/press\/wp-json\/wp\/v2\/categories?post=3769"},{"taxonomy":"post_tag","embeddable":true,"href":"https:\/\/elcanillita.info\/press\/wp-json\/wp\/v2\/tags?post=3769"}],"curies":[{"name":"wp","href":"https:\/\/api.w.org\/{rel}","templated":true}]}}