{"id":3767,"date":"2023-10-01T08:37:12","date_gmt":"2023-10-01T11:37:12","guid":{"rendered":"https:\/\/elcanillita.info\/press\/?p=3767"},"modified":"2023-10-01T09:34:55","modified_gmt":"2023-10-01T12:34:55","slug":"sin-pan-y-sin-trabajo","status":"publish","type":"post","link":"https:\/\/elcanillita.info\/press\/2023\/10\/01\/sin-pan-y-sin-trabajo\/","title":{"rendered":"Sin pan y sin trabajo"},"content":{"rendered":"\n<figure class=\"wp-block-image size-full\"><img loading=\"lazy\" decoding=\"async\" width=\"600\" height=\"360\" src=\"https:\/\/elcanillita.info\/press\/images\/2023\/10\/cover20231001.jpg\" alt=\"\" class=\"wp-image-3768\" srcset=\"https:\/\/elcanillita.info\/press\/images\/2023\/10\/cover20231001.jpg 600w, https:\/\/elcanillita.info\/press\/images\/2023\/10\/cover20231001-300x180.jpg 300w\" sizes=\"auto, (max-width: 600px) 100vw, 600px\" \/><figcaption class=\"wp-element-caption\">&#8220;Sin pan y sin trabajo&#8221; (1892-1893), \u00f3leo de Ernesto de la C\u00e1rcova, excelso pintor argentino, director de la Academia de Bellas Artes de la Naci\u00f3n<\/figcaption><\/figure>\n\n\n\n<p><strong>por Enrique Guillermo Avogadro<\/strong><br><br><small>\u201cIncluso en la muralla m\u00e1s compacta se abre alguna grieta, o al<br>menos tenemos esa esperanza, cosa que ya significa mucho\u201d.<br>Ryszard Kapu\u015bci\u0144ski<\/small><br><br>Buenos Aires, 30\/09\/2023<br>En el inexorable final (el \u00edndice de confianza en el Gobierno de la Universidad di Tella lo muestra en el peor registro desde 2001) de esta tr\u00e1gica etapa durante la cual el kirchnerismo destruy\u00f3 hasta las ruinas que quedaban de la Argentina, la inmundicia aflora y se muestra, imp\u00fadica, en todas las grietas de la realidad. Pero cuando m\u00e1s repugnante resulta es el momento en que se miden la pobreza y la indigencia que el vergonzoso saqueo del Estado ha provocado; a\u00fan con los an\u00e1lisis correspondientes al primer trimestre del a\u00f1o (antes de la torpe devaluaci\u00f3n y el nuevo estallido inflacionario actual) informados esta semana, el panorama es pavoroso porque, detr\u00e1s de cada n\u00famero, hay millones de personas que ni siquiera pueden acceder a una alimentaci\u00f3n m\u00ednima, en especial los chicos, 56% de los cuales se encuentran en esa situaci\u00f3n.<\/p>\n\n\n\n<p>Los negociados fabulosos con la obra p\u00fablica y con YPF, que tanto nos costar\u00e1n a\u00fan, la imp\u00fadica utilizaci\u00f3n de los recursos financieros y materiales oficiales para apuntalar al Ministro\/candidato, la malversaci\u00f3n de caudales p\u00fablicos, la obscena emisi\u00f3n de pesos, la salvaje ca\u00edda del poder adquisitivo de salarios y jubilaciones, la inseguridad ciudadana, la expansi\u00f3n del narcotr\u00e1fico y la violencia derivada de las guerras entre bandas, la inexistencia de movilidad social ascendente y la falta de futuro, la obligada emigraci\u00f3n de los mejores y m\u00e1s preparados j\u00f3venes, la degradaci\u00f3n de la educaci\u00f3n, la ideologizaci\u00f3n de los gremios y el atropello a las instituciones de la Rep\u00fablica son algunos de los hitos que marcar\u00e1n estas dos d\u00e9cadas.<\/p>\n\n\n\n<p>El saber que se encuentra ante una encrucijada definitiva para su destino pol\u00edtico est\u00e1 llevando a Sergio <em>Aceitoso <\/em>Massa a incendiar todo a su paso y dejar tierra arrasada; si pierde las elecciones, la monumental crisis que dejar\u00e1 a su sucesor permitir\u00e1 al pero\/kirchnerismo volver a las andadas y emular los sucesos de 2001 (hoy la situaci\u00f3n es infinitamente peor) con helic\u00f3pteros y violencia en las calles y, si las gana, ya ver\u00e1 a qu\u00e9 nueva magia recurrir para sobrevivir a su propia herencia.<\/p>\n\n\n\n<p>El episodio de Julio Segundo <em>Chocolate<\/em> Rigau y su detenci\u00f3n anulada en La Plata ilumin\u00f3 la generalizada corrupci\u00f3n imperante en el Congreso y en las legislatura provinciales con inusitada fuerza; y el estruendoso silencio de todas, todas, las fuerzas pol\u00edticas tanto frente el caso lo confirm\u00f3. La saga de contrataciones en el Banco de la Naci\u00f3n reci\u00e9n comienza y tiene enorme difusi\u00f3n en la prensa y demandar\u00e1 a\u00f1os su conclusi\u00f3n, quiz\u00e1s tantos como los que insumi\u00f3 dilucidar el recorrido de las valijas chavistas de Guido Antonini Wilson para la campa\u00f1a de 2007 de Cristina Fern\u00e1ndez, que culmin\u00f3 el mi\u00e9rcoles con la \u00fanica condena a prisi\u00f3n de Claudio Uberti, titular de la \u201cembajada paralela\u201d en Caracas.<\/p>\n\n\n\n<p>No tuvo similar repercusi\u00f3n el esc\u00e1ndalo del divorcio de Mart\u00edn Insaurralde, actual Jefe de Gabinete de Axel Kiciloff, quien habr\u00eda pagado a su \u00faltima mujer, Jessica Cirio, la escalofriante cifra de US$ 20 millones, despu\u00e9s de serles reclamados US$ 50 millones, montos que denotar\u00edan el inexplicable patrimonio de un tipo que nunca trabaj\u00f3 fuera del Estado; por ello, formul\u00e9 una denuncia penal en su contra, que fue caratulada como Causa IPP N\u00b0 06-00-050776-23, con intervenci\u00f3n de la UFIJ N\u00b0 6 y el Juzgado de Garant\u00edas N\u00b0 3 Departamental, de La Plata.<\/p>\n\n\n\n<p>Esos lastimosos hechos resultan casi infantiles si se los compara con la conducta del pero\/kirchnerismo en el Senado donde, arrastrado y baboso, se someti\u00f3 al capricho m\u00e1s ex\u00f3tico de la envejecida reina. La aprobaci\u00f3n de la renovaci\u00f3n de la designaci\u00f3n de la ex Juez Ana Mar\u00eda Figueroa fue una nueva humillaci\u00f3n que infligi\u00f3 Cristina Fern\u00e1ndez a los machos-alfa provinciales para demorar a\u00fan m\u00e1s las causas judiciales que tanto le preocupan: Hotesur\/Los Sauces y Memor\u00e1ndum con Ir\u00e1n. La anciana ex integrante de la C\u00e1mara de Casaci\u00f3n podr\u00e1 optar ahora entre varios caminos, pero todos ellos confluyen en el Corte Suprema, el \u00e1rbitro final de la constitucionalidad de leyes y resoluciones, que reiterar\u00e1 que aqu\u00e9lla est\u00e1 irremisiblemente jubilada.<\/p>\n\n\n\n<p>La sesi\u00f3n que deton\u00f3 este nuevo conflicto de poderes entre el Legislativo y el Judicial tuvo, como es sabido, algunos ingredientes remarcables, como el apoyo de senadores que se presum\u00eda d\u00edscolos para lograr el qu\u00f3rum y la conspicua ausencia de la Senadora Lucila Crexel, de Neuqu\u00e9n y de Juntos por el Cambio, por entonces en Alemania, que habilit\u00f3 el voto de doble de su colega Claudia Ledesma Abdala de Zamora, en su car\u00e1cter de Presidente alterna de ese H\u00b0 Aguantadero, para el desempate.<\/p>\n\n\n\n<p>Las razones que dio justificar su tan notorio faltazo no pueden ser menos cre\u00edbles: representaba a la Argentina en un transcendental foro acad\u00e9mico sobre el cambio clim\u00e1tico, ignoraba que se hubiera convocado al Senado y los gastos los afront\u00f3 con su propio peculio. Tan flagrantes mentiras har\u00edan sonrojar a un ni\u00f1o: el encuentro, si existi\u00f3, no tuvo difusi\u00f3n alguna; todos los medios de prensa informaban que Cristina estaba buscando hace semanas esa sesi\u00f3n; y ning\u00fan legislador paga nunca nada, ya que el abultado presupuesto del que dispone el Congreso le permite pagar los dislates de sus miembros. Vimos, sin duda, un caso m\u00e1s de alguien que es invitado a estar en el extranjero cuando se trata de una crucial votaci\u00f3n; por ejemplo, el periplo que encar\u00f3 el Senador Alejandro D\u00edaz Bialet, segundo en la l\u00ednea sucesoria, para despejar el camino al Diputado Ra\u00fal Lastiri, tercero y yerno de Jos\u00e9 L\u00f3pez Rega, para asumir la Presidencia de la Rep\u00fablica en 1973.<\/p>\n\n\n\n<p>Nunca, en mis muchos a\u00f1os de vida, cre\u00ed que ver\u00eda a mi Argentina despe\u00f1arse hasta este punto (que todav\u00eda no es el fondo del precipicio), ni imagin\u00e9 que, en medio de esta sideral cat\u00e1strofe, Massa pudiera conservar un 20% de adhesi\u00f3n; esas fueron las razones por las cuales quem\u00e9, recientemente, tantos libros de ciencia pol\u00edtica, de sociolog\u00eda y de econom\u00eda.<\/p>\n\n\n\n<p><small>\u00a9 Copyright 2023 Enrique Guillermo Avogadro<br>\u00a9 2023 ElCanillita.info \/ SalaStampa.Eu, servicio mundial de prensa<\/small><\/p>\n","protected":false},"excerpt":{"rendered":"<p>l kirchnerismo destruy\u00f3 hasta las ruinas que quedaban de la Argentina. Millones de personas que no pueden acceder a una alimentaci\u00f3n m\u00ednima<\/p>\n","protected":false},"author":1,"featured_media":3768,"comment_status":"closed","ping_status":"closed","sticky":false,"template":"","format":"standard","meta":{"footnotes":"","_links_to":"","_links_to_target":""},"categories":[108,121,70,11,118,23],"tags":[],"class_list":["post-3767","post","type-post","status-publish","format-standard","has-post-thumbnail","hentry","category-blogdiario","category-dc24","category-actualidad","category-america-del-sur","category-corrupcion","category-politica","entry","double"],"yoast_head":"<!-- This site is optimized with the Yoast SEO plugin v27.4 - https:\/\/yoast.com\/product\/yoast-seo-wordpress\/ -->\n<title>Sin pan y sin trabajo - ElCanillita.Info<\/title>\n<meta name=\"description\" content=\"l kirchnerismo destruy\u00f3 hasta las ruinas que quedaban de la Argentina. Millones de personas que no pueden acceder a una alimentaci\u00f3n m\u00ednima\" \/>\n<meta name=\"robots\" content=\"index, follow, max-snippet:-1, max-image-preview:large, max-video-preview:-1\" \/>\n<link rel=\"canonical\" href=\"https:\/\/elcanillita.info\/press\/2023\/10\/01\/sin-pan-y-sin-trabajo\/\" \/>\n<meta property=\"og:locale\" content=\"es_ES\" \/>\n<meta property=\"og:type\" content=\"article\" \/>\n<meta property=\"og:title\" content=\"Sin pan y sin trabajo - ElCanillita.Info\" \/>\n<meta property=\"og:description\" content=\"l kirchnerismo destruy\u00f3 hasta las ruinas que quedaban de la Argentina. Millones de personas que no pueden acceder a una alimentaci\u00f3n m\u00ednima\" \/>\n<meta property=\"og:url\" content=\"https:\/\/elcanillita.info\/press\/2023\/10\/01\/sin-pan-y-sin-trabajo\/\" \/>\n<meta property=\"og:site_name\" content=\"ElCanillita.Info\" \/>\n<meta property=\"article:publisher\" content=\"https:\/\/ar-ar.facebook.com\/ElCanillitainfo-114249515285712\/\" \/>\n<meta property=\"article:published_time\" content=\"2023-10-01T11:37:12+00:00\" \/>\n<meta property=\"article:modified_time\" content=\"2023-10-01T12:34:55+00:00\" \/>\n<meta property=\"og:image\" content=\"https:\/\/elcanillita.info\/press\/images\/2023\/10\/cover20231001.jpg\" \/>\n\t<meta property=\"og:image:width\" content=\"600\" \/>\n\t<meta property=\"og:image:height\" content=\"360\" \/>\n\t<meta property=\"og:image:type\" content=\"image\/jpeg\" \/>\n<meta name=\"author\" content=\"SalaStampa.eu, world press service\" \/>\n<meta name=\"twitter:card\" content=\"summary_large_image\" \/>\n<meta name=\"twitter:label1\" content=\"Escrito por\" \/>\n\t<meta name=\"twitter:data1\" content=\"SalaStampa.eu, world press service\" \/>\n\t<meta name=\"twitter:label2\" content=\"Tiempo de lectura\" \/>\n\t<meta name=\"twitter:data2\" content=\"5 minutos\" \/>\n<script type=\"application\/ld+json\" class=\"yoast-schema-graph\">{\"@context\":\"https:\\\/\\\/schema.org\",\"@graph\":[{\"@type\":\"Article\",\"@id\":\"https:\\\/\\\/elcanillita.info\\\/press\\\/2023\\\/10\\\/01\\\/sin-pan-y-sin-trabajo\\\/#article\",\"isPartOf\":{\"@id\":\"https:\\\/\\\/elcanillita.info\\\/press\\\/2023\\\/10\\\/01\\\/sin-pan-y-sin-trabajo\\\/\"},\"author\":{\"name\":\"SalaStampa.eu, world press service\",\"@id\":\"https:\\\/\\\/elcanillita.info\\\/press\\\/#\\\/schema\\\/person\\\/7fcb79f38045700919f7da6d97e71ba0\"},\"headline\":\"Sin pan y sin trabajo\",\"datePublished\":\"2023-10-01T11:37:12+00:00\",\"dateModified\":\"2023-10-01T12:34:55+00:00\",\"mainEntityOfPage\":{\"@id\":\"https:\\\/\\\/elcanillita.info\\\/press\\\/2023\\\/10\\\/01\\\/sin-pan-y-sin-trabajo\\\/\"},\"wordCount\":1136,\"publisher\":{\"@id\":\"https:\\\/\\\/elcanillita.info\\\/press\\\/#organization\"},\"image\":{\"@id\":\"https:\\\/\\\/elcanillita.info\\\/press\\\/2023\\\/10\\\/01\\\/sin-pan-y-sin-trabajo\\\/#primaryimage\"},\"thumbnailUrl\":\"https:\\\/\\\/elcanillita.info\\\/press\\\/images\\\/2023\\\/10\\\/cover20231001.jpg\",\"articleSection\":[\".\",\".\",\"Actualidad\",\"Am\u00e9rica del Sur\",\"Corrupci\u00f3n\",\"Politica\"],\"inLanguage\":\"es-AR\"},{\"@type\":\"WebPage\",\"@id\":\"https:\\\/\\\/elcanillita.info\\\/press\\\/2023\\\/10\\\/01\\\/sin-pan-y-sin-trabajo\\\/\",\"url\":\"https:\\\/\\\/elcanillita.info\\\/press\\\/2023\\\/10\\\/01\\\/sin-pan-y-sin-trabajo\\\/\",\"name\":\"Sin pan y sin trabajo - ElCanillita.Info\",\"isPartOf\":{\"@id\":\"https:\\\/\\\/elcanillita.info\\\/press\\\/#website\"},\"primaryImageOfPage\":{\"@id\":\"https:\\\/\\\/elcanillita.info\\\/press\\\/2023\\\/10\\\/01\\\/sin-pan-y-sin-trabajo\\\/#primaryimage\"},\"image\":{\"@id\":\"https:\\\/\\\/elcanillita.info\\\/press\\\/2023\\\/10\\\/01\\\/sin-pan-y-sin-trabajo\\\/#primaryimage\"},\"thumbnailUrl\":\"https:\\\/\\\/elcanillita.info\\\/press\\\/images\\\/2023\\\/10\\\/cover20231001.jpg\",\"datePublished\":\"2023-10-01T11:37:12+00:00\",\"dateModified\":\"2023-10-01T12:34:55+00:00\",\"description\":\"l kirchnerismo destruy\u00f3 hasta las ruinas que quedaban de la Argentina. Millones de personas que no pueden acceder a una alimentaci\u00f3n m\u00ednima\",\"inLanguage\":\"es-AR\",\"potentialAction\":[{\"@type\":\"ReadAction\",\"target\":[\"https:\\\/\\\/elcanillita.info\\\/press\\\/2023\\\/10\\\/01\\\/sin-pan-y-sin-trabajo\\\/\"]}]},{\"@type\":\"ImageObject\",\"inLanguage\":\"es-AR\",\"@id\":\"https:\\\/\\\/elcanillita.info\\\/press\\\/2023\\\/10\\\/01\\\/sin-pan-y-sin-trabajo\\\/#primaryimage\",\"url\":\"https:\\\/\\\/elcanillita.info\\\/press\\\/images\\\/2023\\\/10\\\/cover20231001.jpg\",\"contentUrl\":\"https:\\\/\\\/elcanillita.info\\\/press\\\/images\\\/2023\\\/10\\\/cover20231001.jpg\",\"width\":600,\"height\":360},{\"@type\":\"WebSite\",\"@id\":\"https:\\\/\\\/elcanillita.info\\\/press\\\/#website\",\"url\":\"https:\\\/\\\/elcanillita.info\\\/press\\\/\",\"name\":\"ElCanillita.Info\",\"description\":\"desde los Apeninos a los Andes\",\"publisher\":{\"@id\":\"https:\\\/\\\/elcanillita.info\\\/press\\\/#organization\"},\"potentialAction\":[{\"@type\":\"SearchAction\",\"target\":{\"@type\":\"EntryPoint\",\"urlTemplate\":\"https:\\\/\\\/elcanillita.info\\\/press\\\/?s={search_term_string}\"},\"query-input\":{\"@type\":\"PropertyValueSpecification\",\"valueRequired\":true,\"valueName\":\"search_term_string\"}}],\"inLanguage\":\"es-AR\"},{\"@type\":\"Organization\",\"@id\":\"https:\\\/\\\/elcanillita.info\\\/press\\\/#organization\",\"name\":\"Guzzo Photos & Graphic Publications\",\"url\":\"https:\\\/\\\/elcanillita.info\\\/press\\\/\",\"logo\":{\"@type\":\"ImageObject\",\"inLanguage\":\"es-AR\",\"@id\":\"https:\\\/\\\/elcanillita.info\\\/press\\\/#\\\/schema\\\/logo\\\/image\\\/\",\"url\":\"https:\\\/\\\/elcanillita.info\\\/press\\\/images\\\/2020\\\/01\\\/cropped-cropped-cropped-elcanillitainfo.png\",\"contentUrl\":\"https:\\\/\\\/elcanillita.info\\\/press\\\/images\\\/2020\\\/01\\\/cropped-cropped-cropped-elcanillitainfo.png\",\"width\":460,\"height\":50,\"caption\":\"Guzzo Photos & Graphic Publications\"},\"image\":{\"@id\":\"https:\\\/\\\/elcanillita.info\\\/press\\\/#\\\/schema\\\/logo\\\/image\\\/\"},\"sameAs\":[\"https:\\\/\\\/ar-ar.facebook.com\\\/ElCanillitainfo-114249515285712\\\/\"]},{\"@type\":\"Person\",\"@id\":\"https:\\\/\\\/elcanillita.info\\\/press\\\/#\\\/schema\\\/person\\\/7fcb79f38045700919f7da6d97e71ba0\",\"name\":\"SalaStampa.eu, world press service\",\"image\":{\"@type\":\"ImageObject\",\"inLanguage\":\"es-AR\",\"@id\":\"https:\\\/\\\/secure.gravatar.com\\\/avatar\\\/c2f0e0d515a107624234994507816ca4724c7199cef73fc8bedebf6931d73888?s=96&d=mm&r=g\",\"url\":\"https:\\\/\\\/secure.gravatar.com\\\/avatar\\\/c2f0e0d515a107624234994507816ca4724c7199cef73fc8bedebf6931d73888?s=96&d=mm&r=g\",\"contentUrl\":\"https:\\\/\\\/secure.gravatar.com\\\/avatar\\\/c2f0e0d515a107624234994507816ca4724c7199cef73fc8bedebf6931d73888?s=96&d=mm&r=g\",\"caption\":\"SalaStampa.eu, world press service\"}}]}<\/script>\n<!-- \/ Yoast SEO plugin. -->","yoast_head_json":{"title":"Sin pan y sin trabajo - ElCanillita.Info","description":"l kirchnerismo destruy\u00f3 hasta las ruinas que quedaban de la Argentina. Millones de personas que no pueden acceder a una alimentaci\u00f3n m\u00ednima","robots":{"index":"index","follow":"follow","max-snippet":"max-snippet:-1","max-image-preview":"max-image-preview:large","max-video-preview":"max-video-preview:-1"},"canonical":"https:\/\/elcanillita.info\/press\/2023\/10\/01\/sin-pan-y-sin-trabajo\/","og_locale":"es_ES","og_type":"article","og_title":"Sin pan y sin trabajo - ElCanillita.Info","og_description":"l kirchnerismo destruy\u00f3 hasta las ruinas que quedaban de la Argentina. Millones de personas que no pueden acceder a una alimentaci\u00f3n m\u00ednima","og_url":"https:\/\/elcanillita.info\/press\/2023\/10\/01\/sin-pan-y-sin-trabajo\/","og_site_name":"ElCanillita.Info","article_publisher":"https:\/\/ar-ar.facebook.com\/ElCanillitainfo-114249515285712\/","article_published_time":"2023-10-01T11:37:12+00:00","article_modified_time":"2023-10-01T12:34:55+00:00","og_image":[{"width":600,"height":360,"url":"https:\/\/elcanillita.info\/press\/images\/2023\/10\/cover20231001.jpg","type":"image\/jpeg"}],"author":"SalaStampa.eu, world press service","twitter_card":"summary_large_image","twitter_misc":{"Escrito por":"SalaStampa.eu, world press service","Tiempo de lectura":"5 minutos"},"schema":{"@context":"https:\/\/schema.org","@graph":[{"@type":"Article","@id":"https:\/\/elcanillita.info\/press\/2023\/10\/01\/sin-pan-y-sin-trabajo\/#article","isPartOf":{"@id":"https:\/\/elcanillita.info\/press\/2023\/10\/01\/sin-pan-y-sin-trabajo\/"},"author":{"name":"SalaStampa.eu, world press service","@id":"https:\/\/elcanillita.info\/press\/#\/schema\/person\/7fcb79f38045700919f7da6d97e71ba0"},"headline":"Sin pan y sin trabajo","datePublished":"2023-10-01T11:37:12+00:00","dateModified":"2023-10-01T12:34:55+00:00","mainEntityOfPage":{"@id":"https:\/\/elcanillita.info\/press\/2023\/10\/01\/sin-pan-y-sin-trabajo\/"},"wordCount":1136,"publisher":{"@id":"https:\/\/elcanillita.info\/press\/#organization"},"image":{"@id":"https:\/\/elcanillita.info\/press\/2023\/10\/01\/sin-pan-y-sin-trabajo\/#primaryimage"},"thumbnailUrl":"https:\/\/elcanillita.info\/press\/images\/2023\/10\/cover20231001.jpg","articleSection":[".",".","Actualidad","Am\u00e9rica del Sur","Corrupci\u00f3n","Politica"],"inLanguage":"es-AR"},{"@type":"WebPage","@id":"https:\/\/elcanillita.info\/press\/2023\/10\/01\/sin-pan-y-sin-trabajo\/","url":"https:\/\/elcanillita.info\/press\/2023\/10\/01\/sin-pan-y-sin-trabajo\/","name":"Sin pan y sin trabajo - ElCanillita.Info","isPartOf":{"@id":"https:\/\/elcanillita.info\/press\/#website"},"primaryImageOfPage":{"@id":"https:\/\/elcanillita.info\/press\/2023\/10\/01\/sin-pan-y-sin-trabajo\/#primaryimage"},"image":{"@id":"https:\/\/elcanillita.info\/press\/2023\/10\/01\/sin-pan-y-sin-trabajo\/#primaryimage"},"thumbnailUrl":"https:\/\/elcanillita.info\/press\/images\/2023\/10\/cover20231001.jpg","datePublished":"2023-10-01T11:37:12+00:00","dateModified":"2023-10-01T12:34:55+00:00","description":"l kirchnerismo destruy\u00f3 hasta las ruinas que quedaban de la Argentina. Millones de personas que no pueden acceder a una alimentaci\u00f3n m\u00ednima","inLanguage":"es-AR","potentialAction":[{"@type":"ReadAction","target":["https:\/\/elcanillita.info\/press\/2023\/10\/01\/sin-pan-y-sin-trabajo\/"]}]},{"@type":"ImageObject","inLanguage":"es-AR","@id":"https:\/\/elcanillita.info\/press\/2023\/10\/01\/sin-pan-y-sin-trabajo\/#primaryimage","url":"https:\/\/elcanillita.info\/press\/images\/2023\/10\/cover20231001.jpg","contentUrl":"https:\/\/elcanillita.info\/press\/images\/2023\/10\/cover20231001.jpg","width":600,"height":360},{"@type":"WebSite","@id":"https:\/\/elcanillita.info\/press\/#website","url":"https:\/\/elcanillita.info\/press\/","name":"ElCanillita.Info","description":"desde los Apeninos a los Andes","publisher":{"@id":"https:\/\/elcanillita.info\/press\/#organization"},"potentialAction":[{"@type":"SearchAction","target":{"@type":"EntryPoint","urlTemplate":"https:\/\/elcanillita.info\/press\/?s={search_term_string}"},"query-input":{"@type":"PropertyValueSpecification","valueRequired":true,"valueName":"search_term_string"}}],"inLanguage":"es-AR"},{"@type":"Organization","@id":"https:\/\/elcanillita.info\/press\/#organization","name":"Guzzo Photos & Graphic Publications","url":"https:\/\/elcanillita.info\/press\/","logo":{"@type":"ImageObject","inLanguage":"es-AR","@id":"https:\/\/elcanillita.info\/press\/#\/schema\/logo\/image\/","url":"https:\/\/elcanillita.info\/press\/images\/2020\/01\/cropped-cropped-cropped-elcanillitainfo.png","contentUrl":"https:\/\/elcanillita.info\/press\/images\/2020\/01\/cropped-cropped-cropped-elcanillitainfo.png","width":460,"height":50,"caption":"Guzzo Photos & Graphic Publications"},"image":{"@id":"https:\/\/elcanillita.info\/press\/#\/schema\/logo\/image\/"},"sameAs":["https:\/\/ar-ar.facebook.com\/ElCanillitainfo-114249515285712\/"]},{"@type":"Person","@id":"https:\/\/elcanillita.info\/press\/#\/schema\/person\/7fcb79f38045700919f7da6d97e71ba0","name":"SalaStampa.eu, world press service","image":{"@type":"ImageObject","inLanguage":"es-AR","@id":"https:\/\/secure.gravatar.com\/avatar\/c2f0e0d515a107624234994507816ca4724c7199cef73fc8bedebf6931d73888?s=96&d=mm&r=g","url":"https:\/\/secure.gravatar.com\/avatar\/c2f0e0d515a107624234994507816ca4724c7199cef73fc8bedebf6931d73888?s=96&d=mm&r=g","contentUrl":"https:\/\/secure.gravatar.com\/avatar\/c2f0e0d515a107624234994507816ca4724c7199cef73fc8bedebf6931d73888?s=96&d=mm&r=g","caption":"SalaStampa.eu, world press service"}}]}},"views":435,"_links":{"self":[{"href":"https:\/\/elcanillita.info\/press\/wp-json\/wp\/v2\/posts\/3767","targetHints":{"allow":["GET"]}}],"collection":[{"href":"https:\/\/elcanillita.info\/press\/wp-json\/wp\/v2\/posts"}],"about":[{"href":"https:\/\/elcanillita.info\/press\/wp-json\/wp\/v2\/types\/post"}],"author":[{"embeddable":true,"href":"https:\/\/elcanillita.info\/press\/wp-json\/wp\/v2\/users\/1"}],"replies":[{"embeddable":true,"href":"https:\/\/elcanillita.info\/press\/wp-json\/wp\/v2\/comments?post=3767"}],"version-history":[{"count":0,"href":"https:\/\/elcanillita.info\/press\/wp-json\/wp\/v2\/posts\/3767\/revisions"}],"wp:featuredmedia":[{"embeddable":true,"href":"https:\/\/elcanillita.info\/press\/wp-json\/wp\/v2\/media\/3768"}],"wp:attachment":[{"href":"https:\/\/elcanillita.info\/press\/wp-json\/wp\/v2\/media?parent=3767"}],"wp:term":[{"taxonomy":"category","embeddable":true,"href":"https:\/\/elcanillita.info\/press\/wp-json\/wp\/v2\/categories?post=3767"},{"taxonomy":"post_tag","embeddable":true,"href":"https:\/\/elcanillita.info\/press\/wp-json\/wp\/v2\/tags?post=3767"}],"curies":[{"name":"wp","href":"https:\/\/api.w.org\/{rel}","templated":true}]}}