{"id":3762,"date":"2023-09-26T08:43:54","date_gmt":"2023-09-26T11:43:54","guid":{"rendered":"https:\/\/elcanillita.info\/press\/?p=3762"},"modified":"2023-09-26T08:45:48","modified_gmt":"2023-09-26T11:45:48","slug":"el-parlamento-centroamericano-se-alio-a-china","status":"publish","type":"post","link":"https:\/\/elcanillita.info\/press\/2023\/09\/26\/el-parlamento-centroamericano-se-alio-a-china\/","title":{"rendered":"El Parlamento Centroamericano se ali\u00f3 a China"},"content":{"rendered":"<div class=\"wp-block-image\">\n<figure class=\"alignleft size-full\"><img loading=\"lazy\" decoding=\"async\" width=\"400\" height=\"406\" src=\"https:\/\/elcanillita.info\/press\/images\/2023\/09\/pineda_20230926-1.jpg\" alt=\"\" class=\"wp-image-3765\" srcset=\"https:\/\/elcanillita.info\/press\/images\/2023\/09\/pineda_20230926-1.jpg 400w, https:\/\/elcanillita.info\/press\/images\/2023\/09\/pineda_20230926-1-296x300.jpg 296w\" sizes=\"auto, (max-width: 400px) 100vw, 400px\" \/><figcaption class=\"wp-element-caption\">Engel Mart\u00edn Pineda, vicepresidente del Parlamento Centroamericano &#8211; Fuente: facebook<\/figcaption><\/figure>\n<\/div>\n\n\n<p class=\"has-text-align-left\"><strong>ElCanillita.info, 26\/09\/2023<\/strong><br>Numerosos miembros del Parlamento Centroamericano se trasladaron a China para coordinar un acuerdo con la Asamblea Popular Nacional de China y convertirla en observador permanente de ese organismo regional.<\/p>\n\n\n\n<p>El Se\u00f1or Engel Mart\u00edn Pineda, vicepresidente de dicha instituci\u00f3n centroamericana, manifest\u00f3 que es un avance fabuloso del Parlamento Centroamericano como \u00f3rgano de representaci\u00f3n pol\u00edtica de la regi\u00f3n y motivaci\u00f3n para que los otros organismos de integraci\u00f3n. tambi\u00e9n incorporen a la Rep\u00fablica Popular China, como miembro integral del sistema.<\/p>\n\n\n\n<p>Tal incorporaci\u00f3n fue aprobada en Agosto, durante la reuni\u00f3n del &#8220;Parlacen&#8221; , en la Rep\u00fablica de Nicaragua, con el reconocimiento de una sola China.<\/p>\n\n\n\n<p>Analistas politicos de Honduras, tales como Jorge Gonz\u00e1lez, dicen que es un paso sabio y enorme de progreso, porque el mundo se encamina hacia la multipolaridad. Y que la Rep\u00fablica Popular China ocupa un sitio importante pol\u00edtico econ\u00f3mico en la regi\u00f3n.<\/p>\n\n\n\n<p>El convenio de las autoridades de la Rep\u00fablica Popular China con el Parlamento Centroamericano fue tratado en la reuni\u00f3n plenaria del Parlacen, este 25 de septiembre, en la Rep\u00fablica de El Salvador.<br><br><small>Copyright \u00a9 2023 ElCanillita.info \/ BlogDiario.info &#8211; SalaStampa.Eu, servicio mundial de prensa<\/small><\/p>\n","protected":false},"excerpt":{"rendered":"<p>Tal incorporaci\u00f3n fue aprobada en Agosto, durante la reuni\u00f3n del &#8220;Parlacen&#8221; ,, con el reconocimiento de una sola China.<\/p>\n","protected":false},"author":1,"featured_media":3763,"comment_status":"closed","ping_status":"closed","sticky":false,"template":"","format":"standard","meta":{"footnotes":"","_links_to":"","_links_to_target":""},"categories":[108,121,10,16],"tags":[55,77,32],"class_list":["post-3762","post","type-post","status-publish","format-standard","has-post-thumbnail","hentry","category-blogdiario","category-dc24","category-america-central","category-asia","tag-china","tag-el-salvador","tag-nicaragua","entry","double"],"yoast_head":"<!-- This site is optimized with the Yoast SEO plugin v27.4 - https:\/\/yoast.com\/product\/yoast-seo-wordpress\/ -->\n<title>El Parlamento Centroamericano se ali\u00f3 a China - ElCanillita.Info<\/title>\n<meta name=\"description\" content=\"Tal incorporaci\u00f3n fue aprobada en Agosto, durante la reuni\u00f3n del &quot;Parlacen&quot; ,, con el reconocimiento de una sola China.\" \/>\n<meta name=\"robots\" content=\"index, follow, max-snippet:-1, max-image-preview:large, max-video-preview:-1\" \/>\n<link rel=\"canonical\" href=\"https:\/\/elcanillita.info\/press\/2023\/09\/26\/el-parlamento-centroamericano-se-alio-a-china\/\" \/>\n<meta property=\"og:locale\" content=\"es_ES\" \/>\n<meta property=\"og:type\" content=\"article\" \/>\n<meta property=\"og:title\" content=\"El Parlamento Centroamericano se ali\u00f3 a China - ElCanillita.Info\" \/>\n<meta property=\"og:description\" content=\"Tal incorporaci\u00f3n fue aprobada en Agosto, durante la reuni\u00f3n del &quot;Parlacen&quot; ,, con el reconocimiento de una sola China.\" \/>\n<meta property=\"og:url\" content=\"https:\/\/elcanillita.info\/press\/2023\/09\/26\/el-parlamento-centroamericano-se-alio-a-china\/\" \/>\n<meta property=\"og:site_name\" content=\"ElCanillita.Info\" \/>\n<meta property=\"article:publisher\" content=\"https:\/\/ar-ar.facebook.com\/ElCanillitainfo-114249515285712\/\" \/>\n<meta property=\"article:published_time\" content=\"2023-09-26T11:43:54+00:00\" \/>\n<meta property=\"article:modified_time\" content=\"2023-09-26T11:45:48+00:00\" \/>\n<meta property=\"og:image\" content=\"https:\/\/elcanillita.info\/press\/images\/2023\/09\/cepal_1-20230926.jpg\" \/>\n\t<meta property=\"og:image:width\" content=\"600\" \/>\n\t<meta property=\"og:image:height\" content=\"400\" \/>\n\t<meta property=\"og:image:type\" content=\"image\/jpeg\" \/>\n<meta name=\"author\" content=\"SalaStampa.eu, world press service\" \/>\n<meta name=\"twitter:card\" content=\"summary_large_image\" \/>\n<meta name=\"twitter:label1\" content=\"Escrito por\" \/>\n\t<meta name=\"twitter:data1\" content=\"SalaStampa.eu, world press service\" \/>\n\t<meta name=\"twitter:label2\" content=\"Tiempo de lectura\" \/>\n\t<meta name=\"twitter:data2\" content=\"2 minutos\" \/>\n<script type=\"application\/ld+json\" class=\"yoast-schema-graph\">{\"@context\":\"https:\\\/\\\/schema.org\",\"@graph\":[{\"@type\":\"Article\",\"@id\":\"https:\\\/\\\/elcanillita.info\\\/press\\\/2023\\\/09\\\/26\\\/el-parlamento-centroamericano-se-alio-a-china\\\/#article\",\"isPartOf\":{\"@id\":\"https:\\\/\\\/elcanillita.info\\\/press\\\/2023\\\/09\\\/26\\\/el-parlamento-centroamericano-se-alio-a-china\\\/\"},\"author\":{\"name\":\"SalaStampa.eu, world press service\",\"@id\":\"https:\\\/\\\/elcanillita.info\\\/press\\\/#\\\/schema\\\/person\\\/7fcb79f38045700919f7da6d97e71ba0\"},\"headline\":\"El Parlamento Centroamericano se ali\u00f3 a China\",\"datePublished\":\"2023-09-26T11:43:54+00:00\",\"dateModified\":\"2023-09-26T11:45:48+00:00\",\"mainEntityOfPage\":{\"@id\":\"https:\\\/\\\/elcanillita.info\\\/press\\\/2023\\\/09\\\/26\\\/el-parlamento-centroamericano-se-alio-a-china\\\/\"},\"wordCount\":225,\"publisher\":{\"@id\":\"https:\\\/\\\/elcanillita.info\\\/press\\\/#organization\"},\"image\":{\"@id\":\"https:\\\/\\\/elcanillita.info\\\/press\\\/2023\\\/09\\\/26\\\/el-parlamento-centroamericano-se-alio-a-china\\\/#primaryimage\"},\"thumbnailUrl\":\"https:\\\/\\\/elcanillita.info\\\/press\\\/images\\\/2023\\\/09\\\/cepal_1-20230926.jpg\",\"keywords\":[\"China\",\"El Salvador\",\"Nicaragua\"],\"articleSection\":[\".\",\".\",\"Am\u00e9rica Central\",\"Asia\"],\"inLanguage\":\"es-AR\"},{\"@type\":\"WebPage\",\"@id\":\"https:\\\/\\\/elcanillita.info\\\/press\\\/2023\\\/09\\\/26\\\/el-parlamento-centroamericano-se-alio-a-china\\\/\",\"url\":\"https:\\\/\\\/elcanillita.info\\\/press\\\/2023\\\/09\\\/26\\\/el-parlamento-centroamericano-se-alio-a-china\\\/\",\"name\":\"El Parlamento Centroamericano se ali\u00f3 a China - ElCanillita.Info\",\"isPartOf\":{\"@id\":\"https:\\\/\\\/elcanillita.info\\\/press\\\/#website\"},\"primaryImageOfPage\":{\"@id\":\"https:\\\/\\\/elcanillita.info\\\/press\\\/2023\\\/09\\\/26\\\/el-parlamento-centroamericano-se-alio-a-china\\\/#primaryimage\"},\"image\":{\"@id\":\"https:\\\/\\\/elcanillita.info\\\/press\\\/2023\\\/09\\\/26\\\/el-parlamento-centroamericano-se-alio-a-china\\\/#primaryimage\"},\"thumbnailUrl\":\"https:\\\/\\\/elcanillita.info\\\/press\\\/images\\\/2023\\\/09\\\/cepal_1-20230926.jpg\",\"datePublished\":\"2023-09-26T11:43:54+00:00\",\"dateModified\":\"2023-09-26T11:45:48+00:00\",\"description\":\"Tal incorporaci\u00f3n fue aprobada en Agosto, durante la reuni\u00f3n del \\\"Parlacen\\\" ,, con el reconocimiento de una sola China.\",\"inLanguage\":\"es-AR\",\"potentialAction\":[{\"@type\":\"ReadAction\",\"target\":[\"https:\\\/\\\/elcanillita.info\\\/press\\\/2023\\\/09\\\/26\\\/el-parlamento-centroamericano-se-alio-a-china\\\/\"]}]},{\"@type\":\"ImageObject\",\"inLanguage\":\"es-AR\",\"@id\":\"https:\\\/\\\/elcanillita.info\\\/press\\\/2023\\\/09\\\/26\\\/el-parlamento-centroamericano-se-alio-a-china\\\/#primaryimage\",\"url\":\"https:\\\/\\\/elcanillita.info\\\/press\\\/images\\\/2023\\\/09\\\/cepal_1-20230926.jpg\",\"contentUrl\":\"https:\\\/\\\/elcanillita.info\\\/press\\\/images\\\/2023\\\/09\\\/cepal_1-20230926.jpg\",\"width\":600,\"height\":400},{\"@type\":\"WebSite\",\"@id\":\"https:\\\/\\\/elcanillita.info\\\/press\\\/#website\",\"url\":\"https:\\\/\\\/elcanillita.info\\\/press\\\/\",\"name\":\"ElCanillita.Info\",\"description\":\"desde los Apeninos a los Andes\",\"publisher\":{\"@id\":\"https:\\\/\\\/elcanillita.info\\\/press\\\/#organization\"},\"potentialAction\":[{\"@type\":\"SearchAction\",\"target\":{\"@type\":\"EntryPoint\",\"urlTemplate\":\"https:\\\/\\\/elcanillita.info\\\/press\\\/?s={search_term_string}\"},\"query-input\":{\"@type\":\"PropertyValueSpecification\",\"valueRequired\":true,\"valueName\":\"search_term_string\"}}],\"inLanguage\":\"es-AR\"},{\"@type\":\"Organization\",\"@id\":\"https:\\\/\\\/elcanillita.info\\\/press\\\/#organization\",\"name\":\"Guzzo Photos & Graphic Publications\",\"url\":\"https:\\\/\\\/elcanillita.info\\\/press\\\/\",\"logo\":{\"@type\":\"ImageObject\",\"inLanguage\":\"es-AR\",\"@id\":\"https:\\\/\\\/elcanillita.info\\\/press\\\/#\\\/schema\\\/logo\\\/image\\\/\",\"url\":\"https:\\\/\\\/elcanillita.info\\\/press\\\/images\\\/2020\\\/01\\\/cropped-cropped-cropped-elcanillitainfo.png\",\"contentUrl\":\"https:\\\/\\\/elcanillita.info\\\/press\\\/images\\\/2020\\\/01\\\/cropped-cropped-cropped-elcanillitainfo.png\",\"width\":460,\"height\":50,\"caption\":\"Guzzo Photos & Graphic Publications\"},\"image\":{\"@id\":\"https:\\\/\\\/elcanillita.info\\\/press\\\/#\\\/schema\\\/logo\\\/image\\\/\"},\"sameAs\":[\"https:\\\/\\\/ar-ar.facebook.com\\\/ElCanillitainfo-114249515285712\\\/\"]},{\"@type\":\"Person\",\"@id\":\"https:\\\/\\\/elcanillita.info\\\/press\\\/#\\\/schema\\\/person\\\/7fcb79f38045700919f7da6d97e71ba0\",\"name\":\"SalaStampa.eu, world press service\",\"image\":{\"@type\":\"ImageObject\",\"inLanguage\":\"es-AR\",\"@id\":\"https:\\\/\\\/secure.gravatar.com\\\/avatar\\\/c2f0e0d515a107624234994507816ca4724c7199cef73fc8bedebf6931d73888?s=96&d=mm&r=g\",\"url\":\"https:\\\/\\\/secure.gravatar.com\\\/avatar\\\/c2f0e0d515a107624234994507816ca4724c7199cef73fc8bedebf6931d73888?s=96&d=mm&r=g\",\"contentUrl\":\"https:\\\/\\\/secure.gravatar.com\\\/avatar\\\/c2f0e0d515a107624234994507816ca4724c7199cef73fc8bedebf6931d73888?s=96&d=mm&r=g\",\"caption\":\"SalaStampa.eu, world press service\"}}]}<\/script>\n<!-- \/ Yoast SEO plugin. -->","yoast_head_json":{"title":"El Parlamento Centroamericano se ali\u00f3 a China - ElCanillita.Info","description":"Tal incorporaci\u00f3n fue aprobada en Agosto, durante la reuni\u00f3n del \"Parlacen\" ,, con el reconocimiento de una sola China.","robots":{"index":"index","follow":"follow","max-snippet":"max-snippet:-1","max-image-preview":"max-image-preview:large","max-video-preview":"max-video-preview:-1"},"canonical":"https:\/\/elcanillita.info\/press\/2023\/09\/26\/el-parlamento-centroamericano-se-alio-a-china\/","og_locale":"es_ES","og_type":"article","og_title":"El Parlamento Centroamericano se ali\u00f3 a China - ElCanillita.Info","og_description":"Tal incorporaci\u00f3n fue aprobada en Agosto, durante la reuni\u00f3n del \"Parlacen\" ,, con el reconocimiento de una sola China.","og_url":"https:\/\/elcanillita.info\/press\/2023\/09\/26\/el-parlamento-centroamericano-se-alio-a-china\/","og_site_name":"ElCanillita.Info","article_publisher":"https:\/\/ar-ar.facebook.com\/ElCanillitainfo-114249515285712\/","article_published_time":"2023-09-26T11:43:54+00:00","article_modified_time":"2023-09-26T11:45:48+00:00","og_image":[{"width":600,"height":400,"url":"https:\/\/elcanillita.info\/press\/images\/2023\/09\/cepal_1-20230926.jpg","type":"image\/jpeg"}],"author":"SalaStampa.eu, world press service","twitter_card":"summary_large_image","twitter_misc":{"Escrito por":"SalaStampa.eu, world press service","Tiempo de lectura":"2 minutos"},"schema":{"@context":"https:\/\/schema.org","@graph":[{"@type":"Article","@id":"https:\/\/elcanillita.info\/press\/2023\/09\/26\/el-parlamento-centroamericano-se-alio-a-china\/#article","isPartOf":{"@id":"https:\/\/elcanillita.info\/press\/2023\/09\/26\/el-parlamento-centroamericano-se-alio-a-china\/"},"author":{"name":"SalaStampa.eu, world press service","@id":"https:\/\/elcanillita.info\/press\/#\/schema\/person\/7fcb79f38045700919f7da6d97e71ba0"},"headline":"El Parlamento Centroamericano se ali\u00f3 a China","datePublished":"2023-09-26T11:43:54+00:00","dateModified":"2023-09-26T11:45:48+00:00","mainEntityOfPage":{"@id":"https:\/\/elcanillita.info\/press\/2023\/09\/26\/el-parlamento-centroamericano-se-alio-a-china\/"},"wordCount":225,"publisher":{"@id":"https:\/\/elcanillita.info\/press\/#organization"},"image":{"@id":"https:\/\/elcanillita.info\/press\/2023\/09\/26\/el-parlamento-centroamericano-se-alio-a-china\/#primaryimage"},"thumbnailUrl":"https:\/\/elcanillita.info\/press\/images\/2023\/09\/cepal_1-20230926.jpg","keywords":["China","El Salvador","Nicaragua"],"articleSection":[".",".","Am\u00e9rica Central","Asia"],"inLanguage":"es-AR"},{"@type":"WebPage","@id":"https:\/\/elcanillita.info\/press\/2023\/09\/26\/el-parlamento-centroamericano-se-alio-a-china\/","url":"https:\/\/elcanillita.info\/press\/2023\/09\/26\/el-parlamento-centroamericano-se-alio-a-china\/","name":"El Parlamento Centroamericano se ali\u00f3 a China - ElCanillita.Info","isPartOf":{"@id":"https:\/\/elcanillita.info\/press\/#website"},"primaryImageOfPage":{"@id":"https:\/\/elcanillita.info\/press\/2023\/09\/26\/el-parlamento-centroamericano-se-alio-a-china\/#primaryimage"},"image":{"@id":"https:\/\/elcanillita.info\/press\/2023\/09\/26\/el-parlamento-centroamericano-se-alio-a-china\/#primaryimage"},"thumbnailUrl":"https:\/\/elcanillita.info\/press\/images\/2023\/09\/cepal_1-20230926.jpg","datePublished":"2023-09-26T11:43:54+00:00","dateModified":"2023-09-26T11:45:48+00:00","description":"Tal incorporaci\u00f3n fue aprobada en Agosto, durante la reuni\u00f3n del \"Parlacen\" ,, con el reconocimiento de una sola China.","inLanguage":"es-AR","potentialAction":[{"@type":"ReadAction","target":["https:\/\/elcanillita.info\/press\/2023\/09\/26\/el-parlamento-centroamericano-se-alio-a-china\/"]}]},{"@type":"ImageObject","inLanguage":"es-AR","@id":"https:\/\/elcanillita.info\/press\/2023\/09\/26\/el-parlamento-centroamericano-se-alio-a-china\/#primaryimage","url":"https:\/\/elcanillita.info\/press\/images\/2023\/09\/cepal_1-20230926.jpg","contentUrl":"https:\/\/elcanillita.info\/press\/images\/2023\/09\/cepal_1-20230926.jpg","width":600,"height":400},{"@type":"WebSite","@id":"https:\/\/elcanillita.info\/press\/#website","url":"https:\/\/elcanillita.info\/press\/","name":"ElCanillita.Info","description":"desde los Apeninos a los Andes","publisher":{"@id":"https:\/\/elcanillita.info\/press\/#organization"},"potentialAction":[{"@type":"SearchAction","target":{"@type":"EntryPoint","urlTemplate":"https:\/\/elcanillita.info\/press\/?s={search_term_string}"},"query-input":{"@type":"PropertyValueSpecification","valueRequired":true,"valueName":"search_term_string"}}],"inLanguage":"es-AR"},{"@type":"Organization","@id":"https:\/\/elcanillita.info\/press\/#organization","name":"Guzzo Photos & Graphic Publications","url":"https:\/\/elcanillita.info\/press\/","logo":{"@type":"ImageObject","inLanguage":"es-AR","@id":"https:\/\/elcanillita.info\/press\/#\/schema\/logo\/image\/","url":"https:\/\/elcanillita.info\/press\/images\/2020\/01\/cropped-cropped-cropped-elcanillitainfo.png","contentUrl":"https:\/\/elcanillita.info\/press\/images\/2020\/01\/cropped-cropped-cropped-elcanillitainfo.png","width":460,"height":50,"caption":"Guzzo Photos & Graphic Publications"},"image":{"@id":"https:\/\/elcanillita.info\/press\/#\/schema\/logo\/image\/"},"sameAs":["https:\/\/ar-ar.facebook.com\/ElCanillitainfo-114249515285712\/"]},{"@type":"Person","@id":"https:\/\/elcanillita.info\/press\/#\/schema\/person\/7fcb79f38045700919f7da6d97e71ba0","name":"SalaStampa.eu, world press service","image":{"@type":"ImageObject","inLanguage":"es-AR","@id":"https:\/\/secure.gravatar.com\/avatar\/c2f0e0d515a107624234994507816ca4724c7199cef73fc8bedebf6931d73888?s=96&d=mm&r=g","url":"https:\/\/secure.gravatar.com\/avatar\/c2f0e0d515a107624234994507816ca4724c7199cef73fc8bedebf6931d73888?s=96&d=mm&r=g","contentUrl":"https:\/\/secure.gravatar.com\/avatar\/c2f0e0d515a107624234994507816ca4724c7199cef73fc8bedebf6931d73888?s=96&d=mm&r=g","caption":"SalaStampa.eu, world press service"}}]}},"views":441,"_links":{"self":[{"href":"https:\/\/elcanillita.info\/press\/wp-json\/wp\/v2\/posts\/3762","targetHints":{"allow":["GET"]}}],"collection":[{"href":"https:\/\/elcanillita.info\/press\/wp-json\/wp\/v2\/posts"}],"about":[{"href":"https:\/\/elcanillita.info\/press\/wp-json\/wp\/v2\/types\/post"}],"author":[{"embeddable":true,"href":"https:\/\/elcanillita.info\/press\/wp-json\/wp\/v2\/users\/1"}],"replies":[{"embeddable":true,"href":"https:\/\/elcanillita.info\/press\/wp-json\/wp\/v2\/comments?post=3762"}],"version-history":[{"count":0,"href":"https:\/\/elcanillita.info\/press\/wp-json\/wp\/v2\/posts\/3762\/revisions"}],"wp:featuredmedia":[{"embeddable":true,"href":"https:\/\/elcanillita.info\/press\/wp-json\/wp\/v2\/media\/3763"}],"wp:attachment":[{"href":"https:\/\/elcanillita.info\/press\/wp-json\/wp\/v2\/media?parent=3762"}],"wp:term":[{"taxonomy":"category","embeddable":true,"href":"https:\/\/elcanillita.info\/press\/wp-json\/wp\/v2\/categories?post=3762"},{"taxonomy":"post_tag","embeddable":true,"href":"https:\/\/elcanillita.info\/press\/wp-json\/wp\/v2\/tags?post=3762"}],"curies":[{"name":"wp","href":"https:\/\/api.w.org\/{rel}","templated":true}]}}