{"id":376,"date":"2020-02-07T09:57:59","date_gmt":"2020-02-07T12:57:59","guid":{"rendered":"https:\/\/elcanillita.info\/press\/?p=376"},"modified":"2020-02-07T15:11:09","modified_gmt":"2020-02-07T18:11:09","slug":"uruguay-narcotraficantes-estarian-atacando-policias","status":"publish","type":"post","link":"https:\/\/elcanillita.info\/press\/2020\/02\/07\/uruguay-narcotraficantes-estarian-atacando-policias\/","title":{"rendered":"Uruguay: Narcotraficantes estar\u00edan atacando a polic\u00edas"},"content":{"rendered":"\n<p>Montevideo, 07.02.2020 &#8211; En Uruguay aument\u00f3 tanto la inseguridad que hasta los polic\u00edas est\u00e1n siendo atacados por los delincuentes, mientras la inteligencia investiga si detr\u00e1s de esos ataques hay grupos de narcos.<\/p>\n\n\n\n<p>El nuevo gobierno que encabezar\u00e1 desde el pr\u00f3ximo 1 de marzo el presidente electo Luis Lacalle Pou enfrentar\u00e1 un problema complejo en materia de seguridad, al punto que ya anunci\u00f3 que declarar\u00e1 la emergencia.<\/p>\n\n\n\n<p>A los homicidios, rapi\u00f1as y copamientos de casas que enfrenta la poblaci\u00f3n civil, se sum\u00f3 ahora una nueva situaci\u00f3n que son los ataques que reciben los polic\u00edas por parte de los delincuentes, muchas veces para robarles sus armas y chalecos antibala.<\/p>\n\n\n\n<p>En lo que va de este a\u00f1o, 78 polic\u00edas fueron v\u00edctimas de delitos y dos polic\u00edas fueron asesinados por delincuentes, de acuerdo a datos oficiales del Ministerio del Interior.<\/p>\n\n\n\n<p>El exlegislador Washington Abdala es el abogado del gremio policial de Uruguay.<\/p>\n\n\n\n<p>En momentos en que trascendi\u00f3 que los servicios de Inteligencia empezaron a investigar si grupos narcos est\u00e1n detr\u00e1s de esos ataques, el abogado del gremio policial, el exlegislador Washington Abdala, critic\u00f3 la falta de respuesta de las actuales autoridades.<\/p>\n\n\n\n<p>\u201cCreer que los delincuentes en este pa\u00eds no manejan informaci\u00f3n es un acto ingenuo\u201d, afirm\u00f3 Abdala.<br><br>\n<small>2020 voanoticias \u2013 salastampa.eu, afiliada a la red Broadcasting Board of Governors \u00a9 2020 BBG<\/small><\/p>\n","protected":false},"excerpt":{"rendered":"<p>Montevideo, 07.02.2020 &#8211; En Uruguay aument\u00f3 tanto la inseguridad que hasta los polic\u00edas est\u00e1n siendo atacados por los delincuentes, mientras la inteligencia investiga si detr\u00e1s de esos ataques hay grupos de narcos.<\/p>\n","protected":false},"author":1,"featured_media":0,"comment_status":"closed","ping_status":"closed","sticky":false,"template":"","format":"standard","meta":{"footnotes":"","_links_to":"","_links_to_target":""},"categories":[70,11,22,25],"tags":[56],"class_list":["post-376","post","type-post","status-publish","format-standard","hentry","category-actualidad","category-america-del-sur","category-justicia","category-sociedad","tag-uruguay","entry","double"],"yoast_head":"<!-- This site is optimized with the Yoast SEO plugin v27.4 - https:\/\/yoast.com\/product\/yoast-seo-wordpress\/ -->\n<title>Uruguay: Narcotraficantes estar\u00edan atacando a polic\u00edas - ElCanillita.Info<\/title>\n<meta name=\"robots\" content=\"index, follow, max-snippet:-1, max-image-preview:large, max-video-preview:-1\" \/>\n<link rel=\"canonical\" href=\"https:\/\/elcanillita.info\/press\/2020\/02\/07\/uruguay-narcotraficantes-estarian-atacando-policias\/\" \/>\n<meta property=\"og:locale\" content=\"es_ES\" \/>\n<meta property=\"og:type\" content=\"article\" \/>\n<meta property=\"og:title\" content=\"Uruguay: Narcotraficantes estar\u00edan atacando a polic\u00edas - ElCanillita.Info\" \/>\n<meta property=\"og:description\" content=\"Montevideo, 07.02.2020 - En Uruguay aument\u00f3 tanto la inseguridad que hasta los polic\u00edas est\u00e1n siendo atacados por los delincuentes, mientras la inteligencia investiga si detr\u00e1s de esos ataques hay grupos de narcos.\" \/>\n<meta property=\"og:url\" content=\"https:\/\/elcanillita.info\/press\/2020\/02\/07\/uruguay-narcotraficantes-estarian-atacando-policias\/\" \/>\n<meta property=\"og:site_name\" content=\"ElCanillita.Info\" \/>\n<meta property=\"article:publisher\" content=\"https:\/\/ar-ar.facebook.com\/ElCanillitainfo-114249515285712\/\" \/>\n<meta property=\"article:published_time\" content=\"2020-02-07T12:57:59+00:00\" \/>\n<meta property=\"article:modified_time\" content=\"2020-02-07T18:11:09+00:00\" \/>\n<meta name=\"author\" content=\"SalaStampa.eu, world press service\" \/>\n<meta name=\"twitter:card\" content=\"summary_large_image\" \/>\n<meta name=\"twitter:label1\" content=\"Escrito por\" \/>\n\t<meta name=\"twitter:data1\" content=\"SalaStampa.eu, world press service\" \/>\n\t<meta name=\"twitter:label2\" content=\"Tiempo de lectura\" \/>\n\t<meta name=\"twitter:data2\" content=\"1 minuto\" \/>\n<script type=\"application\/ld+json\" class=\"yoast-schema-graph\">{\"@context\":\"https:\\\/\\\/schema.org\",\"@graph\":[{\"@type\":\"Article\",\"@id\":\"https:\\\/\\\/elcanillita.info\\\/press\\\/2020\\\/02\\\/07\\\/uruguay-narcotraficantes-estarian-atacando-policias\\\/#article\",\"isPartOf\":{\"@id\":\"https:\\\/\\\/elcanillita.info\\\/press\\\/2020\\\/02\\\/07\\\/uruguay-narcotraficantes-estarian-atacando-policias\\\/\"},\"author\":{\"name\":\"SalaStampa.eu, world press service\",\"@id\":\"https:\\\/\\\/elcanillita.info\\\/press\\\/#\\\/schema\\\/person\\\/7fcb79f38045700919f7da6d97e71ba0\"},\"headline\":\"Uruguay: Narcotraficantes estar\u00edan atacando a polic\u00edas\",\"datePublished\":\"2020-02-07T12:57:59+00:00\",\"dateModified\":\"2020-02-07T18:11:09+00:00\",\"mainEntityOfPage\":{\"@id\":\"https:\\\/\\\/elcanillita.info\\\/press\\\/2020\\\/02\\\/07\\\/uruguay-narcotraficantes-estarian-atacando-policias\\\/\"},\"wordCount\":236,\"publisher\":{\"@id\":\"https:\\\/\\\/elcanillita.info\\\/press\\\/#organization\"},\"keywords\":[\"Uruguay\"],\"articleSection\":[\"Actualidad\",\"Am\u00e9rica del Sur\",\"Justicia\",\"Sociedad\"],\"inLanguage\":\"es-AR\"},{\"@type\":\"WebPage\",\"@id\":\"https:\\\/\\\/elcanillita.info\\\/press\\\/2020\\\/02\\\/07\\\/uruguay-narcotraficantes-estarian-atacando-policias\\\/\",\"url\":\"https:\\\/\\\/elcanillita.info\\\/press\\\/2020\\\/02\\\/07\\\/uruguay-narcotraficantes-estarian-atacando-policias\\\/\",\"name\":\"Uruguay: Narcotraficantes estar\u00edan atacando a polic\u00edas - ElCanillita.Info\",\"isPartOf\":{\"@id\":\"https:\\\/\\\/elcanillita.info\\\/press\\\/#website\"},\"datePublished\":\"2020-02-07T12:57:59+00:00\",\"dateModified\":\"2020-02-07T18:11:09+00:00\",\"inLanguage\":\"es-AR\",\"potentialAction\":[{\"@type\":\"ReadAction\",\"target\":[\"https:\\\/\\\/elcanillita.info\\\/press\\\/2020\\\/02\\\/07\\\/uruguay-narcotraficantes-estarian-atacando-policias\\\/\"]}]},{\"@type\":\"WebSite\",\"@id\":\"https:\\\/\\\/elcanillita.info\\\/press\\\/#website\",\"url\":\"https:\\\/\\\/elcanillita.info\\\/press\\\/\",\"name\":\"ElCanillita.Info\",\"description\":\"desde los Apeninos a los Andes\",\"publisher\":{\"@id\":\"https:\\\/\\\/elcanillita.info\\\/press\\\/#organization\"},\"potentialAction\":[{\"@type\":\"SearchAction\",\"target\":{\"@type\":\"EntryPoint\",\"urlTemplate\":\"https:\\\/\\\/elcanillita.info\\\/press\\\/?s={search_term_string}\"},\"query-input\":{\"@type\":\"PropertyValueSpecification\",\"valueRequired\":true,\"valueName\":\"search_term_string\"}}],\"inLanguage\":\"es-AR\"},{\"@type\":\"Organization\",\"@id\":\"https:\\\/\\\/elcanillita.info\\\/press\\\/#organization\",\"name\":\"Guzzo Photos & Graphic Publications\",\"url\":\"https:\\\/\\\/elcanillita.info\\\/press\\\/\",\"logo\":{\"@type\":\"ImageObject\",\"inLanguage\":\"es-AR\",\"@id\":\"https:\\\/\\\/elcanillita.info\\\/press\\\/#\\\/schema\\\/logo\\\/image\\\/\",\"url\":\"https:\\\/\\\/elcanillita.info\\\/press\\\/images\\\/2020\\\/01\\\/cropped-cropped-cropped-elcanillitainfo.png\",\"contentUrl\":\"https:\\\/\\\/elcanillita.info\\\/press\\\/images\\\/2020\\\/01\\\/cropped-cropped-cropped-elcanillitainfo.png\",\"width\":460,\"height\":50,\"caption\":\"Guzzo Photos & Graphic Publications\"},\"image\":{\"@id\":\"https:\\\/\\\/elcanillita.info\\\/press\\\/#\\\/schema\\\/logo\\\/image\\\/\"},\"sameAs\":[\"https:\\\/\\\/ar-ar.facebook.com\\\/ElCanillitainfo-114249515285712\\\/\"]},{\"@type\":\"Person\",\"@id\":\"https:\\\/\\\/elcanillita.info\\\/press\\\/#\\\/schema\\\/person\\\/7fcb79f38045700919f7da6d97e71ba0\",\"name\":\"SalaStampa.eu, world press service\",\"image\":{\"@type\":\"ImageObject\",\"inLanguage\":\"es-AR\",\"@id\":\"https:\\\/\\\/secure.gravatar.com\\\/avatar\\\/c2f0e0d515a107624234994507816ca4724c7199cef73fc8bedebf6931d73888?s=96&d=mm&r=g\",\"url\":\"https:\\\/\\\/secure.gravatar.com\\\/avatar\\\/c2f0e0d515a107624234994507816ca4724c7199cef73fc8bedebf6931d73888?s=96&d=mm&r=g\",\"contentUrl\":\"https:\\\/\\\/secure.gravatar.com\\\/avatar\\\/c2f0e0d515a107624234994507816ca4724c7199cef73fc8bedebf6931d73888?s=96&d=mm&r=g\",\"caption\":\"SalaStampa.eu, world press service\"}}]}<\/script>\n<!-- \/ Yoast SEO plugin. -->","yoast_head_json":{"title":"Uruguay: Narcotraficantes estar\u00edan atacando a polic\u00edas - ElCanillita.Info","robots":{"index":"index","follow":"follow","max-snippet":"max-snippet:-1","max-image-preview":"max-image-preview:large","max-video-preview":"max-video-preview:-1"},"canonical":"https:\/\/elcanillita.info\/press\/2020\/02\/07\/uruguay-narcotraficantes-estarian-atacando-policias\/","og_locale":"es_ES","og_type":"article","og_title":"Uruguay: Narcotraficantes estar\u00edan atacando a polic\u00edas - ElCanillita.Info","og_description":"Montevideo, 07.02.2020 - En Uruguay aument\u00f3 tanto la inseguridad que hasta los polic\u00edas est\u00e1n siendo atacados por los delincuentes, mientras la inteligencia investiga si detr\u00e1s de esos ataques hay grupos de narcos.","og_url":"https:\/\/elcanillita.info\/press\/2020\/02\/07\/uruguay-narcotraficantes-estarian-atacando-policias\/","og_site_name":"ElCanillita.Info","article_publisher":"https:\/\/ar-ar.facebook.com\/ElCanillitainfo-114249515285712\/","article_published_time":"2020-02-07T12:57:59+00:00","article_modified_time":"2020-02-07T18:11:09+00:00","author":"SalaStampa.eu, world press service","twitter_card":"summary_large_image","twitter_misc":{"Escrito por":"SalaStampa.eu, world press service","Tiempo de lectura":"1 minuto"},"schema":{"@context":"https:\/\/schema.org","@graph":[{"@type":"Article","@id":"https:\/\/elcanillita.info\/press\/2020\/02\/07\/uruguay-narcotraficantes-estarian-atacando-policias\/#article","isPartOf":{"@id":"https:\/\/elcanillita.info\/press\/2020\/02\/07\/uruguay-narcotraficantes-estarian-atacando-policias\/"},"author":{"name":"SalaStampa.eu, world press service","@id":"https:\/\/elcanillita.info\/press\/#\/schema\/person\/7fcb79f38045700919f7da6d97e71ba0"},"headline":"Uruguay: Narcotraficantes estar\u00edan atacando a polic\u00edas","datePublished":"2020-02-07T12:57:59+00:00","dateModified":"2020-02-07T18:11:09+00:00","mainEntityOfPage":{"@id":"https:\/\/elcanillita.info\/press\/2020\/02\/07\/uruguay-narcotraficantes-estarian-atacando-policias\/"},"wordCount":236,"publisher":{"@id":"https:\/\/elcanillita.info\/press\/#organization"},"keywords":["Uruguay"],"articleSection":["Actualidad","Am\u00e9rica del Sur","Justicia","Sociedad"],"inLanguage":"es-AR"},{"@type":"WebPage","@id":"https:\/\/elcanillita.info\/press\/2020\/02\/07\/uruguay-narcotraficantes-estarian-atacando-policias\/","url":"https:\/\/elcanillita.info\/press\/2020\/02\/07\/uruguay-narcotraficantes-estarian-atacando-policias\/","name":"Uruguay: Narcotraficantes estar\u00edan atacando a polic\u00edas - ElCanillita.Info","isPartOf":{"@id":"https:\/\/elcanillita.info\/press\/#website"},"datePublished":"2020-02-07T12:57:59+00:00","dateModified":"2020-02-07T18:11:09+00:00","inLanguage":"es-AR","potentialAction":[{"@type":"ReadAction","target":["https:\/\/elcanillita.info\/press\/2020\/02\/07\/uruguay-narcotraficantes-estarian-atacando-policias\/"]}]},{"@type":"WebSite","@id":"https:\/\/elcanillita.info\/press\/#website","url":"https:\/\/elcanillita.info\/press\/","name":"ElCanillita.Info","description":"desde los Apeninos a los Andes","publisher":{"@id":"https:\/\/elcanillita.info\/press\/#organization"},"potentialAction":[{"@type":"SearchAction","target":{"@type":"EntryPoint","urlTemplate":"https:\/\/elcanillita.info\/press\/?s={search_term_string}"},"query-input":{"@type":"PropertyValueSpecification","valueRequired":true,"valueName":"search_term_string"}}],"inLanguage":"es-AR"},{"@type":"Organization","@id":"https:\/\/elcanillita.info\/press\/#organization","name":"Guzzo Photos & Graphic Publications","url":"https:\/\/elcanillita.info\/press\/","logo":{"@type":"ImageObject","inLanguage":"es-AR","@id":"https:\/\/elcanillita.info\/press\/#\/schema\/logo\/image\/","url":"https:\/\/elcanillita.info\/press\/images\/2020\/01\/cropped-cropped-cropped-elcanillitainfo.png","contentUrl":"https:\/\/elcanillita.info\/press\/images\/2020\/01\/cropped-cropped-cropped-elcanillitainfo.png","width":460,"height":50,"caption":"Guzzo Photos & Graphic Publications"},"image":{"@id":"https:\/\/elcanillita.info\/press\/#\/schema\/logo\/image\/"},"sameAs":["https:\/\/ar-ar.facebook.com\/ElCanillitainfo-114249515285712\/"]},{"@type":"Person","@id":"https:\/\/elcanillita.info\/press\/#\/schema\/person\/7fcb79f38045700919f7da6d97e71ba0","name":"SalaStampa.eu, world press service","image":{"@type":"ImageObject","inLanguage":"es-AR","@id":"https:\/\/secure.gravatar.com\/avatar\/c2f0e0d515a107624234994507816ca4724c7199cef73fc8bedebf6931d73888?s=96&d=mm&r=g","url":"https:\/\/secure.gravatar.com\/avatar\/c2f0e0d515a107624234994507816ca4724c7199cef73fc8bedebf6931d73888?s=96&d=mm&r=g","contentUrl":"https:\/\/secure.gravatar.com\/avatar\/c2f0e0d515a107624234994507816ca4724c7199cef73fc8bedebf6931d73888?s=96&d=mm&r=g","caption":"SalaStampa.eu, world press service"}}]}},"views":818,"_links":{"self":[{"href":"https:\/\/elcanillita.info\/press\/wp-json\/wp\/v2\/posts\/376","targetHints":{"allow":["GET"]}}],"collection":[{"href":"https:\/\/elcanillita.info\/press\/wp-json\/wp\/v2\/posts"}],"about":[{"href":"https:\/\/elcanillita.info\/press\/wp-json\/wp\/v2\/types\/post"}],"author":[{"embeddable":true,"href":"https:\/\/elcanillita.info\/press\/wp-json\/wp\/v2\/users\/1"}],"replies":[{"embeddable":true,"href":"https:\/\/elcanillita.info\/press\/wp-json\/wp\/v2\/comments?post=376"}],"version-history":[{"count":0,"href":"https:\/\/elcanillita.info\/press\/wp-json\/wp\/v2\/posts\/376\/revisions"}],"wp:attachment":[{"href":"https:\/\/elcanillita.info\/press\/wp-json\/wp\/v2\/media?parent=376"}],"wp:term":[{"taxonomy":"category","embeddable":true,"href":"https:\/\/elcanillita.info\/press\/wp-json\/wp\/v2\/categories?post=376"},{"taxonomy":"post_tag","embeddable":true,"href":"https:\/\/elcanillita.info\/press\/wp-json\/wp\/v2\/tags?post=376"}],"curies":[{"name":"wp","href":"https:\/\/api.w.org\/{rel}","templated":true}]}}