{"id":3759,"date":"2023-09-24T15:08:59","date_gmt":"2023-09-24T18:08:59","guid":{"rendered":"https:\/\/elcanillita.info\/press\/?p=3759"},"modified":"2023-09-24T15:08:59","modified_gmt":"2023-09-24T18:08:59","slug":"inexplicable-fortuna-de-frente-a-una-tirania-anunciada","status":"publish","type":"post","link":"https:\/\/elcanillita.info\/press\/2023\/09\/24\/inexplicable-fortuna-de-frente-a-una-tirania-anunciada\/","title":{"rendered":"Inexplicable fortuna de frente a una tiran\u00eda anunciada"},"content":{"rendered":"\n<figure class=\"wp-block-image size-full\"><img loading=\"lazy\" decoding=\"async\" width=\"600\" height=\"438\" src=\"https:\/\/elcanillita.info\/press\/images\/2023\/09\/insa_cover_20230924.jpg\" alt=\"\" class=\"wp-image-3760\" srcset=\"https:\/\/elcanillita.info\/press\/images\/2023\/09\/insa_cover_20230924.jpg 600w, https:\/\/elcanillita.info\/press\/images\/2023\/09\/insa_cover_20230924-300x219.jpg 300w\" sizes=\"auto, (max-width: 600px) 100vw, 600px\" \/><figcaption class=\"wp-element-caption\">Mart\u00edn Insaurralde y la actual vicepresidente argentina en 2013<\/figcaption><\/figure>\n\n\n\n<p><strong>por Enrique Guillermo Avogadro<\/strong><br><br><strong>Buenos Aires, 24 \/09\/2023<\/strong><br>Cuando sumamos a los casos que enumer\u00e9 la inexplicable fortuna del Jefe de Gabinete de Axel Kiciloff (Mart\u00edn Insaurralde), a quien su ex mujer (Jessica Cirio) le reclamaba US$ 50 millones y acord\u00f3 en US$ 20 millones y la renovada tentativa de Cristina Fern\u00e1ndez de obtener el acuerdo del Senado para Ana Mar\u00eda Figueroa, la ex Juez de Casaci\u00f3n cesada constitucionalmente por la Corte Suprema, y desatar as\u00ed un nuevo conflicto de poderes, se terminan los argumentos para intentar convencer a los votantes para que no salten al vac\u00edo.<\/p>\n\n\n\n<p>Ni siquiera sirven \u2013y me consta personalmente- las versiones de un probado (400 candidatos massistas en las boletas electorales de La Libertad Avanza) y siniestro pacto entre Javier Milei y Sergio Massa para que desistan de su apoyo al energ\u00fameno l\u00edder libertario, sea porque los han encandilado sus demenciales propuestas, sea por la desilusi\u00f3n y el hartazgo que sienten ante una singular democracia que, claramente, no s\u00f3lo no ha solucionado los problemas cotidianos sino que los agrava todos los d\u00edas.<\/p>\n\n\n\n<p>La Argentina se parece cada vez m\u00e1s, con su inflaci\u00f3n desbocada, su inseguridad cotidiana y con la desesperanza que provoca la falta de futuro, a la Alemania y a la Italia de entreguerras, cuando el caos socioecon\u00f3mico llev\u00f3 a sus ciudadanos a abrazar modelos autoritarios y disruptivos.<\/p>\n\n\n\n<p>En \u00e9pocas m\u00e1s recientes, tambi\u00e9n lo hace al interior de los Estados Unidos, que llev\u00f3 al poder a Donald Trump, quien puso (\u00bflo volver\u00e1 a hacer en 2024?) a la democracia m\u00e1s permanente del mundo al borde de un abrupto final y que es confesamente admirado por Milei. \u00bfCu\u00e1nto se vincula la afirmaci\u00f3n del pre-candidato republicano \u2013\u201cpuedo matar de un tiro a alguien en la 5\u00aa Avenida y no perder por ello un solo voto\u201d- a las locuras que dice sin parar el libertario?<\/p>\n\n\n\n<p>Debo decir que me asombr\u00f3 la distancia que tom\u00f3 Eduardo Eurnekian, due\u00f1o del embri\u00f3n que germin\u00f3 a Milei durante tantos a\u00f1os, su criatura, alarmado por el riesgo de una tiran\u00eda si \u00e9ste se consagrara en noviembre. Y lo mismo me sucedi\u00f3 con el persistente y rotundo fracaso de los candidatos de La Libertad Avanza en todas las elecciones provinciales, aunque lo adjudico al personalismo y al dogmatismo de su fundador y, consecuentemente, no creo que sea traspolable al escenario nacional.<\/p>\n\n\n\n<p>Falta menos de un mes para saber c\u00f3mo ser\u00e1 nuestro pa\u00eds en los tiempos que vienen pero, y eso ya s\u00ed lo tengo claro, tuve raz\u00f3n cuando quem\u00e9 gran parte de mi biblioteca \u2013la que alojaba libros de ciencias pol\u00edticas- al ver que el Ministro\/candidato de Uni\u00f3n por la Patria conserva el apoyo de un tercio del electorado y la probabilidad de estar presente en el ballotage, a pesar de la innegable cat\u00e1strofe que su gesti\u00f3n ha provocado, incrementando la pobreza en cuatro puntos porcentuales, duplicando la devaluaci\u00f3n de nuestra moneda y produciendo una p\u00e9rdida de 13% en el poder adquisitivo del salario.<\/p>\n\n\n\n<p>Es cierto que los argentinos hemos sobrevivido a much\u00edsimas crisis y salido de ellas, pero no lo es menos que, cada vez, hemos bajado un escal\u00f3n, profundizando nuestra decadencia. Ahora estamos ante lo posibilidad de ascender, pero la foto (no la pel\u00edcula) de hoy parece indicar que volveremos a desperdiciarla.<br>Hasta la pr\u00f3xima<\/p>\n\n\n\n<p><small>\u00a9 Copyright 2023 Enrique Guillermo Avogadro<br>\u00a9 2023 ElCanillita.info \/ SalaStampa.Eu, servicio mundial de prensa<\/small><\/p>\n","protected":false},"excerpt":{"rendered":"<p>La Argentina se parece cada vez m\u00e1s, con su inflaci\u00f3n desbocada, a la Alemania y la Italia de entreguerras.<\/p>\n","protected":false},"author":1,"featured_media":3761,"comment_status":"closed","ping_status":"closed","sticky":false,"template":"","format":"standard","meta":{"footnotes":"","_links_to":"","_links_to_target":""},"categories":[121,108,70,11,118,23],"tags":[29],"class_list":["post-3759","post","type-post","status-publish","format-standard","has-post-thumbnail","hentry","category-dc24","category-blogdiario","category-actualidad","category-america-del-sur","category-corrupcion","category-politica","tag-argentina","entry","double"],"yoast_head":"<!-- This site is optimized with the Yoast SEO plugin v27.4 - https:\/\/yoast.com\/product\/yoast-seo-wordpress\/ -->\n<title>Inexplicable fortuna de frente a una tiran\u00eda anunciada - ElCanillita.Info<\/title>\n<meta name=\"description\" content=\"La Argentina se parece cada vez m\u00e1s, con su inflaci\u00f3n desbocada, a la Alemania y la Italia de entreguerras.\" \/>\n<meta name=\"robots\" content=\"index, follow, max-snippet:-1, max-image-preview:large, max-video-preview:-1\" \/>\n<link rel=\"canonical\" href=\"https:\/\/elcanillita.info\/press\/2023\/09\/24\/inexplicable-fortuna-de-frente-a-una-tirania-anunciada\/\" \/>\n<meta property=\"og:locale\" content=\"es_ES\" \/>\n<meta property=\"og:type\" content=\"article\" \/>\n<meta property=\"og:title\" content=\"Inexplicable fortuna de frente a una tiran\u00eda anunciada - ElCanillita.Info\" \/>\n<meta property=\"og:description\" content=\"La Argentina se parece cada vez m\u00e1s, con su inflaci\u00f3n desbocada, a la Alemania y la Italia de entreguerras.\" \/>\n<meta property=\"og:url\" content=\"https:\/\/elcanillita.info\/press\/2023\/09\/24\/inexplicable-fortuna-de-frente-a-una-tirania-anunciada\/\" \/>\n<meta property=\"og:site_name\" content=\"ElCanillita.Info\" \/>\n<meta property=\"article:publisher\" content=\"https:\/\/ar-ar.facebook.com\/ElCanillitainfo-114249515285712\/\" \/>\n<meta property=\"article:published_time\" content=\"2023-09-24T18:08:59+00:00\" \/>\n<meta property=\"og:image\" content=\"https:\/\/elcanillita.info\/press\/images\/2023\/09\/insa_2_20230924.jpg\" \/>\n\t<meta property=\"og:image:width\" content=\"600\" \/>\n\t<meta property=\"og:image:height\" content=\"338\" \/>\n\t<meta property=\"og:image:type\" content=\"image\/jpeg\" \/>\n<meta name=\"author\" content=\"SalaStampa.eu, world press service\" \/>\n<meta name=\"twitter:card\" content=\"summary_large_image\" \/>\n<meta name=\"twitter:label1\" content=\"Escrito por\" \/>\n\t<meta name=\"twitter:data1\" content=\"SalaStampa.eu, world press service\" \/>\n\t<meta name=\"twitter:label2\" content=\"Tiempo de lectura\" \/>\n\t<meta name=\"twitter:data2\" content=\"3 minutos\" \/>\n<script type=\"application\/ld+json\" class=\"yoast-schema-graph\">{\"@context\":\"https:\\\/\\\/schema.org\",\"@graph\":[{\"@type\":\"Article\",\"@id\":\"https:\\\/\\\/elcanillita.info\\\/press\\\/2023\\\/09\\\/24\\\/inexplicable-fortuna-de-frente-a-una-tirania-anunciada\\\/#article\",\"isPartOf\":{\"@id\":\"https:\\\/\\\/elcanillita.info\\\/press\\\/2023\\\/09\\\/24\\\/inexplicable-fortuna-de-frente-a-una-tirania-anunciada\\\/\"},\"author\":{\"name\":\"SalaStampa.eu, world press service\",\"@id\":\"https:\\\/\\\/elcanillita.info\\\/press\\\/#\\\/schema\\\/person\\\/7fcb79f38045700919f7da6d97e71ba0\"},\"headline\":\"Inexplicable fortuna de frente a una tiran\u00eda anunciada\",\"datePublished\":\"2023-09-24T18:08:59+00:00\",\"mainEntityOfPage\":{\"@id\":\"https:\\\/\\\/elcanillita.info\\\/press\\\/2023\\\/09\\\/24\\\/inexplicable-fortuna-de-frente-a-una-tirania-anunciada\\\/\"},\"wordCount\":603,\"publisher\":{\"@id\":\"https:\\\/\\\/elcanillita.info\\\/press\\\/#organization\"},\"image\":{\"@id\":\"https:\\\/\\\/elcanillita.info\\\/press\\\/2023\\\/09\\\/24\\\/inexplicable-fortuna-de-frente-a-una-tirania-anunciada\\\/#primaryimage\"},\"thumbnailUrl\":\"https:\\\/\\\/elcanillita.info\\\/press\\\/images\\\/2023\\\/09\\\/insa_2_20230924.jpg\",\"keywords\":[\"Argentina\"],\"articleSection\":[\".\",\".\",\"Actualidad\",\"Am\u00e9rica del Sur\",\"Corrupci\u00f3n\",\"Politica\"],\"inLanguage\":\"es-AR\"},{\"@type\":\"WebPage\",\"@id\":\"https:\\\/\\\/elcanillita.info\\\/press\\\/2023\\\/09\\\/24\\\/inexplicable-fortuna-de-frente-a-una-tirania-anunciada\\\/\",\"url\":\"https:\\\/\\\/elcanillita.info\\\/press\\\/2023\\\/09\\\/24\\\/inexplicable-fortuna-de-frente-a-una-tirania-anunciada\\\/\",\"name\":\"Inexplicable fortuna de frente a una tiran\u00eda anunciada - ElCanillita.Info\",\"isPartOf\":{\"@id\":\"https:\\\/\\\/elcanillita.info\\\/press\\\/#website\"},\"primaryImageOfPage\":{\"@id\":\"https:\\\/\\\/elcanillita.info\\\/press\\\/2023\\\/09\\\/24\\\/inexplicable-fortuna-de-frente-a-una-tirania-anunciada\\\/#primaryimage\"},\"image\":{\"@id\":\"https:\\\/\\\/elcanillita.info\\\/press\\\/2023\\\/09\\\/24\\\/inexplicable-fortuna-de-frente-a-una-tirania-anunciada\\\/#primaryimage\"},\"thumbnailUrl\":\"https:\\\/\\\/elcanillita.info\\\/press\\\/images\\\/2023\\\/09\\\/insa_2_20230924.jpg\",\"datePublished\":\"2023-09-24T18:08:59+00:00\",\"description\":\"La Argentina se parece cada vez m\u00e1s, con su inflaci\u00f3n desbocada, a la Alemania y la Italia de entreguerras.\",\"inLanguage\":\"es-AR\",\"potentialAction\":[{\"@type\":\"ReadAction\",\"target\":[\"https:\\\/\\\/elcanillita.info\\\/press\\\/2023\\\/09\\\/24\\\/inexplicable-fortuna-de-frente-a-una-tirania-anunciada\\\/\"]}]},{\"@type\":\"ImageObject\",\"inLanguage\":\"es-AR\",\"@id\":\"https:\\\/\\\/elcanillita.info\\\/press\\\/2023\\\/09\\\/24\\\/inexplicable-fortuna-de-frente-a-una-tirania-anunciada\\\/#primaryimage\",\"url\":\"https:\\\/\\\/elcanillita.info\\\/press\\\/images\\\/2023\\\/09\\\/insa_2_20230924.jpg\",\"contentUrl\":\"https:\\\/\\\/elcanillita.info\\\/press\\\/images\\\/2023\\\/09\\\/insa_2_20230924.jpg\",\"width\":600,\"height\":338},{\"@type\":\"WebSite\",\"@id\":\"https:\\\/\\\/elcanillita.info\\\/press\\\/#website\",\"url\":\"https:\\\/\\\/elcanillita.info\\\/press\\\/\",\"name\":\"ElCanillita.Info\",\"description\":\"desde los Apeninos a los Andes\",\"publisher\":{\"@id\":\"https:\\\/\\\/elcanillita.info\\\/press\\\/#organization\"},\"potentialAction\":[{\"@type\":\"SearchAction\",\"target\":{\"@type\":\"EntryPoint\",\"urlTemplate\":\"https:\\\/\\\/elcanillita.info\\\/press\\\/?s={search_term_string}\"},\"query-input\":{\"@type\":\"PropertyValueSpecification\",\"valueRequired\":true,\"valueName\":\"search_term_string\"}}],\"inLanguage\":\"es-AR\"},{\"@type\":\"Organization\",\"@id\":\"https:\\\/\\\/elcanillita.info\\\/press\\\/#organization\",\"name\":\"Guzzo Photos & Graphic Publications\",\"url\":\"https:\\\/\\\/elcanillita.info\\\/press\\\/\",\"logo\":{\"@type\":\"ImageObject\",\"inLanguage\":\"es-AR\",\"@id\":\"https:\\\/\\\/elcanillita.info\\\/press\\\/#\\\/schema\\\/logo\\\/image\\\/\",\"url\":\"https:\\\/\\\/elcanillita.info\\\/press\\\/images\\\/2020\\\/01\\\/cropped-cropped-cropped-elcanillitainfo.png\",\"contentUrl\":\"https:\\\/\\\/elcanillita.info\\\/press\\\/images\\\/2020\\\/01\\\/cropped-cropped-cropped-elcanillitainfo.png\",\"width\":460,\"height\":50,\"caption\":\"Guzzo Photos & Graphic Publications\"},\"image\":{\"@id\":\"https:\\\/\\\/elcanillita.info\\\/press\\\/#\\\/schema\\\/logo\\\/image\\\/\"},\"sameAs\":[\"https:\\\/\\\/ar-ar.facebook.com\\\/ElCanillitainfo-114249515285712\\\/\"]},{\"@type\":\"Person\",\"@id\":\"https:\\\/\\\/elcanillita.info\\\/press\\\/#\\\/schema\\\/person\\\/7fcb79f38045700919f7da6d97e71ba0\",\"name\":\"SalaStampa.eu, world press service\",\"image\":{\"@type\":\"ImageObject\",\"inLanguage\":\"es-AR\",\"@id\":\"https:\\\/\\\/secure.gravatar.com\\\/avatar\\\/c2f0e0d515a107624234994507816ca4724c7199cef73fc8bedebf6931d73888?s=96&d=mm&r=g\",\"url\":\"https:\\\/\\\/secure.gravatar.com\\\/avatar\\\/c2f0e0d515a107624234994507816ca4724c7199cef73fc8bedebf6931d73888?s=96&d=mm&r=g\",\"contentUrl\":\"https:\\\/\\\/secure.gravatar.com\\\/avatar\\\/c2f0e0d515a107624234994507816ca4724c7199cef73fc8bedebf6931d73888?s=96&d=mm&r=g\",\"caption\":\"SalaStampa.eu, world press service\"}}]}<\/script>\n<!-- \/ Yoast SEO plugin. -->","yoast_head_json":{"title":"Inexplicable fortuna de frente a una tiran\u00eda anunciada - ElCanillita.Info","description":"La Argentina se parece cada vez m\u00e1s, con su inflaci\u00f3n desbocada, a la Alemania y la Italia de entreguerras.","robots":{"index":"index","follow":"follow","max-snippet":"max-snippet:-1","max-image-preview":"max-image-preview:large","max-video-preview":"max-video-preview:-1"},"canonical":"https:\/\/elcanillita.info\/press\/2023\/09\/24\/inexplicable-fortuna-de-frente-a-una-tirania-anunciada\/","og_locale":"es_ES","og_type":"article","og_title":"Inexplicable fortuna de frente a una tiran\u00eda anunciada - ElCanillita.Info","og_description":"La Argentina se parece cada vez m\u00e1s, con su inflaci\u00f3n desbocada, a la Alemania y la Italia de entreguerras.","og_url":"https:\/\/elcanillita.info\/press\/2023\/09\/24\/inexplicable-fortuna-de-frente-a-una-tirania-anunciada\/","og_site_name":"ElCanillita.Info","article_publisher":"https:\/\/ar-ar.facebook.com\/ElCanillitainfo-114249515285712\/","article_published_time":"2023-09-24T18:08:59+00:00","og_image":[{"width":600,"height":338,"url":"https:\/\/elcanillita.info\/press\/images\/2023\/09\/insa_2_20230924.jpg","type":"image\/jpeg"}],"author":"SalaStampa.eu, world press service","twitter_card":"summary_large_image","twitter_misc":{"Escrito por":"SalaStampa.eu, world press service","Tiempo de lectura":"3 minutos"},"schema":{"@context":"https:\/\/schema.org","@graph":[{"@type":"Article","@id":"https:\/\/elcanillita.info\/press\/2023\/09\/24\/inexplicable-fortuna-de-frente-a-una-tirania-anunciada\/#article","isPartOf":{"@id":"https:\/\/elcanillita.info\/press\/2023\/09\/24\/inexplicable-fortuna-de-frente-a-una-tirania-anunciada\/"},"author":{"name":"SalaStampa.eu, world press service","@id":"https:\/\/elcanillita.info\/press\/#\/schema\/person\/7fcb79f38045700919f7da6d97e71ba0"},"headline":"Inexplicable fortuna de frente a una tiran\u00eda anunciada","datePublished":"2023-09-24T18:08:59+00:00","mainEntityOfPage":{"@id":"https:\/\/elcanillita.info\/press\/2023\/09\/24\/inexplicable-fortuna-de-frente-a-una-tirania-anunciada\/"},"wordCount":603,"publisher":{"@id":"https:\/\/elcanillita.info\/press\/#organization"},"image":{"@id":"https:\/\/elcanillita.info\/press\/2023\/09\/24\/inexplicable-fortuna-de-frente-a-una-tirania-anunciada\/#primaryimage"},"thumbnailUrl":"https:\/\/elcanillita.info\/press\/images\/2023\/09\/insa_2_20230924.jpg","keywords":["Argentina"],"articleSection":[".",".","Actualidad","Am\u00e9rica del Sur","Corrupci\u00f3n","Politica"],"inLanguage":"es-AR"},{"@type":"WebPage","@id":"https:\/\/elcanillita.info\/press\/2023\/09\/24\/inexplicable-fortuna-de-frente-a-una-tirania-anunciada\/","url":"https:\/\/elcanillita.info\/press\/2023\/09\/24\/inexplicable-fortuna-de-frente-a-una-tirania-anunciada\/","name":"Inexplicable fortuna de frente a una tiran\u00eda anunciada - ElCanillita.Info","isPartOf":{"@id":"https:\/\/elcanillita.info\/press\/#website"},"primaryImageOfPage":{"@id":"https:\/\/elcanillita.info\/press\/2023\/09\/24\/inexplicable-fortuna-de-frente-a-una-tirania-anunciada\/#primaryimage"},"image":{"@id":"https:\/\/elcanillita.info\/press\/2023\/09\/24\/inexplicable-fortuna-de-frente-a-una-tirania-anunciada\/#primaryimage"},"thumbnailUrl":"https:\/\/elcanillita.info\/press\/images\/2023\/09\/insa_2_20230924.jpg","datePublished":"2023-09-24T18:08:59+00:00","description":"La Argentina se parece cada vez m\u00e1s, con su inflaci\u00f3n desbocada, a la Alemania y la Italia de entreguerras.","inLanguage":"es-AR","potentialAction":[{"@type":"ReadAction","target":["https:\/\/elcanillita.info\/press\/2023\/09\/24\/inexplicable-fortuna-de-frente-a-una-tirania-anunciada\/"]}]},{"@type":"ImageObject","inLanguage":"es-AR","@id":"https:\/\/elcanillita.info\/press\/2023\/09\/24\/inexplicable-fortuna-de-frente-a-una-tirania-anunciada\/#primaryimage","url":"https:\/\/elcanillita.info\/press\/images\/2023\/09\/insa_2_20230924.jpg","contentUrl":"https:\/\/elcanillita.info\/press\/images\/2023\/09\/insa_2_20230924.jpg","width":600,"height":338},{"@type":"WebSite","@id":"https:\/\/elcanillita.info\/press\/#website","url":"https:\/\/elcanillita.info\/press\/","name":"ElCanillita.Info","description":"desde los Apeninos a los Andes","publisher":{"@id":"https:\/\/elcanillita.info\/press\/#organization"},"potentialAction":[{"@type":"SearchAction","target":{"@type":"EntryPoint","urlTemplate":"https:\/\/elcanillita.info\/press\/?s={search_term_string}"},"query-input":{"@type":"PropertyValueSpecification","valueRequired":true,"valueName":"search_term_string"}}],"inLanguage":"es-AR"},{"@type":"Organization","@id":"https:\/\/elcanillita.info\/press\/#organization","name":"Guzzo Photos & Graphic Publications","url":"https:\/\/elcanillita.info\/press\/","logo":{"@type":"ImageObject","inLanguage":"es-AR","@id":"https:\/\/elcanillita.info\/press\/#\/schema\/logo\/image\/","url":"https:\/\/elcanillita.info\/press\/images\/2020\/01\/cropped-cropped-cropped-elcanillitainfo.png","contentUrl":"https:\/\/elcanillita.info\/press\/images\/2020\/01\/cropped-cropped-cropped-elcanillitainfo.png","width":460,"height":50,"caption":"Guzzo Photos & Graphic Publications"},"image":{"@id":"https:\/\/elcanillita.info\/press\/#\/schema\/logo\/image\/"},"sameAs":["https:\/\/ar-ar.facebook.com\/ElCanillitainfo-114249515285712\/"]},{"@type":"Person","@id":"https:\/\/elcanillita.info\/press\/#\/schema\/person\/7fcb79f38045700919f7da6d97e71ba0","name":"SalaStampa.eu, world press service","image":{"@type":"ImageObject","inLanguage":"es-AR","@id":"https:\/\/secure.gravatar.com\/avatar\/c2f0e0d515a107624234994507816ca4724c7199cef73fc8bedebf6931d73888?s=96&d=mm&r=g","url":"https:\/\/secure.gravatar.com\/avatar\/c2f0e0d515a107624234994507816ca4724c7199cef73fc8bedebf6931d73888?s=96&d=mm&r=g","contentUrl":"https:\/\/secure.gravatar.com\/avatar\/c2f0e0d515a107624234994507816ca4724c7199cef73fc8bedebf6931d73888?s=96&d=mm&r=g","caption":"SalaStampa.eu, world press service"}}]}},"views":485,"_links":{"self":[{"href":"https:\/\/elcanillita.info\/press\/wp-json\/wp\/v2\/posts\/3759","targetHints":{"allow":["GET"]}}],"collection":[{"href":"https:\/\/elcanillita.info\/press\/wp-json\/wp\/v2\/posts"}],"about":[{"href":"https:\/\/elcanillita.info\/press\/wp-json\/wp\/v2\/types\/post"}],"author":[{"embeddable":true,"href":"https:\/\/elcanillita.info\/press\/wp-json\/wp\/v2\/users\/1"}],"replies":[{"embeddable":true,"href":"https:\/\/elcanillita.info\/press\/wp-json\/wp\/v2\/comments?post=3759"}],"version-history":[{"count":0,"href":"https:\/\/elcanillita.info\/press\/wp-json\/wp\/v2\/posts\/3759\/revisions"}],"wp:featuredmedia":[{"embeddable":true,"href":"https:\/\/elcanillita.info\/press\/wp-json\/wp\/v2\/media\/3761"}],"wp:attachment":[{"href":"https:\/\/elcanillita.info\/press\/wp-json\/wp\/v2\/media?parent=3759"}],"wp:term":[{"taxonomy":"category","embeddable":true,"href":"https:\/\/elcanillita.info\/press\/wp-json\/wp\/v2\/categories?post=3759"},{"taxonomy":"post_tag","embeddable":true,"href":"https:\/\/elcanillita.info\/press\/wp-json\/wp\/v2\/tags?post=3759"}],"curies":[{"name":"wp","href":"https:\/\/api.w.org\/{rel}","templated":true}]}}