{"id":3758,"date":"2023-09-22T23:34:00","date_gmt":"2023-09-23T02:34:00","guid":{"rendered":"https:\/\/elcanillita.info\/press\/?p=3758"},"modified":"2023-09-23T15:44:46","modified_gmt":"2023-09-23T18:44:46","slug":"embarrados","status":"publish","type":"post","link":"https:\/\/elcanillita.info\/press\/2023\/09\/22\/embarrados\/","title":{"rendered":"Embarrados"},"content":{"rendered":"\n<figure class=\"wp-block-image size-full\"><img loading=\"lazy\" decoding=\"async\" width=\"600\" height=\"400\" src=\"https:\/\/elcanillita.info\/press\/images\/2022\/07\/kricover.jpg\" alt=\"\" class=\"wp-image-2536\" srcset=\"https:\/\/elcanillita.info\/press\/images\/2022\/07\/kricover.jpg 600w, https:\/\/elcanillita.info\/press\/images\/2022\/07\/kricover-300x200.jpg 300w\" sizes=\"auto, (max-width: 600px) 100vw, 600px\" \/><\/figure>\n\n\n\n<p><strong>por Enrique Guillermo Avogadro<\/strong><br><br><small><em>\u201cUna parte de la comunidad que se iba anestesiando y que al<br>final, con fatiga republicana, bajaba las alarmas morales\u201d.<br>Jorge Fern\u00e1ndez D\u00edaz<\/em><\/small><\/p>\n\n\n\n<p><strong>Buenos Aires, 23\/09\/2023<\/strong><br>Pensaba iniciar esta columna describiendo las penurias que afectan a Cristina Fern\u00e1ndez en raz\u00f3n de los recientes fallos de la Justicia, pero la escandalosa situaci\u00f3n vivida el jueves en La Plata me imponen otro comienzo. No es para menos, porque la vergonzosa actuaci\u00f3n de los dos camaristas que invalidaron la detenci\u00f3n de Julio Segundo <em>Chocolate <\/em>Rigau, el puntero del PJ atrapado en flagrancia mientras retiraba fondos de un cajero autom\u00e1tico con montones de tarjetas de cobro de empleados fantasma de la Legislatura bonaerense, enciende fuertes luces de alarma sobre la democracia misma.<\/p>\n\n\n\n<p>Si miramos el mismo escenario hacia atr\u00e1s varias d\u00e9cadas y desde otro \u00e1ngulo, comparando los legisladores que entonces integraban el Congreso de la Naci\u00f3n \u2013Palacios, Repetto, del Valle, Justo, Balb\u00edn, Sabattini y tantos otros- con la runfla que hoy ocupa sus bancas, deber\u00edamos ponernos a llorar. En general, no s\u00f3lo carecen de la m\u00e1s m\u00ednima formaci\u00f3n intelectual sino que son por completo incapaces de cumplir el rol para el cual han sido elegidos por los ciudadanos: representarlos. Hace mucho tiempo que no se ven tan distantes a los pol\u00edticos de las necesidades m\u00e1s urgentes de sus representados; las m\u00e1s que escasas sesiones que los re\u00fanen s\u00f3lo sirven para designar jueces tan venales como aqu\u00e9llos en componendas de baja estofa y para complicar la vida de sus mandantes, trabando a\u00fan m\u00e1s una econom\u00eda que, con su servilismo repugnante frente al Ejecutivo de turno, tanto han deteriorado, am\u00e9n de costar verdaderas fortunas al erario p\u00fablico.<\/p>\n\n\n\n<p>\u00bfC\u00f3mo explicar, entonces, a los m\u00e1s j\u00f3venes lo esencial que es la democracia republicana cuando, desde la iluminada vidriera principal, tan nefastos personajes exhiben sin pudor su complicidad con el saqueo m\u00e1s inmundo, al cual protegen y encubren disfrazados de magistrados? Precisamente, por este tipo de cosas, tan frecuentes en nuestro pa\u00eds (recordemos a la Fiscal entrerriana Cecilia Goyeneche, destituida por haber logrado la condena del ladr\u00f3n ex Gobernador Sergio Uribarri), se inclinan ahora por el candidato presidencial de La Libertad Avanza, que promete descuartizar a la \u201ccasta\u201d con una sierra mec\u00e1nica (a esta altura, y dadas sus nuevas alianzas con lo peor del massismo y del sindicalismo, dudo que siquiera lo intente) y dinamitar los organismos del Estado.<\/p>\n\n\n\n<p>Volviendo a mi intenci\u00f3n original, la semana no pudo ser peor para Cristina Fern\u00e1ndez y la troupe de delincuentes que integran la asociaci\u00f3n il\u00edcita que co-organiz\u00f3 y hoy encabeza, y que incluye a los m\u00e1s altos cargos de la actual administraci\u00f3n: el ex Secretario Legal y T\u00e9cnico de la Presidencia y actual Procurador del Tesoro de la Naci\u00f3n y, como tal, cabeza de los abogados del Estado (Carlos <em>Chino <\/em>Zannini), y el Secretario de Justicia (Juan Mart\u00edn Mena), un Diputado y Presidente del PJ de la Provincia de Buenos Aires (M\u00e1ximo Kirchner), am\u00e9n de varios que estuvieron durante los gobiernos kirchneristas anteriores, como Julio de Vido, Roberto Baratta y tantos otros.<\/p>\n\n\n\n<p>Luego de ser expulsada de ella la okupa Ana Mar\u00eda Figueroa, que se hab\u00eda atrincherado en su despacho a la espera de un ilusorio acuerdo del Senado para la extensi\u00f3n de su rol de Juez, la Sala I de la C\u00e1mara Federal de Casaci\u00f3n Penal, aplicando el m\u00e1s elemental criterio jur\u00eddico y el sentido com\u00fan, revoc\u00f3 los absurdos sobreseimientos que, sin realizar los juicios orales y p\u00fablicos en los cuales las pruebas hubieran sido expuestas y los argumentos defensivos desplegados, hab\u00edan sobrese\u00eddo a tantos gangsters y traidores a la Patria. Me refiero, claro, a las causas denominadas \u201cHotesur-Los Sauces\u201d, donde est\u00e1n procesados la se\u00f1ora del Calafate, su hijo y varios c\u00f3mplices y testaferros, y \u201cMemor\u00e1ndum con Ir\u00e1n\u201d, que afecta en igual medida a ella y a quienes fueron gestores y art\u00edfices de tama\u00f1o disparate.<\/p>\n\n\n\n<p>En el primer caso, se trata de las coimas que, bajo la forma de inexistentes alquileres de habitaciones en el imperio hotelero que cre\u00f3, con ese espec\u00edfico prop\u00f3sito, la familia Kirchner, les pagaron Crist\u00f3bal L\u00f3pez y Fabi\u00e1n de Souza, los recordados ladrones de siderales impuestos, y L\u00e1zaro B\u00e1ez y sus hijos, convertidos en multimillonarios en un d\u00eda. El otro, originado por la denuncia del asesinado Fiscal Alberto Nisman, versa sobre la traici\u00f3n a la Patria y a su Constituci\u00f3n que constituy\u00f3 la firma de ese acuerdo, cuya existencia fue negada hasta el infinito cuando lo descubri\u00f3 Pepe Eliaschev, para otorgar impunidad, a pedido de Cuba y Venezuela, socios de Ir\u00e1n en la regi\u00f3n, a los terroristas que volaron la sede de la AMIA y causaron la muerte de 85 argentinos y heridas a 300, aproximadamente.<\/p>\n\n\n\n<p>Para entender un poco m\u00e1s, debemos recordar que el memor\u00e1ndum inclu\u00eda el levantamiento de las alertas rojas de Interpol sobre los altos funcionarios iran\u00edes imputados como autores intelectuales y materiales del atentado y, sobre todo, la creaci\u00f3n de una comisi\u00f3n binacional de juristas que, en los planes de los organizadores, se colocaba por encima del Poder Judicial argentino y revisar\u00eda lo actuado por \u00e9ste en la investigaci\u00f3n. O sea, los propios acusados decidir\u00edan su destino. \u00bfPuede creerse tama\u00f1a traici\u00f3n? Ambas causas ir\u00e1n, por los recursos extraordinarios que interpondr\u00e1n los abogados de los imputados, a la Corte Suprema; sin embargo, me atrevo a afirmar que fracasar\u00e1n, puesto que el alto Tribunal s\u00f3lo se avoca al estudio de los casos cuando se trata de sentencias definitivas que ponen fin al proceso, lo cual obviamente no sucede en estos casos. En resumen, el a\u00f1o pr\u00f3ximo todos ellos deber\u00e1n sentarse en los banquillos de acusados, expuestos ante la sociedad que convirtieron en v\u00edctima de sus zafarranchos.<\/p>\n\n\n\n<p>La frutilla del indigesto postre que Cristina Fern\u00e1ndez est\u00e1 obligada a degustar fue una resoluci\u00f3n de la Corte que determin\u00f3 la constitucionalidad de la \u201cley del arrepentido\u201d y, con ello, convalid\u00f3 las declaraciones de decenas de empresarios en la causa \u201cCuadernos\u201d, que confesaron haber pagado monumentales coimas a la familia Kirchner, en valijas y bolsos que volaban hacia la Provincia de Santa Cruz y fueron all\u00ed guardadas en billetes de euros de alta denominaci\u00f3n; sostengo que despu\u00e9s fueron canjeados por diamantes en Angola, en la rid\u00edcula visita presidencial de 2012.<\/p>\n\n\n\n<p><small>\u00a9 Copyright 2023 Enrique Guillermo Avogadro<br>\u00a9 2023 ElCanillita.info \/ SalaStampa.Eu, servicio mundial de prensa<\/small><\/p>\n","protected":false},"excerpt":{"rendered":"<p>Vergonzosa actuaci\u00f3n de los dos camaristas que invalidaron la detenci\u00f3n de Julio Segundo Chocolate Rigau, el puntero del PJ  <\/p>\n","protected":false},"author":1,"featured_media":2536,"comment_status":"closed","ping_status":"closed","sticky":false,"template":"","format":"standard","meta":{"footnotes":"","_links_to":"","_links_to_target":""},"categories":[70,11,118,23],"tags":[29],"class_list":["post-3758","post","type-post","status-publish","format-standard","has-post-thumbnail","hentry","category-actualidad","category-america-del-sur","category-corrupcion","category-politica","tag-argentina","entry","double"],"yoast_head":"<!-- This site is optimized with the Yoast SEO plugin v27.4 - https:\/\/yoast.com\/product\/yoast-seo-wordpress\/ -->\n<title>Embarrados - ElCanillita.Info<\/title>\n<meta name=\"description\" content=\"Vergonzosa actuaci\u00f3n de los dos camaristas que invalidaron la detenci\u00f3n de Julio Segundo Chocolate Rigau, el puntero del PJ\" \/>\n<meta name=\"robots\" content=\"index, follow, max-snippet:-1, max-image-preview:large, max-video-preview:-1\" \/>\n<link rel=\"canonical\" href=\"https:\/\/elcanillita.info\/press\/2023\/09\/22\/embarrados\/\" \/>\n<meta property=\"og:locale\" content=\"es_ES\" \/>\n<meta property=\"og:type\" content=\"article\" \/>\n<meta property=\"og:title\" content=\"Embarrados - ElCanillita.Info\" \/>\n<meta property=\"og:description\" content=\"Vergonzosa actuaci\u00f3n de los dos camaristas que invalidaron la detenci\u00f3n de Julio Segundo Chocolate Rigau, el puntero del PJ\" \/>\n<meta property=\"og:url\" content=\"https:\/\/elcanillita.info\/press\/2023\/09\/22\/embarrados\/\" \/>\n<meta property=\"og:site_name\" content=\"ElCanillita.Info\" \/>\n<meta property=\"article:publisher\" content=\"https:\/\/ar-ar.facebook.com\/ElCanillitainfo-114249515285712\/\" \/>\n<meta property=\"article:published_time\" content=\"2023-09-23T02:34:00+00:00\" \/>\n<meta property=\"article:modified_time\" content=\"2023-09-23T18:44:46+00:00\" \/>\n<meta property=\"og:image\" content=\"https:\/\/elcanillita.info\/press\/images\/2022\/07\/kricover.jpg\" \/>\n\t<meta property=\"og:image:width\" content=\"600\" \/>\n\t<meta property=\"og:image:height\" content=\"400\" \/>\n\t<meta property=\"og:image:type\" content=\"image\/jpeg\" \/>\n<meta name=\"author\" content=\"SalaStampa.eu, world press service\" \/>\n<meta name=\"twitter:card\" content=\"summary_large_image\" \/>\n<meta name=\"twitter:label1\" content=\"Escrito por\" \/>\n\t<meta name=\"twitter:data1\" content=\"SalaStampa.eu, world press service\" \/>\n\t<meta name=\"twitter:label2\" content=\"Tiempo de lectura\" \/>\n\t<meta name=\"twitter:data2\" content=\"5 minutos\" \/>\n<script type=\"application\/ld+json\" class=\"yoast-schema-graph\">{\"@context\":\"https:\\\/\\\/schema.org\",\"@graph\":[{\"@type\":\"Article\",\"@id\":\"https:\\\/\\\/elcanillita.info\\\/press\\\/2023\\\/09\\\/22\\\/embarrados\\\/#article\",\"isPartOf\":{\"@id\":\"https:\\\/\\\/elcanillita.info\\\/press\\\/2023\\\/09\\\/22\\\/embarrados\\\/\"},\"author\":{\"name\":\"SalaStampa.eu, world press service\",\"@id\":\"https:\\\/\\\/elcanillita.info\\\/press\\\/#\\\/schema\\\/person\\\/7fcb79f38045700919f7da6d97e71ba0\"},\"headline\":\"Embarrados\",\"datePublished\":\"2023-09-23T02:34:00+00:00\",\"dateModified\":\"2023-09-23T18:44:46+00:00\",\"mainEntityOfPage\":{\"@id\":\"https:\\\/\\\/elcanillita.info\\\/press\\\/2023\\\/09\\\/22\\\/embarrados\\\/\"},\"wordCount\":1134,\"publisher\":{\"@id\":\"https:\\\/\\\/elcanillita.info\\\/press\\\/#organization\"},\"image\":{\"@id\":\"https:\\\/\\\/elcanillita.info\\\/press\\\/2023\\\/09\\\/22\\\/embarrados\\\/#primaryimage\"},\"thumbnailUrl\":\"https:\\\/\\\/elcanillita.info\\\/press\\\/images\\\/2022\\\/07\\\/kricover.jpg\",\"keywords\":[\"Argentina\"],\"articleSection\":[\"Actualidad\",\"Am\u00e9rica del Sur\",\"Corrupci\u00f3n\",\"Politica\"],\"inLanguage\":\"es-AR\"},{\"@type\":\"WebPage\",\"@id\":\"https:\\\/\\\/elcanillita.info\\\/press\\\/2023\\\/09\\\/22\\\/embarrados\\\/\",\"url\":\"https:\\\/\\\/elcanillita.info\\\/press\\\/2023\\\/09\\\/22\\\/embarrados\\\/\",\"name\":\"Embarrados - ElCanillita.Info\",\"isPartOf\":{\"@id\":\"https:\\\/\\\/elcanillita.info\\\/press\\\/#website\"},\"primaryImageOfPage\":{\"@id\":\"https:\\\/\\\/elcanillita.info\\\/press\\\/2023\\\/09\\\/22\\\/embarrados\\\/#primaryimage\"},\"image\":{\"@id\":\"https:\\\/\\\/elcanillita.info\\\/press\\\/2023\\\/09\\\/22\\\/embarrados\\\/#primaryimage\"},\"thumbnailUrl\":\"https:\\\/\\\/elcanillita.info\\\/press\\\/images\\\/2022\\\/07\\\/kricover.jpg\",\"datePublished\":\"2023-09-23T02:34:00+00:00\",\"dateModified\":\"2023-09-23T18:44:46+00:00\",\"description\":\"Vergonzosa actuaci\u00f3n de los dos camaristas que invalidaron la detenci\u00f3n de Julio Segundo Chocolate Rigau, el puntero del PJ\",\"inLanguage\":\"es-AR\",\"potentialAction\":[{\"@type\":\"ReadAction\",\"target\":[\"https:\\\/\\\/elcanillita.info\\\/press\\\/2023\\\/09\\\/22\\\/embarrados\\\/\"]}]},{\"@type\":\"ImageObject\",\"inLanguage\":\"es-AR\",\"@id\":\"https:\\\/\\\/elcanillita.info\\\/press\\\/2023\\\/09\\\/22\\\/embarrados\\\/#primaryimage\",\"url\":\"https:\\\/\\\/elcanillita.info\\\/press\\\/images\\\/2022\\\/07\\\/kricover.jpg\",\"contentUrl\":\"https:\\\/\\\/elcanillita.info\\\/press\\\/images\\\/2022\\\/07\\\/kricover.jpg\",\"width\":600,\"height\":400},{\"@type\":\"WebSite\",\"@id\":\"https:\\\/\\\/elcanillita.info\\\/press\\\/#website\",\"url\":\"https:\\\/\\\/elcanillita.info\\\/press\\\/\",\"name\":\"ElCanillita.Info\",\"description\":\"desde los Apeninos a los Andes\",\"publisher\":{\"@id\":\"https:\\\/\\\/elcanillita.info\\\/press\\\/#organization\"},\"potentialAction\":[{\"@type\":\"SearchAction\",\"target\":{\"@type\":\"EntryPoint\",\"urlTemplate\":\"https:\\\/\\\/elcanillita.info\\\/press\\\/?s={search_term_string}\"},\"query-input\":{\"@type\":\"PropertyValueSpecification\",\"valueRequired\":true,\"valueName\":\"search_term_string\"}}],\"inLanguage\":\"es-AR\"},{\"@type\":\"Organization\",\"@id\":\"https:\\\/\\\/elcanillita.info\\\/press\\\/#organization\",\"name\":\"Guzzo Photos & Graphic Publications\",\"url\":\"https:\\\/\\\/elcanillita.info\\\/press\\\/\",\"logo\":{\"@type\":\"ImageObject\",\"inLanguage\":\"es-AR\",\"@id\":\"https:\\\/\\\/elcanillita.info\\\/press\\\/#\\\/schema\\\/logo\\\/image\\\/\",\"url\":\"https:\\\/\\\/elcanillita.info\\\/press\\\/images\\\/2020\\\/01\\\/cropped-cropped-cropped-elcanillitainfo.png\",\"contentUrl\":\"https:\\\/\\\/elcanillita.info\\\/press\\\/images\\\/2020\\\/01\\\/cropped-cropped-cropped-elcanillitainfo.png\",\"width\":460,\"height\":50,\"caption\":\"Guzzo Photos & Graphic Publications\"},\"image\":{\"@id\":\"https:\\\/\\\/elcanillita.info\\\/press\\\/#\\\/schema\\\/logo\\\/image\\\/\"},\"sameAs\":[\"https:\\\/\\\/ar-ar.facebook.com\\\/ElCanillitainfo-114249515285712\\\/\"]},{\"@type\":\"Person\",\"@id\":\"https:\\\/\\\/elcanillita.info\\\/press\\\/#\\\/schema\\\/person\\\/7fcb79f38045700919f7da6d97e71ba0\",\"name\":\"SalaStampa.eu, world press service\",\"image\":{\"@type\":\"ImageObject\",\"inLanguage\":\"es-AR\",\"@id\":\"https:\\\/\\\/secure.gravatar.com\\\/avatar\\\/c2f0e0d515a107624234994507816ca4724c7199cef73fc8bedebf6931d73888?s=96&d=mm&r=g\",\"url\":\"https:\\\/\\\/secure.gravatar.com\\\/avatar\\\/c2f0e0d515a107624234994507816ca4724c7199cef73fc8bedebf6931d73888?s=96&d=mm&r=g\",\"contentUrl\":\"https:\\\/\\\/secure.gravatar.com\\\/avatar\\\/c2f0e0d515a107624234994507816ca4724c7199cef73fc8bedebf6931d73888?s=96&d=mm&r=g\",\"caption\":\"SalaStampa.eu, world press service\"}}]}<\/script>\n<!-- \/ Yoast SEO plugin. -->","yoast_head_json":{"title":"Embarrados - ElCanillita.Info","description":"Vergonzosa actuaci\u00f3n de los dos camaristas que invalidaron la detenci\u00f3n de Julio Segundo Chocolate Rigau, el puntero del PJ","robots":{"index":"index","follow":"follow","max-snippet":"max-snippet:-1","max-image-preview":"max-image-preview:large","max-video-preview":"max-video-preview:-1"},"canonical":"https:\/\/elcanillita.info\/press\/2023\/09\/22\/embarrados\/","og_locale":"es_ES","og_type":"article","og_title":"Embarrados - ElCanillita.Info","og_description":"Vergonzosa actuaci\u00f3n de los dos camaristas que invalidaron la detenci\u00f3n de Julio Segundo Chocolate Rigau, el puntero del PJ","og_url":"https:\/\/elcanillita.info\/press\/2023\/09\/22\/embarrados\/","og_site_name":"ElCanillita.Info","article_publisher":"https:\/\/ar-ar.facebook.com\/ElCanillitainfo-114249515285712\/","article_published_time":"2023-09-23T02:34:00+00:00","article_modified_time":"2023-09-23T18:44:46+00:00","og_image":[{"width":600,"height":400,"url":"https:\/\/elcanillita.info\/press\/images\/2022\/07\/kricover.jpg","type":"image\/jpeg"}],"author":"SalaStampa.eu, world press service","twitter_card":"summary_large_image","twitter_misc":{"Escrito por":"SalaStampa.eu, world press service","Tiempo de lectura":"5 minutos"},"schema":{"@context":"https:\/\/schema.org","@graph":[{"@type":"Article","@id":"https:\/\/elcanillita.info\/press\/2023\/09\/22\/embarrados\/#article","isPartOf":{"@id":"https:\/\/elcanillita.info\/press\/2023\/09\/22\/embarrados\/"},"author":{"name":"SalaStampa.eu, world press service","@id":"https:\/\/elcanillita.info\/press\/#\/schema\/person\/7fcb79f38045700919f7da6d97e71ba0"},"headline":"Embarrados","datePublished":"2023-09-23T02:34:00+00:00","dateModified":"2023-09-23T18:44:46+00:00","mainEntityOfPage":{"@id":"https:\/\/elcanillita.info\/press\/2023\/09\/22\/embarrados\/"},"wordCount":1134,"publisher":{"@id":"https:\/\/elcanillita.info\/press\/#organization"},"image":{"@id":"https:\/\/elcanillita.info\/press\/2023\/09\/22\/embarrados\/#primaryimage"},"thumbnailUrl":"https:\/\/elcanillita.info\/press\/images\/2022\/07\/kricover.jpg","keywords":["Argentina"],"articleSection":["Actualidad","Am\u00e9rica del Sur","Corrupci\u00f3n","Politica"],"inLanguage":"es-AR"},{"@type":"WebPage","@id":"https:\/\/elcanillita.info\/press\/2023\/09\/22\/embarrados\/","url":"https:\/\/elcanillita.info\/press\/2023\/09\/22\/embarrados\/","name":"Embarrados - ElCanillita.Info","isPartOf":{"@id":"https:\/\/elcanillita.info\/press\/#website"},"primaryImageOfPage":{"@id":"https:\/\/elcanillita.info\/press\/2023\/09\/22\/embarrados\/#primaryimage"},"image":{"@id":"https:\/\/elcanillita.info\/press\/2023\/09\/22\/embarrados\/#primaryimage"},"thumbnailUrl":"https:\/\/elcanillita.info\/press\/images\/2022\/07\/kricover.jpg","datePublished":"2023-09-23T02:34:00+00:00","dateModified":"2023-09-23T18:44:46+00:00","description":"Vergonzosa actuaci\u00f3n de los dos camaristas que invalidaron la detenci\u00f3n de Julio Segundo Chocolate Rigau, el puntero del PJ","inLanguage":"es-AR","potentialAction":[{"@type":"ReadAction","target":["https:\/\/elcanillita.info\/press\/2023\/09\/22\/embarrados\/"]}]},{"@type":"ImageObject","inLanguage":"es-AR","@id":"https:\/\/elcanillita.info\/press\/2023\/09\/22\/embarrados\/#primaryimage","url":"https:\/\/elcanillita.info\/press\/images\/2022\/07\/kricover.jpg","contentUrl":"https:\/\/elcanillita.info\/press\/images\/2022\/07\/kricover.jpg","width":600,"height":400},{"@type":"WebSite","@id":"https:\/\/elcanillita.info\/press\/#website","url":"https:\/\/elcanillita.info\/press\/","name":"ElCanillita.Info","description":"desde los Apeninos a los Andes","publisher":{"@id":"https:\/\/elcanillita.info\/press\/#organization"},"potentialAction":[{"@type":"SearchAction","target":{"@type":"EntryPoint","urlTemplate":"https:\/\/elcanillita.info\/press\/?s={search_term_string}"},"query-input":{"@type":"PropertyValueSpecification","valueRequired":true,"valueName":"search_term_string"}}],"inLanguage":"es-AR"},{"@type":"Organization","@id":"https:\/\/elcanillita.info\/press\/#organization","name":"Guzzo Photos & Graphic Publications","url":"https:\/\/elcanillita.info\/press\/","logo":{"@type":"ImageObject","inLanguage":"es-AR","@id":"https:\/\/elcanillita.info\/press\/#\/schema\/logo\/image\/","url":"https:\/\/elcanillita.info\/press\/images\/2020\/01\/cropped-cropped-cropped-elcanillitainfo.png","contentUrl":"https:\/\/elcanillita.info\/press\/images\/2020\/01\/cropped-cropped-cropped-elcanillitainfo.png","width":460,"height":50,"caption":"Guzzo Photos & Graphic Publications"},"image":{"@id":"https:\/\/elcanillita.info\/press\/#\/schema\/logo\/image\/"},"sameAs":["https:\/\/ar-ar.facebook.com\/ElCanillitainfo-114249515285712\/"]},{"@type":"Person","@id":"https:\/\/elcanillita.info\/press\/#\/schema\/person\/7fcb79f38045700919f7da6d97e71ba0","name":"SalaStampa.eu, world press service","image":{"@type":"ImageObject","inLanguage":"es-AR","@id":"https:\/\/secure.gravatar.com\/avatar\/c2f0e0d515a107624234994507816ca4724c7199cef73fc8bedebf6931d73888?s=96&d=mm&r=g","url":"https:\/\/secure.gravatar.com\/avatar\/c2f0e0d515a107624234994507816ca4724c7199cef73fc8bedebf6931d73888?s=96&d=mm&r=g","contentUrl":"https:\/\/secure.gravatar.com\/avatar\/c2f0e0d515a107624234994507816ca4724c7199cef73fc8bedebf6931d73888?s=96&d=mm&r=g","caption":"SalaStampa.eu, world press service"}}]}},"views":385,"_links":{"self":[{"href":"https:\/\/elcanillita.info\/press\/wp-json\/wp\/v2\/posts\/3758","targetHints":{"allow":["GET"]}}],"collection":[{"href":"https:\/\/elcanillita.info\/press\/wp-json\/wp\/v2\/posts"}],"about":[{"href":"https:\/\/elcanillita.info\/press\/wp-json\/wp\/v2\/types\/post"}],"author":[{"embeddable":true,"href":"https:\/\/elcanillita.info\/press\/wp-json\/wp\/v2\/users\/1"}],"replies":[{"embeddable":true,"href":"https:\/\/elcanillita.info\/press\/wp-json\/wp\/v2\/comments?post=3758"}],"version-history":[{"count":0,"href":"https:\/\/elcanillita.info\/press\/wp-json\/wp\/v2\/posts\/3758\/revisions"}],"wp:featuredmedia":[{"embeddable":true,"href":"https:\/\/elcanillita.info\/press\/wp-json\/wp\/v2\/media\/2536"}],"wp:attachment":[{"href":"https:\/\/elcanillita.info\/press\/wp-json\/wp\/v2\/media?parent=3758"}],"wp:term":[{"taxonomy":"category","embeddable":true,"href":"https:\/\/elcanillita.info\/press\/wp-json\/wp\/v2\/categories?post=3758"},{"taxonomy":"post_tag","embeddable":true,"href":"https:\/\/elcanillita.info\/press\/wp-json\/wp\/v2\/tags?post=3758"}],"curies":[{"name":"wp","href":"https:\/\/api.w.org\/{rel}","templated":true}]}}