{"id":3755,"date":"2023-09-18T16:32:55","date_gmt":"2023-09-18T19:32:55","guid":{"rendered":"https:\/\/elcanillita.info\/press\/?p=3755"},"modified":"2023-09-18T17:02:56","modified_gmt":"2023-09-18T20:02:56","slug":"bien-por-el-neo-gobernador-del-chaco-leandro-zdero","status":"publish","type":"post","link":"https:\/\/elcanillita.info\/press\/2023\/09\/18\/bien-por-el-neo-gobernador-del-chaco-leandro-zdero\/","title":{"rendered":"Bien por el neo gobernador del Chaco Leandro Zdero"},"content":{"rendered":"\n<figure class=\"wp-block-image size-full\"><img loading=\"lazy\" decoding=\"async\" width=\"600\" height=\"513\" src=\"https:\/\/elcanillita.info\/press\/images\/2023\/09\/Leandro_2_20230918.jpg\" alt=\"\" class=\"wp-image-3756\" srcset=\"https:\/\/elcanillita.info\/press\/images\/2023\/09\/Leandro_2_20230918.jpg 600w, https:\/\/elcanillita.info\/press\/images\/2023\/09\/Leandro_2_20230918-300x257.jpg 300w\" sizes=\"auto, (max-width: 600px) 100vw, 600px\" \/><\/figure>\n\n\n\n<p><strong>ElCanillita.info,  18\/09\/2023<\/strong><br>Omert\u00e0 es una variante lexical napolitana de humildad, de la &#8216;sociedad de la humildad&#8217;, nombre con el que tambi\u00e9n se conoc\u00eda a la camorra, debido a que sus afiliados deb\u00edan someterse a un jefe y a ciertas leyes. &#8211; Originalmente, costumbre vigente en los bajos fondos del sur de Italia (mafia, camorra), tambi\u00e9n conocida como ley del silencio, seg\u00fan la cual hab\u00eda que guardar silencio sobre el nombre del autor de un delito para que no le afectaran las leyes del Estado, sino s\u00f3lo la venganza del ofendido.<br><br> Gen\u00e9ricamente, en el uso actual, es &#8220;la solidaridad&#8221; destinada a ocultar la identidad del autor de un crimen y, en un sentido a\u00fan m\u00e1s amplio, aquella solidaridad que, dictada por intereses pr\u00e1cticos o de una facci\u00f3n (o impuesta por el miedo a las represalias), consiste en abstenerse deliberadamente de acusaciones, denuncias, testimonios, o incluso de cualquier juicio hacia una determinada persona o situaci\u00f3n: &#8220;todo el mundo lo sab\u00eda, pero nadie se atrev\u00eda a romper el muro de silencio&#8221;\u2026 \u00bfles suena?<\/p>\n\n\n\n<p>Pero \u00e9sta actividad humana odiosa: Fingir no ver, no o\u00edr, decidir conscientemente no hablar, significa ante todo traicionarse a uno mismo, a los dem\u00e1s y a la legalidad. Quien calla, quien finge no ver y no o\u00edr, niega su propia conciencia y la verdad com\u00fan que salvaguarda la convivencia.<\/p>\n\n\n\n<p>En la definici\u00f3n de &#8220;omert\u00e0&#8221; lo que m\u00e1s llama la atenci\u00f3n y necesario destacar es la asociaci\u00f3n al t\u00e9rmino solidaridad. Y en tal caso la palabra solidaridad debe entenderse en su acepci\u00f3n m\u00e1s negativa, porque la sola idea de asociar la ley del silencio (omert\u00e0) al de solidaridad desconcierta.<\/p>\n\n\n\n<p>Callar para ayudar a los que cometen el mal,  no es solidaridad, sino complicidad. Toda sociedad civilizada se rige por leyes, normas \u00e9ticas, principios morales, costumbres, tradiciones, innovaciones. En particular, los c\u00e1nones \u00e9ticos aprendidos desde los primeros d\u00edas de vida, a trav\u00e9s de la familia, la escuela y el entorno, son la base de nuestra pertenencia a la sociedad.<\/p>\n\n\n\n<p>Tales preceptos motivan nuestro comportamiento y, en consecuencia, el de la comunidad a la que pertenecemos. Cuando la norma que clasifica al individuo como \u00fanico responsable de sus actos decae, las acciones negativas del individuo contagian a la comunidad.<\/p>\n\n\n\n<p>La legalidad y adaptaci\u00f3n de un individuo a las normas de comportamiento social, nacen y se desarrollan en el seno de la familia, en contextos educativos, escuelas, grupos. La &#8220;ley del silencio&#8221;(omert\u00e0) es como un veneno que se cuela en la existencia individual y social, aniquilando, d\u00eda a d\u00eda, el impulso vital del individuo y del cuerpo social en el que est\u00e1 inserta.<\/p>\n\n\n\n<p>Dicho \u00e9sto, es importante poder ver hoy , como un pol\u00edtico peronista como es Jorge Capitanich exgobernador del Chaco, no ha tenido en cuenta un precepto negativo, propio de su lider: &#8220;Cuando los pueblos agotan su paciencia, hacen tronar el escarmiento&#8221;.<\/p>\n\n\n\n<p>Bien por el neo gobernador del Chaco Leandro Zdero, auguremos que su triunfo rompa el silencio de la corrupci\u00f3n (omert\u00e0) que gobierna a la Argentina.<br><br><small>Copyright \u00a9 2023 ElCanillita.info \/ BlogDiario.info &#8211; Ruben Guzzo &#8211; SalaStampa.Eu, servicio mundial de prensa<\/small><\/p>\n","protected":false},"excerpt":{"rendered":"<p>Es importante ver hoy , como un pol\u00edtico peronista como es Jorge Capitanich  no ha tenido en cuenta un precepto de su lider.<\/p>\n","protected":false},"author":1,"featured_media":3756,"comment_status":"closed","ping_status":"closed","sticky":false,"template":"","format":"standard","meta":{"footnotes":"","_links_to":"","_links_to_target":""},"categories":[108,121,70,11,23],"tags":[29],"class_list":["post-3755","post","type-post","status-publish","format-standard","has-post-thumbnail","hentry","category-blogdiario","category-dc24","category-actualidad","category-america-del-sur","category-politica","tag-argentina","entry","double"],"yoast_head":"<!-- This site is optimized with the Yoast SEO plugin v27.4 - https:\/\/yoast.com\/product\/yoast-seo-wordpress\/ -->\n<title>Bien por el neo gobernador del Chaco Leandro Zdero - ElCanillita.Info<\/title>\n<meta name=\"description\" content=\"Es importante ver hoy , como un pol\u00edtico peronista como es Jorge Capitanich no ha tenido en cuenta un precepto de su lider.\" \/>\n<meta name=\"robots\" content=\"index, follow, max-snippet:-1, max-image-preview:large, max-video-preview:-1\" \/>\n<link rel=\"canonical\" href=\"https:\/\/elcanillita.info\/press\/2023\/09\/18\/bien-por-el-neo-gobernador-del-chaco-leandro-zdero\/\" \/>\n<meta property=\"og:locale\" content=\"es_ES\" \/>\n<meta property=\"og:type\" content=\"article\" \/>\n<meta property=\"og:title\" content=\"Bien por el neo gobernador del Chaco Leandro Zdero - ElCanillita.Info\" \/>\n<meta property=\"og:description\" content=\"Es importante ver hoy , como un pol\u00edtico peronista como es Jorge Capitanich no ha tenido en cuenta un precepto de su lider.\" \/>\n<meta property=\"og:url\" content=\"https:\/\/elcanillita.info\/press\/2023\/09\/18\/bien-por-el-neo-gobernador-del-chaco-leandro-zdero\/\" \/>\n<meta property=\"og:site_name\" content=\"ElCanillita.Info\" \/>\n<meta property=\"article:publisher\" content=\"https:\/\/ar-ar.facebook.com\/ElCanillitainfo-114249515285712\/\" \/>\n<meta property=\"article:published_time\" content=\"2023-09-18T19:32:55+00:00\" \/>\n<meta property=\"article:modified_time\" content=\"2023-09-18T20:02:56+00:00\" \/>\n<meta property=\"og:image\" content=\"https:\/\/elcanillita.info\/press\/images\/2023\/09\/Leandro_2_20230918.jpg\" \/>\n\t<meta property=\"og:image:width\" content=\"600\" \/>\n\t<meta property=\"og:image:height\" content=\"513\" \/>\n\t<meta property=\"og:image:type\" content=\"image\/jpeg\" \/>\n<meta name=\"author\" content=\"SalaStampa.eu, world press service\" \/>\n<meta name=\"twitter:card\" content=\"summary_large_image\" \/>\n<meta name=\"twitter:label1\" content=\"Escrito por\" \/>\n\t<meta name=\"twitter:data1\" content=\"SalaStampa.eu, world press service\" \/>\n\t<meta name=\"twitter:label2\" content=\"Tiempo de lectura\" \/>\n\t<meta name=\"twitter:data2\" content=\"3 minutos\" \/>\n<script type=\"application\/ld+json\" class=\"yoast-schema-graph\">{\"@context\":\"https:\\\/\\\/schema.org\",\"@graph\":[{\"@type\":\"Article\",\"@id\":\"https:\\\/\\\/elcanillita.info\\\/press\\\/2023\\\/09\\\/18\\\/bien-por-el-neo-gobernador-del-chaco-leandro-zdero\\\/#article\",\"isPartOf\":{\"@id\":\"https:\\\/\\\/elcanillita.info\\\/press\\\/2023\\\/09\\\/18\\\/bien-por-el-neo-gobernador-del-chaco-leandro-zdero\\\/\"},\"author\":{\"name\":\"SalaStampa.eu, world press service\",\"@id\":\"https:\\\/\\\/elcanillita.info\\\/press\\\/#\\\/schema\\\/person\\\/7fcb79f38045700919f7da6d97e71ba0\"},\"headline\":\"Bien por el neo gobernador del Chaco Leandro Zdero\",\"datePublished\":\"2023-09-18T19:32:55+00:00\",\"dateModified\":\"2023-09-18T20:02:56+00:00\",\"mainEntityOfPage\":{\"@id\":\"https:\\\/\\\/elcanillita.info\\\/press\\\/2023\\\/09\\\/18\\\/bien-por-el-neo-gobernador-del-chaco-leandro-zdero\\\/\"},\"wordCount\":553,\"publisher\":{\"@id\":\"https:\\\/\\\/elcanillita.info\\\/press\\\/#organization\"},\"image\":{\"@id\":\"https:\\\/\\\/elcanillita.info\\\/press\\\/2023\\\/09\\\/18\\\/bien-por-el-neo-gobernador-del-chaco-leandro-zdero\\\/#primaryimage\"},\"thumbnailUrl\":\"https:\\\/\\\/elcanillita.info\\\/press\\\/images\\\/2023\\\/09\\\/Leandro_2_20230918.jpg\",\"keywords\":[\"Argentina\"],\"articleSection\":[\".\",\".\",\"Actualidad\",\"Am\u00e9rica del Sur\",\"Politica\"],\"inLanguage\":\"es-AR\"},{\"@type\":\"WebPage\",\"@id\":\"https:\\\/\\\/elcanillita.info\\\/press\\\/2023\\\/09\\\/18\\\/bien-por-el-neo-gobernador-del-chaco-leandro-zdero\\\/\",\"url\":\"https:\\\/\\\/elcanillita.info\\\/press\\\/2023\\\/09\\\/18\\\/bien-por-el-neo-gobernador-del-chaco-leandro-zdero\\\/\",\"name\":\"Bien por el neo gobernador del Chaco Leandro Zdero - ElCanillita.Info\",\"isPartOf\":{\"@id\":\"https:\\\/\\\/elcanillita.info\\\/press\\\/#website\"},\"primaryImageOfPage\":{\"@id\":\"https:\\\/\\\/elcanillita.info\\\/press\\\/2023\\\/09\\\/18\\\/bien-por-el-neo-gobernador-del-chaco-leandro-zdero\\\/#primaryimage\"},\"image\":{\"@id\":\"https:\\\/\\\/elcanillita.info\\\/press\\\/2023\\\/09\\\/18\\\/bien-por-el-neo-gobernador-del-chaco-leandro-zdero\\\/#primaryimage\"},\"thumbnailUrl\":\"https:\\\/\\\/elcanillita.info\\\/press\\\/images\\\/2023\\\/09\\\/Leandro_2_20230918.jpg\",\"datePublished\":\"2023-09-18T19:32:55+00:00\",\"dateModified\":\"2023-09-18T20:02:56+00:00\",\"description\":\"Es importante ver hoy , como un pol\u00edtico peronista como es Jorge Capitanich no ha tenido en cuenta un precepto de su lider.\",\"inLanguage\":\"es-AR\",\"potentialAction\":[{\"@type\":\"ReadAction\",\"target\":[\"https:\\\/\\\/elcanillita.info\\\/press\\\/2023\\\/09\\\/18\\\/bien-por-el-neo-gobernador-del-chaco-leandro-zdero\\\/\"]}]},{\"@type\":\"ImageObject\",\"inLanguage\":\"es-AR\",\"@id\":\"https:\\\/\\\/elcanillita.info\\\/press\\\/2023\\\/09\\\/18\\\/bien-por-el-neo-gobernador-del-chaco-leandro-zdero\\\/#primaryimage\",\"url\":\"https:\\\/\\\/elcanillita.info\\\/press\\\/images\\\/2023\\\/09\\\/Leandro_2_20230918.jpg\",\"contentUrl\":\"https:\\\/\\\/elcanillita.info\\\/press\\\/images\\\/2023\\\/09\\\/Leandro_2_20230918.jpg\",\"width\":600,\"height\":513},{\"@type\":\"WebSite\",\"@id\":\"https:\\\/\\\/elcanillita.info\\\/press\\\/#website\",\"url\":\"https:\\\/\\\/elcanillita.info\\\/press\\\/\",\"name\":\"ElCanillita.Info\",\"description\":\"desde los Apeninos a los Andes\",\"publisher\":{\"@id\":\"https:\\\/\\\/elcanillita.info\\\/press\\\/#organization\"},\"potentialAction\":[{\"@type\":\"SearchAction\",\"target\":{\"@type\":\"EntryPoint\",\"urlTemplate\":\"https:\\\/\\\/elcanillita.info\\\/press\\\/?s={search_term_string}\"},\"query-input\":{\"@type\":\"PropertyValueSpecification\",\"valueRequired\":true,\"valueName\":\"search_term_string\"}}],\"inLanguage\":\"es-AR\"},{\"@type\":\"Organization\",\"@id\":\"https:\\\/\\\/elcanillita.info\\\/press\\\/#organization\",\"name\":\"Guzzo Photos & Graphic Publications\",\"url\":\"https:\\\/\\\/elcanillita.info\\\/press\\\/\",\"logo\":{\"@type\":\"ImageObject\",\"inLanguage\":\"es-AR\",\"@id\":\"https:\\\/\\\/elcanillita.info\\\/press\\\/#\\\/schema\\\/logo\\\/image\\\/\",\"url\":\"https:\\\/\\\/elcanillita.info\\\/press\\\/images\\\/2020\\\/01\\\/cropped-cropped-cropped-elcanillitainfo.png\",\"contentUrl\":\"https:\\\/\\\/elcanillita.info\\\/press\\\/images\\\/2020\\\/01\\\/cropped-cropped-cropped-elcanillitainfo.png\",\"width\":460,\"height\":50,\"caption\":\"Guzzo Photos & Graphic Publications\"},\"image\":{\"@id\":\"https:\\\/\\\/elcanillita.info\\\/press\\\/#\\\/schema\\\/logo\\\/image\\\/\"},\"sameAs\":[\"https:\\\/\\\/ar-ar.facebook.com\\\/ElCanillitainfo-114249515285712\\\/\"]},{\"@type\":\"Person\",\"@id\":\"https:\\\/\\\/elcanillita.info\\\/press\\\/#\\\/schema\\\/person\\\/7fcb79f38045700919f7da6d97e71ba0\",\"name\":\"SalaStampa.eu, world press service\",\"image\":{\"@type\":\"ImageObject\",\"inLanguage\":\"es-AR\",\"@id\":\"https:\\\/\\\/secure.gravatar.com\\\/avatar\\\/c2f0e0d515a107624234994507816ca4724c7199cef73fc8bedebf6931d73888?s=96&d=mm&r=g\",\"url\":\"https:\\\/\\\/secure.gravatar.com\\\/avatar\\\/c2f0e0d515a107624234994507816ca4724c7199cef73fc8bedebf6931d73888?s=96&d=mm&r=g\",\"contentUrl\":\"https:\\\/\\\/secure.gravatar.com\\\/avatar\\\/c2f0e0d515a107624234994507816ca4724c7199cef73fc8bedebf6931d73888?s=96&d=mm&r=g\",\"caption\":\"SalaStampa.eu, world press service\"}}]}<\/script>\n<!-- \/ Yoast SEO plugin. -->","yoast_head_json":{"title":"Bien por el neo gobernador del Chaco Leandro Zdero - ElCanillita.Info","description":"Es importante ver hoy , como un pol\u00edtico peronista como es Jorge Capitanich no ha tenido en cuenta un precepto de su lider.","robots":{"index":"index","follow":"follow","max-snippet":"max-snippet:-1","max-image-preview":"max-image-preview:large","max-video-preview":"max-video-preview:-1"},"canonical":"https:\/\/elcanillita.info\/press\/2023\/09\/18\/bien-por-el-neo-gobernador-del-chaco-leandro-zdero\/","og_locale":"es_ES","og_type":"article","og_title":"Bien por el neo gobernador del Chaco Leandro Zdero - ElCanillita.Info","og_description":"Es importante ver hoy , como un pol\u00edtico peronista como es Jorge Capitanich no ha tenido en cuenta un precepto de su lider.","og_url":"https:\/\/elcanillita.info\/press\/2023\/09\/18\/bien-por-el-neo-gobernador-del-chaco-leandro-zdero\/","og_site_name":"ElCanillita.Info","article_publisher":"https:\/\/ar-ar.facebook.com\/ElCanillitainfo-114249515285712\/","article_published_time":"2023-09-18T19:32:55+00:00","article_modified_time":"2023-09-18T20:02:56+00:00","og_image":[{"width":600,"height":513,"url":"https:\/\/elcanillita.info\/press\/images\/2023\/09\/Leandro_2_20230918.jpg","type":"image\/jpeg"}],"author":"SalaStampa.eu, world press service","twitter_card":"summary_large_image","twitter_misc":{"Escrito por":"SalaStampa.eu, world press service","Tiempo de lectura":"3 minutos"},"schema":{"@context":"https:\/\/schema.org","@graph":[{"@type":"Article","@id":"https:\/\/elcanillita.info\/press\/2023\/09\/18\/bien-por-el-neo-gobernador-del-chaco-leandro-zdero\/#article","isPartOf":{"@id":"https:\/\/elcanillita.info\/press\/2023\/09\/18\/bien-por-el-neo-gobernador-del-chaco-leandro-zdero\/"},"author":{"name":"SalaStampa.eu, world press service","@id":"https:\/\/elcanillita.info\/press\/#\/schema\/person\/7fcb79f38045700919f7da6d97e71ba0"},"headline":"Bien por el neo gobernador del Chaco Leandro Zdero","datePublished":"2023-09-18T19:32:55+00:00","dateModified":"2023-09-18T20:02:56+00:00","mainEntityOfPage":{"@id":"https:\/\/elcanillita.info\/press\/2023\/09\/18\/bien-por-el-neo-gobernador-del-chaco-leandro-zdero\/"},"wordCount":553,"publisher":{"@id":"https:\/\/elcanillita.info\/press\/#organization"},"image":{"@id":"https:\/\/elcanillita.info\/press\/2023\/09\/18\/bien-por-el-neo-gobernador-del-chaco-leandro-zdero\/#primaryimage"},"thumbnailUrl":"https:\/\/elcanillita.info\/press\/images\/2023\/09\/Leandro_2_20230918.jpg","keywords":["Argentina"],"articleSection":[".",".","Actualidad","Am\u00e9rica del Sur","Politica"],"inLanguage":"es-AR"},{"@type":"WebPage","@id":"https:\/\/elcanillita.info\/press\/2023\/09\/18\/bien-por-el-neo-gobernador-del-chaco-leandro-zdero\/","url":"https:\/\/elcanillita.info\/press\/2023\/09\/18\/bien-por-el-neo-gobernador-del-chaco-leandro-zdero\/","name":"Bien por el neo gobernador del Chaco Leandro Zdero - ElCanillita.Info","isPartOf":{"@id":"https:\/\/elcanillita.info\/press\/#website"},"primaryImageOfPage":{"@id":"https:\/\/elcanillita.info\/press\/2023\/09\/18\/bien-por-el-neo-gobernador-del-chaco-leandro-zdero\/#primaryimage"},"image":{"@id":"https:\/\/elcanillita.info\/press\/2023\/09\/18\/bien-por-el-neo-gobernador-del-chaco-leandro-zdero\/#primaryimage"},"thumbnailUrl":"https:\/\/elcanillita.info\/press\/images\/2023\/09\/Leandro_2_20230918.jpg","datePublished":"2023-09-18T19:32:55+00:00","dateModified":"2023-09-18T20:02:56+00:00","description":"Es importante ver hoy , como un pol\u00edtico peronista como es Jorge Capitanich no ha tenido en cuenta un precepto de su lider.","inLanguage":"es-AR","potentialAction":[{"@type":"ReadAction","target":["https:\/\/elcanillita.info\/press\/2023\/09\/18\/bien-por-el-neo-gobernador-del-chaco-leandro-zdero\/"]}]},{"@type":"ImageObject","inLanguage":"es-AR","@id":"https:\/\/elcanillita.info\/press\/2023\/09\/18\/bien-por-el-neo-gobernador-del-chaco-leandro-zdero\/#primaryimage","url":"https:\/\/elcanillita.info\/press\/images\/2023\/09\/Leandro_2_20230918.jpg","contentUrl":"https:\/\/elcanillita.info\/press\/images\/2023\/09\/Leandro_2_20230918.jpg","width":600,"height":513},{"@type":"WebSite","@id":"https:\/\/elcanillita.info\/press\/#website","url":"https:\/\/elcanillita.info\/press\/","name":"ElCanillita.Info","description":"desde los Apeninos a los Andes","publisher":{"@id":"https:\/\/elcanillita.info\/press\/#organization"},"potentialAction":[{"@type":"SearchAction","target":{"@type":"EntryPoint","urlTemplate":"https:\/\/elcanillita.info\/press\/?s={search_term_string}"},"query-input":{"@type":"PropertyValueSpecification","valueRequired":true,"valueName":"search_term_string"}}],"inLanguage":"es-AR"},{"@type":"Organization","@id":"https:\/\/elcanillita.info\/press\/#organization","name":"Guzzo Photos & Graphic Publications","url":"https:\/\/elcanillita.info\/press\/","logo":{"@type":"ImageObject","inLanguage":"es-AR","@id":"https:\/\/elcanillita.info\/press\/#\/schema\/logo\/image\/","url":"https:\/\/elcanillita.info\/press\/images\/2020\/01\/cropped-cropped-cropped-elcanillitainfo.png","contentUrl":"https:\/\/elcanillita.info\/press\/images\/2020\/01\/cropped-cropped-cropped-elcanillitainfo.png","width":460,"height":50,"caption":"Guzzo Photos & Graphic Publications"},"image":{"@id":"https:\/\/elcanillita.info\/press\/#\/schema\/logo\/image\/"},"sameAs":["https:\/\/ar-ar.facebook.com\/ElCanillitainfo-114249515285712\/"]},{"@type":"Person","@id":"https:\/\/elcanillita.info\/press\/#\/schema\/person\/7fcb79f38045700919f7da6d97e71ba0","name":"SalaStampa.eu, world press service","image":{"@type":"ImageObject","inLanguage":"es-AR","@id":"https:\/\/secure.gravatar.com\/avatar\/c2f0e0d515a107624234994507816ca4724c7199cef73fc8bedebf6931d73888?s=96&d=mm&r=g","url":"https:\/\/secure.gravatar.com\/avatar\/c2f0e0d515a107624234994507816ca4724c7199cef73fc8bedebf6931d73888?s=96&d=mm&r=g","contentUrl":"https:\/\/secure.gravatar.com\/avatar\/c2f0e0d515a107624234994507816ca4724c7199cef73fc8bedebf6931d73888?s=96&d=mm&r=g","caption":"SalaStampa.eu, world press service"}}]}},"views":345,"_links":{"self":[{"href":"https:\/\/elcanillita.info\/press\/wp-json\/wp\/v2\/posts\/3755","targetHints":{"allow":["GET"]}}],"collection":[{"href":"https:\/\/elcanillita.info\/press\/wp-json\/wp\/v2\/posts"}],"about":[{"href":"https:\/\/elcanillita.info\/press\/wp-json\/wp\/v2\/types\/post"}],"author":[{"embeddable":true,"href":"https:\/\/elcanillita.info\/press\/wp-json\/wp\/v2\/users\/1"}],"replies":[{"embeddable":true,"href":"https:\/\/elcanillita.info\/press\/wp-json\/wp\/v2\/comments?post=3755"}],"version-history":[{"count":0,"href":"https:\/\/elcanillita.info\/press\/wp-json\/wp\/v2\/posts\/3755\/revisions"}],"wp:featuredmedia":[{"embeddable":true,"href":"https:\/\/elcanillita.info\/press\/wp-json\/wp\/v2\/media\/3756"}],"wp:attachment":[{"href":"https:\/\/elcanillita.info\/press\/wp-json\/wp\/v2\/media?parent=3755"}],"wp:term":[{"taxonomy":"category","embeddable":true,"href":"https:\/\/elcanillita.info\/press\/wp-json\/wp\/v2\/categories?post=3755"},{"taxonomy":"post_tag","embeddable":true,"href":"https:\/\/elcanillita.info\/press\/wp-json\/wp\/v2\/tags?post=3755"}],"curies":[{"name":"wp","href":"https:\/\/api.w.org\/{rel}","templated":true}]}}