{"id":3748,"date":"2023-09-15T20:19:31","date_gmt":"2023-09-15T23:19:31","guid":{"rendered":"https:\/\/elcanillita.info\/press\/?p=3748"},"modified":"2023-09-15T23:27:50","modified_gmt":"2023-09-16T02:27:50","slug":"queme-los-libros","status":"publish","type":"post","link":"https:\/\/elcanillita.info\/press\/2023\/09\/15\/queme-los-libros\/","title":{"rendered":"\u00a1Quem\u00e9 los libros!"},"content":{"rendered":"\n<figure class=\"wp-block-image size-full\"><img loading=\"lazy\" decoding=\"async\" width=\"600\" height=\"300\" src=\"https:\/\/elcanillita.info\/press\/images\/2023\/04\/massa_20230423.jpg\" alt=\"\" class=\"wp-image-3480\" srcset=\"https:\/\/elcanillita.info\/press\/images\/2023\/04\/massa_20230423.jpg 600w, https:\/\/elcanillita.info\/press\/images\/2023\/04\/massa_20230423-300x150.jpg 300w\" sizes=\"auto, (max-width: 600px) 100vw, 600px\" \/><\/figure>\n\n\n\n<p><strong>por Enrique Guillermo Avogadro<\/strong><strong><\/strong><\/p>\n\n\n\n<p><em><small>\u201cUn est\u00fapido es un est\u00fapido. <\/small><br><small>Dos est\u00fapidos son dos est\u00fapidos. <\/small><br><small>Diez mil est\u00fapidos son una fuerza hist\u00f3rica\u201d. <\/small><br><small> Leo Longanesi<\/small><\/em><br><br><strong>Buenos Aires, 16\/09\/2023<\/strong><\/p>\n\n\n\n<p>Transform\u00e9 en cenizas los primeros vol\u00famenes de ciencias pol\u00edticas cuando aparecieron l\u00edderes que ten\u00edan \u00e9xito electoral, en la regi\u00f3n y en el resto del mundo, a pesar de sus propuestas tan disruptivas y hasta autoritarias. Por ello, recib\u00ed con calma la vertiginosa irrupci\u00f3n de Javier Milei en nuestro escenario pol\u00edtico. Pero el fuego tom\u00f3 nuevo impulso cuando arroj\u00e9 m\u00e1s libros al observar, at\u00f3nito, como una alianza de partidos (Juntos por el Cambio), que ten\u00eda asegurado su triunfo hace pocos meses, decidi\u00f3 privilegiar una salvaje confrontaci\u00f3n entre sus propios candidatos y poner as\u00ed en serio riesgo la probabilidad de consagrar a uno de ellos en octubre.<\/p>\n\n\n\n<p>Pero el mi\u00e9rcoles volv\u00ed a arrojar much\u00edsimos a la chimenea cuando nuestro pa\u00eds ingres\u00f3, resignadamente, al pabell\u00f3n psiqui\u00e1trico global: \u00a1el Gobierno en pleno, encabezado por el propio Meme Presidente, hizo una huelga contra la oposici\u00f3n! Aqu\u00ed ese acto realmente fascista, convocado para intentar la misi\u00f3n imposible de acercar votos al candidato oficialista, no llam\u00f3 la atenci\u00f3n porque, el d\u00eda anterior, la eternizada c\u00fapula de la CGT, acompa\u00f1ada por M\u00e1ximo Kirchner y otros l\u00edderes kirchneristas, que tan ominoso silencio ha guardado durante los \u00faltimos cuatro a\u00f1os mientras la inflaci\u00f3n se espiralizaba (12,4% mensual y 150% anual), la pobreza alcanzaba nuevos records (48%), el hambre campeaba y el poder adquisitivo de los salarios se derrumbaba, en especial en el caso de los trabajadores informales, concret\u00f3 una marcha a Plaza de Mayo para aplaudir al Ministro\/candidato, principal responsable de tama\u00f1a cat\u00e1strofe.<\/p>\n\n\n\n<p>Las estanter\u00edas que destin\u00e9 a los estudios electorales, conservan a\u00fan manuales que, presumo, podr\u00e9 conservar despu\u00e9s de octubre. Son aqu\u00e9llos que aseguran que, en esta desastrosa coyuntura socio-econ\u00f3mica, las chances de Sergio Massa de llegar a la Casa Rosada son por completo nulas, aunque siga, en su doble rol de Presidente de facto y candidato, endeud\u00e1ndonos (la deuda en Leliqs alcanza ya a la friolera de dos billones de pesos) y tirando pornogr\u00e1ficamente monta\u00f1as de papelitos sin valor, propios y ajenos, a la calle. Creo que \u00e9l mismo est\u00e1 convencido de que lo espera un negro futuro y, por eso, ha detonado un \u201cplan bomba\u201d cuyas consecuencias mediatas sabe que no deber\u00e1 afrontar; la irresponsabilidad con la que act\u00faa, debiera s\u00ed acarrearle derivaciones penales, aunque supongo que no suceder\u00e1.<\/p>\n\n\n\n<p><a href=\"https:\/\/elcanillita.info\/press\/2018\/07\/06\/cristinita-otros-us-5-000-mm\/\" target=\"_blank\" rel=\"noreferrer noopener\">En julio de 2018, escrib\u00ed una columna en la que denunci\u00e9 que, detr\u00e1s de los \u201cfondos buitre\u201d que acaban de obtener contra la Argentina una enorme sentencia \u2013\u00a1US$ 16.000 millones!- (o sea US$ 340 por cada habitante, aunque sea reci\u00e9n nacido, carezca de vivienda, de agua y cloacas, de salud y educaci\u00f3n o ni siquiera pueda alimentarse regularmente) estaban la propia Cristina Fern\u00e1ndez, actual Vicepresidente, y sus hijos.<\/a> El pr\u00f3ximo gobierno deber\u00eda impulsar la causa penal que investiga lo sucedido, que duerme desde hace a\u00f1os en el despacho del remol\u00f3n Juez Ariel Lijo. Quiz\u00e1s as\u00ed podr\u00edamos evitar, al menos, que una parte (US$ 4.800 millones, por el 30% del juicio que se reservaron los Eskenazy cuando le \u201cvendieron\u201d el derecho a Burford Capitals), vuelva a engordar los tan angurrientos bolsillos de los Kirchner o de sus testaferros, si \u00e9stos, como se dice en los mentideros, hubieran \u201cmexicaneado\u201d a la abogada exitosa tras la muerte de don N\u00e9stor.<\/p>\n\n\n\n<p><a href=\"https:\/\/www.lanacion.com.ar\/economia\/ypf-legisladores-votaron-favor-expropiacion-2012-nid2261068\/?gclid=Cj0KCQjwmICoBhDxARIsABXkXlK77ID6H3YMU9SML6zhD-aQdb4UgZExXoZNeN-ne9JD0WDAFWDWU6gaAlXxEALw_wcB\" target=\"_blank\" rel=\"noreferrer noopener\">El monumental desaguisado de la expropiaci\u00f3n se ejecut\u00f3 mientras ella se desempe\u00f1aba por segunda vez como Presidente y el subnormal Axel Kiciloff ejerc\u00eda como Viceministro de Econom\u00eda, y fue votado con algarab\u00eda por una gran mayor\u00eda de nuestros imb\u00e9ciles legisladores, muchos de los cuales no s\u00f3lo hab\u00edan festejado con vivas y risas el default de 2002, sino que a\u00fan siguen medrando en el H\u00b0 Aguantadero.<\/a> La presencia estelar de Carlos <em>Chino <\/em>Zannini, c\u00f3mplice necesario en el saqueo de los Kirchner, en todo el proceso (era Secretario Legal y T\u00e9cnico en 2012 y ahora es Procurador del Tesoro y, como tal, \u201ccasualmente\u201d responsable de la defensa de los intereses argentinos en el juicio de Nueva York), lo convirti\u00f3 en tragedia cuando desisti\u00f3 de cuestionar ante la Justicia espa\u00f1ola el negocio Eskenazy\/Burford por falsedad y corrupci\u00f3n, como s\u00ed hab\u00eda hecho Bernardo Saravia Fr\u00edas, su antecesor en el cargo durante la administraci\u00f3n macrista.<\/p>\n\n\n\n<p>La gesti\u00f3n de Kiciloff como responsable de la econom\u00eda cristinista, adem\u00e1s de esa monta\u00f1a de dinero, ya nos cost\u00f3 el pago a Repsol por US$ 10.000 millones (intereses inclu\u00eddos) y los nefastos acuerdos que firm\u00f3 con el Club de Paris, reconociendo hasta los intereses punitorios, que siempre son condonados al regularizar la situaci\u00f3n de la deuda. Esta misma semana, sin verg\u00fcenza, relacion\u00f3 el fallo con la campa\u00f1a electoral, diciendo que es parte de la lucha de los maquiav\u00e9licos poderes sin\u00e1rquicos contra las fuerzas \u201cnacionales y populares\u201d que, asegur\u00f3, encabeza Cristina Fern\u00e1ndez.<\/p>\n\n\n\n<p>En un pa\u00eds medianamente serio, despu\u00e9s de tantos desastres provocados por sus ruinosas gestiones, el <em>Aceitoso <\/em>y el <em>Chiquito<\/em>, no podr\u00edan siquiera estar en libertad; sin embargo, como Argentina es tan neciamente excepcional, no s\u00f3lo lo est\u00e1n sino que participar\u00e1n en las elecciones y, peor a\u00fan, es probable que este Gobernador tan delirante y costoso logre su reelecci\u00f3n; si fuera as\u00ed, obviamente motivar\u00e1 la grandiosa quema final de libros de mi biblioteca. Mientras tanto la oposici\u00f3n, en lugar de unificarse para echarlo a patadas de la Provincia de Buenos Aires, sigue demostrando que es f\u00e9rreamente ombliguista y suicida.<br><br><small>\u00a9 Copyright 2023 Enrique Guillermo Avogadro<br>\u00a9 2023 ElCanillita.info \/ SalaStampa.Eu, servicio mundial de prensa<\/small><\/p>\n","protected":false},"excerpt":{"rendered":"<p>En un pa\u00eds serio, despu\u00e9s de tantos desastres provocados por sus ruinosas gestiones, un ministro no podr\u00eda siquiera estar en libertad.<\/p>\n","protected":false},"author":1,"featured_media":3480,"comment_status":"closed","ping_status":"closed","sticky":false,"template":"","format":"standard","meta":{"footnotes":"","_links_to":"","_links_to_target":""},"categories":[108,121,70,11,118,23],"tags":[29],"class_list":["post-3748","post","type-post","status-publish","format-standard","has-post-thumbnail","hentry","category-blogdiario","category-dc24","category-actualidad","category-america-del-sur","category-corrupcion","category-politica","tag-argentina","entry","double"],"yoast_head":"<!-- This site is optimized with the Yoast SEO plugin v27.4 - https:\/\/yoast.com\/product\/yoast-seo-wordpress\/ -->\n<title>\u00a1Quem\u00e9 los libros! - ElCanillita.Info<\/title>\n<meta name=\"description\" content=\"En un pa\u00eds serio, despu\u00e9s de tantos desastres provocados por sus ruinosas gestiones, un ministro no podr\u00eda siquiera estar en libertad.\" \/>\n<meta name=\"robots\" content=\"index, follow, max-snippet:-1, max-image-preview:large, max-video-preview:-1\" \/>\n<link rel=\"canonical\" href=\"https:\/\/elcanillita.info\/press\/2023\/09\/15\/queme-los-libros\/\" \/>\n<meta property=\"og:locale\" content=\"es_ES\" \/>\n<meta property=\"og:type\" content=\"article\" \/>\n<meta property=\"og:title\" content=\"\u00a1Quem\u00e9 los libros! - ElCanillita.Info\" \/>\n<meta property=\"og:description\" content=\"En un pa\u00eds serio, despu\u00e9s de tantos desastres provocados por sus ruinosas gestiones, un ministro no podr\u00eda siquiera estar en libertad.\" \/>\n<meta property=\"og:url\" content=\"https:\/\/elcanillita.info\/press\/2023\/09\/15\/queme-los-libros\/\" \/>\n<meta property=\"og:site_name\" content=\"ElCanillita.Info\" \/>\n<meta property=\"article:publisher\" content=\"https:\/\/ar-ar.facebook.com\/ElCanillitainfo-114249515285712\/\" \/>\n<meta property=\"article:published_time\" content=\"2023-09-15T23:19:31+00:00\" \/>\n<meta property=\"article:modified_time\" content=\"2023-09-16T02:27:50+00:00\" \/>\n<meta property=\"og:image\" content=\"https:\/\/elcanillita.info\/press\/images\/2023\/04\/massa_20230423.jpg\" \/>\n\t<meta property=\"og:image:width\" content=\"600\" \/>\n\t<meta property=\"og:image:height\" content=\"300\" \/>\n\t<meta property=\"og:image:type\" content=\"image\/jpeg\" \/>\n<meta name=\"author\" content=\"SalaStampa.eu, world press service\" \/>\n<meta name=\"twitter:card\" content=\"summary_large_image\" \/>\n<meta name=\"twitter:label1\" content=\"Escrito por\" \/>\n\t<meta name=\"twitter:data1\" content=\"SalaStampa.eu, world press service\" \/>\n\t<meta name=\"twitter:label2\" content=\"Tiempo de lectura\" \/>\n\t<meta name=\"twitter:data2\" content=\"5 minutos\" \/>\n<script type=\"application\/ld+json\" class=\"yoast-schema-graph\">{\"@context\":\"https:\\\/\\\/schema.org\",\"@graph\":[{\"@type\":\"Article\",\"@id\":\"https:\\\/\\\/elcanillita.info\\\/press\\\/2023\\\/09\\\/15\\\/queme-los-libros\\\/#article\",\"isPartOf\":{\"@id\":\"https:\\\/\\\/elcanillita.info\\\/press\\\/2023\\\/09\\\/15\\\/queme-los-libros\\\/\"},\"author\":{\"name\":\"SalaStampa.eu, world press service\",\"@id\":\"https:\\\/\\\/elcanillita.info\\\/press\\\/#\\\/schema\\\/person\\\/7fcb79f38045700919f7da6d97e71ba0\"},\"headline\":\"\u00a1Quem\u00e9 los libros!\",\"datePublished\":\"2023-09-15T23:19:31+00:00\",\"dateModified\":\"2023-09-16T02:27:50+00:00\",\"mainEntityOfPage\":{\"@id\":\"https:\\\/\\\/elcanillita.info\\\/press\\\/2023\\\/09\\\/15\\\/queme-los-libros\\\/\"},\"wordCount\":992,\"publisher\":{\"@id\":\"https:\\\/\\\/elcanillita.info\\\/press\\\/#organization\"},\"image\":{\"@id\":\"https:\\\/\\\/elcanillita.info\\\/press\\\/2023\\\/09\\\/15\\\/queme-los-libros\\\/#primaryimage\"},\"thumbnailUrl\":\"https:\\\/\\\/elcanillita.info\\\/press\\\/images\\\/2023\\\/04\\\/massa_20230423.jpg\",\"keywords\":[\"Argentina\"],\"articleSection\":[\".\",\".\",\"Actualidad\",\"Am\u00e9rica del Sur\",\"Corrupci\u00f3n\",\"Politica\"],\"inLanguage\":\"es-AR\"},{\"@type\":\"WebPage\",\"@id\":\"https:\\\/\\\/elcanillita.info\\\/press\\\/2023\\\/09\\\/15\\\/queme-los-libros\\\/\",\"url\":\"https:\\\/\\\/elcanillita.info\\\/press\\\/2023\\\/09\\\/15\\\/queme-los-libros\\\/\",\"name\":\"\u00a1Quem\u00e9 los libros! - ElCanillita.Info\",\"isPartOf\":{\"@id\":\"https:\\\/\\\/elcanillita.info\\\/press\\\/#website\"},\"primaryImageOfPage\":{\"@id\":\"https:\\\/\\\/elcanillita.info\\\/press\\\/2023\\\/09\\\/15\\\/queme-los-libros\\\/#primaryimage\"},\"image\":{\"@id\":\"https:\\\/\\\/elcanillita.info\\\/press\\\/2023\\\/09\\\/15\\\/queme-los-libros\\\/#primaryimage\"},\"thumbnailUrl\":\"https:\\\/\\\/elcanillita.info\\\/press\\\/images\\\/2023\\\/04\\\/massa_20230423.jpg\",\"datePublished\":\"2023-09-15T23:19:31+00:00\",\"dateModified\":\"2023-09-16T02:27:50+00:00\",\"description\":\"En un pa\u00eds serio, despu\u00e9s de tantos desastres provocados por sus ruinosas gestiones, un ministro no podr\u00eda siquiera estar en libertad.\",\"inLanguage\":\"es-AR\",\"potentialAction\":[{\"@type\":\"ReadAction\",\"target\":[\"https:\\\/\\\/elcanillita.info\\\/press\\\/2023\\\/09\\\/15\\\/queme-los-libros\\\/\"]}]},{\"@type\":\"ImageObject\",\"inLanguage\":\"es-AR\",\"@id\":\"https:\\\/\\\/elcanillita.info\\\/press\\\/2023\\\/09\\\/15\\\/queme-los-libros\\\/#primaryimage\",\"url\":\"https:\\\/\\\/elcanillita.info\\\/press\\\/images\\\/2023\\\/04\\\/massa_20230423.jpg\",\"contentUrl\":\"https:\\\/\\\/elcanillita.info\\\/press\\\/images\\\/2023\\\/04\\\/massa_20230423.jpg\",\"width\":600,\"height\":300},{\"@type\":\"WebSite\",\"@id\":\"https:\\\/\\\/elcanillita.info\\\/press\\\/#website\",\"url\":\"https:\\\/\\\/elcanillita.info\\\/press\\\/\",\"name\":\"ElCanillita.Info\",\"description\":\"desde los Apeninos a los Andes\",\"publisher\":{\"@id\":\"https:\\\/\\\/elcanillita.info\\\/press\\\/#organization\"},\"potentialAction\":[{\"@type\":\"SearchAction\",\"target\":{\"@type\":\"EntryPoint\",\"urlTemplate\":\"https:\\\/\\\/elcanillita.info\\\/press\\\/?s={search_term_string}\"},\"query-input\":{\"@type\":\"PropertyValueSpecification\",\"valueRequired\":true,\"valueName\":\"search_term_string\"}}],\"inLanguage\":\"es-AR\"},{\"@type\":\"Organization\",\"@id\":\"https:\\\/\\\/elcanillita.info\\\/press\\\/#organization\",\"name\":\"Guzzo Photos & Graphic Publications\",\"url\":\"https:\\\/\\\/elcanillita.info\\\/press\\\/\",\"logo\":{\"@type\":\"ImageObject\",\"inLanguage\":\"es-AR\",\"@id\":\"https:\\\/\\\/elcanillita.info\\\/press\\\/#\\\/schema\\\/logo\\\/image\\\/\",\"url\":\"https:\\\/\\\/elcanillita.info\\\/press\\\/images\\\/2020\\\/01\\\/cropped-cropped-cropped-elcanillitainfo.png\",\"contentUrl\":\"https:\\\/\\\/elcanillita.info\\\/press\\\/images\\\/2020\\\/01\\\/cropped-cropped-cropped-elcanillitainfo.png\",\"width\":460,\"height\":50,\"caption\":\"Guzzo Photos & Graphic Publications\"},\"image\":{\"@id\":\"https:\\\/\\\/elcanillita.info\\\/press\\\/#\\\/schema\\\/logo\\\/image\\\/\"},\"sameAs\":[\"https:\\\/\\\/ar-ar.facebook.com\\\/ElCanillitainfo-114249515285712\\\/\"]},{\"@type\":\"Person\",\"@id\":\"https:\\\/\\\/elcanillita.info\\\/press\\\/#\\\/schema\\\/person\\\/7fcb79f38045700919f7da6d97e71ba0\",\"name\":\"SalaStampa.eu, world press service\",\"image\":{\"@type\":\"ImageObject\",\"inLanguage\":\"es-AR\",\"@id\":\"https:\\\/\\\/secure.gravatar.com\\\/avatar\\\/c2f0e0d515a107624234994507816ca4724c7199cef73fc8bedebf6931d73888?s=96&d=mm&r=g\",\"url\":\"https:\\\/\\\/secure.gravatar.com\\\/avatar\\\/c2f0e0d515a107624234994507816ca4724c7199cef73fc8bedebf6931d73888?s=96&d=mm&r=g\",\"contentUrl\":\"https:\\\/\\\/secure.gravatar.com\\\/avatar\\\/c2f0e0d515a107624234994507816ca4724c7199cef73fc8bedebf6931d73888?s=96&d=mm&r=g\",\"caption\":\"SalaStampa.eu, world press service\"}}]}<\/script>\n<!-- \/ Yoast SEO plugin. -->","yoast_head_json":{"title":"\u00a1Quem\u00e9 los libros! - ElCanillita.Info","description":"En un pa\u00eds serio, despu\u00e9s de tantos desastres provocados por sus ruinosas gestiones, un ministro no podr\u00eda siquiera estar en libertad.","robots":{"index":"index","follow":"follow","max-snippet":"max-snippet:-1","max-image-preview":"max-image-preview:large","max-video-preview":"max-video-preview:-1"},"canonical":"https:\/\/elcanillita.info\/press\/2023\/09\/15\/queme-los-libros\/","og_locale":"es_ES","og_type":"article","og_title":"\u00a1Quem\u00e9 los libros! - ElCanillita.Info","og_description":"En un pa\u00eds serio, despu\u00e9s de tantos desastres provocados por sus ruinosas gestiones, un ministro no podr\u00eda siquiera estar en libertad.","og_url":"https:\/\/elcanillita.info\/press\/2023\/09\/15\/queme-los-libros\/","og_site_name":"ElCanillita.Info","article_publisher":"https:\/\/ar-ar.facebook.com\/ElCanillitainfo-114249515285712\/","article_published_time":"2023-09-15T23:19:31+00:00","article_modified_time":"2023-09-16T02:27:50+00:00","og_image":[{"width":600,"height":300,"url":"https:\/\/elcanillita.info\/press\/images\/2023\/04\/massa_20230423.jpg","type":"image\/jpeg"}],"author":"SalaStampa.eu, world press service","twitter_card":"summary_large_image","twitter_misc":{"Escrito por":"SalaStampa.eu, world press service","Tiempo de lectura":"5 minutos"},"schema":{"@context":"https:\/\/schema.org","@graph":[{"@type":"Article","@id":"https:\/\/elcanillita.info\/press\/2023\/09\/15\/queme-los-libros\/#article","isPartOf":{"@id":"https:\/\/elcanillita.info\/press\/2023\/09\/15\/queme-los-libros\/"},"author":{"name":"SalaStampa.eu, world press service","@id":"https:\/\/elcanillita.info\/press\/#\/schema\/person\/7fcb79f38045700919f7da6d97e71ba0"},"headline":"\u00a1Quem\u00e9 los libros!","datePublished":"2023-09-15T23:19:31+00:00","dateModified":"2023-09-16T02:27:50+00:00","mainEntityOfPage":{"@id":"https:\/\/elcanillita.info\/press\/2023\/09\/15\/queme-los-libros\/"},"wordCount":992,"publisher":{"@id":"https:\/\/elcanillita.info\/press\/#organization"},"image":{"@id":"https:\/\/elcanillita.info\/press\/2023\/09\/15\/queme-los-libros\/#primaryimage"},"thumbnailUrl":"https:\/\/elcanillita.info\/press\/images\/2023\/04\/massa_20230423.jpg","keywords":["Argentina"],"articleSection":[".",".","Actualidad","Am\u00e9rica del Sur","Corrupci\u00f3n","Politica"],"inLanguage":"es-AR"},{"@type":"WebPage","@id":"https:\/\/elcanillita.info\/press\/2023\/09\/15\/queme-los-libros\/","url":"https:\/\/elcanillita.info\/press\/2023\/09\/15\/queme-los-libros\/","name":"\u00a1Quem\u00e9 los libros! - ElCanillita.Info","isPartOf":{"@id":"https:\/\/elcanillita.info\/press\/#website"},"primaryImageOfPage":{"@id":"https:\/\/elcanillita.info\/press\/2023\/09\/15\/queme-los-libros\/#primaryimage"},"image":{"@id":"https:\/\/elcanillita.info\/press\/2023\/09\/15\/queme-los-libros\/#primaryimage"},"thumbnailUrl":"https:\/\/elcanillita.info\/press\/images\/2023\/04\/massa_20230423.jpg","datePublished":"2023-09-15T23:19:31+00:00","dateModified":"2023-09-16T02:27:50+00:00","description":"En un pa\u00eds serio, despu\u00e9s de tantos desastres provocados por sus ruinosas gestiones, un ministro no podr\u00eda siquiera estar en libertad.","inLanguage":"es-AR","potentialAction":[{"@type":"ReadAction","target":["https:\/\/elcanillita.info\/press\/2023\/09\/15\/queme-los-libros\/"]}]},{"@type":"ImageObject","inLanguage":"es-AR","@id":"https:\/\/elcanillita.info\/press\/2023\/09\/15\/queme-los-libros\/#primaryimage","url":"https:\/\/elcanillita.info\/press\/images\/2023\/04\/massa_20230423.jpg","contentUrl":"https:\/\/elcanillita.info\/press\/images\/2023\/04\/massa_20230423.jpg","width":600,"height":300},{"@type":"WebSite","@id":"https:\/\/elcanillita.info\/press\/#website","url":"https:\/\/elcanillita.info\/press\/","name":"ElCanillita.Info","description":"desde los Apeninos a los Andes","publisher":{"@id":"https:\/\/elcanillita.info\/press\/#organization"},"potentialAction":[{"@type":"SearchAction","target":{"@type":"EntryPoint","urlTemplate":"https:\/\/elcanillita.info\/press\/?s={search_term_string}"},"query-input":{"@type":"PropertyValueSpecification","valueRequired":true,"valueName":"search_term_string"}}],"inLanguage":"es-AR"},{"@type":"Organization","@id":"https:\/\/elcanillita.info\/press\/#organization","name":"Guzzo Photos & Graphic Publications","url":"https:\/\/elcanillita.info\/press\/","logo":{"@type":"ImageObject","inLanguage":"es-AR","@id":"https:\/\/elcanillita.info\/press\/#\/schema\/logo\/image\/","url":"https:\/\/elcanillita.info\/press\/images\/2020\/01\/cropped-cropped-cropped-elcanillitainfo.png","contentUrl":"https:\/\/elcanillita.info\/press\/images\/2020\/01\/cropped-cropped-cropped-elcanillitainfo.png","width":460,"height":50,"caption":"Guzzo Photos & Graphic Publications"},"image":{"@id":"https:\/\/elcanillita.info\/press\/#\/schema\/logo\/image\/"},"sameAs":["https:\/\/ar-ar.facebook.com\/ElCanillitainfo-114249515285712\/"]},{"@type":"Person","@id":"https:\/\/elcanillita.info\/press\/#\/schema\/person\/7fcb79f38045700919f7da6d97e71ba0","name":"SalaStampa.eu, world press service","image":{"@type":"ImageObject","inLanguage":"es-AR","@id":"https:\/\/secure.gravatar.com\/avatar\/c2f0e0d515a107624234994507816ca4724c7199cef73fc8bedebf6931d73888?s=96&d=mm&r=g","url":"https:\/\/secure.gravatar.com\/avatar\/c2f0e0d515a107624234994507816ca4724c7199cef73fc8bedebf6931d73888?s=96&d=mm&r=g","contentUrl":"https:\/\/secure.gravatar.com\/avatar\/c2f0e0d515a107624234994507816ca4724c7199cef73fc8bedebf6931d73888?s=96&d=mm&r=g","caption":"SalaStampa.eu, world press service"}}]}},"views":449,"_links":{"self":[{"href":"https:\/\/elcanillita.info\/press\/wp-json\/wp\/v2\/posts\/3748","targetHints":{"allow":["GET"]}}],"collection":[{"href":"https:\/\/elcanillita.info\/press\/wp-json\/wp\/v2\/posts"}],"about":[{"href":"https:\/\/elcanillita.info\/press\/wp-json\/wp\/v2\/types\/post"}],"author":[{"embeddable":true,"href":"https:\/\/elcanillita.info\/press\/wp-json\/wp\/v2\/users\/1"}],"replies":[{"embeddable":true,"href":"https:\/\/elcanillita.info\/press\/wp-json\/wp\/v2\/comments?post=3748"}],"version-history":[{"count":0,"href":"https:\/\/elcanillita.info\/press\/wp-json\/wp\/v2\/posts\/3748\/revisions"}],"wp:featuredmedia":[{"embeddable":true,"href":"https:\/\/elcanillita.info\/press\/wp-json\/wp\/v2\/media\/3480"}],"wp:attachment":[{"href":"https:\/\/elcanillita.info\/press\/wp-json\/wp\/v2\/media?parent=3748"}],"wp:term":[{"taxonomy":"category","embeddable":true,"href":"https:\/\/elcanillita.info\/press\/wp-json\/wp\/v2\/categories?post=3748"},{"taxonomy":"post_tag","embeddable":true,"href":"https:\/\/elcanillita.info\/press\/wp-json\/wp\/v2\/tags?post=3748"}],"curies":[{"name":"wp","href":"https:\/\/api.w.org\/{rel}","templated":true}]}}