{"id":3746,"date":"2023-09-15T19:24:43","date_gmt":"2023-09-15T22:24:43","guid":{"rendered":"https:\/\/elcanillita.info\/press\/?p=3746"},"modified":"2023-09-16T11:39:41","modified_gmt":"2023-09-16T14:39:41","slug":"el-candidato","status":"publish","type":"post","link":"https:\/\/elcanillita.info\/press\/2023\/09\/15\/el-candidato\/","title":{"rendered":"&#8220;El Candidato&#8221;"},"content":{"rendered":"\n<figure class=\"wp-block-image size-full\"><img loading=\"lazy\" decoding=\"async\" width=\"600\" height=\"400\" src=\"https:\/\/elcanillita.info\/press\/images\/2023\/09\/capitanich_20230916.jpg\" alt=\"\" class=\"wp-image-3751\" srcset=\"https:\/\/elcanillita.info\/press\/images\/2023\/09\/capitanich_20230916.jpg 600w, https:\/\/elcanillita.info\/press\/images\/2023\/09\/capitanich_20230916-300x200.jpg 300w\" sizes=\"auto, (max-width: 600px) 100vw, 600px\" \/><\/figure>\n\n\n\n<p><strong>ElCanillita.info, 15\/09\/2023<\/strong><br>El gobernador de Chaco y candidato a la reelecci\u00f3n, Jorge Capitanich, busca revalidar sus t\u00edtulos para un nuevo mandato en esa provincia, despu\u00e9s de haber resultado el postulante m\u00e1s votado en las PASO, pero la alianza opositora Juntos por el Cambio (JxC) obtuvo el primer lugar a nivel de frentes y se prepara para disputar el poder en las elecciones \u00e9ste 17 de septiembre.<\/p>\n\n\n\n<p>Jorge Milton Capitanich es un pol\u00edtico argentino. Naci\u00f3 el 28\/11\/1964, proviene de una familia de descendientes de montenegrinos -Montenegro: un pa\u00eds del sureste de Europa situado en la pen\u00ednsula balc\u00e1nica- afincados en la Colonia Jos\u00e9 M\u00e1rmol, conocida como \u00abLa Montenegrina\u00bb,  Departamento Independencia, provincia de Chaco. <br><br>Desde el 10 de diciembre de 2019 es gobernador de esa provincia (Chaco), cargo que ocup\u00f3 anteriormente entre 2007 y 2015.<\/p>\n\n\n\n<p>En 1987 fue secretario del gobernador peronista Danilo Baroni. En la segunda mitad de la d\u00e9cada de 1990, durante la presidencia de Carlos Menem, ocup\u00f3 una serie de cargos burocr\u00e1ticos en el Ministerio de Desarrollo Social.<br><br>En 2001, fue elegido senador argentino por la provincia del Chaco. Ese mismo a\u00f1o, fue nombrado Ministro de Econom\u00eda en el gobierno interministerial de Ram\u00f3n Puerta. Durante la presidencia de Eduardo Duhalde Capitanich, fue nombrado Jefe de Gabinete, cargo que ocup\u00f3 hasta mayo de 2002.<br>Al a\u00f1o siguiente, durante la campa\u00f1a para las elecciones presidenciales, fue uno de los primeros miembros del Partido Justicialista en apoyar a N\u00e9stor Kirchner.<\/p>\n\n\n\n<p>En septiembre de 2007 fue elegido gobernador de Chaco, derrotando al candidato de la UCR \u00c1ngel Rozas. En 2011 volvi\u00f3 a ser elegido gobernador con el 66% de los votos.<br>En 2013, la entonces presidente argentina, Cristina Fern\u00e1ndez de Kirchner (actual vicepresidente), nombr\u00f3 a Capitanich jefe de gabinete. El ex gobernador chaque\u00f1o ocup\u00f3 este \u00faltimo cargo hasta el 26 de febrero de 2015, cuando fue sustituido por An\u00edbal Fern\u00e1ndez.<\/p>\n\n\n\n<p>En una ocasi\u00f3n oficial, frente a la ondeante bandera argentina, Capitanich, apodado Coqui, tom\u00f3 un ejemplar del diario Clar\u00edn, nunca tierno con la presidente, y lo rompi\u00f3 atronando contra las &#8220;est\u00fapidas y sistem\u00e1ticas operaciones de prensa&#8221;.<\/p>\n\n\n\n<p>La presidente argentina ya navegaba en malas aguas y sus colaboradores habian perdido el norte. El amarillismo pol\u00edtico del caso Nisman amenaza con engullir al Gobierno.<br>El fiscal Alberto Nisman deb\u00eda comparecer en el Parlamento el 19 de enero para presentar las pruebas de su denuncia contra la presidente, el ministro de Asuntos Exteriores y otros allegados a la Casa Rosada por encubrimiento de los instigadores de la masacre del 18 de julio de 1994 en la Mutual Jud\u00eda de Buenos Aires.<\/p>\n\n\n\n<p>El cad\u00e1ver de Alberto Nisman, de 51 a\u00f1os, que dirigi\u00f3 la investigaci\u00f3n de la explosi\u00f3n en el centro jud\u00edo en 1994, en la que murieron 85 personas, fue encontrado por su madre el domingo por la noche en su apartamento.<br>Seg\u00fan las autoridades, Nisman presentaba una herida de bala en la sien, y junto al cad\u00e1ver se hallaron una pistola y un cartucho percutado. No se encontr\u00f3 ninguna nota de suicidio en el lugar del crimen.<\/p>\n\n\n\n<p>Estaba previsto que Nisman presentara pruebas, entre ellas escuchas telef\u00f3nicas en las que afirmaba haber grabado a un intermediario de la Sra. Kirchner acordando encubrir la presunta implicaci\u00f3n de Ir\u00e1n en el atentado terrorista. A cambio, Ir\u00e1n proporcionar\u00eda el petr\u00f3leo que tanto necesita la maltrecha econom\u00eda argentina.<\/p>\n\n\n\n<p>Sus acusaciones enfurecieron al gobierno argentino. Nisman present\u00f3 un informe de 300 p\u00e1ginas sobre su investigaci\u00f3n de dos a\u00f1os sobre el atentado contra la Asociaci\u00f3n Mutual Argentina-Israel (Amia), que, seg\u00fan \u00e9l, fue orquestado por Ir\u00e1n y Hezbol\u00e1, su organizaci\u00f3n miliciana, para castigar a Argentina por retirarse de un acuerdo de desarrollo nuclear.<br><br>Entre el material que iba a exponer se encontraban conversaciones telef\u00f3nicas que dijo haber grabado en secreto y que, seg\u00fan \u00e9l, implicaban directamente a la Sra. Kirchner en el intento de conseguir, entre otras cosas, un acuerdo para intercambiar trigo argentino por petr\u00f3leo iran\u00ed.<\/p>\n\n\n\n<p>Una diputada de la oposici\u00f3n, Patricia Bullrich, dijo que Nisman le hab\u00eda informado de amenazas contra \u00e9l y a\u00f1adi\u00f3: &#8220;Que un fiscal aparezca muerto antes de declarar ante el Congreso en un caso de terrorismo internacional me parece un asunto enormemente grave.&#8221;<\/p>\n\n\n\n<p>Jorge Capitanich, jefe de gabinete de la Sra. Kirchner, hab\u00eda calificado anteriormente las acusaciones de &#8220;disparatadas, absurdas, il\u00f3gicas, irracionales, rid\u00edculas e inconstitucionales&#8221;. La fiscal Viviana Fein hizo un llamamiento a la calma y afirm\u00f3 que la autopsia no hab\u00eda detectado &#8220;ninguna intervenci\u00f3n&#8221; de terceros en la muerte de Nisman.<\/p>\n\n\n\n<p>La presidente Kirchner se contradijo varias veces. La prensa enloqueci\u00f3. Capitanich ley\u00f3 en Clar\u00edn que Nisman estaba listo para pedir la detenci\u00f3n de Kirchner (si no hubiera muerto antes) y decidi\u00f3 que la medida hab\u00eda llegado al colmo. Redujo en mil pedazos la p\u00e1gina con el art\u00edculo del columnista Nicol\u00e1s Wi\u00f1azki y la que ten\u00eda un comentario de Eduardo van der Kooy.<br><br>Pero le fue mal, porque el diario Clar\u00edn, una potencia editorial y pol\u00edtica de Buenos Aires, public\u00f3 al d\u00eda siguiente documentos encontrados en la basura de la casa de Nisman que confirmar\u00edan la noticia: 26 p\u00e1ginas corregidas a mano por el juez asesinado y un documento firmado por el comisario Rodolfo Guti\u00e9rrez, jefe de Criminal\u00edstica de la Polic\u00eda federal. La jueza a cargo de la causa tuvo que desmentirse a s\u00ed misma y confirmar la indiscreci\u00f3n.<\/p>\n\n\n\n<p>Para el escudero de confianza de la entonces presidente Kirchner, fueron d\u00edas aciagos. El sarcasmo en Argentina es un deporte nacional. Las burlas se multiplicaron, el hashtag #Capitanichsacado hizo furor y el video con \u00e9l imitando al presidente ecuatoriano Correa se volvi\u00f3 viral en internet. El pobre Coqui acab\u00f3 huyendo de la \u00faltima rueda de prensa, perseguido por las bromas de los presentes.<\/p>\n\n\n\n<p>El torpe intento del kirchnerismo es siempre presentarse ante el mundo como el heredero de Hugo Ch\u00e1vez. Hasta ahora con magros resultados.<br><br><small>Copyright \u00a9 2023 ElCanillita.info \/ BlogDiario.info &#8211; SalaStampa.Eu, servicio mundial de prensa<\/small><\/p>\n","protected":false},"excerpt":{"rendered":"<p>En una ocasi\u00f3n oficial, frente a la ondeante bandera argentina, Capitanich, apodado Coqui, tom\u00f3 un ejemplar del diario Clar\u00edn, nunca tierno con la presidente, y lo rompi\u00f3..  <\/p>\n","protected":false},"author":1,"featured_media":3751,"comment_status":"closed","ping_status":"closed","sticky":false,"template":"","format":"standard","meta":{"footnotes":"","_links_to":"","_links_to_target":""},"categories":[121,108,70,11,118,23],"tags":[29],"class_list":["post-3746","post","type-post","status-publish","format-standard","has-post-thumbnail","hentry","category-dc24","category-blogdiario","category-actualidad","category-america-del-sur","category-corrupcion","category-politica","tag-argentina","entry","double"],"yoast_head":"<!-- This site is optimized with the Yoast SEO plugin v27.4 - https:\/\/yoast.com\/product\/yoast-seo-wordpress\/ -->\n<title>&quot;El Candidato&quot; - ElCanillita.Info<\/title>\n<meta name=\"description\" content=\"Capitanich, apodado Coqui, tom\u00f3 un ejemplar del diario Clar\u00edn, nunca tierno con la presidente, y lo rompi\u00f3...\" \/>\n<meta name=\"robots\" content=\"index, follow, max-snippet:-1, max-image-preview:large, max-video-preview:-1\" \/>\n<link rel=\"canonical\" href=\"https:\/\/elcanillita.info\/press\/2023\/09\/15\/el-candidato\/\" \/>\n<meta property=\"og:locale\" content=\"es_ES\" \/>\n<meta property=\"og:type\" content=\"article\" \/>\n<meta property=\"og:title\" content=\"&quot;El Candidato&quot; - ElCanillita.Info\" \/>\n<meta property=\"og:description\" content=\"Capitanich, apodado Coqui, tom\u00f3 un ejemplar del diario Clar\u00edn, nunca tierno con la presidente, y lo rompi\u00f3...\" \/>\n<meta property=\"og:url\" content=\"https:\/\/elcanillita.info\/press\/2023\/09\/15\/el-candidato\/\" \/>\n<meta property=\"og:site_name\" content=\"ElCanillita.Info\" \/>\n<meta property=\"article:publisher\" content=\"https:\/\/ar-ar.facebook.com\/ElCanillitainfo-114249515285712\/\" \/>\n<meta property=\"article:published_time\" content=\"2023-09-15T22:24:43+00:00\" \/>\n<meta property=\"article:modified_time\" content=\"2023-09-16T14:39:41+00:00\" \/>\n<meta property=\"og:image\" content=\"https:\/\/elcanillita.info\/press\/images\/2023\/09\/capitanich_20230916.jpg\" \/>\n\t<meta property=\"og:image:width\" content=\"600\" \/>\n\t<meta property=\"og:image:height\" content=\"400\" \/>\n\t<meta property=\"og:image:type\" content=\"image\/jpeg\" \/>\n<meta name=\"author\" content=\"SalaStampa.eu, world press service\" \/>\n<meta name=\"twitter:card\" content=\"summary_large_image\" \/>\n<meta name=\"twitter:label1\" content=\"Escrito por\" \/>\n\t<meta name=\"twitter:data1\" content=\"SalaStampa.eu, world press service\" \/>\n\t<meta name=\"twitter:label2\" content=\"Tiempo de lectura\" \/>\n\t<meta name=\"twitter:data2\" content=\"5 minutos\" \/>\n<script type=\"application\/ld+json\" class=\"yoast-schema-graph\">{\"@context\":\"https:\\\/\\\/schema.org\",\"@graph\":[{\"@type\":\"Article\",\"@id\":\"https:\\\/\\\/elcanillita.info\\\/press\\\/2023\\\/09\\\/15\\\/el-candidato\\\/#article\",\"isPartOf\":{\"@id\":\"https:\\\/\\\/elcanillita.info\\\/press\\\/2023\\\/09\\\/15\\\/el-candidato\\\/\"},\"author\":{\"name\":\"SalaStampa.eu, world press service\",\"@id\":\"https:\\\/\\\/elcanillita.info\\\/press\\\/#\\\/schema\\\/person\\\/7fcb79f38045700919f7da6d97e71ba0\"},\"headline\":\"&#8220;El Candidato&#8221;\",\"datePublished\":\"2023-09-15T22:24:43+00:00\",\"dateModified\":\"2023-09-16T14:39:41+00:00\",\"mainEntityOfPage\":{\"@id\":\"https:\\\/\\\/elcanillita.info\\\/press\\\/2023\\\/09\\\/15\\\/el-candidato\\\/\"},\"wordCount\":1026,\"publisher\":{\"@id\":\"https:\\\/\\\/elcanillita.info\\\/press\\\/#organization\"},\"image\":{\"@id\":\"https:\\\/\\\/elcanillita.info\\\/press\\\/2023\\\/09\\\/15\\\/el-candidato\\\/#primaryimage\"},\"thumbnailUrl\":\"https:\\\/\\\/elcanillita.info\\\/press\\\/images\\\/2023\\\/09\\\/capitanich_20230916.jpg\",\"keywords\":[\"Argentina\"],\"articleSection\":[\".\",\".\",\"Actualidad\",\"Am\u00e9rica del Sur\",\"Corrupci\u00f3n\",\"Politica\"],\"inLanguage\":\"es-AR\"},{\"@type\":\"WebPage\",\"@id\":\"https:\\\/\\\/elcanillita.info\\\/press\\\/2023\\\/09\\\/15\\\/el-candidato\\\/\",\"url\":\"https:\\\/\\\/elcanillita.info\\\/press\\\/2023\\\/09\\\/15\\\/el-candidato\\\/\",\"name\":\"\\\"El Candidato\\\" - ElCanillita.Info\",\"isPartOf\":{\"@id\":\"https:\\\/\\\/elcanillita.info\\\/press\\\/#website\"},\"primaryImageOfPage\":{\"@id\":\"https:\\\/\\\/elcanillita.info\\\/press\\\/2023\\\/09\\\/15\\\/el-candidato\\\/#primaryimage\"},\"image\":{\"@id\":\"https:\\\/\\\/elcanillita.info\\\/press\\\/2023\\\/09\\\/15\\\/el-candidato\\\/#primaryimage\"},\"thumbnailUrl\":\"https:\\\/\\\/elcanillita.info\\\/press\\\/images\\\/2023\\\/09\\\/capitanich_20230916.jpg\",\"datePublished\":\"2023-09-15T22:24:43+00:00\",\"dateModified\":\"2023-09-16T14:39:41+00:00\",\"description\":\"Capitanich, apodado Coqui, tom\u00f3 un ejemplar del diario Clar\u00edn, nunca tierno con la presidente, y lo rompi\u00f3...\",\"inLanguage\":\"es-AR\",\"potentialAction\":[{\"@type\":\"ReadAction\",\"target\":[\"https:\\\/\\\/elcanillita.info\\\/press\\\/2023\\\/09\\\/15\\\/el-candidato\\\/\"]}]},{\"@type\":\"ImageObject\",\"inLanguage\":\"es-AR\",\"@id\":\"https:\\\/\\\/elcanillita.info\\\/press\\\/2023\\\/09\\\/15\\\/el-candidato\\\/#primaryimage\",\"url\":\"https:\\\/\\\/elcanillita.info\\\/press\\\/images\\\/2023\\\/09\\\/capitanich_20230916.jpg\",\"contentUrl\":\"https:\\\/\\\/elcanillita.info\\\/press\\\/images\\\/2023\\\/09\\\/capitanich_20230916.jpg\",\"width\":600,\"height\":400},{\"@type\":\"WebSite\",\"@id\":\"https:\\\/\\\/elcanillita.info\\\/press\\\/#website\",\"url\":\"https:\\\/\\\/elcanillita.info\\\/press\\\/\",\"name\":\"ElCanillita.Info\",\"description\":\"desde los Apeninos a los Andes\",\"publisher\":{\"@id\":\"https:\\\/\\\/elcanillita.info\\\/press\\\/#organization\"},\"potentialAction\":[{\"@type\":\"SearchAction\",\"target\":{\"@type\":\"EntryPoint\",\"urlTemplate\":\"https:\\\/\\\/elcanillita.info\\\/press\\\/?s={search_term_string}\"},\"query-input\":{\"@type\":\"PropertyValueSpecification\",\"valueRequired\":true,\"valueName\":\"search_term_string\"}}],\"inLanguage\":\"es-AR\"},{\"@type\":\"Organization\",\"@id\":\"https:\\\/\\\/elcanillita.info\\\/press\\\/#organization\",\"name\":\"Guzzo Photos & Graphic Publications\",\"url\":\"https:\\\/\\\/elcanillita.info\\\/press\\\/\",\"logo\":{\"@type\":\"ImageObject\",\"inLanguage\":\"es-AR\",\"@id\":\"https:\\\/\\\/elcanillita.info\\\/press\\\/#\\\/schema\\\/logo\\\/image\\\/\",\"url\":\"https:\\\/\\\/elcanillita.info\\\/press\\\/images\\\/2020\\\/01\\\/cropped-cropped-cropped-elcanillitainfo.png\",\"contentUrl\":\"https:\\\/\\\/elcanillita.info\\\/press\\\/images\\\/2020\\\/01\\\/cropped-cropped-cropped-elcanillitainfo.png\",\"width\":460,\"height\":50,\"caption\":\"Guzzo Photos & Graphic Publications\"},\"image\":{\"@id\":\"https:\\\/\\\/elcanillita.info\\\/press\\\/#\\\/schema\\\/logo\\\/image\\\/\"},\"sameAs\":[\"https:\\\/\\\/ar-ar.facebook.com\\\/ElCanillitainfo-114249515285712\\\/\"]},{\"@type\":\"Person\",\"@id\":\"https:\\\/\\\/elcanillita.info\\\/press\\\/#\\\/schema\\\/person\\\/7fcb79f38045700919f7da6d97e71ba0\",\"name\":\"SalaStampa.eu, world press service\",\"image\":{\"@type\":\"ImageObject\",\"inLanguage\":\"es-AR\",\"@id\":\"https:\\\/\\\/secure.gravatar.com\\\/avatar\\\/c2f0e0d515a107624234994507816ca4724c7199cef73fc8bedebf6931d73888?s=96&d=mm&r=g\",\"url\":\"https:\\\/\\\/secure.gravatar.com\\\/avatar\\\/c2f0e0d515a107624234994507816ca4724c7199cef73fc8bedebf6931d73888?s=96&d=mm&r=g\",\"contentUrl\":\"https:\\\/\\\/secure.gravatar.com\\\/avatar\\\/c2f0e0d515a107624234994507816ca4724c7199cef73fc8bedebf6931d73888?s=96&d=mm&r=g\",\"caption\":\"SalaStampa.eu, world press service\"}}]}<\/script>\n<!-- \/ Yoast SEO plugin. -->","yoast_head_json":{"title":"\"El Candidato\" - ElCanillita.Info","description":"Capitanich, apodado Coqui, tom\u00f3 un ejemplar del diario Clar\u00edn, nunca tierno con la presidente, y lo rompi\u00f3...","robots":{"index":"index","follow":"follow","max-snippet":"max-snippet:-1","max-image-preview":"max-image-preview:large","max-video-preview":"max-video-preview:-1"},"canonical":"https:\/\/elcanillita.info\/press\/2023\/09\/15\/el-candidato\/","og_locale":"es_ES","og_type":"article","og_title":"\"El Candidato\" - ElCanillita.Info","og_description":"Capitanich, apodado Coqui, tom\u00f3 un ejemplar del diario Clar\u00edn, nunca tierno con la presidente, y lo rompi\u00f3...","og_url":"https:\/\/elcanillita.info\/press\/2023\/09\/15\/el-candidato\/","og_site_name":"ElCanillita.Info","article_publisher":"https:\/\/ar-ar.facebook.com\/ElCanillitainfo-114249515285712\/","article_published_time":"2023-09-15T22:24:43+00:00","article_modified_time":"2023-09-16T14:39:41+00:00","og_image":[{"width":600,"height":400,"url":"https:\/\/elcanillita.info\/press\/images\/2023\/09\/capitanich_20230916.jpg","type":"image\/jpeg"}],"author":"SalaStampa.eu, world press service","twitter_card":"summary_large_image","twitter_misc":{"Escrito por":"SalaStampa.eu, world press service","Tiempo de lectura":"5 minutos"},"schema":{"@context":"https:\/\/schema.org","@graph":[{"@type":"Article","@id":"https:\/\/elcanillita.info\/press\/2023\/09\/15\/el-candidato\/#article","isPartOf":{"@id":"https:\/\/elcanillita.info\/press\/2023\/09\/15\/el-candidato\/"},"author":{"name":"SalaStampa.eu, world press service","@id":"https:\/\/elcanillita.info\/press\/#\/schema\/person\/7fcb79f38045700919f7da6d97e71ba0"},"headline":"&#8220;El Candidato&#8221;","datePublished":"2023-09-15T22:24:43+00:00","dateModified":"2023-09-16T14:39:41+00:00","mainEntityOfPage":{"@id":"https:\/\/elcanillita.info\/press\/2023\/09\/15\/el-candidato\/"},"wordCount":1026,"publisher":{"@id":"https:\/\/elcanillita.info\/press\/#organization"},"image":{"@id":"https:\/\/elcanillita.info\/press\/2023\/09\/15\/el-candidato\/#primaryimage"},"thumbnailUrl":"https:\/\/elcanillita.info\/press\/images\/2023\/09\/capitanich_20230916.jpg","keywords":["Argentina"],"articleSection":[".",".","Actualidad","Am\u00e9rica del Sur","Corrupci\u00f3n","Politica"],"inLanguage":"es-AR"},{"@type":"WebPage","@id":"https:\/\/elcanillita.info\/press\/2023\/09\/15\/el-candidato\/","url":"https:\/\/elcanillita.info\/press\/2023\/09\/15\/el-candidato\/","name":"\"El Candidato\" - ElCanillita.Info","isPartOf":{"@id":"https:\/\/elcanillita.info\/press\/#website"},"primaryImageOfPage":{"@id":"https:\/\/elcanillita.info\/press\/2023\/09\/15\/el-candidato\/#primaryimage"},"image":{"@id":"https:\/\/elcanillita.info\/press\/2023\/09\/15\/el-candidato\/#primaryimage"},"thumbnailUrl":"https:\/\/elcanillita.info\/press\/images\/2023\/09\/capitanich_20230916.jpg","datePublished":"2023-09-15T22:24:43+00:00","dateModified":"2023-09-16T14:39:41+00:00","description":"Capitanich, apodado Coqui, tom\u00f3 un ejemplar del diario Clar\u00edn, nunca tierno con la presidente, y lo rompi\u00f3...","inLanguage":"es-AR","potentialAction":[{"@type":"ReadAction","target":["https:\/\/elcanillita.info\/press\/2023\/09\/15\/el-candidato\/"]}]},{"@type":"ImageObject","inLanguage":"es-AR","@id":"https:\/\/elcanillita.info\/press\/2023\/09\/15\/el-candidato\/#primaryimage","url":"https:\/\/elcanillita.info\/press\/images\/2023\/09\/capitanich_20230916.jpg","contentUrl":"https:\/\/elcanillita.info\/press\/images\/2023\/09\/capitanich_20230916.jpg","width":600,"height":400},{"@type":"WebSite","@id":"https:\/\/elcanillita.info\/press\/#website","url":"https:\/\/elcanillita.info\/press\/","name":"ElCanillita.Info","description":"desde los Apeninos a los Andes","publisher":{"@id":"https:\/\/elcanillita.info\/press\/#organization"},"potentialAction":[{"@type":"SearchAction","target":{"@type":"EntryPoint","urlTemplate":"https:\/\/elcanillita.info\/press\/?s={search_term_string}"},"query-input":{"@type":"PropertyValueSpecification","valueRequired":true,"valueName":"search_term_string"}}],"inLanguage":"es-AR"},{"@type":"Organization","@id":"https:\/\/elcanillita.info\/press\/#organization","name":"Guzzo Photos & Graphic Publications","url":"https:\/\/elcanillita.info\/press\/","logo":{"@type":"ImageObject","inLanguage":"es-AR","@id":"https:\/\/elcanillita.info\/press\/#\/schema\/logo\/image\/","url":"https:\/\/elcanillita.info\/press\/images\/2020\/01\/cropped-cropped-cropped-elcanillitainfo.png","contentUrl":"https:\/\/elcanillita.info\/press\/images\/2020\/01\/cropped-cropped-cropped-elcanillitainfo.png","width":460,"height":50,"caption":"Guzzo Photos & Graphic Publications"},"image":{"@id":"https:\/\/elcanillita.info\/press\/#\/schema\/logo\/image\/"},"sameAs":["https:\/\/ar-ar.facebook.com\/ElCanillitainfo-114249515285712\/"]},{"@type":"Person","@id":"https:\/\/elcanillita.info\/press\/#\/schema\/person\/7fcb79f38045700919f7da6d97e71ba0","name":"SalaStampa.eu, world press service","image":{"@type":"ImageObject","inLanguage":"es-AR","@id":"https:\/\/secure.gravatar.com\/avatar\/c2f0e0d515a107624234994507816ca4724c7199cef73fc8bedebf6931d73888?s=96&d=mm&r=g","url":"https:\/\/secure.gravatar.com\/avatar\/c2f0e0d515a107624234994507816ca4724c7199cef73fc8bedebf6931d73888?s=96&d=mm&r=g","contentUrl":"https:\/\/secure.gravatar.com\/avatar\/c2f0e0d515a107624234994507816ca4724c7199cef73fc8bedebf6931d73888?s=96&d=mm&r=g","caption":"SalaStampa.eu, world press service"}}]}},"views":325,"_links":{"self":[{"href":"https:\/\/elcanillita.info\/press\/wp-json\/wp\/v2\/posts\/3746","targetHints":{"allow":["GET"]}}],"collection":[{"href":"https:\/\/elcanillita.info\/press\/wp-json\/wp\/v2\/posts"}],"about":[{"href":"https:\/\/elcanillita.info\/press\/wp-json\/wp\/v2\/types\/post"}],"author":[{"embeddable":true,"href":"https:\/\/elcanillita.info\/press\/wp-json\/wp\/v2\/users\/1"}],"replies":[{"embeddable":true,"href":"https:\/\/elcanillita.info\/press\/wp-json\/wp\/v2\/comments?post=3746"}],"version-history":[{"count":0,"href":"https:\/\/elcanillita.info\/press\/wp-json\/wp\/v2\/posts\/3746\/revisions"}],"wp:featuredmedia":[{"embeddable":true,"href":"https:\/\/elcanillita.info\/press\/wp-json\/wp\/v2\/media\/3751"}],"wp:attachment":[{"href":"https:\/\/elcanillita.info\/press\/wp-json\/wp\/v2\/media?parent=3746"}],"wp:term":[{"taxonomy":"category","embeddable":true,"href":"https:\/\/elcanillita.info\/press\/wp-json\/wp\/v2\/categories?post=3746"},{"taxonomy":"post_tag","embeddable":true,"href":"https:\/\/elcanillita.info\/press\/wp-json\/wp\/v2\/tags?post=3746"}],"curies":[{"name":"wp","href":"https:\/\/api.w.org\/{rel}","templated":true}]}}