{"id":3741,"date":"2023-09-14T08:01:24","date_gmt":"2023-09-14T11:01:24","guid":{"rendered":"https:\/\/elcanillita.info\/press\/?p=3741"},"modified":"2023-09-14T08:14:26","modified_gmt":"2023-09-14T11:14:26","slug":"emergencia-en-lampedusa-italia","status":"publish","type":"post","link":"https:\/\/elcanillita.info\/press\/2023\/09\/14\/emergencia-en-lampedusa-italia\/","title":{"rendered":"Emergencia en Lampedusa, Italia"},"content":{"rendered":"\n<figure class=\"wp-block-image size-full\"><img loading=\"lazy\" decoding=\"async\" width=\"600\" height=\"450\" src=\"https:\/\/elcanillita.info\/press\/images\/2023\/09\/lamp_1_20230914.jpg\" alt=\"\" class=\"wp-image-3742\" srcset=\"https:\/\/elcanillita.info\/press\/images\/2023\/09\/lamp_1_20230914.jpg 600w, https:\/\/elcanillita.info\/press\/images\/2023\/09\/lamp_1_20230914-300x225.jpg 300w\" sizes=\"auto, (max-width: 600px) 100vw, 600px\" \/><\/figure>\n\n\n\n<p>El ayuntamiento proclama el estado de emergencia ante el los desembarcos incesantes de inmigrantes. Se vivieron momentos de tensi\u00f3n en el puerto de Lampedusa, donde agentes de la Guardia di Finanza intentaron contener a cientos de migrantes que piden abandonar el muelle.<br><br>Tambi\u00e9n se produjeron momentos de caos y desorden en el punto caliente de Lampedusa, donde hay actualmente 6.762 migrantes. En el preciso momento en que la Cruz Roja abr\u00eda las filas para la distribuci\u00f3n de los alimentos, varios centenares de migrantes se abalanzaron para llegar primero a las bolsas que conten\u00edan la comida y la botella de agua, temiendo que no fueran suficientes. <br>La polic\u00eda asegur\u00f3 a los voluntarios y los trabajadores de la Cruz Roja evitando que se agravara la situaci\u00f3n . Inmediatamente despu\u00e9s de explicar que hab\u00eda comida para todos, el reparto de alimentos a los migrantes volvi\u00f3 a la normalidad y en orden.<\/p>\n\n\n\n<p>Don Carmelo Rizzo, p\u00e1rroco de Lampedusa, describi\u00f3 la situaci\u00f3n como &#8220;tr\u00e1gica, dram\u00e1tica, apocal\u00edptica. En Lampedusa ni siquiera se tira la basura, el agua para la isla viene del continente. La Cruz Roja tiene suministros, pero si llegan 3.000 personas al d\u00eda, tambi\u00e9n se pelean entre ellas por el agua. Todos estamos en alerta e incluso el obispo est\u00e1 consternado. Todo en la isla es ahora temporal, con esta emergencia todo es dif\u00edcil, para los reci\u00e9n llegados no hay ni siquiera donde poner una cama o la posibilidad de ir al ba\u00f1o, realmente es un apocalipsis. El impacto en la poblaci\u00f3n est\u00e1 ah\u00ed, hasta con 1.000 llegadas al d\u00eda pod\u00edamos arregl\u00e1rnoslas, aunque con dificultad. Pero ahora el muelle se ha acabado: \u00bfc\u00f3mo mantener a la gente, la polic\u00eda empieza a utilizar porras y los migrantes entran a raudales en el pueblo? La situaci\u00f3n es una inc\u00f3gnita. El dinero no es suficiente.<\/p>\n\n\n\n<p>Hay que vaciar el punto caliente ahora, hoy. La poblaci\u00f3n intenta hacerse \u00fatil, todo lo gestiona la prefectura pero los desembarcados son aut\u00f3nomos, son siete mil y han sobrepasado a los residentes, no s\u00e9 hasta d\u00f3nde aguantaremos, otros 2-3 d\u00edas as\u00ed sin traslados y vamos al colapso total&#8217;, dijo.<\/p>\n\n\n\n<figure class=\"wp-block-image size-full\"><img loading=\"lazy\" decoding=\"async\" width=\"600\" height=\"433\" src=\"https:\/\/elcanillita.info\/press\/images\/2023\/09\/lamp_3_20230914.jpg\" alt=\"\" class=\"wp-image-3744\" srcset=\"https:\/\/elcanillita.info\/press\/images\/2023\/09\/lamp_3_20230914.jpg 600w, https:\/\/elcanillita.info\/press\/images\/2023\/09\/lamp_3_20230914-300x217.jpg 300w\" sizes=\"auto, (max-width: 600px) 100vw, 600px\" \/><\/figure>\n\n\n\n<p>Aun cuando el Gobierno ha destinado 45 millones para ayudar a Lampedusa a hacer frente a los flujos migratorios, la situaci\u00f3n sigue siendo especialmente cr\u00edtica. Se necesita dinero, es innegable, pero tambi\u00e9n son necesarias intervenciones estructurales e inmediatas&#8221;. Por su parte, el padre Mattia Ferrari, capell\u00e1n de Mediterranea Saving Humans, &#8220;plataforma de realidad de la sociedad civil&#8221; y &#8220;acci\u00f3n no gubernamental&#8221; fundado para vigilar la situaci\u00f3n en el Mediterr\u00e1neo y rescatar a las personas que se encuentran en dificultades,  critic\u00f3 el planteamiento de seleccionar a los migrantes para su acogida, argumentando que esta pr\u00e1ctica subordina los derechos de las personas a la econom\u00eda y el mercado. Ferrari, adem\u00e1s, subray\u00f3 la necesidad de abordar el fen\u00f3meno migratorio de una manera m\u00e1s inclusiva y estructural, apelando al llamamiento del Papa a &#8220;acoger a todos los seres humanos&#8221;.<br><br>Finalmente y ante \u00e9sta \u00faltima reflexi\u00f3n, viene de&nbsp;propio&nbsp;impulso considerar la superficie de la isla de Lampedusa (20,2 km\u00b2), la quinta por extensi\u00f3n de las islas siciliana y aquella de la ciudad del Vaticano (0,44 km\u00b2).  As\u00ed tambien como aquella de Africa (30.065.000 km2) e Italia (301 338 km\u00b2). <br>Paradoja que&nbsp;encierra&nbsp;una&nbsp;aparente&nbsp;contradicci\u00f3n entre s\u00ed:  &#8220;<em>Mira&nbsp;al&nbsp;avaro,&nbsp;en&nbsp;sus&nbsp;riquezas&#8221; &#8230;&nbsp;pobre<\/em> !!<br><br><small>Copyright \u00a9 2023 ElCanillita.info \/ BlogDiario.info &#8211; SalaStampa.Eu, servicio mundial de prensa<\/small><\/p>\n","protected":false},"excerpt":{"rendered":"<p>Aqu\u00ed es el apocalipsis&#8217; alerta el p\u00e1rroco de Lampedusa<\/p>\n","protected":false},"author":1,"featured_media":3743,"comment_status":"closed","ping_status":"closed","sticky":false,"template":"","format":"standard","meta":{"footnotes":"","_links_to":"","_links_to_target":""},"categories":[108,121,70,23,78,115],"tags":[60],"class_list":["post-3741","post","type-post","status-publish","format-standard","has-post-thumbnail","hentry","category-blogdiario","category-dc24","category-actualidad","category-politica","category-sanidad","category-union-europea","tag-italia","entry","double"],"yoast_head":"<!-- This site is optimized with the Yoast SEO plugin v27.4 - https:\/\/yoast.com\/product\/yoast-seo-wordpress\/ -->\n<title>Emergencia en Lampedusa, Italia - ElCanillita.Info<\/title>\n<meta name=\"robots\" content=\"index, follow, max-snippet:-1, max-image-preview:large, max-video-preview:-1\" \/>\n<link rel=\"canonical\" href=\"https:\/\/elcanillita.info\/press\/2023\/09\/14\/emergencia-en-lampedusa-italia\/\" \/>\n<meta property=\"og:locale\" content=\"es_ES\" \/>\n<meta property=\"og:type\" content=\"article\" \/>\n<meta property=\"og:title\" content=\"Emergencia en Lampedusa, Italia - ElCanillita.Info\" \/>\n<meta property=\"og:description\" content=\"Aqu\u00ed es el apocalipsis&#039; alerta el p\u00e1rroco de Lampedusa\" \/>\n<meta property=\"og:url\" content=\"https:\/\/elcanillita.info\/press\/2023\/09\/14\/emergencia-en-lampedusa-italia\/\" \/>\n<meta property=\"og:site_name\" content=\"ElCanillita.Info\" \/>\n<meta property=\"article:publisher\" content=\"https:\/\/ar-ar.facebook.com\/ElCanillitainfo-114249515285712\/\" \/>\n<meta property=\"article:published_time\" content=\"2023-09-14T11:01:24+00:00\" \/>\n<meta property=\"article:modified_time\" content=\"2023-09-14T11:14:26+00:00\" \/>\n<meta property=\"og:image\" content=\"https:\/\/elcanillita.info\/press\/images\/2023\/09\/lamp_4_20230914.jpg\" \/>\n\t<meta property=\"og:image:width\" content=\"600\" \/>\n\t<meta property=\"og:image:height\" content=\"450\" \/>\n\t<meta property=\"og:image:type\" content=\"image\/jpeg\" \/>\n<meta name=\"author\" content=\"SalaStampa.eu, world press service\" \/>\n<meta name=\"twitter:card\" content=\"summary_large_image\" \/>\n<meta name=\"twitter:label1\" content=\"Escrito por\" \/>\n\t<meta name=\"twitter:data1\" content=\"SalaStampa.eu, world press service\" \/>\n\t<meta name=\"twitter:label2\" content=\"Tiempo de lectura\" \/>\n\t<meta name=\"twitter:data2\" content=\"3 minutos\" \/>\n<script type=\"application\/ld+json\" class=\"yoast-schema-graph\">{\"@context\":\"https:\\\/\\\/schema.org\",\"@graph\":[{\"@type\":\"Article\",\"@id\":\"https:\\\/\\\/elcanillita.info\\\/press\\\/2023\\\/09\\\/14\\\/emergencia-en-lampedusa-italia\\\/#article\",\"isPartOf\":{\"@id\":\"https:\\\/\\\/elcanillita.info\\\/press\\\/2023\\\/09\\\/14\\\/emergencia-en-lampedusa-italia\\\/\"},\"author\":{\"name\":\"SalaStampa.eu, world press service\",\"@id\":\"https:\\\/\\\/elcanillita.info\\\/press\\\/#\\\/schema\\\/person\\\/7fcb79f38045700919f7da6d97e71ba0\"},\"headline\":\"Emergencia en Lampedusa, Italia\",\"datePublished\":\"2023-09-14T11:01:24+00:00\",\"dateModified\":\"2023-09-14T11:14:26+00:00\",\"mainEntityOfPage\":{\"@id\":\"https:\\\/\\\/elcanillita.info\\\/press\\\/2023\\\/09\\\/14\\\/emergencia-en-lampedusa-italia\\\/\"},\"wordCount\":611,\"publisher\":{\"@id\":\"https:\\\/\\\/elcanillita.info\\\/press\\\/#organization\"},\"image\":{\"@id\":\"https:\\\/\\\/elcanillita.info\\\/press\\\/2023\\\/09\\\/14\\\/emergencia-en-lampedusa-italia\\\/#primaryimage\"},\"thumbnailUrl\":\"https:\\\/\\\/elcanillita.info\\\/press\\\/images\\\/2023\\\/09\\\/lamp_4_20230914.jpg\",\"keywords\":[\"Italia\"],\"articleSection\":[\".\",\".\",\"Actualidad\",\"Politica\",\"Sanidad\",\"UE\"],\"inLanguage\":\"es-AR\"},{\"@type\":\"WebPage\",\"@id\":\"https:\\\/\\\/elcanillita.info\\\/press\\\/2023\\\/09\\\/14\\\/emergencia-en-lampedusa-italia\\\/\",\"url\":\"https:\\\/\\\/elcanillita.info\\\/press\\\/2023\\\/09\\\/14\\\/emergencia-en-lampedusa-italia\\\/\",\"name\":\"Emergencia en Lampedusa, Italia - ElCanillita.Info\",\"isPartOf\":{\"@id\":\"https:\\\/\\\/elcanillita.info\\\/press\\\/#website\"},\"primaryImageOfPage\":{\"@id\":\"https:\\\/\\\/elcanillita.info\\\/press\\\/2023\\\/09\\\/14\\\/emergencia-en-lampedusa-italia\\\/#primaryimage\"},\"image\":{\"@id\":\"https:\\\/\\\/elcanillita.info\\\/press\\\/2023\\\/09\\\/14\\\/emergencia-en-lampedusa-italia\\\/#primaryimage\"},\"thumbnailUrl\":\"https:\\\/\\\/elcanillita.info\\\/press\\\/images\\\/2023\\\/09\\\/lamp_4_20230914.jpg\",\"datePublished\":\"2023-09-14T11:01:24+00:00\",\"dateModified\":\"2023-09-14T11:14:26+00:00\",\"inLanguage\":\"es-AR\",\"potentialAction\":[{\"@type\":\"ReadAction\",\"target\":[\"https:\\\/\\\/elcanillita.info\\\/press\\\/2023\\\/09\\\/14\\\/emergencia-en-lampedusa-italia\\\/\"]}]},{\"@type\":\"ImageObject\",\"inLanguage\":\"es-AR\",\"@id\":\"https:\\\/\\\/elcanillita.info\\\/press\\\/2023\\\/09\\\/14\\\/emergencia-en-lampedusa-italia\\\/#primaryimage\",\"url\":\"https:\\\/\\\/elcanillita.info\\\/press\\\/images\\\/2023\\\/09\\\/lamp_4_20230914.jpg\",\"contentUrl\":\"https:\\\/\\\/elcanillita.info\\\/press\\\/images\\\/2023\\\/09\\\/lamp_4_20230914.jpg\",\"width\":600,\"height\":450},{\"@type\":\"WebSite\",\"@id\":\"https:\\\/\\\/elcanillita.info\\\/press\\\/#website\",\"url\":\"https:\\\/\\\/elcanillita.info\\\/press\\\/\",\"name\":\"ElCanillita.Info\",\"description\":\"desde los Apeninos a los Andes\",\"publisher\":{\"@id\":\"https:\\\/\\\/elcanillita.info\\\/press\\\/#organization\"},\"potentialAction\":[{\"@type\":\"SearchAction\",\"target\":{\"@type\":\"EntryPoint\",\"urlTemplate\":\"https:\\\/\\\/elcanillita.info\\\/press\\\/?s={search_term_string}\"},\"query-input\":{\"@type\":\"PropertyValueSpecification\",\"valueRequired\":true,\"valueName\":\"search_term_string\"}}],\"inLanguage\":\"es-AR\"},{\"@type\":\"Organization\",\"@id\":\"https:\\\/\\\/elcanillita.info\\\/press\\\/#organization\",\"name\":\"Guzzo Photos & Graphic Publications\",\"url\":\"https:\\\/\\\/elcanillita.info\\\/press\\\/\",\"logo\":{\"@type\":\"ImageObject\",\"inLanguage\":\"es-AR\",\"@id\":\"https:\\\/\\\/elcanillita.info\\\/press\\\/#\\\/schema\\\/logo\\\/image\\\/\",\"url\":\"https:\\\/\\\/elcanillita.info\\\/press\\\/images\\\/2020\\\/01\\\/cropped-cropped-cropped-elcanillitainfo.png\",\"contentUrl\":\"https:\\\/\\\/elcanillita.info\\\/press\\\/images\\\/2020\\\/01\\\/cropped-cropped-cropped-elcanillitainfo.png\",\"width\":460,\"height\":50,\"caption\":\"Guzzo Photos & Graphic Publications\"},\"image\":{\"@id\":\"https:\\\/\\\/elcanillita.info\\\/press\\\/#\\\/schema\\\/logo\\\/image\\\/\"},\"sameAs\":[\"https:\\\/\\\/ar-ar.facebook.com\\\/ElCanillitainfo-114249515285712\\\/\"]},{\"@type\":\"Person\",\"@id\":\"https:\\\/\\\/elcanillita.info\\\/press\\\/#\\\/schema\\\/person\\\/7fcb79f38045700919f7da6d97e71ba0\",\"name\":\"SalaStampa.eu, world press service\",\"image\":{\"@type\":\"ImageObject\",\"inLanguage\":\"es-AR\",\"@id\":\"https:\\\/\\\/secure.gravatar.com\\\/avatar\\\/c2f0e0d515a107624234994507816ca4724c7199cef73fc8bedebf6931d73888?s=96&d=mm&r=g\",\"url\":\"https:\\\/\\\/secure.gravatar.com\\\/avatar\\\/c2f0e0d515a107624234994507816ca4724c7199cef73fc8bedebf6931d73888?s=96&d=mm&r=g\",\"contentUrl\":\"https:\\\/\\\/secure.gravatar.com\\\/avatar\\\/c2f0e0d515a107624234994507816ca4724c7199cef73fc8bedebf6931d73888?s=96&d=mm&r=g\",\"caption\":\"SalaStampa.eu, world press service\"}}]}<\/script>\n<!-- \/ Yoast SEO plugin. -->","yoast_head_json":{"title":"Emergencia en Lampedusa, Italia - ElCanillita.Info","robots":{"index":"index","follow":"follow","max-snippet":"max-snippet:-1","max-image-preview":"max-image-preview:large","max-video-preview":"max-video-preview:-1"},"canonical":"https:\/\/elcanillita.info\/press\/2023\/09\/14\/emergencia-en-lampedusa-italia\/","og_locale":"es_ES","og_type":"article","og_title":"Emergencia en Lampedusa, Italia - ElCanillita.Info","og_description":"Aqu\u00ed es el apocalipsis' alerta el p\u00e1rroco de Lampedusa","og_url":"https:\/\/elcanillita.info\/press\/2023\/09\/14\/emergencia-en-lampedusa-italia\/","og_site_name":"ElCanillita.Info","article_publisher":"https:\/\/ar-ar.facebook.com\/ElCanillitainfo-114249515285712\/","article_published_time":"2023-09-14T11:01:24+00:00","article_modified_time":"2023-09-14T11:14:26+00:00","og_image":[{"width":600,"height":450,"url":"https:\/\/elcanillita.info\/press\/images\/2023\/09\/lamp_4_20230914.jpg","type":"image\/jpeg"}],"author":"SalaStampa.eu, world press service","twitter_card":"summary_large_image","twitter_misc":{"Escrito por":"SalaStampa.eu, world press service","Tiempo de lectura":"3 minutos"},"schema":{"@context":"https:\/\/schema.org","@graph":[{"@type":"Article","@id":"https:\/\/elcanillita.info\/press\/2023\/09\/14\/emergencia-en-lampedusa-italia\/#article","isPartOf":{"@id":"https:\/\/elcanillita.info\/press\/2023\/09\/14\/emergencia-en-lampedusa-italia\/"},"author":{"name":"SalaStampa.eu, world press service","@id":"https:\/\/elcanillita.info\/press\/#\/schema\/person\/7fcb79f38045700919f7da6d97e71ba0"},"headline":"Emergencia en Lampedusa, Italia","datePublished":"2023-09-14T11:01:24+00:00","dateModified":"2023-09-14T11:14:26+00:00","mainEntityOfPage":{"@id":"https:\/\/elcanillita.info\/press\/2023\/09\/14\/emergencia-en-lampedusa-italia\/"},"wordCount":611,"publisher":{"@id":"https:\/\/elcanillita.info\/press\/#organization"},"image":{"@id":"https:\/\/elcanillita.info\/press\/2023\/09\/14\/emergencia-en-lampedusa-italia\/#primaryimage"},"thumbnailUrl":"https:\/\/elcanillita.info\/press\/images\/2023\/09\/lamp_4_20230914.jpg","keywords":["Italia"],"articleSection":[".",".","Actualidad","Politica","Sanidad","UE"],"inLanguage":"es-AR"},{"@type":"WebPage","@id":"https:\/\/elcanillita.info\/press\/2023\/09\/14\/emergencia-en-lampedusa-italia\/","url":"https:\/\/elcanillita.info\/press\/2023\/09\/14\/emergencia-en-lampedusa-italia\/","name":"Emergencia en Lampedusa, Italia - ElCanillita.Info","isPartOf":{"@id":"https:\/\/elcanillita.info\/press\/#website"},"primaryImageOfPage":{"@id":"https:\/\/elcanillita.info\/press\/2023\/09\/14\/emergencia-en-lampedusa-italia\/#primaryimage"},"image":{"@id":"https:\/\/elcanillita.info\/press\/2023\/09\/14\/emergencia-en-lampedusa-italia\/#primaryimage"},"thumbnailUrl":"https:\/\/elcanillita.info\/press\/images\/2023\/09\/lamp_4_20230914.jpg","datePublished":"2023-09-14T11:01:24+00:00","dateModified":"2023-09-14T11:14:26+00:00","inLanguage":"es-AR","potentialAction":[{"@type":"ReadAction","target":["https:\/\/elcanillita.info\/press\/2023\/09\/14\/emergencia-en-lampedusa-italia\/"]}]},{"@type":"ImageObject","inLanguage":"es-AR","@id":"https:\/\/elcanillita.info\/press\/2023\/09\/14\/emergencia-en-lampedusa-italia\/#primaryimage","url":"https:\/\/elcanillita.info\/press\/images\/2023\/09\/lamp_4_20230914.jpg","contentUrl":"https:\/\/elcanillita.info\/press\/images\/2023\/09\/lamp_4_20230914.jpg","width":600,"height":450},{"@type":"WebSite","@id":"https:\/\/elcanillita.info\/press\/#website","url":"https:\/\/elcanillita.info\/press\/","name":"ElCanillita.Info","description":"desde los Apeninos a los Andes","publisher":{"@id":"https:\/\/elcanillita.info\/press\/#organization"},"potentialAction":[{"@type":"SearchAction","target":{"@type":"EntryPoint","urlTemplate":"https:\/\/elcanillita.info\/press\/?s={search_term_string}"},"query-input":{"@type":"PropertyValueSpecification","valueRequired":true,"valueName":"search_term_string"}}],"inLanguage":"es-AR"},{"@type":"Organization","@id":"https:\/\/elcanillita.info\/press\/#organization","name":"Guzzo Photos & Graphic Publications","url":"https:\/\/elcanillita.info\/press\/","logo":{"@type":"ImageObject","inLanguage":"es-AR","@id":"https:\/\/elcanillita.info\/press\/#\/schema\/logo\/image\/","url":"https:\/\/elcanillita.info\/press\/images\/2020\/01\/cropped-cropped-cropped-elcanillitainfo.png","contentUrl":"https:\/\/elcanillita.info\/press\/images\/2020\/01\/cropped-cropped-cropped-elcanillitainfo.png","width":460,"height":50,"caption":"Guzzo Photos & Graphic Publications"},"image":{"@id":"https:\/\/elcanillita.info\/press\/#\/schema\/logo\/image\/"},"sameAs":["https:\/\/ar-ar.facebook.com\/ElCanillitainfo-114249515285712\/"]},{"@type":"Person","@id":"https:\/\/elcanillita.info\/press\/#\/schema\/person\/7fcb79f38045700919f7da6d97e71ba0","name":"SalaStampa.eu, world press service","image":{"@type":"ImageObject","inLanguage":"es-AR","@id":"https:\/\/secure.gravatar.com\/avatar\/c2f0e0d515a107624234994507816ca4724c7199cef73fc8bedebf6931d73888?s=96&d=mm&r=g","url":"https:\/\/secure.gravatar.com\/avatar\/c2f0e0d515a107624234994507816ca4724c7199cef73fc8bedebf6931d73888?s=96&d=mm&r=g","contentUrl":"https:\/\/secure.gravatar.com\/avatar\/c2f0e0d515a107624234994507816ca4724c7199cef73fc8bedebf6931d73888?s=96&d=mm&r=g","caption":"SalaStampa.eu, world press service"}}]}},"views":425,"_links":{"self":[{"href":"https:\/\/elcanillita.info\/press\/wp-json\/wp\/v2\/posts\/3741","targetHints":{"allow":["GET"]}}],"collection":[{"href":"https:\/\/elcanillita.info\/press\/wp-json\/wp\/v2\/posts"}],"about":[{"href":"https:\/\/elcanillita.info\/press\/wp-json\/wp\/v2\/types\/post"}],"author":[{"embeddable":true,"href":"https:\/\/elcanillita.info\/press\/wp-json\/wp\/v2\/users\/1"}],"replies":[{"embeddable":true,"href":"https:\/\/elcanillita.info\/press\/wp-json\/wp\/v2\/comments?post=3741"}],"version-history":[{"count":0,"href":"https:\/\/elcanillita.info\/press\/wp-json\/wp\/v2\/posts\/3741\/revisions"}],"wp:featuredmedia":[{"embeddable":true,"href":"https:\/\/elcanillita.info\/press\/wp-json\/wp\/v2\/media\/3743"}],"wp:attachment":[{"href":"https:\/\/elcanillita.info\/press\/wp-json\/wp\/v2\/media?parent=3741"}],"wp:term":[{"taxonomy":"category","embeddable":true,"href":"https:\/\/elcanillita.info\/press\/wp-json\/wp\/v2\/categories?post=3741"},{"taxonomy":"post_tag","embeddable":true,"href":"https:\/\/elcanillita.info\/press\/wp-json\/wp\/v2\/tags?post=3741"}],"curies":[{"name":"wp","href":"https:\/\/api.w.org\/{rel}","templated":true}]}}