{"id":3740,"date":"2008-06-07T05:08:00","date_gmt":"2008-06-07T08:08:00","guid":{"rendered":"https:\/\/elcanillita.info\/press\/?p=3740"},"modified":"2023-09-14T05:19:30","modified_gmt":"2023-09-14T08:19:30","slug":"en-ocasion-de-los-treinta-anos-del-golpe","status":"publish","type":"post","link":"https:\/\/elcanillita.info\/press\/2008\/06\/07\/en-ocasion-de-los-treinta-anos-del-golpe\/","title":{"rendered":"En ocasi\u00f3n de los treinta a\u00f1os del golpe &#8230;"},"content":{"rendered":"\n<p><strong>por Enrique Guillermo Avogadro<\/strong><br><br>Buenos Aires, 24 de marzo de 2006<br>Presumo que muchos de ustedes me han o\u00eddo decir m\u00e1s o menos esto desde hace mucho tiempo; sin embargo, hoy he sentido la imperiosa necesidad de escribir estas l\u00edneas, para tratar de colaborar, a trav\u00e9s de ellas, en la tarea de encontrar una soluci\u00f3n al problema de la bipolaridad que padecemos quienes vivimos la \u00e9poca, y que hoy algunos sectores han conseguido transmitir a sus propios hijos.<br>Adem\u00e1s, tambi\u00e9n s\u00e9 que casi todos conocen mi pertenencia a una familia de raigambre militar, y que yo mismo he pasado por las instituciones castrenses.<br>Luego de esa breve introducci\u00f3n corresponde, entonces, entrar en el meollo de estas reflexiones.<\/p>\n\n\n\n<p>Pese a cuanto hoy puedan decir los medios y, sobre todo, la propaganda oficial y los organismos de derechos humanos, el golpe del \u201976 no solamente fue esperado y conocido por toda la gente medianamente informada, sino apoyado por una enorme proporci\u00f3n de la poblaci\u00f3n, harta de los desmanes de la guerrilla y, en especial, de la triste AAA, de quien nadie ignoraba su dependencia del Ministerio de Bienestar Social, a cargo del nefasto L\u00f3pez Rega.<br>Para evitar futuras tentativas de desacreditaci\u00f3n, confieso que, en los a\u00f1os previos al golpe, no solamente fui funcionario del reci\u00e9n creado PAMI, sino que colabor\u00e9 en la gesti\u00f3n de la Universidad de Buenos Aires cuando, para evitar que \u00e9sta continuara en manos de los subversivos y fuera recuperada por y para el Pa\u00eds, se design\u00f3 como rector a un energ\u00fameno (Ottalagano); lamentablemente, los m\u00e9todos con los cuales se intent\u00f3 esa labor fueron absolutamente inmorales.<br>Entrando, ahora s\u00ed, en el tema de estas l\u00edneas, digo que las Fuerzas Armadas cometieron, como corporaci\u00f3n, todos los errores imaginables, a partir de 1976 y agravados despu\u00e9s de 1983, cuando volvi\u00f3 la democracia a la Argentina.<br>Y digo eso por varias razones.<br>Refiri\u00e9ndome al tema de la represi\u00f3n, que era innegablemente necesaria e imprescindible, el montaje de un ya indiscutible plan general para \u2018desaparecer\u2019 a los subversivos \u2013y, en muchos casos, a gente que no ten\u00eda nada que ver- no puede ser m\u00e1s que repudiado y condenado por cualquiera que crea que existen medios sanctos para llevar adelante ese tipo de luchas. Y carece de sentido discutir cu\u00e1ntos fueron esos desaparecidos, ya que se tratara de cien o de treinta mil, el crimen ser\u00eda menos reiterado pero id\u00e9ntico.<br>En los \u00faltimos treinta a\u00f1os, no he conseguido que ning\u00fan militar de entonces, ni quienes a\u00fan hoy son ac\u00e9rrimos defensores del Proceso de Reorganizaci\u00f3n Nacional, me explicara con claridad cu\u00e1les fueron las razones, o la necesidad, de adoptar una pol\u00edtica de tama\u00f1a irracionalidad.<br>Recuerdo que mis parientes italianos me contaron que, cuando fue secuestrado Aldo Moro, el jefe de los Carabinieri fue a ver al Primer Ministro de entonces para decirle que hab\u00edan detenido a un sospechoso de haber participado en el crimen pero, que si no se lo torturaba, no podr\u00edan obtenerse de \u00e9l datos que permitieran esclarecerlo y, por ende, encontrar a Moro. La respuesta al pedido de autorizaci\u00f3n para apartarse tan gravemente de la Ley fue: \u201cItalia puede permitirse perder a Moro, pero no puede permitirse torturar a un detenido\u201d; eventualmente, Moro fue encontrado luego muerto. Sin embargo, Italia consigui\u00f3 terminar con las terribles Brigate Rosse con la Ley y la Justicia en la mano.<br>Tambi\u00e9n recuerdo que el propio Francisco Franco, ya terminada la Guerra Civil en Espa\u00f1a, fusilaba a mansalva pero, cada d\u00eda, al menos publicaba la lista de los muertos con su firma.<br>A partir de 1976, las Fuerzas Armadas no solamente olvidaron la Ley sino que, en nombre de una peregrina teor\u00eda de la seguridad continental y del necesario secreto impuesto por las cr\u00edticas internacionales a la represi\u00f3n de Pinochet en Chile, optaron por torturar y \u2018desaparecer\u2019 no solamente a los guerrilleros y a sus adherentes y colaboradores, sino tambi\u00e9n a los dirigentes sindicales y estudiantiles d\u00edscolos, a los abogados defensores de los presos y detenidos pol\u00edticos, a los educadores que fueran sospechados de impartir una educaci\u00f3n o unas teor\u00edas diferentes, a muchos por \u2018error\u2019, etc., etc., etc.<\/p>\n\n\n\n<p>En quienes vivimos esa \u00e9poca, seguramente quedar\u00e1, adem\u00e1s, el recuerdo de los negociados que realizaron Massera y Lacoste con las obras preparatorias del campeonato mundial de f\u00fatbol de 1978 o las concretadas con armamentos cuando casi entramos en guerra con Chile.<br>Pero he constatado que casi nadie se acuerda que, cuando Bignone le entreg\u00f3 la banda presidencial a Alfons\u00edn, Massera ya estaba preso \u2013enviado a la c\u00e1rcel por sus propios pares- acusado de la muerte de Branca, en la ocasi\u00f3n marido de su amante, para robar sus bienes.<br>Un p\u00e1rrafo aparte merece el otro plan, tambi\u00e9n ya innegable por la recurrencia de procedimientos y m\u00e9todos en todo el Pa\u00eds, de apropiaci\u00f3n de hijos de los \u2018desaparecidos\u2019. Nada en el mundo, por muy peregrina y descolgada que sea la justificaci\u00f3n que se intente, puede evitar nuestra repulsi\u00f3n frente a esto, ni evitar que pidamos la condena m\u00e1s firme y severa a quienes llevaron adelante esas acciones planificadas y a quienes terminaron recibiendo \u2013y, en la mayor\u00eda de los casos, resultando padres fant\u00e1sticos de ellos- a los reci\u00e9n nacidos.<br>Finalmente, cabe que me refiera \u2013muy brevemente, por cierto- a la pol\u00edtica econ\u00f3mica aplicada \u2013a fuerza de golpes, torturas y muertes contra quienes se opon\u00edan a ella- por el Proceso.<br>Hoy, que he devenido en \u2018neo-liberal\u2019, recuerdo que, al o\u00edr a Mart\u00ednez de Hoz hablar por la cadena de radio y televisi\u00f3n el 2 de abril de 1976, \u2018predije\u2019 a todos quienes asist\u00edan en mi casa al discurso pr\u00e1cticamente todo lo que iba a pasar en el futuro, ya que el nuevo Ministro hab\u00eda sido mi profesor de Derecho Agrario en la facultad y, desde la c\u00e1tedra, hab\u00eda sostenido cuanto despu\u00e9s aplic\u00f3. Y, con ello, conden\u00f3 al liberalismo \u2013sin haberlo aplicado nunca- a la vindicta social y pol\u00edtica en la Argentina.<br>No es el lugar para analizar \u2013por lo dem\u00e1s, ya ha sido hecho- las nefastas consecuencias de la pol\u00edtica de Mart\u00ednez de Hoz, que \u2018vendi\u00f3\u2019 sus teor\u00edas a las Fuerzas Armadas, que las compraron \u2018en paquete\u2019 debido a su supina ignorancia sobre temas tales como la econom\u00eda y la geopol\u00edtica.<br>Pero s\u00ed puede mencionar que otros procesos militares contempor\u00e1neos al nuestro, l\u00e9ase el brasile\u00f1o o el chileno, al menos establecieron las bases y las reglas que hicieron a sus pa\u00edses superar a la Argentina en poco tiempo, y transformarse en los l\u00edderes de Am\u00e9rica del Sur, mientras que nuestros soldados apoyaron y sostuvieron, con sus bayonetas, a economistas que arrasaron con la industria y el empleo.<br>Tampoco \u2013brevitatis causa- puedo dedicar m\u00e1s que un comentario a la terrible experiencia que signific\u00f3 la Guerra de Malvinas que, no por falta de genuinos motivos hist\u00f3ricos, fue desencadenada exclusivamente para tratar de frenar la ca\u00edda en picada del r\u00e9gimen militar. Y represent\u00f3 el mayor de los fracasos del Proceso, precisamente en el terreno militar.<\/p>\n\n\n\n<p>En conclusi\u00f3n, sostengo que hab\u00eda que terminar con el desastroso gobierno de Mar\u00eda Estela Mart\u00ednez de Per\u00f3n, y que todos llamamos a las Fuerzas Armadas para ocuparse de esa tarea, que conllevaba la eliminaci\u00f3n del accionar de las organizaciones guerrilleras (no de los guerrilleros), fueran \u00e9stas de derecha o de izquierda.<br>Tambi\u00e9n sostengo que quienes comandaron las Fuerzas Armadas de entonces \u2013l\u00e9ase Videla, Massera, Agosti, Lambruschini, Viola, Galtieri, etc.- se convirtieron, sobre todo por estupidez e imbecilidad (salvo en algunos casos extremos, en que lo hicieron por ser ladrones y corruptos) en los mayores criminales de la historia de nuestro Pa\u00eds. Y, por a\u00f1adidura, fueron cobardes, ya que negaron hasta el hartazgo la existencia de esos planes, y las instrucciones a los cuadros inferiores que de ellos de derivaba, sin defender a sus subordinados asumiendo la totalidad de la culpa.<br>Es falso sostener que no exist\u00edan otros m\u00e9todos para combatir los cr\u00edmenes de la guerrilla \u2013combate, por cierto, justificado e inevitable- pero es inmoral concluir que fue justo y razonable utilizar la metodolog\u00eda de \u00e9sta para ello. Tan falso como sostener que las Fuerzas Armadas en su conjunto fueron un hato de criminales que, sin causa alguna, se sintieron obligados a destruir a las organizaciones guerrilleras.<\/p>\n\n\n\n<p>Y, ahora s\u00ed, mi reflexi\u00f3n.<br>Lamentablemente, esa estupidez e imbecilidad se contagi\u00f3 a los mandos que sucedieron a los integrantes de las juntas militares, y los llev\u00f3 a abroquelarse y a actuar, como corporaci\u00f3n, en una cerrada defensa de lo indefendible.<br>Otro hubiera sido, a partir de 1983, el futuro de nuestra Patria si las Fuerzas Armadas hubieran contribuido a la investigaci\u00f3n de los cr\u00edmenes (que, recordemos, cometen las personas, no las organizaciones a las que pertenecen) de esos siniestros \u2018se\u00f1ores de la vida y de la muerte\u2019, permitiendo sin hesitar su juzgamiento y posible condena.<br>Sin embargo, la actitud de las Fuerzas fue corporativa, de confusi\u00f3n y de \u2018ofensa\u2019 frente a la \u2018ingratitud\u2019 de la sociedad ante quienes hab\u00edan puesto sus vidas al servicio de lo que cre\u00edan era indispensable para el Pa\u00eds, respondiendo con ello a las \u00f3rdenes recibidas de sus superiores; es decir, englobando la heroica actitud de los j\u00f3venes, fueran \u00e9stos oficiales, suboficiales o tropa, con el deleznable proceder de los jefes y oficiales superiores.<\/p>\n\n\n\n<p>Hoy, los perdedores de la batalla han ganado, innegablemente, la guerra. Basta para comprobarlo la imbricaci\u00f3n de los ex-guerrilleros en todas las esferas del poder, se trate de sus \u00f3rganos gubernamentales, de su prensa, de sus organismos de derechos humanos, etc., y la permanente y festejada exhibici\u00f3n de sus s\u00edmbolos.<br>Y de esa derrota de las Fuerzas Armadas (y, con ellas, de la Patria) s\u00f3lo puede culparse a ellas mismas. Lo tr\u00e1gico es que la estupidez y la imbecilidad de su conducta post-democracia ha condenado al fracaso al futuro inmediato de la Argentina.<br><br><small>Copyright \u00a9 2008 ElCanillita.info \/ BlogDiario.info &#8211; SalaStampa.Eu, servicio mundial de prensa<\/small><\/p>\n","protected":false},"excerpt":{"rendered":"<p>En quienes vivimos esa \u00e9poca, seguramente quedar\u00e1, adem\u00e1s, el recuerdo de los negociados que realizaron Massera y Lacoste &#8212;<\/p>\n","protected":false},"author":1,"featured_media":0,"comment_status":"closed","ping_status":"closed","sticky":false,"template":"","format":"standard","meta":{"footnotes":"","_links_to":"","_links_to_target":""},"categories":[11,47,23],"tags":[29],"class_list":["post-3740","post","type-post","status-publish","format-standard","hentry","category-america-del-sur","category-etiologia","category-politica","tag-argentina","entry","double"],"yoast_head":"<!-- This site is optimized with the Yoast SEO plugin v27.4 - https:\/\/yoast.com\/product\/yoast-seo-wordpress\/ -->\n<title>En ocasi\u00f3n de los treinta a\u00f1os del golpe ... - ElCanillita.Info<\/title>\n<meta name=\"description\" content=\"En quienes vivimos esa \u00e9poca, seguramente quedar\u00e1, adem\u00e1s, el recuerdo de los negociados que realizaron Massera y Lacoste ...\" \/>\n<meta name=\"robots\" content=\"index, follow, max-snippet:-1, max-image-preview:large, max-video-preview:-1\" \/>\n<link rel=\"canonical\" href=\"https:\/\/elcanillita.info\/press\/2008\/06\/07\/en-ocasion-de-los-treinta-anos-del-golpe\/\" \/>\n<meta property=\"og:locale\" content=\"es_ES\" \/>\n<meta property=\"og:type\" content=\"article\" \/>\n<meta property=\"og:title\" content=\"En ocasi\u00f3n de los treinta a\u00f1os del golpe ... - ElCanillita.Info\" \/>\n<meta property=\"og:description\" content=\"En quienes vivimos esa \u00e9poca, seguramente quedar\u00e1, adem\u00e1s, el recuerdo de los negociados que realizaron Massera y Lacoste ...\" \/>\n<meta property=\"og:url\" content=\"https:\/\/elcanillita.info\/press\/2008\/06\/07\/en-ocasion-de-los-treinta-anos-del-golpe\/\" \/>\n<meta property=\"og:site_name\" content=\"ElCanillita.Info\" \/>\n<meta property=\"article:publisher\" content=\"https:\/\/ar-ar.facebook.com\/ElCanillitainfo-114249515285712\/\" \/>\n<meta property=\"article:published_time\" content=\"2008-06-07T08:08:00+00:00\" \/>\n<meta property=\"article:modified_time\" content=\"2023-09-14T08:19:30+00:00\" \/>\n<meta name=\"author\" content=\"SalaStampa.eu, world press service\" \/>\n<meta name=\"twitter:card\" content=\"summary_large_image\" \/>\n<meta name=\"twitter:label1\" content=\"Escrito por\" \/>\n\t<meta name=\"twitter:data1\" content=\"SalaStampa.eu, world press service\" \/>\n\t<meta name=\"twitter:label2\" content=\"Tiempo de lectura\" \/>\n\t<meta name=\"twitter:data2\" content=\"8 minutos\" \/>\n<script type=\"application\/ld+json\" class=\"yoast-schema-graph\">{\"@context\":\"https:\\\/\\\/schema.org\",\"@graph\":[{\"@type\":\"Article\",\"@id\":\"https:\\\/\\\/elcanillita.info\\\/press\\\/2008\\\/06\\\/07\\\/en-ocasion-de-los-treinta-anos-del-golpe\\\/#article\",\"isPartOf\":{\"@id\":\"https:\\\/\\\/elcanillita.info\\\/press\\\/2008\\\/06\\\/07\\\/en-ocasion-de-los-treinta-anos-del-golpe\\\/\"},\"author\":{\"name\":\"SalaStampa.eu, world press service\",\"@id\":\"https:\\\/\\\/elcanillita.info\\\/press\\\/#\\\/schema\\\/person\\\/7fcb79f38045700919f7da6d97e71ba0\"},\"headline\":\"En ocasi\u00f3n de los treinta a\u00f1os del golpe &#8230;\",\"datePublished\":\"2008-06-07T08:08:00+00:00\",\"dateModified\":\"2023-09-14T08:19:30+00:00\",\"mainEntityOfPage\":{\"@id\":\"https:\\\/\\\/elcanillita.info\\\/press\\\/2008\\\/06\\\/07\\\/en-ocasion-de-los-treinta-anos-del-golpe\\\/\"},\"wordCount\":1755,\"publisher\":{\"@id\":\"https:\\\/\\\/elcanillita.info\\\/press\\\/#organization\"},\"keywords\":[\"Argentina\"],\"articleSection\":[\"Am\u00e9rica del Sur\",\"Etiologia\",\"Politica\"],\"inLanguage\":\"es-AR\"},{\"@type\":\"WebPage\",\"@id\":\"https:\\\/\\\/elcanillita.info\\\/press\\\/2008\\\/06\\\/07\\\/en-ocasion-de-los-treinta-anos-del-golpe\\\/\",\"url\":\"https:\\\/\\\/elcanillita.info\\\/press\\\/2008\\\/06\\\/07\\\/en-ocasion-de-los-treinta-anos-del-golpe\\\/\",\"name\":\"En ocasi\u00f3n de los treinta a\u00f1os del golpe ... - ElCanillita.Info\",\"isPartOf\":{\"@id\":\"https:\\\/\\\/elcanillita.info\\\/press\\\/#website\"},\"datePublished\":\"2008-06-07T08:08:00+00:00\",\"dateModified\":\"2023-09-14T08:19:30+00:00\",\"description\":\"En quienes vivimos esa \u00e9poca, seguramente quedar\u00e1, adem\u00e1s, el recuerdo de los negociados que realizaron Massera y Lacoste ...\",\"inLanguage\":\"es-AR\",\"potentialAction\":[{\"@type\":\"ReadAction\",\"target\":[\"https:\\\/\\\/elcanillita.info\\\/press\\\/2008\\\/06\\\/07\\\/en-ocasion-de-los-treinta-anos-del-golpe\\\/\"]}]},{\"@type\":\"WebSite\",\"@id\":\"https:\\\/\\\/elcanillita.info\\\/press\\\/#website\",\"url\":\"https:\\\/\\\/elcanillita.info\\\/press\\\/\",\"name\":\"ElCanillita.Info\",\"description\":\"desde los Apeninos a los Andes\",\"publisher\":{\"@id\":\"https:\\\/\\\/elcanillita.info\\\/press\\\/#organization\"},\"potentialAction\":[{\"@type\":\"SearchAction\",\"target\":{\"@type\":\"EntryPoint\",\"urlTemplate\":\"https:\\\/\\\/elcanillita.info\\\/press\\\/?s={search_term_string}\"},\"query-input\":{\"@type\":\"PropertyValueSpecification\",\"valueRequired\":true,\"valueName\":\"search_term_string\"}}],\"inLanguage\":\"es-AR\"},{\"@type\":\"Organization\",\"@id\":\"https:\\\/\\\/elcanillita.info\\\/press\\\/#organization\",\"name\":\"Guzzo Photos & Graphic Publications\",\"url\":\"https:\\\/\\\/elcanillita.info\\\/press\\\/\",\"logo\":{\"@type\":\"ImageObject\",\"inLanguage\":\"es-AR\",\"@id\":\"https:\\\/\\\/elcanillita.info\\\/press\\\/#\\\/schema\\\/logo\\\/image\\\/\",\"url\":\"https:\\\/\\\/elcanillita.info\\\/press\\\/images\\\/2020\\\/01\\\/cropped-cropped-cropped-elcanillitainfo.png\",\"contentUrl\":\"https:\\\/\\\/elcanillita.info\\\/press\\\/images\\\/2020\\\/01\\\/cropped-cropped-cropped-elcanillitainfo.png\",\"width\":460,\"height\":50,\"caption\":\"Guzzo Photos & Graphic Publications\"},\"image\":{\"@id\":\"https:\\\/\\\/elcanillita.info\\\/press\\\/#\\\/schema\\\/logo\\\/image\\\/\"},\"sameAs\":[\"https:\\\/\\\/ar-ar.facebook.com\\\/ElCanillitainfo-114249515285712\\\/\"]},{\"@type\":\"Person\",\"@id\":\"https:\\\/\\\/elcanillita.info\\\/press\\\/#\\\/schema\\\/person\\\/7fcb79f38045700919f7da6d97e71ba0\",\"name\":\"SalaStampa.eu, world press service\",\"image\":{\"@type\":\"ImageObject\",\"inLanguage\":\"es-AR\",\"@id\":\"https:\\\/\\\/secure.gravatar.com\\\/avatar\\\/c2f0e0d515a107624234994507816ca4724c7199cef73fc8bedebf6931d73888?s=96&d=mm&r=g\",\"url\":\"https:\\\/\\\/secure.gravatar.com\\\/avatar\\\/c2f0e0d515a107624234994507816ca4724c7199cef73fc8bedebf6931d73888?s=96&d=mm&r=g\",\"contentUrl\":\"https:\\\/\\\/secure.gravatar.com\\\/avatar\\\/c2f0e0d515a107624234994507816ca4724c7199cef73fc8bedebf6931d73888?s=96&d=mm&r=g\",\"caption\":\"SalaStampa.eu, world press service\"}}]}<\/script>\n<!-- \/ Yoast SEO plugin. -->","yoast_head_json":{"title":"En ocasi\u00f3n de los treinta a\u00f1os del golpe ... - ElCanillita.Info","description":"En quienes vivimos esa \u00e9poca, seguramente quedar\u00e1, adem\u00e1s, el recuerdo de los negociados que realizaron Massera y Lacoste ...","robots":{"index":"index","follow":"follow","max-snippet":"max-snippet:-1","max-image-preview":"max-image-preview:large","max-video-preview":"max-video-preview:-1"},"canonical":"https:\/\/elcanillita.info\/press\/2008\/06\/07\/en-ocasion-de-los-treinta-anos-del-golpe\/","og_locale":"es_ES","og_type":"article","og_title":"En ocasi\u00f3n de los treinta a\u00f1os del golpe ... - ElCanillita.Info","og_description":"En quienes vivimos esa \u00e9poca, seguramente quedar\u00e1, adem\u00e1s, el recuerdo de los negociados que realizaron Massera y Lacoste ...","og_url":"https:\/\/elcanillita.info\/press\/2008\/06\/07\/en-ocasion-de-los-treinta-anos-del-golpe\/","og_site_name":"ElCanillita.Info","article_publisher":"https:\/\/ar-ar.facebook.com\/ElCanillitainfo-114249515285712\/","article_published_time":"2008-06-07T08:08:00+00:00","article_modified_time":"2023-09-14T08:19:30+00:00","author":"SalaStampa.eu, world press service","twitter_card":"summary_large_image","twitter_misc":{"Escrito por":"SalaStampa.eu, world press service","Tiempo de lectura":"8 minutos"},"schema":{"@context":"https:\/\/schema.org","@graph":[{"@type":"Article","@id":"https:\/\/elcanillita.info\/press\/2008\/06\/07\/en-ocasion-de-los-treinta-anos-del-golpe\/#article","isPartOf":{"@id":"https:\/\/elcanillita.info\/press\/2008\/06\/07\/en-ocasion-de-los-treinta-anos-del-golpe\/"},"author":{"name":"SalaStampa.eu, world press service","@id":"https:\/\/elcanillita.info\/press\/#\/schema\/person\/7fcb79f38045700919f7da6d97e71ba0"},"headline":"En ocasi\u00f3n de los treinta a\u00f1os del golpe &#8230;","datePublished":"2008-06-07T08:08:00+00:00","dateModified":"2023-09-14T08:19:30+00:00","mainEntityOfPage":{"@id":"https:\/\/elcanillita.info\/press\/2008\/06\/07\/en-ocasion-de-los-treinta-anos-del-golpe\/"},"wordCount":1755,"publisher":{"@id":"https:\/\/elcanillita.info\/press\/#organization"},"keywords":["Argentina"],"articleSection":["Am\u00e9rica del Sur","Etiologia","Politica"],"inLanguage":"es-AR"},{"@type":"WebPage","@id":"https:\/\/elcanillita.info\/press\/2008\/06\/07\/en-ocasion-de-los-treinta-anos-del-golpe\/","url":"https:\/\/elcanillita.info\/press\/2008\/06\/07\/en-ocasion-de-los-treinta-anos-del-golpe\/","name":"En ocasi\u00f3n de los treinta a\u00f1os del golpe ... - ElCanillita.Info","isPartOf":{"@id":"https:\/\/elcanillita.info\/press\/#website"},"datePublished":"2008-06-07T08:08:00+00:00","dateModified":"2023-09-14T08:19:30+00:00","description":"En quienes vivimos esa \u00e9poca, seguramente quedar\u00e1, adem\u00e1s, el recuerdo de los negociados que realizaron Massera y Lacoste ...","inLanguage":"es-AR","potentialAction":[{"@type":"ReadAction","target":["https:\/\/elcanillita.info\/press\/2008\/06\/07\/en-ocasion-de-los-treinta-anos-del-golpe\/"]}]},{"@type":"WebSite","@id":"https:\/\/elcanillita.info\/press\/#website","url":"https:\/\/elcanillita.info\/press\/","name":"ElCanillita.Info","description":"desde los Apeninos a los Andes","publisher":{"@id":"https:\/\/elcanillita.info\/press\/#organization"},"potentialAction":[{"@type":"SearchAction","target":{"@type":"EntryPoint","urlTemplate":"https:\/\/elcanillita.info\/press\/?s={search_term_string}"},"query-input":{"@type":"PropertyValueSpecification","valueRequired":true,"valueName":"search_term_string"}}],"inLanguage":"es-AR"},{"@type":"Organization","@id":"https:\/\/elcanillita.info\/press\/#organization","name":"Guzzo Photos & Graphic Publications","url":"https:\/\/elcanillita.info\/press\/","logo":{"@type":"ImageObject","inLanguage":"es-AR","@id":"https:\/\/elcanillita.info\/press\/#\/schema\/logo\/image\/","url":"https:\/\/elcanillita.info\/press\/images\/2020\/01\/cropped-cropped-cropped-elcanillitainfo.png","contentUrl":"https:\/\/elcanillita.info\/press\/images\/2020\/01\/cropped-cropped-cropped-elcanillitainfo.png","width":460,"height":50,"caption":"Guzzo Photos & Graphic Publications"},"image":{"@id":"https:\/\/elcanillita.info\/press\/#\/schema\/logo\/image\/"},"sameAs":["https:\/\/ar-ar.facebook.com\/ElCanillitainfo-114249515285712\/"]},{"@type":"Person","@id":"https:\/\/elcanillita.info\/press\/#\/schema\/person\/7fcb79f38045700919f7da6d97e71ba0","name":"SalaStampa.eu, world press service","image":{"@type":"ImageObject","inLanguage":"es-AR","@id":"https:\/\/secure.gravatar.com\/avatar\/c2f0e0d515a107624234994507816ca4724c7199cef73fc8bedebf6931d73888?s=96&d=mm&r=g","url":"https:\/\/secure.gravatar.com\/avatar\/c2f0e0d515a107624234994507816ca4724c7199cef73fc8bedebf6931d73888?s=96&d=mm&r=g","contentUrl":"https:\/\/secure.gravatar.com\/avatar\/c2f0e0d515a107624234994507816ca4724c7199cef73fc8bedebf6931d73888?s=96&d=mm&r=g","caption":"SalaStampa.eu, world press service"}}]}},"views":367,"_links":{"self":[{"href":"https:\/\/elcanillita.info\/press\/wp-json\/wp\/v2\/posts\/3740","targetHints":{"allow":["GET"]}}],"collection":[{"href":"https:\/\/elcanillita.info\/press\/wp-json\/wp\/v2\/posts"}],"about":[{"href":"https:\/\/elcanillita.info\/press\/wp-json\/wp\/v2\/types\/post"}],"author":[{"embeddable":true,"href":"https:\/\/elcanillita.info\/press\/wp-json\/wp\/v2\/users\/1"}],"replies":[{"embeddable":true,"href":"https:\/\/elcanillita.info\/press\/wp-json\/wp\/v2\/comments?post=3740"}],"version-history":[{"count":0,"href":"https:\/\/elcanillita.info\/press\/wp-json\/wp\/v2\/posts\/3740\/revisions"}],"wp:attachment":[{"href":"https:\/\/elcanillita.info\/press\/wp-json\/wp\/v2\/media?parent=3740"}],"wp:term":[{"taxonomy":"category","embeddable":true,"href":"https:\/\/elcanillita.info\/press\/wp-json\/wp\/v2\/categories?post=3740"},{"taxonomy":"post_tag","embeddable":true,"href":"https:\/\/elcanillita.info\/press\/wp-json\/wp\/v2\/tags?post=3740"}],"curies":[{"name":"wp","href":"https:\/\/api.w.org\/{rel}","templated":true}]}}