{"id":374,"date":"2020-02-06T15:01:11","date_gmt":"2020-02-06T18:01:11","guid":{"rendered":"https:\/\/elcanillita.info\/press\/?p=374"},"modified":"2020-02-06T15:01:14","modified_gmt":"2020-02-06T18:01:14","slug":"gobierno-espanol-niega-conversacion-sanchez-delcy-rodriguez","status":"publish","type":"post","link":"https:\/\/elcanillita.info\/press\/2020\/02\/06\/gobierno-espanol-niega-conversacion-sanchez-delcy-rodriguez\/","title":{"rendered":"Gobierno espa\u00f1ol niega conversaci\u00f3n entre S\u00e1nchez y Delcy Rodr\u00edguez"},"content":{"rendered":"\n<p>Madrid, 06.02.2020 &#8211; El gobierno de Espa\u00f1a inform\u00f3 el jueves,&nbsp;a trav\u00e9s de un&nbsp;comunicado, que es &#8220;absolutamente falso&#8221; que el presidente&nbsp;Pedro S\u00e1nchez, haya hablado con&nbsp; con la vicepresidenta venezolana del gobierno en disputa, Delcy Rodr\u00edguez, mientras la funcionaria se encontraba en el aeropuerto de Barajas, en Madrid.<\/p>\n\n\n\n<p>De esta manera niegan la versi\u00f3n publicada por el peri\u00f3dico ABC, de Espa\u00f1a, que afirma que&nbsp;Rodr\u00edguez le exigi\u00f3 S\u00e1nchez no recibir al presidente encargado de Venezuela, Juan Guaid\u00f3, en su pa\u00eds.<\/p>\n\n\n\n<p>Seg\u00fan la publicaci\u00f3n de ABC, en la madrugada del 20 de enero, el secretario de Organizaci\u00f3n del PSOE,&nbsp;Jos\u00e9 Luis \u00c1balos, se reuni\u00f3 con la vicepresidenta, en el aeropuerto de la capital espa\u00f1ola, donde -seg\u00fan fuentes de la oposici\u00f3n y de la vicepresidenta venezolana- el medio espa\u00f1ol&nbsp;conoci\u00f3 que&nbsp; \u00c1balos &#8220;que estaba muy nervioso y apurado por lo delicado de la situaci\u00f3n, llam\u00f3 desde su m\u00f3vil personal al presidente del Gobierno,&nbsp;Pedro S\u00e1nchez&#8221; y, desde all\u00ed, le permiti\u00f3 hablar con Rodr\u00edguez.<\/p>\n\n\n\n<p>El medio tambi\u00e9n segura que fue una conversaci\u00f3n breve y que Rodr\u00edguez le dijo que si recib\u00eda a Guaid\u00f3, &#8220;no vamos a poder avanzar&#8221;, cita ABC.<\/p>\n\n\n\n<p>Incluso, dice el peri\u00f3dico, la vicepresidenta en disputa le manifest\u00f3 su molestia de la presencia del opositor&nbsp;Leopoldo L\u00f3pez,&nbsp;en la residencia del embajador espa\u00f1ol, en Caracas.<\/p>\n\n\n\n<p>Finalmente, dice ABC, habr\u00edan hablado sobre c\u00f3mo mantener&nbsp;la&nbsp;presencia de la petrolera espa\u00f1ola Repsol en Venezuela.<\/p>\n\n\n\n<p>Tras conocer la noticia, el l\u00edder de la oposici\u00f3n en el parlamento espa\u00f1ol, Pablo Casado, ha exigido la comparecencia&nbsp;de S\u00e1nchez en el Congreso, para que aclare si habl\u00f3 con&nbsp; Rodr\u00edguez.<\/p>\n\n\n\n<p>El l\u00edder dijo que, si se confirma la conversaci\u00f3n, S\u00e1nchez habr\u00eda vulnerado &#8220;directa y personalmente&#8221; las directrices de la Uni\u00f3n Europea respecto a Rodr\u00edguez, inform\u00f3 La Vanguardia.<\/p>\n\n\n\n<p>&#8220;\u00bfQu\u00e9 oculta el Gobierno? Porque no creo que a ning\u00fan ministro le apetezca ir a medianoche a un aeropuerto y apuntar a sus compa\u00f1eros de Interior y de Defensa y a un pobre polic\u00eda&#8221;, apunt\u00f3 Casado.<\/p>\n\n\n\n<p>Pablo Casado, tambi\u00e9n hab\u00eda pedido el \u201ccese inmediato\u201d del ministro&nbsp;\u00c1balos por haberse reunido con Rodr\u00edguez. Incluso, anunci\u00f3 &#8220;medidas judiciales&#8221; contra el mismo.<\/p>\n\n\n\n<p>El presidente encargado de Venezuela Juan Guaid\u00f3 visit\u00f3 Espa\u00f1a, el&nbsp;25 de enero y fue recibido por la ministra de Asuntos Exteriores de Espa\u00f1a, Arancha Gonz\u00e1lez Laya. Espa\u00f1a reconoce a Guaid\u00f3 como presidente encargado.<br><br>\n<small>2020 voanoticias \u2013 salastampa.eu, afiliada a la red Broadcasting Board of Governors \u00a9 2020 BBG<\/small><\/p>\n\n\n\n<p><\/p>\n","protected":false},"excerpt":{"rendered":"<p>Madrid, 06.02.2020 &#8211; El gobierno de Espa\u00f1a inform\u00f3 el jueves, a trav\u00e9s de un comunicado, que es &#8220;absolutamente falso&#8221; que el presidente Pedro S\u00e1nchez, haya hablado con  con la vicepresidenta venezolana del gobierno en disputa, Delcy Rodr\u00edguez, mientras la funcionaria se encontraba en el aeropuerto de Barajas, en Madrid.<\/p>\n","protected":false},"author":1,"featured_media":0,"comment_status":"closed","ping_status":"closed","sticky":false,"template":"","format":"standard","meta":{"footnotes":"","_links_to":"","_links_to_target":""},"categories":[70,5,23,25],"tags":[71],"class_list":["post-374","post","type-post","status-publish","format-standard","hentry","category-actualidad","category-europa","category-politica","category-sociedad","tag-espana","entry","double"],"yoast_head":"<!-- This site is optimized with the Yoast SEO plugin v27.5 - https:\/\/yoast.com\/product\/yoast-seo-wordpress\/ -->\n<title>Gobierno espa\u00f1ol niega conversaci\u00f3n entre S\u00e1nchez y Delcy Rodr\u00edguez - ElCanillita.Info<\/title>\n<meta name=\"robots\" content=\"index, follow, max-snippet:-1, max-image-preview:large, max-video-preview:-1\" \/>\n<link rel=\"canonical\" href=\"https:\/\/elcanillita.info\/press\/2020\/02\/06\/gobierno-espanol-niega-conversacion-sanchez-delcy-rodriguez\/\" \/>\n<meta property=\"og:locale\" content=\"es_ES\" \/>\n<meta property=\"og:type\" content=\"article\" \/>\n<meta property=\"og:title\" content=\"Gobierno espa\u00f1ol niega conversaci\u00f3n entre S\u00e1nchez y Delcy Rodr\u00edguez - ElCanillita.Info\" \/>\n<meta property=\"og:description\" content=\"Madrid, 06.02.2020 - El gobierno de Espa\u00f1a inform\u00f3 el jueves, a trav\u00e9s de un comunicado, que es &quot;absolutamente falso&quot; que el presidente Pedro S\u00e1nchez, haya hablado con con la vicepresidenta venezolana del gobierno en disputa, Delcy Rodr\u00edguez, mientras la funcionaria se encontraba en el aeropuerto de Barajas, en Madrid.\" \/>\n<meta property=\"og:url\" content=\"https:\/\/elcanillita.info\/press\/2020\/02\/06\/gobierno-espanol-niega-conversacion-sanchez-delcy-rodriguez\/\" \/>\n<meta property=\"og:site_name\" content=\"ElCanillita.Info\" \/>\n<meta property=\"article:publisher\" content=\"https:\/\/ar-ar.facebook.com\/ElCanillitainfo-114249515285712\/\" \/>\n<meta property=\"article:published_time\" content=\"2020-02-06T18:01:11+00:00\" \/>\n<meta property=\"article:modified_time\" content=\"2020-02-06T18:01:14+00:00\" \/>\n<meta name=\"author\" content=\"SalaStampa.eu, world press service\" \/>\n<meta name=\"twitter:card\" content=\"summary_large_image\" \/>\n<meta name=\"twitter:label1\" content=\"Escrito por\" \/>\n\t<meta name=\"twitter:data1\" content=\"SalaStampa.eu, world press service\" \/>\n\t<meta name=\"twitter:label2\" content=\"Tiempo de lectura\" \/>\n\t<meta name=\"twitter:data2\" content=\"2 minutos\" \/>\n<script type=\"application\/ld+json\" class=\"yoast-schema-graph\">{\"@context\":\"https:\\\/\\\/schema.org\",\"@graph\":[{\"@type\":\"Article\",\"@id\":\"https:\\\/\\\/elcanillita.info\\\/press\\\/2020\\\/02\\\/06\\\/gobierno-espanol-niega-conversacion-sanchez-delcy-rodriguez\\\/#article\",\"isPartOf\":{\"@id\":\"https:\\\/\\\/elcanillita.info\\\/press\\\/2020\\\/02\\\/06\\\/gobierno-espanol-niega-conversacion-sanchez-delcy-rodriguez\\\/\"},\"author\":{\"name\":\"SalaStampa.eu, world press service\",\"@id\":\"https:\\\/\\\/elcanillita.info\\\/press\\\/#\\\/schema\\\/person\\\/7fcb79f38045700919f7da6d97e71ba0\"},\"headline\":\"Gobierno espa\u00f1ol niega conversaci\u00f3n entre S\u00e1nchez y Delcy Rodr\u00edguez\",\"datePublished\":\"2020-02-06T18:01:11+00:00\",\"dateModified\":\"2020-02-06T18:01:14+00:00\",\"mainEntityOfPage\":{\"@id\":\"https:\\\/\\\/elcanillita.info\\\/press\\\/2020\\\/02\\\/06\\\/gobierno-espanol-niega-conversacion-sanchez-delcy-rodriguez\\\/\"},\"wordCount\":474,\"publisher\":{\"@id\":\"https:\\\/\\\/elcanillita.info\\\/press\\\/#organization\"},\"keywords\":[\"Espa\u00f1a\"],\"articleSection\":[\"Actualidad\",\"Europa\",\"Politica\",\"Sociedad\"],\"inLanguage\":\"es-AR\"},{\"@type\":\"WebPage\",\"@id\":\"https:\\\/\\\/elcanillita.info\\\/press\\\/2020\\\/02\\\/06\\\/gobierno-espanol-niega-conversacion-sanchez-delcy-rodriguez\\\/\",\"url\":\"https:\\\/\\\/elcanillita.info\\\/press\\\/2020\\\/02\\\/06\\\/gobierno-espanol-niega-conversacion-sanchez-delcy-rodriguez\\\/\",\"name\":\"Gobierno espa\u00f1ol niega conversaci\u00f3n entre S\u00e1nchez y Delcy Rodr\u00edguez - ElCanillita.Info\",\"isPartOf\":{\"@id\":\"https:\\\/\\\/elcanillita.info\\\/press\\\/#website\"},\"datePublished\":\"2020-02-06T18:01:11+00:00\",\"dateModified\":\"2020-02-06T18:01:14+00:00\",\"inLanguage\":\"es-AR\",\"potentialAction\":[{\"@type\":\"ReadAction\",\"target\":[\"https:\\\/\\\/elcanillita.info\\\/press\\\/2020\\\/02\\\/06\\\/gobierno-espanol-niega-conversacion-sanchez-delcy-rodriguez\\\/\"]}]},{\"@type\":\"WebSite\",\"@id\":\"https:\\\/\\\/elcanillita.info\\\/press\\\/#website\",\"url\":\"https:\\\/\\\/elcanillita.info\\\/press\\\/\",\"name\":\"ElCanillita.Info\",\"description\":\"desde los Apeninos a los Andes\",\"publisher\":{\"@id\":\"https:\\\/\\\/elcanillita.info\\\/press\\\/#organization\"},\"potentialAction\":[{\"@type\":\"SearchAction\",\"target\":{\"@type\":\"EntryPoint\",\"urlTemplate\":\"https:\\\/\\\/elcanillita.info\\\/press\\\/?s={search_term_string}\"},\"query-input\":{\"@type\":\"PropertyValueSpecification\",\"valueRequired\":true,\"valueName\":\"search_term_string\"}}],\"inLanguage\":\"es-AR\"},{\"@type\":\"Organization\",\"@id\":\"https:\\\/\\\/elcanillita.info\\\/press\\\/#organization\",\"name\":\"Guzzo Photos & Graphic Publications\",\"url\":\"https:\\\/\\\/elcanillita.info\\\/press\\\/\",\"logo\":{\"@type\":\"ImageObject\",\"inLanguage\":\"es-AR\",\"@id\":\"https:\\\/\\\/elcanillita.info\\\/press\\\/#\\\/schema\\\/logo\\\/image\\\/\",\"url\":\"https:\\\/\\\/elcanillita.info\\\/press\\\/images\\\/2020\\\/01\\\/cropped-cropped-cropped-elcanillitainfo.png\",\"contentUrl\":\"https:\\\/\\\/elcanillita.info\\\/press\\\/images\\\/2020\\\/01\\\/cropped-cropped-cropped-elcanillitainfo.png\",\"width\":460,\"height\":50,\"caption\":\"Guzzo Photos & Graphic Publications\"},\"image\":{\"@id\":\"https:\\\/\\\/elcanillita.info\\\/press\\\/#\\\/schema\\\/logo\\\/image\\\/\"},\"sameAs\":[\"https:\\\/\\\/ar-ar.facebook.com\\\/ElCanillitainfo-114249515285712\\\/\"]},{\"@type\":\"Person\",\"@id\":\"https:\\\/\\\/elcanillita.info\\\/press\\\/#\\\/schema\\\/person\\\/7fcb79f38045700919f7da6d97e71ba0\",\"name\":\"SalaStampa.eu, world press service\",\"image\":{\"@type\":\"ImageObject\",\"inLanguage\":\"es-AR\",\"@id\":\"https:\\\/\\\/secure.gravatar.com\\\/avatar\\\/c2f0e0d515a107624234994507816ca4724c7199cef73fc8bedebf6931d73888?s=96&d=mm&r=g\",\"url\":\"https:\\\/\\\/secure.gravatar.com\\\/avatar\\\/c2f0e0d515a107624234994507816ca4724c7199cef73fc8bedebf6931d73888?s=96&d=mm&r=g\",\"contentUrl\":\"https:\\\/\\\/secure.gravatar.com\\\/avatar\\\/c2f0e0d515a107624234994507816ca4724c7199cef73fc8bedebf6931d73888?s=96&d=mm&r=g\",\"caption\":\"SalaStampa.eu, world press service\"}}]}<\/script>\n<!-- \/ Yoast SEO plugin. -->","yoast_head_json":{"title":"Gobierno espa\u00f1ol niega conversaci\u00f3n entre S\u00e1nchez y Delcy Rodr\u00edguez - ElCanillita.Info","robots":{"index":"index","follow":"follow","max-snippet":"max-snippet:-1","max-image-preview":"max-image-preview:large","max-video-preview":"max-video-preview:-1"},"canonical":"https:\/\/elcanillita.info\/press\/2020\/02\/06\/gobierno-espanol-niega-conversacion-sanchez-delcy-rodriguez\/","og_locale":"es_ES","og_type":"article","og_title":"Gobierno espa\u00f1ol niega conversaci\u00f3n entre S\u00e1nchez y Delcy Rodr\u00edguez - ElCanillita.Info","og_description":"Madrid, 06.02.2020 - El gobierno de Espa\u00f1a inform\u00f3 el jueves, a trav\u00e9s de un comunicado, que es \"absolutamente falso\" que el presidente Pedro S\u00e1nchez, haya hablado con con la vicepresidenta venezolana del gobierno en disputa, Delcy Rodr\u00edguez, mientras la funcionaria se encontraba en el aeropuerto de Barajas, en Madrid.","og_url":"https:\/\/elcanillita.info\/press\/2020\/02\/06\/gobierno-espanol-niega-conversacion-sanchez-delcy-rodriguez\/","og_site_name":"ElCanillita.Info","article_publisher":"https:\/\/ar-ar.facebook.com\/ElCanillitainfo-114249515285712\/","article_published_time":"2020-02-06T18:01:11+00:00","article_modified_time":"2020-02-06T18:01:14+00:00","author":"SalaStampa.eu, world press service","twitter_card":"summary_large_image","twitter_misc":{"Escrito por":"SalaStampa.eu, world press service","Tiempo de lectura":"2 minutos"},"schema":{"@context":"https:\/\/schema.org","@graph":[{"@type":"Article","@id":"https:\/\/elcanillita.info\/press\/2020\/02\/06\/gobierno-espanol-niega-conversacion-sanchez-delcy-rodriguez\/#article","isPartOf":{"@id":"https:\/\/elcanillita.info\/press\/2020\/02\/06\/gobierno-espanol-niega-conversacion-sanchez-delcy-rodriguez\/"},"author":{"name":"SalaStampa.eu, world press service","@id":"https:\/\/elcanillita.info\/press\/#\/schema\/person\/7fcb79f38045700919f7da6d97e71ba0"},"headline":"Gobierno espa\u00f1ol niega conversaci\u00f3n entre S\u00e1nchez y Delcy Rodr\u00edguez","datePublished":"2020-02-06T18:01:11+00:00","dateModified":"2020-02-06T18:01:14+00:00","mainEntityOfPage":{"@id":"https:\/\/elcanillita.info\/press\/2020\/02\/06\/gobierno-espanol-niega-conversacion-sanchez-delcy-rodriguez\/"},"wordCount":474,"publisher":{"@id":"https:\/\/elcanillita.info\/press\/#organization"},"keywords":["Espa\u00f1a"],"articleSection":["Actualidad","Europa","Politica","Sociedad"],"inLanguage":"es-AR"},{"@type":"WebPage","@id":"https:\/\/elcanillita.info\/press\/2020\/02\/06\/gobierno-espanol-niega-conversacion-sanchez-delcy-rodriguez\/","url":"https:\/\/elcanillita.info\/press\/2020\/02\/06\/gobierno-espanol-niega-conversacion-sanchez-delcy-rodriguez\/","name":"Gobierno espa\u00f1ol niega conversaci\u00f3n entre S\u00e1nchez y Delcy Rodr\u00edguez - ElCanillita.Info","isPartOf":{"@id":"https:\/\/elcanillita.info\/press\/#website"},"datePublished":"2020-02-06T18:01:11+00:00","dateModified":"2020-02-06T18:01:14+00:00","inLanguage":"es-AR","potentialAction":[{"@type":"ReadAction","target":["https:\/\/elcanillita.info\/press\/2020\/02\/06\/gobierno-espanol-niega-conversacion-sanchez-delcy-rodriguez\/"]}]},{"@type":"WebSite","@id":"https:\/\/elcanillita.info\/press\/#website","url":"https:\/\/elcanillita.info\/press\/","name":"ElCanillita.Info","description":"desde los Apeninos a los Andes","publisher":{"@id":"https:\/\/elcanillita.info\/press\/#organization"},"potentialAction":[{"@type":"SearchAction","target":{"@type":"EntryPoint","urlTemplate":"https:\/\/elcanillita.info\/press\/?s={search_term_string}"},"query-input":{"@type":"PropertyValueSpecification","valueRequired":true,"valueName":"search_term_string"}}],"inLanguage":"es-AR"},{"@type":"Organization","@id":"https:\/\/elcanillita.info\/press\/#organization","name":"Guzzo Photos & Graphic Publications","url":"https:\/\/elcanillita.info\/press\/","logo":{"@type":"ImageObject","inLanguage":"es-AR","@id":"https:\/\/elcanillita.info\/press\/#\/schema\/logo\/image\/","url":"https:\/\/elcanillita.info\/press\/images\/2020\/01\/cropped-cropped-cropped-elcanillitainfo.png","contentUrl":"https:\/\/elcanillita.info\/press\/images\/2020\/01\/cropped-cropped-cropped-elcanillitainfo.png","width":460,"height":50,"caption":"Guzzo Photos & Graphic Publications"},"image":{"@id":"https:\/\/elcanillita.info\/press\/#\/schema\/logo\/image\/"},"sameAs":["https:\/\/ar-ar.facebook.com\/ElCanillitainfo-114249515285712\/"]},{"@type":"Person","@id":"https:\/\/elcanillita.info\/press\/#\/schema\/person\/7fcb79f38045700919f7da6d97e71ba0","name":"SalaStampa.eu, world press service","image":{"@type":"ImageObject","inLanguage":"es-AR","@id":"https:\/\/secure.gravatar.com\/avatar\/c2f0e0d515a107624234994507816ca4724c7199cef73fc8bedebf6931d73888?s=96&d=mm&r=g","url":"https:\/\/secure.gravatar.com\/avatar\/c2f0e0d515a107624234994507816ca4724c7199cef73fc8bedebf6931d73888?s=96&d=mm&r=g","contentUrl":"https:\/\/secure.gravatar.com\/avatar\/c2f0e0d515a107624234994507816ca4724c7199cef73fc8bedebf6931d73888?s=96&d=mm&r=g","caption":"SalaStampa.eu, world press service"}}]}},"views":815,"_links":{"self":[{"href":"https:\/\/elcanillita.info\/press\/wp-json\/wp\/v2\/posts\/374","targetHints":{"allow":["GET"]}}],"collection":[{"href":"https:\/\/elcanillita.info\/press\/wp-json\/wp\/v2\/posts"}],"about":[{"href":"https:\/\/elcanillita.info\/press\/wp-json\/wp\/v2\/types\/post"}],"author":[{"embeddable":true,"href":"https:\/\/elcanillita.info\/press\/wp-json\/wp\/v2\/users\/1"}],"replies":[{"embeddable":true,"href":"https:\/\/elcanillita.info\/press\/wp-json\/wp\/v2\/comments?post=374"}],"version-history":[{"count":0,"href":"https:\/\/elcanillita.info\/press\/wp-json\/wp\/v2\/posts\/374\/revisions"}],"wp:attachment":[{"href":"https:\/\/elcanillita.info\/press\/wp-json\/wp\/v2\/media?parent=374"}],"wp:term":[{"taxonomy":"category","embeddable":true,"href":"https:\/\/elcanillita.info\/press\/wp-json\/wp\/v2\/categories?post=374"},{"taxonomy":"post_tag","embeddable":true,"href":"https:\/\/elcanillita.info\/press\/wp-json\/wp\/v2\/tags?post=374"}],"curies":[{"name":"wp","href":"https:\/\/api.w.org\/{rel}","templated":true}]}}