{"id":3738,"date":"2018-07-06T04:30:00","date_gmt":"2018-07-06T07:30:00","guid":{"rendered":"https:\/\/elcanillita.info\/press\/?p=3738"},"modified":"2023-09-15T18:28:53","modified_gmt":"2023-09-15T21:28:53","slug":"cristinita-otros-us-5-000-mm","status":"publish","type":"post","link":"https:\/\/elcanillita.info\/press\/2018\/07\/06\/cristinita-otros-us-5-000-mm\/","title":{"rendered":"Cristinita, \u00bfotros US$ 5.000 MM?"},"content":{"rendered":"\n<p><strong>por Enrique Guillermo Avogadro<\/strong><\/p>\n\n\n\n<p><em>\u201cLa historia la juzgar\u00e1. Pero tiene el<br>mejor de los abogados: el olvido\u201d.<br>Roberto Fontanarrosa<\/em><br><br><strong>Buenos Aires, 06\/07\/20<\/strong>18<br>Argentina, como todos sabemos, es la excepci\u00f3n \u2013como en tantas otras cosas negativas- en la inmensa ola de represi\u00f3n a la corrupci\u00f3n que est\u00e1 recorriendo el planeta y que, con ella, trajo significativos cambios en los reg\u00edmenes pol\u00edticos, por la presi\u00f3n civil que las sociedades mantienen sobre sus dirigencias; en la regi\u00f3n, los \u00faltimos ejemplos son, claro, la ensangrentada Nicaragua, Guatemala y, desde hace una semana, M\u00e9xico.<\/p>\n\n\n\n<p>Pero hubo una noticia que, en medio del mundial de f\u00fatbol y la crisis cambiaria que se desat\u00f3 aqu\u00ed, pas\u00f3 absolutamente desapercibida: un fondo especulativo, Burford Capitals, que \u00bfcompr\u00f3? los derechos del grupo Petersen a litigar contra nuestro pa\u00eds por la expropiaci\u00f3n del 51% de YPF, porque no se ofreci\u00f3 comprar todo el resto de las acciones, demand\u00f3 a la Argentina ante el mismo Tribunal del fallecido Juez Thomas Griesa, en Nueva York, por la suma de US$ 3.000 MM que, con los gastos y costas, puede llevar el total a la cifra mencionada.<\/p>\n\n\n\n<p>La historia: \u00bfqui\u00e9n es el grupo Petersen? Un conglomerado perteneciente, al menos en teor\u00eda, a la familia Ezkenazi. Por si no la recuerda, \u00e9stos son los due\u00f1os del Banco de Santa Cruz, s\u00ed, \u00a1el mismo que oper\u00f3 los fondos desaparecidos de la Provincia cuando don N\u00e9stor era Gobernador!; esos dineros faltantes surgieron de la privatizaci\u00f3n de YPF.<\/p>\n\n\n\n<p>Carlos Menem ofreci\u00f3 a los gobernadores de las provincias petroleras una f\u00f3rmula que recalculaba las regal\u00edas que les correspond\u00edan, pero condicion\u00f3 su aplicaci\u00f3n a la aprobaci\u00f3n de la ley que habilitaba la venta de la empresa; el famoso \u201cpelo\u2026\u201d Oscar Parrilli fue el miembro informante de la ley, Kirchner lleg\u00f3 al extremo de enviar el avi\u00f3n sanitario para permitir a un legislador del norte llegar al Congreso para la sanci\u00f3n definitiva, y la norma fue aplaudida de pie, por \u201cpatri\u00f3tica\u201d, en el recinto. La Provincia de Santa Cruz recibi\u00f3 entonces m\u00e1s de US$ 600 MM, y acciones de la compa\u00f1\u00eda privatizada, que hab\u00eda comprado Repsol.<\/p>\n\n\n\n<p>Luego, don N\u00e9stor vendi\u00f3 esas acciones, con lo cual se hizo de otros US$ 500 MM y, todos sumados, se fueron a pasear por los bancos del mundo, en cuentas a nombre \u00a1personal! del Gobernador, y nunca regresaron. La Legislatura provincial, bajo su control, aprob\u00f3 permanentemente sus sucesivas explicaciones, a pesar de los alaridos de los escasos opositores.<\/p>\n\n\n\n<p>Y comenz\u00f3 el segundo acto de la tragedia. Para entender por qu\u00e9 la califico as\u00ed baste recordar que, cuando los ping\u00fcinos llegaron a la Casa Rosada, Argentina era exportadora neta de energ\u00eda, y hab\u00eda construido varios gasoductos para exportar el fluido a Chile y a Uruguay, y l\u00edneas de alta tensi\u00f3n para enviar electricidad a nuestros vecinos orientales y a Brasil.<\/p>\n\n\n\n<p>Don N\u00e9stor comenz\u00f3 a apretar, v\u00eda un populista congelamiento de tarifas, a las empresas que generaban, extra\u00edan, destilaban, transportaban y distribu\u00edan energ\u00eda en el pa\u00eds; se lleg\u00f3 al extremo de pagarle a Repsol, por el gas que obten\u00eda en el sur argentino, un tercio del precio que se le reconoc\u00eda por el mismo gas que produc\u00eda en Bolivia.<\/p>\n\n\n\n<p>Esa pol\u00edtica produjo nefastos resultados: la producci\u00f3n de hidrocarburos cay\u00f3 en picada y oblig\u00f3 al Gobierno a invertir el sentido de los flujos de los ductos para importar electricidad y gas licuado, otra fuente de \u201cnegocios\u201d para los funcionarios, incluyendo las operaciones con Venezuela, \u201carregladas\u201d con el socio Hugo Ch\u00e1vez. Y, en el caso, llev\u00f3 a los espa\u00f1oles a mirar con buenos ojos la posibilidad de irse del pa\u00eds.<\/p>\n\n\n\n<p>Alguien les acerc\u00f3 entonces una idea muy original: vender una importante proporci\u00f3n del capital social de YPF (15% + 10%) a una familia local, lo cual ser\u00eda muy bien visto por Kirchner; por si no lo imagina, se trat\u00f3 de los mismos Eskenazi. Nada importaba que \u00e9stos, de la industria petrolera, lo \u00fanico que sab\u00edan era c\u00f3mo cargar combustible en sus autom\u00f3viles. Pero, adem\u00e1s, los banqueros carec\u00edan del dinero necesario para pagar las acciones que compraron as\u00ed que, \u201cnaturalmente\u201d, la propia Repsol les prest\u00f3 los fondos necesarios y, por si fuera poco, les cedi\u00f3 la administraci\u00f3n de la compa\u00f1\u00eda.<\/p>\n\n\n\n<p>Los espa\u00f1oles, encabezados por Antonio Brufau, no eran tontos. Exigieron que el pr\u00e9stamo otorgado fuera pagado por los Eskenazi distribuyendo como dividendos, como m\u00ednimo, el 95% de las utilidades de YPF, y que el contrato fuera firmado por don N\u00e9stor y por Guillermo&nbsp;<em>Patot\u00edn&nbsp;<\/em>Moreno. En la industria del petr\u00f3leo, ninguna empresa distribuye m\u00e1s del 30\/35%, porque el resto debe destinarse a exploraci\u00f3n de nuevos yacimientos; o sea, YPF dej\u00f3 de buscar y, nuevamente, cay\u00f3 la producci\u00f3n. Y, por cada US$ 100 que reparti\u00f3, Repsol se llev\u00f3 los US$ 75 que le correspond\u00edan por sus propias acciones, y los otros US$ 25 como pago de la deuda familiar. \u00a1Todos de fiesta, salvo la Argentina!<\/p>\n\n\n\n<p>Muerto su marido, Cristina Elisabet Fern\u00e1ndez logr\u00f3, sin esfuerzo, una ley, tambi\u00e9n aplaudida de pie y por id\u00e9nticos principios, que le permiti\u00f3 expropiar las acciones que quedaban en manos espa\u00f1olas; cuando \u00e9stas protestaron (no s\u00f3lo no se les pagar\u00eda sino que se les cobrar\u00edan da\u00f1os ambientales), la noble viuda envi\u00f3 a Axel Kiciloff a negociar a Madrid y el Ministro, iniciando un h\u00e1bito que luego ratific\u00f3 con el Club de Paris, le tap\u00f3 la cara a billetazos. \u00a1Le pag\u00f3 US$ 10.000 MM!, y sus compatriotas, agradecidos, construyeron un monumento a Brufau.<\/p>\n\n\n\n<p>Es decir que la compulsi\u00f3n de los Kirchner por robar no solamente implic\u00f3 que Argentina perdiera el autoabastecimiento energ\u00e9tico y requiriera importar ingentes cantidades de electricidad y gas, sino que esas operaciones significaron un drenaje monumental de divisas, lo cual llev\u00f3 al default, al cepo cambiario y a la terrible inflaci\u00f3n que hoy padecemos.<\/p>\n\n\n\n<p>Las acciones que hab\u00edan \u201ccomprado\u201d los Eskenazi fueron puestas a nombre de dos compa\u00f1\u00edas con nombres similares \u2013Petersen algo- radicadas en Espa\u00f1a y que, a su vez, pertenec\u00edan a otra empresa, tambi\u00e9n llamada as\u00ed, creada en Australia. No se sabe \u2013y nadie se ha preocupado por averiguarlo- qui\u00e9nes son los due\u00f1os reales de esta \u00faltima pero, como soy malpensado, presumo que su apellido comienza con K.<\/p>\n\n\n\n<p>Si acierto en mis sospechas, Cristina y sus hijos no perdieron su vocaci\u00f3n por el saqueo, no les basta con los dineros acumulados en las Seychelles y en Angola, y hoy van por m\u00e1s, mucho m\u00e1s; si el Senado sancionara la demorada ley de extinci\u00f3n de dominio, y el H\u00b0 Aguantadero permitiera el desafuero de la jefa y de M\u00e1ximo, seguramente otro ser\u00eda el cantar.&nbsp;&nbsp;&nbsp;&nbsp;&nbsp;&nbsp;<br><br><small>Copyright \u00a9 2018 ElCanillita.info \/ BlogDiario.info &#8211; SalaStampa.Eu, servicio mundial de prensa<\/small><\/p>\n","protected":false},"excerpt":{"rendered":"<p>\u00bfqui\u00e9n es el grupo Petersen? Un conglomerado perteneciente, al menos en teor\u00eda, a la familia Ezkenazi.<\/p>\n","protected":false},"author":1,"featured_media":0,"comment_status":"closed","ping_status":"closed","sticky":false,"template":"","format":"standard","meta":{"footnotes":"","_links_to":"","_links_to_target":""},"categories":[11,47,23],"tags":[29],"class_list":["post-3738","post","type-post","status-publish","format-standard","hentry","category-america-del-sur","category-etiologia","category-politica","tag-argentina","entry","double"],"yoast_head":"<!-- This site is optimized with the Yoast SEO plugin v27.4 - https:\/\/yoast.com\/product\/yoast-seo-wordpress\/ -->\n<title>Cristinita, \u00bfotros US$ 5.000 MM? - ElCanillita.Info<\/title>\n<meta name=\"description\" content=\"\u00bfqui\u00e9n es el grupo Petersen? Un conglomerado perteneciente, al menos en teor\u00eda, a la familia Ezkenazi.\" \/>\n<meta name=\"robots\" content=\"index, follow, max-snippet:-1, max-image-preview:large, max-video-preview:-1\" \/>\n<link rel=\"canonical\" href=\"https:\/\/elcanillita.info\/press\/2018\/07\/06\/cristinita-otros-us-5-000-mm\/\" \/>\n<meta property=\"og:locale\" content=\"es_ES\" \/>\n<meta property=\"og:type\" content=\"article\" \/>\n<meta property=\"og:title\" content=\"Cristinita, \u00bfotros US$ 5.000 MM? - ElCanillita.Info\" \/>\n<meta property=\"og:description\" content=\"\u00bfqui\u00e9n es el grupo Petersen? Un conglomerado perteneciente, al menos en teor\u00eda, a la familia Ezkenazi.\" \/>\n<meta property=\"og:url\" content=\"https:\/\/elcanillita.info\/press\/2018\/07\/06\/cristinita-otros-us-5-000-mm\/\" \/>\n<meta property=\"og:site_name\" content=\"ElCanillita.Info\" \/>\n<meta property=\"article:publisher\" content=\"https:\/\/ar-ar.facebook.com\/ElCanillitainfo-114249515285712\/\" \/>\n<meta property=\"article:published_time\" content=\"2018-07-06T07:30:00+00:00\" \/>\n<meta property=\"article:modified_time\" content=\"2023-09-15T21:28:53+00:00\" \/>\n<meta name=\"author\" content=\"SalaStampa.eu, world press service\" \/>\n<meta name=\"twitter:card\" content=\"summary_large_image\" \/>\n<meta name=\"twitter:label1\" content=\"Escrito por\" \/>\n\t<meta name=\"twitter:data1\" content=\"SalaStampa.eu, world press service\" \/>\n\t<meta name=\"twitter:label2\" content=\"Tiempo de lectura\" \/>\n\t<meta name=\"twitter:data2\" content=\"6 minutos\" \/>\n<script type=\"application\/ld+json\" class=\"yoast-schema-graph\">{\"@context\":\"https:\\\/\\\/schema.org\",\"@graph\":[{\"@type\":\"Article\",\"@id\":\"https:\\\/\\\/elcanillita.info\\\/press\\\/2018\\\/07\\\/06\\\/cristinita-otros-us-5-000-mm\\\/#article\",\"isPartOf\":{\"@id\":\"https:\\\/\\\/elcanillita.info\\\/press\\\/2018\\\/07\\\/06\\\/cristinita-otros-us-5-000-mm\\\/\"},\"author\":{\"name\":\"SalaStampa.eu, world press service\",\"@id\":\"https:\\\/\\\/elcanillita.info\\\/press\\\/#\\\/schema\\\/person\\\/7fcb79f38045700919f7da6d97e71ba0\"},\"headline\":\"Cristinita, \u00bfotros US$ 5.000 MM?\",\"datePublished\":\"2018-07-06T07:30:00+00:00\",\"dateModified\":\"2023-09-15T21:28:53+00:00\",\"mainEntityOfPage\":{\"@id\":\"https:\\\/\\\/elcanillita.info\\\/press\\\/2018\\\/07\\\/06\\\/cristinita-otros-us-5-000-mm\\\/\"},\"wordCount\":1180,\"publisher\":{\"@id\":\"https:\\\/\\\/elcanillita.info\\\/press\\\/#organization\"},\"keywords\":[\"Argentina\"],\"articleSection\":[\"Am\u00e9rica del Sur\",\"Etiologia\",\"Politica\"],\"inLanguage\":\"es-AR\"},{\"@type\":\"WebPage\",\"@id\":\"https:\\\/\\\/elcanillita.info\\\/press\\\/2018\\\/07\\\/06\\\/cristinita-otros-us-5-000-mm\\\/\",\"url\":\"https:\\\/\\\/elcanillita.info\\\/press\\\/2018\\\/07\\\/06\\\/cristinita-otros-us-5-000-mm\\\/\",\"name\":\"Cristinita, \u00bfotros US$ 5.000 MM? - ElCanillita.Info\",\"isPartOf\":{\"@id\":\"https:\\\/\\\/elcanillita.info\\\/press\\\/#website\"},\"datePublished\":\"2018-07-06T07:30:00+00:00\",\"dateModified\":\"2023-09-15T21:28:53+00:00\",\"description\":\"\u00bfqui\u00e9n es el grupo Petersen? Un conglomerado perteneciente, al menos en teor\u00eda, a la familia Ezkenazi.\",\"inLanguage\":\"es-AR\",\"potentialAction\":[{\"@type\":\"ReadAction\",\"target\":[\"https:\\\/\\\/elcanillita.info\\\/press\\\/2018\\\/07\\\/06\\\/cristinita-otros-us-5-000-mm\\\/\"]}]},{\"@type\":\"WebSite\",\"@id\":\"https:\\\/\\\/elcanillita.info\\\/press\\\/#website\",\"url\":\"https:\\\/\\\/elcanillita.info\\\/press\\\/\",\"name\":\"ElCanillita.Info\",\"description\":\"desde los Apeninos a los Andes\",\"publisher\":{\"@id\":\"https:\\\/\\\/elcanillita.info\\\/press\\\/#organization\"},\"potentialAction\":[{\"@type\":\"SearchAction\",\"target\":{\"@type\":\"EntryPoint\",\"urlTemplate\":\"https:\\\/\\\/elcanillita.info\\\/press\\\/?s={search_term_string}\"},\"query-input\":{\"@type\":\"PropertyValueSpecification\",\"valueRequired\":true,\"valueName\":\"search_term_string\"}}],\"inLanguage\":\"es-AR\"},{\"@type\":\"Organization\",\"@id\":\"https:\\\/\\\/elcanillita.info\\\/press\\\/#organization\",\"name\":\"Guzzo Photos & Graphic Publications\",\"url\":\"https:\\\/\\\/elcanillita.info\\\/press\\\/\",\"logo\":{\"@type\":\"ImageObject\",\"inLanguage\":\"es-AR\",\"@id\":\"https:\\\/\\\/elcanillita.info\\\/press\\\/#\\\/schema\\\/logo\\\/image\\\/\",\"url\":\"https:\\\/\\\/elcanillita.info\\\/press\\\/images\\\/2020\\\/01\\\/cropped-cropped-cropped-elcanillitainfo.png\",\"contentUrl\":\"https:\\\/\\\/elcanillita.info\\\/press\\\/images\\\/2020\\\/01\\\/cropped-cropped-cropped-elcanillitainfo.png\",\"width\":460,\"height\":50,\"caption\":\"Guzzo Photos & Graphic Publications\"},\"image\":{\"@id\":\"https:\\\/\\\/elcanillita.info\\\/press\\\/#\\\/schema\\\/logo\\\/image\\\/\"},\"sameAs\":[\"https:\\\/\\\/ar-ar.facebook.com\\\/ElCanillitainfo-114249515285712\\\/\"]},{\"@type\":\"Person\",\"@id\":\"https:\\\/\\\/elcanillita.info\\\/press\\\/#\\\/schema\\\/person\\\/7fcb79f38045700919f7da6d97e71ba0\",\"name\":\"SalaStampa.eu, world press service\",\"image\":{\"@type\":\"ImageObject\",\"inLanguage\":\"es-AR\",\"@id\":\"https:\\\/\\\/secure.gravatar.com\\\/avatar\\\/c2f0e0d515a107624234994507816ca4724c7199cef73fc8bedebf6931d73888?s=96&d=mm&r=g\",\"url\":\"https:\\\/\\\/secure.gravatar.com\\\/avatar\\\/c2f0e0d515a107624234994507816ca4724c7199cef73fc8bedebf6931d73888?s=96&d=mm&r=g\",\"contentUrl\":\"https:\\\/\\\/secure.gravatar.com\\\/avatar\\\/c2f0e0d515a107624234994507816ca4724c7199cef73fc8bedebf6931d73888?s=96&d=mm&r=g\",\"caption\":\"SalaStampa.eu, world press service\"}}]}<\/script>\n<!-- \/ Yoast SEO plugin. -->","yoast_head_json":{"title":"Cristinita, \u00bfotros US$ 5.000 MM? - ElCanillita.Info","description":"\u00bfqui\u00e9n es el grupo Petersen? Un conglomerado perteneciente, al menos en teor\u00eda, a la familia Ezkenazi.","robots":{"index":"index","follow":"follow","max-snippet":"max-snippet:-1","max-image-preview":"max-image-preview:large","max-video-preview":"max-video-preview:-1"},"canonical":"https:\/\/elcanillita.info\/press\/2018\/07\/06\/cristinita-otros-us-5-000-mm\/","og_locale":"es_ES","og_type":"article","og_title":"Cristinita, \u00bfotros US$ 5.000 MM? - ElCanillita.Info","og_description":"\u00bfqui\u00e9n es el grupo Petersen? Un conglomerado perteneciente, al menos en teor\u00eda, a la familia Ezkenazi.","og_url":"https:\/\/elcanillita.info\/press\/2018\/07\/06\/cristinita-otros-us-5-000-mm\/","og_site_name":"ElCanillita.Info","article_publisher":"https:\/\/ar-ar.facebook.com\/ElCanillitainfo-114249515285712\/","article_published_time":"2018-07-06T07:30:00+00:00","article_modified_time":"2023-09-15T21:28:53+00:00","author":"SalaStampa.eu, world press service","twitter_card":"summary_large_image","twitter_misc":{"Escrito por":"SalaStampa.eu, world press service","Tiempo de lectura":"6 minutos"},"schema":{"@context":"https:\/\/schema.org","@graph":[{"@type":"Article","@id":"https:\/\/elcanillita.info\/press\/2018\/07\/06\/cristinita-otros-us-5-000-mm\/#article","isPartOf":{"@id":"https:\/\/elcanillita.info\/press\/2018\/07\/06\/cristinita-otros-us-5-000-mm\/"},"author":{"name":"SalaStampa.eu, world press service","@id":"https:\/\/elcanillita.info\/press\/#\/schema\/person\/7fcb79f38045700919f7da6d97e71ba0"},"headline":"Cristinita, \u00bfotros US$ 5.000 MM?","datePublished":"2018-07-06T07:30:00+00:00","dateModified":"2023-09-15T21:28:53+00:00","mainEntityOfPage":{"@id":"https:\/\/elcanillita.info\/press\/2018\/07\/06\/cristinita-otros-us-5-000-mm\/"},"wordCount":1180,"publisher":{"@id":"https:\/\/elcanillita.info\/press\/#organization"},"keywords":["Argentina"],"articleSection":["Am\u00e9rica del Sur","Etiologia","Politica"],"inLanguage":"es-AR"},{"@type":"WebPage","@id":"https:\/\/elcanillita.info\/press\/2018\/07\/06\/cristinita-otros-us-5-000-mm\/","url":"https:\/\/elcanillita.info\/press\/2018\/07\/06\/cristinita-otros-us-5-000-mm\/","name":"Cristinita, \u00bfotros US$ 5.000 MM? - ElCanillita.Info","isPartOf":{"@id":"https:\/\/elcanillita.info\/press\/#website"},"datePublished":"2018-07-06T07:30:00+00:00","dateModified":"2023-09-15T21:28:53+00:00","description":"\u00bfqui\u00e9n es el grupo Petersen? Un conglomerado perteneciente, al menos en teor\u00eda, a la familia Ezkenazi.","inLanguage":"es-AR","potentialAction":[{"@type":"ReadAction","target":["https:\/\/elcanillita.info\/press\/2018\/07\/06\/cristinita-otros-us-5-000-mm\/"]}]},{"@type":"WebSite","@id":"https:\/\/elcanillita.info\/press\/#website","url":"https:\/\/elcanillita.info\/press\/","name":"ElCanillita.Info","description":"desde los Apeninos a los Andes","publisher":{"@id":"https:\/\/elcanillita.info\/press\/#organization"},"potentialAction":[{"@type":"SearchAction","target":{"@type":"EntryPoint","urlTemplate":"https:\/\/elcanillita.info\/press\/?s={search_term_string}"},"query-input":{"@type":"PropertyValueSpecification","valueRequired":true,"valueName":"search_term_string"}}],"inLanguage":"es-AR"},{"@type":"Organization","@id":"https:\/\/elcanillita.info\/press\/#organization","name":"Guzzo Photos & Graphic Publications","url":"https:\/\/elcanillita.info\/press\/","logo":{"@type":"ImageObject","inLanguage":"es-AR","@id":"https:\/\/elcanillita.info\/press\/#\/schema\/logo\/image\/","url":"https:\/\/elcanillita.info\/press\/images\/2020\/01\/cropped-cropped-cropped-elcanillitainfo.png","contentUrl":"https:\/\/elcanillita.info\/press\/images\/2020\/01\/cropped-cropped-cropped-elcanillitainfo.png","width":460,"height":50,"caption":"Guzzo Photos & Graphic Publications"},"image":{"@id":"https:\/\/elcanillita.info\/press\/#\/schema\/logo\/image\/"},"sameAs":["https:\/\/ar-ar.facebook.com\/ElCanillitainfo-114249515285712\/"]},{"@type":"Person","@id":"https:\/\/elcanillita.info\/press\/#\/schema\/person\/7fcb79f38045700919f7da6d97e71ba0","name":"SalaStampa.eu, world press service","image":{"@type":"ImageObject","inLanguage":"es-AR","@id":"https:\/\/secure.gravatar.com\/avatar\/c2f0e0d515a107624234994507816ca4724c7199cef73fc8bedebf6931d73888?s=96&d=mm&r=g","url":"https:\/\/secure.gravatar.com\/avatar\/c2f0e0d515a107624234994507816ca4724c7199cef73fc8bedebf6931d73888?s=96&d=mm&r=g","contentUrl":"https:\/\/secure.gravatar.com\/avatar\/c2f0e0d515a107624234994507816ca4724c7199cef73fc8bedebf6931d73888?s=96&d=mm&r=g","caption":"SalaStampa.eu, world press service"}}]}},"views":434,"_links":{"self":[{"href":"https:\/\/elcanillita.info\/press\/wp-json\/wp\/v2\/posts\/3738","targetHints":{"allow":["GET"]}}],"collection":[{"href":"https:\/\/elcanillita.info\/press\/wp-json\/wp\/v2\/posts"}],"about":[{"href":"https:\/\/elcanillita.info\/press\/wp-json\/wp\/v2\/types\/post"}],"author":[{"embeddable":true,"href":"https:\/\/elcanillita.info\/press\/wp-json\/wp\/v2\/users\/1"}],"replies":[{"embeddable":true,"href":"https:\/\/elcanillita.info\/press\/wp-json\/wp\/v2\/comments?post=3738"}],"version-history":[{"count":0,"href":"https:\/\/elcanillita.info\/press\/wp-json\/wp\/v2\/posts\/3738\/revisions"}],"wp:attachment":[{"href":"https:\/\/elcanillita.info\/press\/wp-json\/wp\/v2\/media?parent=3738"}],"wp:term":[{"taxonomy":"category","embeddable":true,"href":"https:\/\/elcanillita.info\/press\/wp-json\/wp\/v2\/categories?post=3738"},{"taxonomy":"post_tag","embeddable":true,"href":"https:\/\/elcanillita.info\/press\/wp-json\/wp\/v2\/tags?post=3738"}],"curies":[{"name":"wp","href":"https:\/\/api.w.org\/{rel}","templated":true}]}}