{"id":3735,"date":"2023-09-13T11:07:26","date_gmt":"2023-09-13T14:07:26","guid":{"rendered":"https:\/\/elcanillita.info\/press\/?p=3735"},"modified":"2023-09-13T11:07:26","modified_gmt":"2023-09-13T14:07:26","slug":"conoce-al-enemigo","status":"publish","type":"post","link":"https:\/\/elcanillita.info\/press\/2023\/09\/13\/conoce-al-enemigo\/","title":{"rendered":"Conoce al enemigo !!"},"content":{"rendered":"\n<figure class=\"wp-block-image size-full\"><img loading=\"lazy\" decoding=\"async\" width=\"600\" height=\"337\" src=\"https:\/\/elcanillita.info\/press\/images\/2023\/09\/ypf_1_20230913.jpg\" alt=\"\" class=\"wp-image-3736\" srcset=\"https:\/\/elcanillita.info\/press\/images\/2023\/09\/ypf_1_20230913.jpg 600w, https:\/\/elcanillita.info\/press\/images\/2023\/09\/ypf_1_20230913-300x169.jpg 300w\" sizes=\"auto, (max-width: 600px) 100vw, 600px\" \/><figcaption class=\"wp-element-caption\">Cristina Fernandez viuda de Kirchner, actual vicepresidente argentina,  condenada por ladrona apelo contra la sentencia<\/figcaption><\/figure>\n\n\n\n<p><small><em>&#8220;Si conoces al enemigo y a ti mismo, tu victoria es segura. Si conoces solo a ti mismo pero no al enemigo, tus posibilidades de ganar y perder son iguales. Si no conoces ni al enemigo ni a ti mismo, sucumbir\u00e1s en todas las batallas&#8221;.<\/em><\/small><br><small><em>Sun Tzu &#8211; fil\u00f3sofo, militar, general y estratega &#8211; 543\/495 A.C<\/em><\/small><br><br><strong>ElCanillita.info, 13\/09\/2023<\/strong><br>Burford Capital , fundada en 2009, proporciona financiaci\u00f3n especializada al mercado legal. Opera como una empresa de servicios financieros y profesionales en todo el mundo con oficinas principales en Nueva York, Londres y Chicago. La empresa ofrece financiaci\u00f3n a abogados y clientes dedicados a litigios y arbitrajes, recuperaci\u00f3n de activos y otras actividades de asesoramiento y financiaci\u00f3n jur\u00eddica.<br><br>Burford Capital financi\u00f3 el litigio iniciado por los accionistas de YPF SA despu\u00e9s de que la petrolera fuera nacionalizada por Argentina cuando Cristina Fern\u00e1ndez de Kirchner estaba en el poder.<\/p>\n\n\n\n<p> Las acciones de la mayor empresa de financiaci\u00f3n de litigios del mundo subieron ayer despu\u00e9s de que un juez fallara a su favor en un litigio de 16.000 millones de d\u00f3lares sobre una empresa energ\u00e9tica nacionalizada por el Gobierno de Argentina.<\/p>\n\n\n\n<p>La sentencia de Nueva York podr\u00eda allanar el camino a un pago multimillonario para Burford Capital, que financi\u00f3 el litigio entablado por los accionistas minoritarios de YPF SA, la mayor productora de petr\u00f3leo de Argentina, nacionalizada hace m\u00e1s de una d\u00e9cada.<\/p>\n\n\n\n<p>Las acciones de Burford subieron 247 peniques, un 22,5%, para cerrar a 13,43 libras. En una declaraci\u00f3n al mercado, Burford dijo que estaba preparando un &#8220;nuevo anuncio . . tras revisar y analizar la decisi\u00f3n&#8221;. Sus acciones, que cotizan en el mercado junior londinense Aim, quedaron suspendidas a la espera del anuncio.<\/p>\n\n\n\n<p>Seg\u00fan los documentos judiciales, Burford ten\u00eda derecho al 70% y al 75%, respectivamente, de las indemnizaciones concedidas a Petersen y Eton Park, accionistas en el caso. Los demandantes hab\u00edan solicitado 16.050 millones de d\u00f3lares.<\/p>\n\n\n\n<p>YPF, el mayor productor de petr\u00f3leo de Argentina, fue nacionalizado en 2012 por el gobierno de Cristina Fern\u00e1ndez de Kirchner. Petersen, un conglomerado internacional, pose\u00eda alrededor de una cuarta parte de YPF. Repsol, una empresa espa\u00f1ola, ten\u00eda el control mayoritario antes de que el gobierno se hiciera cargo.<\/p>\n\n\n\n<p>Repsol demand\u00f3 por la expropiaci\u00f3n y el caso se resolvi\u00f3 en 2014, con el pago de 5.000 millones de d\u00f3lares por parte de Argentina a la empresa espa\u00f1ola. Petersen quebr\u00f3 tras la nacionalizaci\u00f3n de YPF. El gobierno dijo que recurrir\u00eda la sentencia.<br><br><a href=\"https:\/\/elcanillita.info\/press\/2023\/09\/13\/otro-golpe-a-la-pobre-argentina\/\">Nota relacionada<\/a><br><br><small>Copyright \u00a9 2023 ElCanillita.info \/ BlogDiario.info &#8211; SalaStampa.Eu, servicio mundial de prensa<\/small><\/p>\n\n\n\n<hr class=\"wp-block-separator has-alpha-channel-opacity\"\/>\n","protected":false},"excerpt":{"rendered":"<p>Sun Tzu fue un general y fil\u00f3sofo chino que probablemente vivi\u00f3 entre los siglos VI y V antes de Cristo. Se le atribuye uno de los tratados sobre estrategia militar m\u00e1s importantes de todos los tiempos, El arte de la guerra.<\/p>\n","protected":false},"author":1,"featured_media":3737,"comment_status":"closed","ping_status":"closed","sticky":false,"template":"","format":"standard","meta":{"footnotes":"","_links_to":"","_links_to_target":""},"categories":[121,108,70,11,118,22,23],"tags":[],"class_list":["post-3735","post","type-post","status-publish","format-standard","has-post-thumbnail","hentry","category-dc24","category-blogdiario","category-actualidad","category-america-del-sur","category-corrupcion","category-justicia","category-politica","entry","double"],"yoast_head":"<!-- This site is optimized with the Yoast SEO plugin v27.4 - https:\/\/yoast.com\/product\/yoast-seo-wordpress\/ -->\n<title>Conoce al enemigo !! - ElCanillita.Info<\/title>\n<meta name=\"description\" content=\"Sun Tzu fue un general y fil\u00f3sofo chino que probablemente vivi\u00f3 entre los siglos VI y V antes de Cristo. Se le atribuye uno de los tratados sobre estrategia militar m\u00e1s importantes de todos los tiempos, El arte de la guerra.\" \/>\n<meta name=\"robots\" content=\"index, follow, max-snippet:-1, max-image-preview:large, max-video-preview:-1\" \/>\n<link rel=\"canonical\" href=\"https:\/\/elcanillita.info\/press\/2023\/09\/13\/conoce-al-enemigo\/\" \/>\n<meta property=\"og:locale\" content=\"es_ES\" \/>\n<meta property=\"og:type\" content=\"article\" \/>\n<meta property=\"og:title\" content=\"Conoce al enemigo !! - ElCanillita.Info\" \/>\n<meta property=\"og:description\" content=\"Sun Tzu fue un general y fil\u00f3sofo chino que probablemente vivi\u00f3 entre los siglos VI y V antes de Cristo. Se le atribuye uno de los tratados sobre estrategia militar m\u00e1s importantes de todos los tiempos, El arte de la guerra.\" \/>\n<meta property=\"og:url\" content=\"https:\/\/elcanillita.info\/press\/2023\/09\/13\/conoce-al-enemigo\/\" \/>\n<meta property=\"og:site_name\" content=\"ElCanillita.Info\" \/>\n<meta property=\"article:publisher\" content=\"https:\/\/ar-ar.facebook.com\/ElCanillitainfo-114249515285712\/\" \/>\n<meta property=\"article:published_time\" content=\"2023-09-13T14:07:26+00:00\" \/>\n<meta property=\"og:image\" content=\"https:\/\/elcanillita.info\/press\/images\/2023\/09\/ypfcov_20230913.jpg\" \/>\n\t<meta property=\"og:image:width\" content=\"600\" \/>\n\t<meta property=\"og:image:height\" content=\"400\" \/>\n\t<meta property=\"og:image:type\" content=\"image\/jpeg\" \/>\n<meta name=\"author\" content=\"SalaStampa.eu, world press service\" \/>\n<meta name=\"twitter:card\" content=\"summary_large_image\" \/>\n<meta name=\"twitter:label1\" content=\"Escrito por\" \/>\n\t<meta name=\"twitter:data1\" content=\"SalaStampa.eu, world press service\" \/>\n\t<meta name=\"twitter:label2\" content=\"Tiempo de lectura\" \/>\n\t<meta name=\"twitter:data2\" content=\"3 minutos\" \/>\n<script type=\"application\/ld+json\" class=\"yoast-schema-graph\">{\"@context\":\"https:\\\/\\\/schema.org\",\"@graph\":[{\"@type\":\"Article\",\"@id\":\"https:\\\/\\\/elcanillita.info\\\/press\\\/2023\\\/09\\\/13\\\/conoce-al-enemigo\\\/#article\",\"isPartOf\":{\"@id\":\"https:\\\/\\\/elcanillita.info\\\/press\\\/2023\\\/09\\\/13\\\/conoce-al-enemigo\\\/\"},\"author\":{\"name\":\"SalaStampa.eu, world press service\",\"@id\":\"https:\\\/\\\/elcanillita.info\\\/press\\\/#\\\/schema\\\/person\\\/7fcb79f38045700919f7da6d97e71ba0\"},\"headline\":\"Conoce al enemigo !!\",\"datePublished\":\"2023-09-13T14:07:26+00:00\",\"mainEntityOfPage\":{\"@id\":\"https:\\\/\\\/elcanillita.info\\\/press\\\/2023\\\/09\\\/13\\\/conoce-al-enemigo\\\/\"},\"wordCount\":455,\"publisher\":{\"@id\":\"https:\\\/\\\/elcanillita.info\\\/press\\\/#organization\"},\"image\":{\"@id\":\"https:\\\/\\\/elcanillita.info\\\/press\\\/2023\\\/09\\\/13\\\/conoce-al-enemigo\\\/#primaryimage\"},\"thumbnailUrl\":\"https:\\\/\\\/elcanillita.info\\\/press\\\/images\\\/2023\\\/09\\\/ypfcov_20230913.jpg\",\"articleSection\":[\".\",\".\",\"Actualidad\",\"Am\u00e9rica del Sur\",\"Corrupci\u00f3n\",\"Justicia\",\"Politica\"],\"inLanguage\":\"es-AR\"},{\"@type\":\"WebPage\",\"@id\":\"https:\\\/\\\/elcanillita.info\\\/press\\\/2023\\\/09\\\/13\\\/conoce-al-enemigo\\\/\",\"url\":\"https:\\\/\\\/elcanillita.info\\\/press\\\/2023\\\/09\\\/13\\\/conoce-al-enemigo\\\/\",\"name\":\"Conoce al enemigo !! - ElCanillita.Info\",\"isPartOf\":{\"@id\":\"https:\\\/\\\/elcanillita.info\\\/press\\\/#website\"},\"primaryImageOfPage\":{\"@id\":\"https:\\\/\\\/elcanillita.info\\\/press\\\/2023\\\/09\\\/13\\\/conoce-al-enemigo\\\/#primaryimage\"},\"image\":{\"@id\":\"https:\\\/\\\/elcanillita.info\\\/press\\\/2023\\\/09\\\/13\\\/conoce-al-enemigo\\\/#primaryimage\"},\"thumbnailUrl\":\"https:\\\/\\\/elcanillita.info\\\/press\\\/images\\\/2023\\\/09\\\/ypfcov_20230913.jpg\",\"datePublished\":\"2023-09-13T14:07:26+00:00\",\"description\":\"Sun Tzu fue un general y fil\u00f3sofo chino que probablemente vivi\u00f3 entre los siglos VI y V antes de Cristo. Se le atribuye uno de los tratados sobre estrategia militar m\u00e1s importantes de todos los tiempos, El arte de la guerra.\",\"inLanguage\":\"es-AR\",\"potentialAction\":[{\"@type\":\"ReadAction\",\"target\":[\"https:\\\/\\\/elcanillita.info\\\/press\\\/2023\\\/09\\\/13\\\/conoce-al-enemigo\\\/\"]}]},{\"@type\":\"ImageObject\",\"inLanguage\":\"es-AR\",\"@id\":\"https:\\\/\\\/elcanillita.info\\\/press\\\/2023\\\/09\\\/13\\\/conoce-al-enemigo\\\/#primaryimage\",\"url\":\"https:\\\/\\\/elcanillita.info\\\/press\\\/images\\\/2023\\\/09\\\/ypfcov_20230913.jpg\",\"contentUrl\":\"https:\\\/\\\/elcanillita.info\\\/press\\\/images\\\/2023\\\/09\\\/ypfcov_20230913.jpg\",\"width\":600,\"height\":400,\"caption\":\"????????\"},{\"@type\":\"WebSite\",\"@id\":\"https:\\\/\\\/elcanillita.info\\\/press\\\/#website\",\"url\":\"https:\\\/\\\/elcanillita.info\\\/press\\\/\",\"name\":\"ElCanillita.Info\",\"description\":\"desde los Apeninos a los Andes\",\"publisher\":{\"@id\":\"https:\\\/\\\/elcanillita.info\\\/press\\\/#organization\"},\"potentialAction\":[{\"@type\":\"SearchAction\",\"target\":{\"@type\":\"EntryPoint\",\"urlTemplate\":\"https:\\\/\\\/elcanillita.info\\\/press\\\/?s={search_term_string}\"},\"query-input\":{\"@type\":\"PropertyValueSpecification\",\"valueRequired\":true,\"valueName\":\"search_term_string\"}}],\"inLanguage\":\"es-AR\"},{\"@type\":\"Organization\",\"@id\":\"https:\\\/\\\/elcanillita.info\\\/press\\\/#organization\",\"name\":\"Guzzo Photos & Graphic Publications\",\"url\":\"https:\\\/\\\/elcanillita.info\\\/press\\\/\",\"logo\":{\"@type\":\"ImageObject\",\"inLanguage\":\"es-AR\",\"@id\":\"https:\\\/\\\/elcanillita.info\\\/press\\\/#\\\/schema\\\/logo\\\/image\\\/\",\"url\":\"https:\\\/\\\/elcanillita.info\\\/press\\\/images\\\/2020\\\/01\\\/cropped-cropped-cropped-elcanillitainfo.png\",\"contentUrl\":\"https:\\\/\\\/elcanillita.info\\\/press\\\/images\\\/2020\\\/01\\\/cropped-cropped-cropped-elcanillitainfo.png\",\"width\":460,\"height\":50,\"caption\":\"Guzzo Photos & Graphic Publications\"},\"image\":{\"@id\":\"https:\\\/\\\/elcanillita.info\\\/press\\\/#\\\/schema\\\/logo\\\/image\\\/\"},\"sameAs\":[\"https:\\\/\\\/ar-ar.facebook.com\\\/ElCanillitainfo-114249515285712\\\/\"]},{\"@type\":\"Person\",\"@id\":\"https:\\\/\\\/elcanillita.info\\\/press\\\/#\\\/schema\\\/person\\\/7fcb79f38045700919f7da6d97e71ba0\",\"name\":\"SalaStampa.eu, world press service\",\"image\":{\"@type\":\"ImageObject\",\"inLanguage\":\"es-AR\",\"@id\":\"https:\\\/\\\/secure.gravatar.com\\\/avatar\\\/c2f0e0d515a107624234994507816ca4724c7199cef73fc8bedebf6931d73888?s=96&d=mm&r=g\",\"url\":\"https:\\\/\\\/secure.gravatar.com\\\/avatar\\\/c2f0e0d515a107624234994507816ca4724c7199cef73fc8bedebf6931d73888?s=96&d=mm&r=g\",\"contentUrl\":\"https:\\\/\\\/secure.gravatar.com\\\/avatar\\\/c2f0e0d515a107624234994507816ca4724c7199cef73fc8bedebf6931d73888?s=96&d=mm&r=g\",\"caption\":\"SalaStampa.eu, world press service\"}}]}<\/script>\n<!-- \/ Yoast SEO plugin. -->","yoast_head_json":{"title":"Conoce al enemigo !! - ElCanillita.Info","description":"Sun Tzu fue un general y fil\u00f3sofo chino que probablemente vivi\u00f3 entre los siglos VI y V antes de Cristo. Se le atribuye uno de los tratados sobre estrategia militar m\u00e1s importantes de todos los tiempos, El arte de la guerra.","robots":{"index":"index","follow":"follow","max-snippet":"max-snippet:-1","max-image-preview":"max-image-preview:large","max-video-preview":"max-video-preview:-1"},"canonical":"https:\/\/elcanillita.info\/press\/2023\/09\/13\/conoce-al-enemigo\/","og_locale":"es_ES","og_type":"article","og_title":"Conoce al enemigo !! - ElCanillita.Info","og_description":"Sun Tzu fue un general y fil\u00f3sofo chino que probablemente vivi\u00f3 entre los siglos VI y V antes de Cristo. Se le atribuye uno de los tratados sobre estrategia militar m\u00e1s importantes de todos los tiempos, El arte de la guerra.","og_url":"https:\/\/elcanillita.info\/press\/2023\/09\/13\/conoce-al-enemigo\/","og_site_name":"ElCanillita.Info","article_publisher":"https:\/\/ar-ar.facebook.com\/ElCanillitainfo-114249515285712\/","article_published_time":"2023-09-13T14:07:26+00:00","og_image":[{"width":600,"height":400,"url":"https:\/\/elcanillita.info\/press\/images\/2023\/09\/ypfcov_20230913.jpg","type":"image\/jpeg"}],"author":"SalaStampa.eu, world press service","twitter_card":"summary_large_image","twitter_misc":{"Escrito por":"SalaStampa.eu, world press service","Tiempo de lectura":"3 minutos"},"schema":{"@context":"https:\/\/schema.org","@graph":[{"@type":"Article","@id":"https:\/\/elcanillita.info\/press\/2023\/09\/13\/conoce-al-enemigo\/#article","isPartOf":{"@id":"https:\/\/elcanillita.info\/press\/2023\/09\/13\/conoce-al-enemigo\/"},"author":{"name":"SalaStampa.eu, world press service","@id":"https:\/\/elcanillita.info\/press\/#\/schema\/person\/7fcb79f38045700919f7da6d97e71ba0"},"headline":"Conoce al enemigo !!","datePublished":"2023-09-13T14:07:26+00:00","mainEntityOfPage":{"@id":"https:\/\/elcanillita.info\/press\/2023\/09\/13\/conoce-al-enemigo\/"},"wordCount":455,"publisher":{"@id":"https:\/\/elcanillita.info\/press\/#organization"},"image":{"@id":"https:\/\/elcanillita.info\/press\/2023\/09\/13\/conoce-al-enemigo\/#primaryimage"},"thumbnailUrl":"https:\/\/elcanillita.info\/press\/images\/2023\/09\/ypfcov_20230913.jpg","articleSection":[".",".","Actualidad","Am\u00e9rica del Sur","Corrupci\u00f3n","Justicia","Politica"],"inLanguage":"es-AR"},{"@type":"WebPage","@id":"https:\/\/elcanillita.info\/press\/2023\/09\/13\/conoce-al-enemigo\/","url":"https:\/\/elcanillita.info\/press\/2023\/09\/13\/conoce-al-enemigo\/","name":"Conoce al enemigo !! - ElCanillita.Info","isPartOf":{"@id":"https:\/\/elcanillita.info\/press\/#website"},"primaryImageOfPage":{"@id":"https:\/\/elcanillita.info\/press\/2023\/09\/13\/conoce-al-enemigo\/#primaryimage"},"image":{"@id":"https:\/\/elcanillita.info\/press\/2023\/09\/13\/conoce-al-enemigo\/#primaryimage"},"thumbnailUrl":"https:\/\/elcanillita.info\/press\/images\/2023\/09\/ypfcov_20230913.jpg","datePublished":"2023-09-13T14:07:26+00:00","description":"Sun Tzu fue un general y fil\u00f3sofo chino que probablemente vivi\u00f3 entre los siglos VI y V antes de Cristo. Se le atribuye uno de los tratados sobre estrategia militar m\u00e1s importantes de todos los tiempos, El arte de la guerra.","inLanguage":"es-AR","potentialAction":[{"@type":"ReadAction","target":["https:\/\/elcanillita.info\/press\/2023\/09\/13\/conoce-al-enemigo\/"]}]},{"@type":"ImageObject","inLanguage":"es-AR","@id":"https:\/\/elcanillita.info\/press\/2023\/09\/13\/conoce-al-enemigo\/#primaryimage","url":"https:\/\/elcanillita.info\/press\/images\/2023\/09\/ypfcov_20230913.jpg","contentUrl":"https:\/\/elcanillita.info\/press\/images\/2023\/09\/ypfcov_20230913.jpg","width":600,"height":400,"caption":"????????"},{"@type":"WebSite","@id":"https:\/\/elcanillita.info\/press\/#website","url":"https:\/\/elcanillita.info\/press\/","name":"ElCanillita.Info","description":"desde los Apeninos a los Andes","publisher":{"@id":"https:\/\/elcanillita.info\/press\/#organization"},"potentialAction":[{"@type":"SearchAction","target":{"@type":"EntryPoint","urlTemplate":"https:\/\/elcanillita.info\/press\/?s={search_term_string}"},"query-input":{"@type":"PropertyValueSpecification","valueRequired":true,"valueName":"search_term_string"}}],"inLanguage":"es-AR"},{"@type":"Organization","@id":"https:\/\/elcanillita.info\/press\/#organization","name":"Guzzo Photos & Graphic Publications","url":"https:\/\/elcanillita.info\/press\/","logo":{"@type":"ImageObject","inLanguage":"es-AR","@id":"https:\/\/elcanillita.info\/press\/#\/schema\/logo\/image\/","url":"https:\/\/elcanillita.info\/press\/images\/2020\/01\/cropped-cropped-cropped-elcanillitainfo.png","contentUrl":"https:\/\/elcanillita.info\/press\/images\/2020\/01\/cropped-cropped-cropped-elcanillitainfo.png","width":460,"height":50,"caption":"Guzzo Photos & Graphic Publications"},"image":{"@id":"https:\/\/elcanillita.info\/press\/#\/schema\/logo\/image\/"},"sameAs":["https:\/\/ar-ar.facebook.com\/ElCanillitainfo-114249515285712\/"]},{"@type":"Person","@id":"https:\/\/elcanillita.info\/press\/#\/schema\/person\/7fcb79f38045700919f7da6d97e71ba0","name":"SalaStampa.eu, world press service","image":{"@type":"ImageObject","inLanguage":"es-AR","@id":"https:\/\/secure.gravatar.com\/avatar\/c2f0e0d515a107624234994507816ca4724c7199cef73fc8bedebf6931d73888?s=96&d=mm&r=g","url":"https:\/\/secure.gravatar.com\/avatar\/c2f0e0d515a107624234994507816ca4724c7199cef73fc8bedebf6931d73888?s=96&d=mm&r=g","contentUrl":"https:\/\/secure.gravatar.com\/avatar\/c2f0e0d515a107624234994507816ca4724c7199cef73fc8bedebf6931d73888?s=96&d=mm&r=g","caption":"SalaStampa.eu, world press service"}}]}},"views":367,"_links":{"self":[{"href":"https:\/\/elcanillita.info\/press\/wp-json\/wp\/v2\/posts\/3735","targetHints":{"allow":["GET"]}}],"collection":[{"href":"https:\/\/elcanillita.info\/press\/wp-json\/wp\/v2\/posts"}],"about":[{"href":"https:\/\/elcanillita.info\/press\/wp-json\/wp\/v2\/types\/post"}],"author":[{"embeddable":true,"href":"https:\/\/elcanillita.info\/press\/wp-json\/wp\/v2\/users\/1"}],"replies":[{"embeddable":true,"href":"https:\/\/elcanillita.info\/press\/wp-json\/wp\/v2\/comments?post=3735"}],"version-history":[{"count":0,"href":"https:\/\/elcanillita.info\/press\/wp-json\/wp\/v2\/posts\/3735\/revisions"}],"wp:featuredmedia":[{"embeddable":true,"href":"https:\/\/elcanillita.info\/press\/wp-json\/wp\/v2\/media\/3737"}],"wp:attachment":[{"href":"https:\/\/elcanillita.info\/press\/wp-json\/wp\/v2\/media?parent=3735"}],"wp:term":[{"taxonomy":"category","embeddable":true,"href":"https:\/\/elcanillita.info\/press\/wp-json\/wp\/v2\/categories?post=3735"},{"taxonomy":"post_tag","embeddable":true,"href":"https:\/\/elcanillita.info\/press\/wp-json\/wp\/v2\/tags?post=3735"}],"curies":[{"name":"wp","href":"https:\/\/api.w.org\/{rel}","templated":true}]}}