{"id":3731,"date":"2023-09-13T06:40:25","date_gmt":"2023-09-13T09:40:25","guid":{"rendered":"https:\/\/elcanillita.info\/press\/?p=3731"},"modified":"2023-09-14T05:28:59","modified_gmt":"2023-09-14T08:28:59","slug":"otro-golpe-a-la-pobre-argentina","status":"publish","type":"post","link":"https:\/\/elcanillita.info\/press\/2023\/09\/13\/otro-golpe-a-la-pobre-argentina\/","title":{"rendered":"Otro golpe a la pobre Argentina"},"content":{"rendered":"\n<figure class=\"wp-block-image size-full\"><img loading=\"lazy\" decoding=\"async\" width=\"466\" height=\"600\" src=\"https:\/\/elcanillita.info\/press\/images\/2023\/07\/ki_20230408.jpg\" alt=\"\" class=\"wp-image-3571\" srcset=\"https:\/\/elcanillita.info\/press\/images\/2023\/07\/ki_20230408.jpg 466w, https:\/\/elcanillita.info\/press\/images\/2023\/07\/ki_20230408-233x300.jpg 233w\" sizes=\"auto, (max-width: 466px) 100vw, 466px\" \/><figcaption class=\"wp-element-caption\">Axel Kiciloff, actual Gobernador de la Provincia de Buenos Aires y candidato a su reelecci\u00f3n.<\/figcaption><\/figure>\n\n\n\n<p><strong>por Enrique Guillermo Avogadro<\/strong><br><br>Buenos Aires, 13\/09\/2023<br>Despu\u00e9s de cerrar mi nota el pasado fin de semana, me enter\u00e9 de la nueva calamidad que cay\u00f3 sobre nuestro propio pa\u00eds. <br>Me refiero a la sentencia dictada por la Juez Loretta Preska, de Nueva York, en el juicio que el fondo Burford iniciara hace a\u00f1os contra la Argentina e YPF por haber ignorado nuestras autoridades el estatuto de la empresa al momento de expropiar el 51% del capital social de la misma en 2012.<\/p>\n\n\n\n<p>Ese monumental disparate, aplaudido de pie por una gran mayor\u00eda de nuestros legisladores, se consum\u00f3 mientras Cristina Fern\u00e1ndez se desempe\u00f1aba por segunda vez como Presidente de la Rep\u00fablica y su Ministro de Econom\u00eda era el impresentable caradura Axel Kiciloff, actual Gobernador de la Provincia de Buenos Aires que pretende su reelecci\u00f3n.<\/p>\n\n\n\n<p>En su curioso fallo, que exculpa a YPF y responsabiliza al Estado nacional, pese a que acepta como v\u00e1lido el monto reclamado por dicho fondo, \u00a1US$ 16.000 millones!, deja abierta la puerta para negociaciones entre las partes del juicio; sobre la marcha de \u00e9stas habr\u00e1 que poner la lupa para evitar nuevas y caras \u201cavivadas\u201d.<\/p>\n\n\n\n<p>Pero lo notable es que la magistrada bas\u00f3 su decisi\u00f3n, textualmente, en las p\u00fablicas manifestaciones de Kiciloff, cuando dijo que hubiera sido \u201cest\u00fapido\u201d cumplir con la ley y los estatutos (que obligaban a quien adquiriera su paquete mayoritario a ofrecer comprar a los restantes accionistas).<\/p>\n\n\n\n<p>Con las disculpas del caso por la auto-referencia, en julio de 2018, al saber de la existencia de ese juicio, escrib\u00ed una <a href=\"https:\/\/elcanillita.info\/press\/2018\/07\/06\/cristinita-otros-us-5-000-mm\/\" target=\"_blank\" rel=\"noreferrer noopener\">nota en la que denunci\u00e9 que, detr\u00e1s de la pantalla de ese \u201cfondo buitre\u201d estaban nada menos que la misma Cristina<\/a>, la actual Vicepresidente condenada por ladrona, y sus hijos, dando las explicaciones de mis dichos. A pesar de los muchos medios digitales que la publicaron, aqu\u00ed y en el exterior, no recib\u00ed intimaci\u00f3n alguna a retractarme p\u00fablicamente ni fui acusado ante los Tribunales.<br>No por casualidad, quien defendi\u00f3 a nuestro pa\u00eds en el juicio fue nada menos que Carlos Chino Zannini, Procurador del Tesoro desde 2019, notorio s\u00fabdito y c\u00f3mplice necesario de la ahora auto-recluida y tan corrupta emperatriz del Calafate.<\/p>\n\n\n\n<p>Para confirmar cu\u00e1n caro nos result\u00f3 toda la gesti\u00f3n del inefable Gobernador como Ministro, basta recordar los pagos a Repsol por US$ 10.000 millones (intereses inclu\u00eddos) despu\u00e9s de asegurar que ser\u00eda la compa\u00f1\u00eda espa\u00f1ola quien resarcir\u00eda a la Argentina, o los nefastos acuerdos que firm\u00f3 con el Club de Paris, reconociendo hasta los intereses punitorios, que siempre son condonados al regularizar la situaci\u00f3n de la deuda.<\/p>\n\n\n\n<p>Alguna vez, la Argentina deber\u00eda instaurar el juicio de residencia obligatorio, para que todos los funcionarios p\u00fablicos con poder de decisi\u00f3n rindieran acabadas explicaciones, al terminar sus mandatos o funciones, acerca de la real evoluci\u00f3n de su patrimonio y, en especial, a los perjuicios que sus actos hubieran causado al erario p\u00fablico. Muchos de quienes a\u00fan se pasean por el escenario pol\u00edtico, adem\u00e1s del enano f\u00edsico y moral mencionado y su jefa espiritual, ya estar\u00edan, si as\u00ed fuera, detr\u00e1s de las rejas y se habr\u00edan vuelto absolutamente insolventes.<\/p>\n\n\n\n<p>En otro orden de cosas, y para responder cualquier eventual acusaci\u00f3n de mero panegirista del Proceso militar, <a href=\"https:\/\/elcanillita.info\/press\/2008\/06\/07\/en-ocasion-de-los-treinta-anos-del-golpe\/\" target=\"_blank\" rel=\"noreferrer noopener\">me permito recordar que en marzo de 2006, hace ya diecisiete a\u00f1os, escrib\u00ed otra nota para explicar a mis lectores desde d\u00f3nde y c\u00f3mo ve\u00eda lo sucedido entonces.<\/a><\/p>\n\n\n\n<p>En cada ocasi\u00f3n en que llegu\u00e9 por primera vez a las c\u00e1rceles en que se encuentran los militares presos, les ped\u00ed leerla y subordin\u00e9 la continuidad de mi presencia a la aceptaci\u00f3n de mi postura; a pesar de mis duros cuestionamientos al proceder de las juntas, nunca me toc\u00f3 escuchar objeci\u00f3n alguna. Nobleza obliga.<br>Hasta la pr\u00f3xima, si Dios quiere.<\/p>\n","protected":false},"excerpt":{"rendered":"<p>Detr\u00e1s de la pantalla del \u201cfondo buitre\u201d estaban nada menos que la misma Cristina, la actual Vicepresidente condenada por ladrona.<\/p>\n","protected":false},"author":1,"featured_media":3732,"comment_status":"closed","ping_status":"closed","sticky":false,"template":"","format":"standard","meta":{"footnotes":"","_links_to":"","_links_to_target":""},"categories":[108,121,70,11,20],"tags":[29],"class_list":["post-3731","post","type-post","status-publish","format-standard","has-post-thumbnail","hentry","category-blogdiario","category-dc24","category-actualidad","category-america-del-sur","category-economia","tag-argentina","entry","double"],"yoast_head":"<!-- This site is optimized with the Yoast SEO plugin v27.4 - https:\/\/yoast.com\/product\/yoast-seo-wordpress\/ -->\n<title>Otro golpe a la pobre Argentina - ElCanillita.Info<\/title>\n<meta name=\"description\" content=\"Detr\u00e1s de la pantalla del \u201cfondo buitre\u201d estaban nada menos que la misma Cristina, la actual Vicepresidente condenada por ladrona.\" \/>\n<meta name=\"robots\" content=\"index, follow, max-snippet:-1, max-image-preview:large, max-video-preview:-1\" \/>\n<link rel=\"canonical\" href=\"https:\/\/elcanillita.info\/press\/2023\/09\/13\/otro-golpe-a-la-pobre-argentina\/\" \/>\n<meta property=\"og:locale\" content=\"es_ES\" \/>\n<meta property=\"og:type\" content=\"article\" \/>\n<meta property=\"og:title\" content=\"Otro golpe a la pobre Argentina - ElCanillita.Info\" \/>\n<meta property=\"og:description\" content=\"Detr\u00e1s de la pantalla del \u201cfondo buitre\u201d estaban nada menos que la misma Cristina, la actual Vicepresidente condenada por ladrona.\" \/>\n<meta property=\"og:url\" content=\"https:\/\/elcanillita.info\/press\/2023\/09\/13\/otro-golpe-a-la-pobre-argentina\/\" \/>\n<meta property=\"og:site_name\" content=\"ElCanillita.Info\" \/>\n<meta property=\"article:publisher\" content=\"https:\/\/ar-ar.facebook.com\/ElCanillitainfo-114249515285712\/\" \/>\n<meta property=\"article:published_time\" content=\"2023-09-13T09:40:25+00:00\" \/>\n<meta property=\"article:modified_time\" content=\"2023-09-14T08:28:59+00:00\" \/>\n<meta property=\"og:image\" content=\"https:\/\/elcanillita.info\/press\/images\/2023\/09\/ki_20230408_20230913.jpg\" \/>\n\t<meta property=\"og:image:width\" content=\"600\" \/>\n\t<meta property=\"og:image:height\" content=\"400\" \/>\n\t<meta property=\"og:image:type\" content=\"image\/jpeg\" \/>\n<meta name=\"author\" content=\"SalaStampa.eu, world press service\" \/>\n<meta name=\"twitter:card\" content=\"summary_large_image\" \/>\n<meta name=\"twitter:label1\" content=\"Escrito por\" \/>\n\t<meta name=\"twitter:data1\" content=\"SalaStampa.eu, world press service\" \/>\n\t<meta name=\"twitter:label2\" content=\"Tiempo de lectura\" \/>\n\t<meta name=\"twitter:data2\" content=\"4 minutos\" \/>\n<script type=\"application\/ld+json\" class=\"yoast-schema-graph\">{\"@context\":\"https:\\\/\\\/schema.org\",\"@graph\":[{\"@type\":\"Article\",\"@id\":\"https:\\\/\\\/elcanillita.info\\\/press\\\/2023\\\/09\\\/13\\\/otro-golpe-a-la-pobre-argentina\\\/#article\",\"isPartOf\":{\"@id\":\"https:\\\/\\\/elcanillita.info\\\/press\\\/2023\\\/09\\\/13\\\/otro-golpe-a-la-pobre-argentina\\\/\"},\"author\":{\"name\":\"SalaStampa.eu, world press service\",\"@id\":\"https:\\\/\\\/elcanillita.info\\\/press\\\/#\\\/schema\\\/person\\\/7fcb79f38045700919f7da6d97e71ba0\"},\"headline\":\"Otro golpe a la pobre Argentina\",\"datePublished\":\"2023-09-13T09:40:25+00:00\",\"dateModified\":\"2023-09-14T08:28:59+00:00\",\"mainEntityOfPage\":{\"@id\":\"https:\\\/\\\/elcanillita.info\\\/press\\\/2023\\\/09\\\/13\\\/otro-golpe-a-la-pobre-argentina\\\/\"},\"wordCount\":680,\"publisher\":{\"@id\":\"https:\\\/\\\/elcanillita.info\\\/press\\\/#organization\"},\"image\":{\"@id\":\"https:\\\/\\\/elcanillita.info\\\/press\\\/2023\\\/09\\\/13\\\/otro-golpe-a-la-pobre-argentina\\\/#primaryimage\"},\"thumbnailUrl\":\"https:\\\/\\\/elcanillita.info\\\/press\\\/images\\\/2023\\\/09\\\/ki_20230408_20230913.jpg\",\"keywords\":[\"Argentina\"],\"articleSection\":[\".\",\".\",\"Actualidad\",\"Am\u00e9rica del Sur\",\"Economia\"],\"inLanguage\":\"es-AR\"},{\"@type\":\"WebPage\",\"@id\":\"https:\\\/\\\/elcanillita.info\\\/press\\\/2023\\\/09\\\/13\\\/otro-golpe-a-la-pobre-argentina\\\/\",\"url\":\"https:\\\/\\\/elcanillita.info\\\/press\\\/2023\\\/09\\\/13\\\/otro-golpe-a-la-pobre-argentina\\\/\",\"name\":\"Otro golpe a la pobre Argentina - ElCanillita.Info\",\"isPartOf\":{\"@id\":\"https:\\\/\\\/elcanillita.info\\\/press\\\/#website\"},\"primaryImageOfPage\":{\"@id\":\"https:\\\/\\\/elcanillita.info\\\/press\\\/2023\\\/09\\\/13\\\/otro-golpe-a-la-pobre-argentina\\\/#primaryimage\"},\"image\":{\"@id\":\"https:\\\/\\\/elcanillita.info\\\/press\\\/2023\\\/09\\\/13\\\/otro-golpe-a-la-pobre-argentina\\\/#primaryimage\"},\"thumbnailUrl\":\"https:\\\/\\\/elcanillita.info\\\/press\\\/images\\\/2023\\\/09\\\/ki_20230408_20230913.jpg\",\"datePublished\":\"2023-09-13T09:40:25+00:00\",\"dateModified\":\"2023-09-14T08:28:59+00:00\",\"description\":\"Detr\u00e1s de la pantalla del \u201cfondo buitre\u201d estaban nada menos que la misma Cristina, la actual Vicepresidente condenada por ladrona.\",\"inLanguage\":\"es-AR\",\"potentialAction\":[{\"@type\":\"ReadAction\",\"target\":[\"https:\\\/\\\/elcanillita.info\\\/press\\\/2023\\\/09\\\/13\\\/otro-golpe-a-la-pobre-argentina\\\/\"]}]},{\"@type\":\"ImageObject\",\"inLanguage\":\"es-AR\",\"@id\":\"https:\\\/\\\/elcanillita.info\\\/press\\\/2023\\\/09\\\/13\\\/otro-golpe-a-la-pobre-argentina\\\/#primaryimage\",\"url\":\"https:\\\/\\\/elcanillita.info\\\/press\\\/images\\\/2023\\\/09\\\/ki_20230408_20230913.jpg\",\"contentUrl\":\"https:\\\/\\\/elcanillita.info\\\/press\\\/images\\\/2023\\\/09\\\/ki_20230408_20230913.jpg\",\"width\":600,\"height\":400},{\"@type\":\"WebSite\",\"@id\":\"https:\\\/\\\/elcanillita.info\\\/press\\\/#website\",\"url\":\"https:\\\/\\\/elcanillita.info\\\/press\\\/\",\"name\":\"ElCanillita.Info\",\"description\":\"desde los Apeninos a los Andes\",\"publisher\":{\"@id\":\"https:\\\/\\\/elcanillita.info\\\/press\\\/#organization\"},\"potentialAction\":[{\"@type\":\"SearchAction\",\"target\":{\"@type\":\"EntryPoint\",\"urlTemplate\":\"https:\\\/\\\/elcanillita.info\\\/press\\\/?s={search_term_string}\"},\"query-input\":{\"@type\":\"PropertyValueSpecification\",\"valueRequired\":true,\"valueName\":\"search_term_string\"}}],\"inLanguage\":\"es-AR\"},{\"@type\":\"Organization\",\"@id\":\"https:\\\/\\\/elcanillita.info\\\/press\\\/#organization\",\"name\":\"Guzzo Photos & Graphic Publications\",\"url\":\"https:\\\/\\\/elcanillita.info\\\/press\\\/\",\"logo\":{\"@type\":\"ImageObject\",\"inLanguage\":\"es-AR\",\"@id\":\"https:\\\/\\\/elcanillita.info\\\/press\\\/#\\\/schema\\\/logo\\\/image\\\/\",\"url\":\"https:\\\/\\\/elcanillita.info\\\/press\\\/images\\\/2020\\\/01\\\/cropped-cropped-cropped-elcanillitainfo.png\",\"contentUrl\":\"https:\\\/\\\/elcanillita.info\\\/press\\\/images\\\/2020\\\/01\\\/cropped-cropped-cropped-elcanillitainfo.png\",\"width\":460,\"height\":50,\"caption\":\"Guzzo Photos & Graphic Publications\"},\"image\":{\"@id\":\"https:\\\/\\\/elcanillita.info\\\/press\\\/#\\\/schema\\\/logo\\\/image\\\/\"},\"sameAs\":[\"https:\\\/\\\/ar-ar.facebook.com\\\/ElCanillitainfo-114249515285712\\\/\"]},{\"@type\":\"Person\",\"@id\":\"https:\\\/\\\/elcanillita.info\\\/press\\\/#\\\/schema\\\/person\\\/7fcb79f38045700919f7da6d97e71ba0\",\"name\":\"SalaStampa.eu, world press service\",\"image\":{\"@type\":\"ImageObject\",\"inLanguage\":\"es-AR\",\"@id\":\"https:\\\/\\\/secure.gravatar.com\\\/avatar\\\/c2f0e0d515a107624234994507816ca4724c7199cef73fc8bedebf6931d73888?s=96&d=mm&r=g\",\"url\":\"https:\\\/\\\/secure.gravatar.com\\\/avatar\\\/c2f0e0d515a107624234994507816ca4724c7199cef73fc8bedebf6931d73888?s=96&d=mm&r=g\",\"contentUrl\":\"https:\\\/\\\/secure.gravatar.com\\\/avatar\\\/c2f0e0d515a107624234994507816ca4724c7199cef73fc8bedebf6931d73888?s=96&d=mm&r=g\",\"caption\":\"SalaStampa.eu, world press service\"}}]}<\/script>\n<!-- \/ Yoast SEO plugin. -->","yoast_head_json":{"title":"Otro golpe a la pobre Argentina - ElCanillita.Info","description":"Detr\u00e1s de la pantalla del \u201cfondo buitre\u201d estaban nada menos que la misma Cristina, la actual Vicepresidente condenada por ladrona.","robots":{"index":"index","follow":"follow","max-snippet":"max-snippet:-1","max-image-preview":"max-image-preview:large","max-video-preview":"max-video-preview:-1"},"canonical":"https:\/\/elcanillita.info\/press\/2023\/09\/13\/otro-golpe-a-la-pobre-argentina\/","og_locale":"es_ES","og_type":"article","og_title":"Otro golpe a la pobre Argentina - ElCanillita.Info","og_description":"Detr\u00e1s de la pantalla del \u201cfondo buitre\u201d estaban nada menos que la misma Cristina, la actual Vicepresidente condenada por ladrona.","og_url":"https:\/\/elcanillita.info\/press\/2023\/09\/13\/otro-golpe-a-la-pobre-argentina\/","og_site_name":"ElCanillita.Info","article_publisher":"https:\/\/ar-ar.facebook.com\/ElCanillitainfo-114249515285712\/","article_published_time":"2023-09-13T09:40:25+00:00","article_modified_time":"2023-09-14T08:28:59+00:00","og_image":[{"width":600,"height":400,"url":"https:\/\/elcanillita.info\/press\/images\/2023\/09\/ki_20230408_20230913.jpg","type":"image\/jpeg"}],"author":"SalaStampa.eu, world press service","twitter_card":"summary_large_image","twitter_misc":{"Escrito por":"SalaStampa.eu, world press service","Tiempo de lectura":"4 minutos"},"schema":{"@context":"https:\/\/schema.org","@graph":[{"@type":"Article","@id":"https:\/\/elcanillita.info\/press\/2023\/09\/13\/otro-golpe-a-la-pobre-argentina\/#article","isPartOf":{"@id":"https:\/\/elcanillita.info\/press\/2023\/09\/13\/otro-golpe-a-la-pobre-argentina\/"},"author":{"name":"SalaStampa.eu, world press service","@id":"https:\/\/elcanillita.info\/press\/#\/schema\/person\/7fcb79f38045700919f7da6d97e71ba0"},"headline":"Otro golpe a la pobre Argentina","datePublished":"2023-09-13T09:40:25+00:00","dateModified":"2023-09-14T08:28:59+00:00","mainEntityOfPage":{"@id":"https:\/\/elcanillita.info\/press\/2023\/09\/13\/otro-golpe-a-la-pobre-argentina\/"},"wordCount":680,"publisher":{"@id":"https:\/\/elcanillita.info\/press\/#organization"},"image":{"@id":"https:\/\/elcanillita.info\/press\/2023\/09\/13\/otro-golpe-a-la-pobre-argentina\/#primaryimage"},"thumbnailUrl":"https:\/\/elcanillita.info\/press\/images\/2023\/09\/ki_20230408_20230913.jpg","keywords":["Argentina"],"articleSection":[".",".","Actualidad","Am\u00e9rica del Sur","Economia"],"inLanguage":"es-AR"},{"@type":"WebPage","@id":"https:\/\/elcanillita.info\/press\/2023\/09\/13\/otro-golpe-a-la-pobre-argentina\/","url":"https:\/\/elcanillita.info\/press\/2023\/09\/13\/otro-golpe-a-la-pobre-argentina\/","name":"Otro golpe a la pobre Argentina - ElCanillita.Info","isPartOf":{"@id":"https:\/\/elcanillita.info\/press\/#website"},"primaryImageOfPage":{"@id":"https:\/\/elcanillita.info\/press\/2023\/09\/13\/otro-golpe-a-la-pobre-argentina\/#primaryimage"},"image":{"@id":"https:\/\/elcanillita.info\/press\/2023\/09\/13\/otro-golpe-a-la-pobre-argentina\/#primaryimage"},"thumbnailUrl":"https:\/\/elcanillita.info\/press\/images\/2023\/09\/ki_20230408_20230913.jpg","datePublished":"2023-09-13T09:40:25+00:00","dateModified":"2023-09-14T08:28:59+00:00","description":"Detr\u00e1s de la pantalla del \u201cfondo buitre\u201d estaban nada menos que la misma Cristina, la actual Vicepresidente condenada por ladrona.","inLanguage":"es-AR","potentialAction":[{"@type":"ReadAction","target":["https:\/\/elcanillita.info\/press\/2023\/09\/13\/otro-golpe-a-la-pobre-argentina\/"]}]},{"@type":"ImageObject","inLanguage":"es-AR","@id":"https:\/\/elcanillita.info\/press\/2023\/09\/13\/otro-golpe-a-la-pobre-argentina\/#primaryimage","url":"https:\/\/elcanillita.info\/press\/images\/2023\/09\/ki_20230408_20230913.jpg","contentUrl":"https:\/\/elcanillita.info\/press\/images\/2023\/09\/ki_20230408_20230913.jpg","width":600,"height":400},{"@type":"WebSite","@id":"https:\/\/elcanillita.info\/press\/#website","url":"https:\/\/elcanillita.info\/press\/","name":"ElCanillita.Info","description":"desde los Apeninos a los Andes","publisher":{"@id":"https:\/\/elcanillita.info\/press\/#organization"},"potentialAction":[{"@type":"SearchAction","target":{"@type":"EntryPoint","urlTemplate":"https:\/\/elcanillita.info\/press\/?s={search_term_string}"},"query-input":{"@type":"PropertyValueSpecification","valueRequired":true,"valueName":"search_term_string"}}],"inLanguage":"es-AR"},{"@type":"Organization","@id":"https:\/\/elcanillita.info\/press\/#organization","name":"Guzzo Photos & Graphic Publications","url":"https:\/\/elcanillita.info\/press\/","logo":{"@type":"ImageObject","inLanguage":"es-AR","@id":"https:\/\/elcanillita.info\/press\/#\/schema\/logo\/image\/","url":"https:\/\/elcanillita.info\/press\/images\/2020\/01\/cropped-cropped-cropped-elcanillitainfo.png","contentUrl":"https:\/\/elcanillita.info\/press\/images\/2020\/01\/cropped-cropped-cropped-elcanillitainfo.png","width":460,"height":50,"caption":"Guzzo Photos & Graphic Publications"},"image":{"@id":"https:\/\/elcanillita.info\/press\/#\/schema\/logo\/image\/"},"sameAs":["https:\/\/ar-ar.facebook.com\/ElCanillitainfo-114249515285712\/"]},{"@type":"Person","@id":"https:\/\/elcanillita.info\/press\/#\/schema\/person\/7fcb79f38045700919f7da6d97e71ba0","name":"SalaStampa.eu, world press service","image":{"@type":"ImageObject","inLanguage":"es-AR","@id":"https:\/\/secure.gravatar.com\/avatar\/c2f0e0d515a107624234994507816ca4724c7199cef73fc8bedebf6931d73888?s=96&d=mm&r=g","url":"https:\/\/secure.gravatar.com\/avatar\/c2f0e0d515a107624234994507816ca4724c7199cef73fc8bedebf6931d73888?s=96&d=mm&r=g","contentUrl":"https:\/\/secure.gravatar.com\/avatar\/c2f0e0d515a107624234994507816ca4724c7199cef73fc8bedebf6931d73888?s=96&d=mm&r=g","caption":"SalaStampa.eu, world press service"}}]}},"views":519,"_links":{"self":[{"href":"https:\/\/elcanillita.info\/press\/wp-json\/wp\/v2\/posts\/3731","targetHints":{"allow":["GET"]}}],"collection":[{"href":"https:\/\/elcanillita.info\/press\/wp-json\/wp\/v2\/posts"}],"about":[{"href":"https:\/\/elcanillita.info\/press\/wp-json\/wp\/v2\/types\/post"}],"author":[{"embeddable":true,"href":"https:\/\/elcanillita.info\/press\/wp-json\/wp\/v2\/users\/1"}],"replies":[{"embeddable":true,"href":"https:\/\/elcanillita.info\/press\/wp-json\/wp\/v2\/comments?post=3731"}],"version-history":[{"count":0,"href":"https:\/\/elcanillita.info\/press\/wp-json\/wp\/v2\/posts\/3731\/revisions"}],"wp:featuredmedia":[{"embeddable":true,"href":"https:\/\/elcanillita.info\/press\/wp-json\/wp\/v2\/media\/3732"}],"wp:attachment":[{"href":"https:\/\/elcanillita.info\/press\/wp-json\/wp\/v2\/media?parent=3731"}],"wp:term":[{"taxonomy":"category","embeddable":true,"href":"https:\/\/elcanillita.info\/press\/wp-json\/wp\/v2\/categories?post=3731"},{"taxonomy":"post_tag","embeddable":true,"href":"https:\/\/elcanillita.info\/press\/wp-json\/wp\/v2\/tags?post=3731"}],"curies":[{"name":"wp","href":"https:\/\/api.w.org\/{rel}","templated":true}]}}