{"id":3723,"date":"2023-09-10T18:06:36","date_gmt":"2023-09-10T21:06:36","guid":{"rendered":"https:\/\/elcanillita.info\/press\/?p=3723"},"modified":"2023-09-10T19:14:24","modified_gmt":"2023-09-10T22:14:24","slug":"putin-no-sera-arrestado-si-viaja-a-rio-para-participar-al-foro-g20-dijo-luiz-inacio","status":"publish","type":"post","link":"https:\/\/elcanillita.info\/press\/2023\/09\/10\/putin-no-sera-arrestado-si-viaja-a-rio-para-participar-al-foro-g20-dijo-luiz-inacio\/","title":{"rendered":"Putin no ser\u00e1 arrestado si viaja a Rio para participar al foro G20, dijo Luiz In\u00e1cio &#8230;"},"content":{"rendered":"\n<figure class=\"wp-block-image size-full\"><img loading=\"lazy\" decoding=\"async\" width=\"600\" height=\"400\" src=\"https:\/\/elcanillita.info\/press\/images\/2023\/09\/delh_2_20230910.jpg\" alt=\"\" class=\"wp-image-3724\" srcset=\"https:\/\/elcanillita.info\/press\/images\/2023\/09\/delh_2_20230910.jpg 600w, https:\/\/elcanillita.info\/press\/images\/2023\/09\/delh_2_20230910-300x200.jpg 300w\" sizes=\"auto, (max-width: 600px) 100vw, 600px\" \/><figcaption class=\"wp-element-caption\">Luiz In\u00e1cio Lula da Silva, presidente de Brasil<\/figcaption><\/figure>\n\n\n\n<p><strong>ElCanillita.info, 10\/09\/2023<\/strong><br>Tanto India como Brasil son signatarios del acuerdo que dio origen a la Corte Penal Internacional que emiti\u00f3 el mandato.<\/p>\n\n\n\n<p>El presidente ruso, Vladimir Putin, que tiene pendiente una orden de arresto de la Corte Penal Internacional por la guerra contra Ucrania, no ser\u00e1 detenido si decide asistir a la cumbre del G20 en R\u00edo de Janeiro en 2024, bajo el liderazgo de Brasil.<\/p>\n\n\n\n<p>El presidente Luiz In\u00e1cio Lula da Silva declar\u00f3 a los medios ind\u00faes, anticipando su intenci\u00f3n de enviar la invitaci\u00f3n a Mosc\u00fa para el pr\u00f3ximo G20.<\/p>\n\n\n\n<p>Tanto India como Brasil son signatarios del acuerdo que dio origen a la Corte Penal Internacional, que emiti\u00f3 la orden de detenci\u00f3n en marzo por cargos de deportaci\u00f3n ilegal de ni\u00f1os ucranianos, un crimen de guerra.<\/p>\n\n\n\n<p>El primer ministro ind\u00fa, Narendra Modi, pas\u00f3 la atestaci\u00f3n, o m\u00e1s bien el mazo de madera de las reuniones, al presidente brasile\u00f1o, cerrando el G20 en Nueva Delhi y el liderazgo rotatorio de India. En 2024, la presidencia del grupo de los principales pa\u00edses industrializados y en desarrollo recaer\u00e1 de hecho en Brasil.<br><br><strong>La declaraci\u00f3n del G20 no condena la guerra de Rusia contra Ucrania<\/strong><br>Mosc\u00fa se adjudic\u00f3 la victoria en la batalla por una declaraci\u00f3n del G20 en Delhi en la que se lamentaba el &#8220;sufrimiento&#8221; del pueblo ucraniano pero se omit\u00eda toda menci\u00f3n a la agresi\u00f3n rusa, y mucho menos la condena de su invasi\u00f3n de un Estado soberano.<\/p>\n\n\n\n<p>El comunicado conjunto se aleja de la declaraci\u00f3n del a\u00f1o pasado, en la que se condenaba en\u00e9rgicamente la invasi\u00f3n y se instaba a Mosc\u00fa a retirar las tropas.<\/p>\n\n\n\n<p>El primer ministro ind\u00fa, Narendra Modi, corr\u00eda el riesgo de que su cumbre fuera la primera de la historia en la que no se llegara a un acuerdo sobre un comunicado conjunto. En su lugar, la declaraci\u00f3n se limit\u00f3 a se\u00f1alar el &#8220;impacto adverso de las guerras y los conflictos en todo el mundo&#8221; y se comprometi\u00f3 a &#8220;apoyar una paz global, justa y duradera&#8221;.<\/p>\n\n\n\n<p>Modi tem\u00eda que su cumbre fuera la primera en no producir un comunicado conjunto acordado<\/p>\n\n\n\n<p>Ucrania descalific\u00f3 airadamente la declaraci\u00f3n como &#8220;nada de lo que enorgullecerse&#8221; por no nombrar a Rusia como agresor. &#8220;Est\u00e1 claro que la participaci\u00f3n de la parte ucraniana habr\u00eda permitido a los participantes comprender mejor la situaci\u00f3n&#8221;, declar\u00f3 un portavoz del ministro de Asuntos Exteriores.<\/p>\n\n\n\n<p>Sergu\u00e9i Lavrov, ministro de Asuntos Exteriores ruso, se atribuy\u00f3 una victoria diplom\u00e1tica. &#8220;Hemos podido evitar los intentos de Occidente de &#8216;ucranizar&#8217; la agenda de la cumbre&#8221;, declar\u00f3. Lavrov elogi\u00f3 a la India por poner en primer plano las opiniones de los pa\u00edses del Brics, que han evitado en gran medida tomar partido en el conflicto ucraniano, temerosos de alienar a Rusia, pero con la esperanza de cubrir sus apuestas tambi\u00e9n con Occidente.<\/p>\n\n\n\n<p>La sigla Brics se refiere a la agrupaci\u00f3n informal pero en evoluci\u00f3n de econom\u00edas emergentes formada por Brasil, Rusia, India, China y Sud\u00e1frica, que se reuni\u00f3 en Johannesburgo. &#8220;La presidencia de India ha conseguido cohesionar a los miembros del G20 del sur global&#8221;, afirm\u00f3 Lavrov. Una de las ambiciones de Modi era hacer de India &#8220;la voz del Sur global&#8221;. Logr\u00f3 una victoria al conseguir un acuerdo para que la Uni\u00f3n Africana tenga un puesto permanente en el G20.<\/p>\n\n\n\n<figure class=\"wp-block-image size-full\"><img loading=\"lazy\" decoding=\"async\" width=\"600\" height=\"399\" src=\"https:\/\/elcanillita.info\/press\/images\/2023\/09\/modi_1_20230910.jpg\" alt=\"\" class=\"wp-image-3726\" srcset=\"https:\/\/elcanillita.info\/press\/images\/2023\/09\/modi_1_20230910.jpg 600w, https:\/\/elcanillita.info\/press\/images\/2023\/09\/modi_1_20230910-300x200.jpg 300w\" sizes=\"auto, (max-width: 600px) 100vw, 600px\" \/><figcaption class=\"wp-element-caption\">Primer ministro ind\u00fa, Narendra Modi<\/figcaption><\/figure>\n\n\n\n<p>El hecho de que se emitiera una declaraci\u00f3n fue una buena noticia para Modi, que ha aprovechado la cumbre para aumentar su reputaci\u00f3n en su pa\u00eds y atribuirse el m\u00e9rito de la posici\u00f3n emergente de India en la escena mundial.<\/p>\n\n\n\n<p><small>Copyright \u00a9 2023 ElCanillita.info \/ SalaStampa.Eu, servicio mundial de prensa<\/small><\/p>\n","protected":false},"excerpt":{"rendered":"<p>Modi clausura el G20 y entrega el &#8216;martillo&#8217; al l\u00edder brasile\u00f1o Luiz Inacio Lula<\/p>\n","protected":false},"author":1,"featured_media":3725,"comment_status":"closed","ping_status":"closed","sticky":false,"template":"","format":"standard","meta":{"footnotes":"","_links_to":"","_links_to_target":""},"categories":[70,16,22,23],"tags":[83,84],"class_list":["post-3723","post","type-post","status-publish","format-standard","has-post-thumbnail","hentry","category-actualidad","category-asia","category-justicia","category-politica","tag-brasil","tag-india","entry","double"],"yoast_head":"<!-- This site is optimized with the Yoast SEO plugin v27.5 - https:\/\/yoast.com\/product\/yoast-seo-wordpress\/ -->\n<title>Putin no ser\u00e1 arrestado si viaja a Rio para participar al foro G20, dijo Luiz In\u00e1cio ... - ElCanillita.Info<\/title>\n<meta name=\"description\" content=\"Modi clausura el G20 y entrega el &#039;martillo&#039; al l\u00edder brasile\u00f1o Luiz-Inacio Lula\" \/>\n<meta name=\"robots\" content=\"index, follow, max-snippet:-1, max-image-preview:large, max-video-preview:-1\" \/>\n<link rel=\"canonical\" href=\"https:\/\/elcanillita.info\/press\/2023\/09\/10\/putin-no-sera-arrestado-si-viaja-a-rio-para-participar-al-foro-g20-dijo-luiz-inacio\/\" \/>\n<meta property=\"og:locale\" content=\"es_ES\" \/>\n<meta property=\"og:type\" content=\"article\" \/>\n<meta property=\"og:title\" content=\"Putin no ser\u00e1 arrestado si viaja a Rio para participar al foro G20, dijo Luiz In\u00e1cio ... - ElCanillita.Info\" \/>\n<meta property=\"og:description\" content=\"Modi clausura el G20 y entrega el &#039;martillo&#039; al l\u00edder brasile\u00f1o Luiz-Inacio Lula\" \/>\n<meta property=\"og:url\" content=\"https:\/\/elcanillita.info\/press\/2023\/09\/10\/putin-no-sera-arrestado-si-viaja-a-rio-para-participar-al-foro-g20-dijo-luiz-inacio\/\" \/>\n<meta property=\"og:site_name\" content=\"ElCanillita.Info\" \/>\n<meta property=\"article:publisher\" content=\"https:\/\/ar-ar.facebook.com\/ElCanillitainfo-114249515285712\/\" \/>\n<meta property=\"article:published_time\" content=\"2023-09-10T21:06:36+00:00\" \/>\n<meta property=\"article:modified_time\" content=\"2023-09-10T22:14:24+00:00\" \/>\n<meta property=\"og:image\" content=\"https:\/\/elcanillita.info\/press\/images\/2023\/09\/delh_120230910.jpg\" \/>\n\t<meta property=\"og:image:width\" content=\"600\" \/>\n\t<meta property=\"og:image:height\" content=\"400\" \/>\n\t<meta property=\"og:image:type\" content=\"image\/jpeg\" \/>\n<meta name=\"author\" content=\"SalaStampa.eu, world press service\" \/>\n<meta name=\"twitter:card\" content=\"summary_large_image\" \/>\n<meta name=\"twitter:label1\" content=\"Escrito por\" \/>\n\t<meta name=\"twitter:data1\" content=\"SalaStampa.eu, world press service\" \/>\n\t<meta name=\"twitter:label2\" content=\"Tiempo de lectura\" \/>\n\t<meta name=\"twitter:data2\" content=\"4 minutos\" \/>\n<script type=\"application\/ld+json\" class=\"yoast-schema-graph\">{\"@context\":\"https:\\\/\\\/schema.org\",\"@graph\":[{\"@type\":\"Article\",\"@id\":\"https:\\\/\\\/elcanillita.info\\\/press\\\/2023\\\/09\\\/10\\\/putin-no-sera-arrestado-si-viaja-a-rio-para-participar-al-foro-g20-dijo-luiz-inacio\\\/#article\",\"isPartOf\":{\"@id\":\"https:\\\/\\\/elcanillita.info\\\/press\\\/2023\\\/09\\\/10\\\/putin-no-sera-arrestado-si-viaja-a-rio-para-participar-al-foro-g20-dijo-luiz-inacio\\\/\"},\"author\":{\"name\":\"SalaStampa.eu, world press service\",\"@id\":\"https:\\\/\\\/elcanillita.info\\\/press\\\/#\\\/schema\\\/person\\\/7fcb79f38045700919f7da6d97e71ba0\"},\"headline\":\"Putin no ser\u00e1 arrestado si viaja a Rio para participar al foro G20, dijo Luiz In\u00e1cio &#8230;\",\"datePublished\":\"2023-09-10T21:06:36+00:00\",\"dateModified\":\"2023-09-10T22:14:24+00:00\",\"mainEntityOfPage\":{\"@id\":\"https:\\\/\\\/elcanillita.info\\\/press\\\/2023\\\/09\\\/10\\\/putin-no-sera-arrestado-si-viaja-a-rio-para-participar-al-foro-g20-dijo-luiz-inacio\\\/\"},\"wordCount\":664,\"publisher\":{\"@id\":\"https:\\\/\\\/elcanillita.info\\\/press\\\/#organization\"},\"image\":{\"@id\":\"https:\\\/\\\/elcanillita.info\\\/press\\\/2023\\\/09\\\/10\\\/putin-no-sera-arrestado-si-viaja-a-rio-para-participar-al-foro-g20-dijo-luiz-inacio\\\/#primaryimage\"},\"thumbnailUrl\":\"https:\\\/\\\/elcanillita.info\\\/press\\\/images\\\/2023\\\/09\\\/delh_120230910.jpg\",\"keywords\":[\"Brasil\",\"India\"],\"articleSection\":[\"Actualidad\",\"Asia\",\"Justicia\",\"Politica\"],\"inLanguage\":\"es-AR\"},{\"@type\":\"WebPage\",\"@id\":\"https:\\\/\\\/elcanillita.info\\\/press\\\/2023\\\/09\\\/10\\\/putin-no-sera-arrestado-si-viaja-a-rio-para-participar-al-foro-g20-dijo-luiz-inacio\\\/\",\"url\":\"https:\\\/\\\/elcanillita.info\\\/press\\\/2023\\\/09\\\/10\\\/putin-no-sera-arrestado-si-viaja-a-rio-para-participar-al-foro-g20-dijo-luiz-inacio\\\/\",\"name\":\"Putin no ser\u00e1 arrestado si viaja a Rio para participar al foro G20, dijo Luiz In\u00e1cio ... - ElCanillita.Info\",\"isPartOf\":{\"@id\":\"https:\\\/\\\/elcanillita.info\\\/press\\\/#website\"},\"primaryImageOfPage\":{\"@id\":\"https:\\\/\\\/elcanillita.info\\\/press\\\/2023\\\/09\\\/10\\\/putin-no-sera-arrestado-si-viaja-a-rio-para-participar-al-foro-g20-dijo-luiz-inacio\\\/#primaryimage\"},\"image\":{\"@id\":\"https:\\\/\\\/elcanillita.info\\\/press\\\/2023\\\/09\\\/10\\\/putin-no-sera-arrestado-si-viaja-a-rio-para-participar-al-foro-g20-dijo-luiz-inacio\\\/#primaryimage\"},\"thumbnailUrl\":\"https:\\\/\\\/elcanillita.info\\\/press\\\/images\\\/2023\\\/09\\\/delh_120230910.jpg\",\"datePublished\":\"2023-09-10T21:06:36+00:00\",\"dateModified\":\"2023-09-10T22:14:24+00:00\",\"description\":\"Modi clausura el G20 y entrega el 'martillo' al l\u00edder brasile\u00f1o Luiz-Inacio Lula\",\"inLanguage\":\"es-AR\",\"potentialAction\":[{\"@type\":\"ReadAction\",\"target\":[\"https:\\\/\\\/elcanillita.info\\\/press\\\/2023\\\/09\\\/10\\\/putin-no-sera-arrestado-si-viaja-a-rio-para-participar-al-foro-g20-dijo-luiz-inacio\\\/\"]}]},{\"@type\":\"ImageObject\",\"inLanguage\":\"es-AR\",\"@id\":\"https:\\\/\\\/elcanillita.info\\\/press\\\/2023\\\/09\\\/10\\\/putin-no-sera-arrestado-si-viaja-a-rio-para-participar-al-foro-g20-dijo-luiz-inacio\\\/#primaryimage\",\"url\":\"https:\\\/\\\/elcanillita.info\\\/press\\\/images\\\/2023\\\/09\\\/delh_120230910.jpg\",\"contentUrl\":\"https:\\\/\\\/elcanillita.info\\\/press\\\/images\\\/2023\\\/09\\\/delh_120230910.jpg\",\"width\":600,\"height\":400},{\"@type\":\"WebSite\",\"@id\":\"https:\\\/\\\/elcanillita.info\\\/press\\\/#website\",\"url\":\"https:\\\/\\\/elcanillita.info\\\/press\\\/\",\"name\":\"ElCanillita.Info\",\"description\":\"desde los Apeninos a los Andes\",\"publisher\":{\"@id\":\"https:\\\/\\\/elcanillita.info\\\/press\\\/#organization\"},\"potentialAction\":[{\"@type\":\"SearchAction\",\"target\":{\"@type\":\"EntryPoint\",\"urlTemplate\":\"https:\\\/\\\/elcanillita.info\\\/press\\\/?s={search_term_string}\"},\"query-input\":{\"@type\":\"PropertyValueSpecification\",\"valueRequired\":true,\"valueName\":\"search_term_string\"}}],\"inLanguage\":\"es-AR\"},{\"@type\":\"Organization\",\"@id\":\"https:\\\/\\\/elcanillita.info\\\/press\\\/#organization\",\"name\":\"Guzzo Photos & Graphic Publications\",\"url\":\"https:\\\/\\\/elcanillita.info\\\/press\\\/\",\"logo\":{\"@type\":\"ImageObject\",\"inLanguage\":\"es-AR\",\"@id\":\"https:\\\/\\\/elcanillita.info\\\/press\\\/#\\\/schema\\\/logo\\\/image\\\/\",\"url\":\"https:\\\/\\\/elcanillita.info\\\/press\\\/images\\\/2020\\\/01\\\/cropped-cropped-cropped-elcanillitainfo.png\",\"contentUrl\":\"https:\\\/\\\/elcanillita.info\\\/press\\\/images\\\/2020\\\/01\\\/cropped-cropped-cropped-elcanillitainfo.png\",\"width\":460,\"height\":50,\"caption\":\"Guzzo Photos & Graphic Publications\"},\"image\":{\"@id\":\"https:\\\/\\\/elcanillita.info\\\/press\\\/#\\\/schema\\\/logo\\\/image\\\/\"},\"sameAs\":[\"https:\\\/\\\/ar-ar.facebook.com\\\/ElCanillitainfo-114249515285712\\\/\"]},{\"@type\":\"Person\",\"@id\":\"https:\\\/\\\/elcanillita.info\\\/press\\\/#\\\/schema\\\/person\\\/7fcb79f38045700919f7da6d97e71ba0\",\"name\":\"SalaStampa.eu, world press service\",\"image\":{\"@type\":\"ImageObject\",\"inLanguage\":\"es-AR\",\"@id\":\"https:\\\/\\\/secure.gravatar.com\\\/avatar\\\/c2f0e0d515a107624234994507816ca4724c7199cef73fc8bedebf6931d73888?s=96&d=mm&r=g\",\"url\":\"https:\\\/\\\/secure.gravatar.com\\\/avatar\\\/c2f0e0d515a107624234994507816ca4724c7199cef73fc8bedebf6931d73888?s=96&d=mm&r=g\",\"contentUrl\":\"https:\\\/\\\/secure.gravatar.com\\\/avatar\\\/c2f0e0d515a107624234994507816ca4724c7199cef73fc8bedebf6931d73888?s=96&d=mm&r=g\",\"caption\":\"SalaStampa.eu, world press service\"}}]}<\/script>\n<!-- \/ Yoast SEO plugin. -->","yoast_head_json":{"title":"Putin no ser\u00e1 arrestado si viaja a Rio para participar al foro G20, dijo Luiz In\u00e1cio ... - ElCanillita.Info","description":"Modi clausura el G20 y entrega el 'martillo' al l\u00edder brasile\u00f1o Luiz-Inacio Lula","robots":{"index":"index","follow":"follow","max-snippet":"max-snippet:-1","max-image-preview":"max-image-preview:large","max-video-preview":"max-video-preview:-1"},"canonical":"https:\/\/elcanillita.info\/press\/2023\/09\/10\/putin-no-sera-arrestado-si-viaja-a-rio-para-participar-al-foro-g20-dijo-luiz-inacio\/","og_locale":"es_ES","og_type":"article","og_title":"Putin no ser\u00e1 arrestado si viaja a Rio para participar al foro G20, dijo Luiz In\u00e1cio ... - ElCanillita.Info","og_description":"Modi clausura el G20 y entrega el 'martillo' al l\u00edder brasile\u00f1o Luiz-Inacio Lula","og_url":"https:\/\/elcanillita.info\/press\/2023\/09\/10\/putin-no-sera-arrestado-si-viaja-a-rio-para-participar-al-foro-g20-dijo-luiz-inacio\/","og_site_name":"ElCanillita.Info","article_publisher":"https:\/\/ar-ar.facebook.com\/ElCanillitainfo-114249515285712\/","article_published_time":"2023-09-10T21:06:36+00:00","article_modified_time":"2023-09-10T22:14:24+00:00","og_image":[{"width":600,"height":400,"url":"https:\/\/elcanillita.info\/press\/images\/2023\/09\/delh_120230910.jpg","type":"image\/jpeg"}],"author":"SalaStampa.eu, world press service","twitter_card":"summary_large_image","twitter_misc":{"Escrito por":"SalaStampa.eu, world press service","Tiempo de lectura":"4 minutos"},"schema":{"@context":"https:\/\/schema.org","@graph":[{"@type":"Article","@id":"https:\/\/elcanillita.info\/press\/2023\/09\/10\/putin-no-sera-arrestado-si-viaja-a-rio-para-participar-al-foro-g20-dijo-luiz-inacio\/#article","isPartOf":{"@id":"https:\/\/elcanillita.info\/press\/2023\/09\/10\/putin-no-sera-arrestado-si-viaja-a-rio-para-participar-al-foro-g20-dijo-luiz-inacio\/"},"author":{"name":"SalaStampa.eu, world press service","@id":"https:\/\/elcanillita.info\/press\/#\/schema\/person\/7fcb79f38045700919f7da6d97e71ba0"},"headline":"Putin no ser\u00e1 arrestado si viaja a Rio para participar al foro G20, dijo Luiz In\u00e1cio &#8230;","datePublished":"2023-09-10T21:06:36+00:00","dateModified":"2023-09-10T22:14:24+00:00","mainEntityOfPage":{"@id":"https:\/\/elcanillita.info\/press\/2023\/09\/10\/putin-no-sera-arrestado-si-viaja-a-rio-para-participar-al-foro-g20-dijo-luiz-inacio\/"},"wordCount":664,"publisher":{"@id":"https:\/\/elcanillita.info\/press\/#organization"},"image":{"@id":"https:\/\/elcanillita.info\/press\/2023\/09\/10\/putin-no-sera-arrestado-si-viaja-a-rio-para-participar-al-foro-g20-dijo-luiz-inacio\/#primaryimage"},"thumbnailUrl":"https:\/\/elcanillita.info\/press\/images\/2023\/09\/delh_120230910.jpg","keywords":["Brasil","India"],"articleSection":["Actualidad","Asia","Justicia","Politica"],"inLanguage":"es-AR"},{"@type":"WebPage","@id":"https:\/\/elcanillita.info\/press\/2023\/09\/10\/putin-no-sera-arrestado-si-viaja-a-rio-para-participar-al-foro-g20-dijo-luiz-inacio\/","url":"https:\/\/elcanillita.info\/press\/2023\/09\/10\/putin-no-sera-arrestado-si-viaja-a-rio-para-participar-al-foro-g20-dijo-luiz-inacio\/","name":"Putin no ser\u00e1 arrestado si viaja a Rio para participar al foro G20, dijo Luiz In\u00e1cio ... - ElCanillita.Info","isPartOf":{"@id":"https:\/\/elcanillita.info\/press\/#website"},"primaryImageOfPage":{"@id":"https:\/\/elcanillita.info\/press\/2023\/09\/10\/putin-no-sera-arrestado-si-viaja-a-rio-para-participar-al-foro-g20-dijo-luiz-inacio\/#primaryimage"},"image":{"@id":"https:\/\/elcanillita.info\/press\/2023\/09\/10\/putin-no-sera-arrestado-si-viaja-a-rio-para-participar-al-foro-g20-dijo-luiz-inacio\/#primaryimage"},"thumbnailUrl":"https:\/\/elcanillita.info\/press\/images\/2023\/09\/delh_120230910.jpg","datePublished":"2023-09-10T21:06:36+00:00","dateModified":"2023-09-10T22:14:24+00:00","description":"Modi clausura el G20 y entrega el 'martillo' al l\u00edder brasile\u00f1o Luiz-Inacio Lula","inLanguage":"es-AR","potentialAction":[{"@type":"ReadAction","target":["https:\/\/elcanillita.info\/press\/2023\/09\/10\/putin-no-sera-arrestado-si-viaja-a-rio-para-participar-al-foro-g20-dijo-luiz-inacio\/"]}]},{"@type":"ImageObject","inLanguage":"es-AR","@id":"https:\/\/elcanillita.info\/press\/2023\/09\/10\/putin-no-sera-arrestado-si-viaja-a-rio-para-participar-al-foro-g20-dijo-luiz-inacio\/#primaryimage","url":"https:\/\/elcanillita.info\/press\/images\/2023\/09\/delh_120230910.jpg","contentUrl":"https:\/\/elcanillita.info\/press\/images\/2023\/09\/delh_120230910.jpg","width":600,"height":400},{"@type":"WebSite","@id":"https:\/\/elcanillita.info\/press\/#website","url":"https:\/\/elcanillita.info\/press\/","name":"ElCanillita.Info","description":"desde los Apeninos a los Andes","publisher":{"@id":"https:\/\/elcanillita.info\/press\/#organization"},"potentialAction":[{"@type":"SearchAction","target":{"@type":"EntryPoint","urlTemplate":"https:\/\/elcanillita.info\/press\/?s={search_term_string}"},"query-input":{"@type":"PropertyValueSpecification","valueRequired":true,"valueName":"search_term_string"}}],"inLanguage":"es-AR"},{"@type":"Organization","@id":"https:\/\/elcanillita.info\/press\/#organization","name":"Guzzo Photos & Graphic Publications","url":"https:\/\/elcanillita.info\/press\/","logo":{"@type":"ImageObject","inLanguage":"es-AR","@id":"https:\/\/elcanillita.info\/press\/#\/schema\/logo\/image\/","url":"https:\/\/elcanillita.info\/press\/images\/2020\/01\/cropped-cropped-cropped-elcanillitainfo.png","contentUrl":"https:\/\/elcanillita.info\/press\/images\/2020\/01\/cropped-cropped-cropped-elcanillitainfo.png","width":460,"height":50,"caption":"Guzzo Photos & Graphic Publications"},"image":{"@id":"https:\/\/elcanillita.info\/press\/#\/schema\/logo\/image\/"},"sameAs":["https:\/\/ar-ar.facebook.com\/ElCanillitainfo-114249515285712\/"]},{"@type":"Person","@id":"https:\/\/elcanillita.info\/press\/#\/schema\/person\/7fcb79f38045700919f7da6d97e71ba0","name":"SalaStampa.eu, world press service","image":{"@type":"ImageObject","inLanguage":"es-AR","@id":"https:\/\/secure.gravatar.com\/avatar\/c2f0e0d515a107624234994507816ca4724c7199cef73fc8bedebf6931d73888?s=96&d=mm&r=g","url":"https:\/\/secure.gravatar.com\/avatar\/c2f0e0d515a107624234994507816ca4724c7199cef73fc8bedebf6931d73888?s=96&d=mm&r=g","contentUrl":"https:\/\/secure.gravatar.com\/avatar\/c2f0e0d515a107624234994507816ca4724c7199cef73fc8bedebf6931d73888?s=96&d=mm&r=g","caption":"SalaStampa.eu, world press service"}}]}},"views":555,"_links":{"self":[{"href":"https:\/\/elcanillita.info\/press\/wp-json\/wp\/v2\/posts\/3723","targetHints":{"allow":["GET"]}}],"collection":[{"href":"https:\/\/elcanillita.info\/press\/wp-json\/wp\/v2\/posts"}],"about":[{"href":"https:\/\/elcanillita.info\/press\/wp-json\/wp\/v2\/types\/post"}],"author":[{"embeddable":true,"href":"https:\/\/elcanillita.info\/press\/wp-json\/wp\/v2\/users\/1"}],"replies":[{"embeddable":true,"href":"https:\/\/elcanillita.info\/press\/wp-json\/wp\/v2\/comments?post=3723"}],"version-history":[{"count":0,"href":"https:\/\/elcanillita.info\/press\/wp-json\/wp\/v2\/posts\/3723\/revisions"}],"wp:featuredmedia":[{"embeddable":true,"href":"https:\/\/elcanillita.info\/press\/wp-json\/wp\/v2\/media\/3725"}],"wp:attachment":[{"href":"https:\/\/elcanillita.info\/press\/wp-json\/wp\/v2\/media?parent=3723"}],"wp:term":[{"taxonomy":"category","embeddable":true,"href":"https:\/\/elcanillita.info\/press\/wp-json\/wp\/v2\/categories?post=3723"},{"taxonomy":"post_tag","embeddable":true,"href":"https:\/\/elcanillita.info\/press\/wp-json\/wp\/v2\/tags?post=3723"}],"curies":[{"name":"wp","href":"https:\/\/api.w.org\/{rel}","templated":true}]}}