{"id":372,"date":"2020-02-06T14:56:34","date_gmt":"2020-02-06T17:56:34","guid":{"rendered":"https:\/\/elcanillita.info\/press\/?p=372"},"modified":"2020-02-06T14:56:37","modified_gmt":"2020-02-06T17:56:37","slug":"familiares-ejecutivos-citgo-detenido-venezuela-denuncian-paradero-desconocido","status":"publish","type":"post","link":"https:\/\/elcanillita.info\/press\/2020\/02\/06\/familiares-ejecutivos-citgo-detenido-venezuela-denuncian-paradero-desconocido\/","title":{"rendered":"Familiares de ejecutivos de CITGO detenidos en Venezuela denuncian el paradero desconocido"},"content":{"rendered":"\n<p>Caracas, 06.02.2020 &#8211; Familiares de seis exejecutivos de CITGO, la refiner\u00eda filial de PDVSA en Estados Unidos, detenidos en Caracas desde 2017 y con &#8216;casa por c\u00e1rcel&#8217; desde diciembre de 2019, denunciaron que fueron trasladados por agentes de seguridad del Estado y desconocen su paradero.<\/p>\n\n\n\n<p>La primera en denunciar la situaci\u00f3n fue Veronica Vadell Weggeman, hija de Tomeu Vadell, uno de los conocidos como \u201clos 6 de Citgo\u201d, el mi\u00e9rcoles 5 en la noche. \u201cNuestro querido Tomeu fue abruptamente llevado sin previo aviso de su arresto a un lugar desconocido en Venezuela\u201d, afirm\u00f3.<\/p>\n\n\n\n<p>&#8220;\u00a1Responsabilizamos a todos los interesados por su seguridad y bienestar!\u201d, agreg\u00f3.<br>\nEn declaraciones a la Voz de Am\u00e9rica este jueves, Vadell afirm\u00f3 que: \u201cNo sabemos d\u00f3nde est\u00e1, lo \u00fanico que sabemos es que el SEBIN fue ayer en la noche y se llevaron a mi pap\u00e1. Tenemos m\u00e1s de 12 horas sin saber d\u00f3nde est\u00e1\u201d.<\/p>\n\n\n\n<p>EE.UU sobre los &#8216;6 de Citgo&#8217;: &#8220;Su detenci\u00f3n injusta debe terminar&#8221;<\/p>\n\n\n\n<p>Vadell afirm\u00f3 a la VOA en una llamada telef\u00f3nica que&nbsp;confirm\u00f3 la situaci\u00f3n a trav\u00e9s de los familiares del resto de los ejecutivos de CITGO. &#8220;Cada uno estaba en su casa y se los llevaron uno por uno&#8221;, detall\u00f3, cuya familia ha pedido al gobierno en disputa que libere a su padre y al resto de sus colegas para que puedan continuar sus vidas.<\/p>\n\n\n\n<p>Asegur\u00f3 estar preocupada por la salud de su padre pues sufre de problemas cardiovasculares y de tensi\u00f3n y necesita tomar medicamentos a diario.<\/p>\n\n\n\n<p>Por su parte, Alirio Rafael Zambrano, hermano de Jos\u00e9 Luis y Alirio Zambrano, otros de los detenidos, explic\u00f3, tambi\u00e9n en su cuenta de Twitter que fueron \u201ctomado abruptamente de su arresto domiciliario anoche, exigimos saber su paradero pero, lo que es m\u00e1s importante, \u00a1su libertad!\u201d.<br>\nEl representante republicano por el estado de Texas, Pete Olson, dijo en un comunicado que est\u00e1 en comunicaci\u00f3n con el Departamento de Estado.&nbsp;<\/p>\n\n\n\n<p>&#8220;Su salud [de los seis de CITGO] y su seguridad son m\u00e1xima prioridad. Continuar\u00e9 haciendo todo lo que pueda por ayudar a reunir a estos hombres con sus familias en EE.UU.&#8221;, escribi\u00f3 el congresista.<br>\nEl grupo de extrabajadores, cinco de ellos ciudadanos estadounidenses,&nbsp;es causado de cinco delitos \u2014entre ellos malversaci\u00f3n de fondos\u2014, por una propuesta para refinanciar unos 4 mil millones de d\u00f3lares en bonos CITGO ofreciendo un 50% de la compa\u00f1\u00eda como colateral.<\/p>\n\n\n\n<p>Familia de ejecutivo de CITGO encarcelado en incertidumbre despu\u00e9s de dos a\u00f1os<\/p>\n\n\n\n<p>Funcionarios del alto rango de la administraci\u00f3n de Donald Trump, incluyendo el vicepresidente Mike Pence, han exigido su liberaci\u00f3n. Se trata de: Jos\u00e9 Luis Zambrano, Alirio Zambrano, Jorge Toledo, Tomeu Vadell, Gustavo C\u00e1rdenas y Jos\u00e9 Pereira.<\/p>\n\n\n\n<p>A pesar de no haber tenido un juicio, despu\u00e9s de que \u00e9ste se postergara a principios de diciembre sin una nueva fecha definida, les fue otorgada casa por c\u00e1rcel.<br><br>\n<small>2020 voanoticias \u2013 salastampa.eu, afiliada a la red Broadcasting Board of Governors \u00a9 2020 BBG<\/small><\/p>\n","protected":false},"excerpt":{"rendered":"<p>Caracas, 06.02.2020 &#8211; Familiares de seis exejecutivos de CITGO, la refiner\u00eda filial de PDVSA en Estados Unidos, detenidos en Caracas desde 2017 y con &#8216;casa por c\u00e1rcel&#8217; desde diciembre de 2019, denunciaron que fueron trasladados por agentes de seguridad del Estado y desconocen su paradero.<\/p>\n","protected":false},"author":1,"featured_media":0,"comment_status":"closed","ping_status":"closed","sticky":false,"template":"","format":"standard","meta":{"footnotes":"","_links_to":"","_links_to_target":""},"categories":[70,11,22,25],"tags":[37],"class_list":["post-372","post","type-post","status-publish","format-standard","hentry","category-actualidad","category-america-del-sur","category-justicia","category-sociedad","tag-venezuela","entry","double"],"yoast_head":"<!-- This site is optimized with the Yoast SEO plugin v27.4 - https:\/\/yoast.com\/product\/yoast-seo-wordpress\/ -->\n<title>Familiares de ejecutivos de CITGO detenidos en Venezuela denuncian el paradero desconocido - ElCanillita.Info<\/title>\n<meta name=\"robots\" content=\"index, follow, max-snippet:-1, max-image-preview:large, max-video-preview:-1\" \/>\n<link rel=\"canonical\" href=\"https:\/\/elcanillita.info\/press\/2020\/02\/06\/familiares-ejecutivos-citgo-detenido-venezuela-denuncian-paradero-desconocido\/\" \/>\n<meta property=\"og:locale\" content=\"es_ES\" \/>\n<meta property=\"og:type\" content=\"article\" \/>\n<meta property=\"og:title\" content=\"Familiares de ejecutivos de CITGO detenidos en Venezuela denuncian el paradero desconocido - ElCanillita.Info\" \/>\n<meta property=\"og:description\" content=\"Caracas, 06.02.2020 - Familiares de seis exejecutivos de CITGO, la refiner\u00eda filial de PDVSA en Estados Unidos, detenidos en Caracas desde 2017 y con &#039;casa por c\u00e1rcel&#039; desde diciembre de 2019, denunciaron que fueron trasladados por agentes de seguridad del Estado y desconocen su paradero.\" \/>\n<meta property=\"og:url\" content=\"https:\/\/elcanillita.info\/press\/2020\/02\/06\/familiares-ejecutivos-citgo-detenido-venezuela-denuncian-paradero-desconocido\/\" \/>\n<meta property=\"og:site_name\" content=\"ElCanillita.Info\" \/>\n<meta property=\"article:publisher\" content=\"https:\/\/ar-ar.facebook.com\/ElCanillitainfo-114249515285712\/\" \/>\n<meta property=\"article:published_time\" content=\"2020-02-06T17:56:34+00:00\" \/>\n<meta property=\"article:modified_time\" content=\"2020-02-06T17:56:37+00:00\" \/>\n<meta name=\"author\" content=\"SalaStampa.eu, world press service\" \/>\n<meta name=\"twitter:card\" content=\"summary_large_image\" \/>\n<meta name=\"twitter:label1\" content=\"Escrito por\" \/>\n\t<meta name=\"twitter:data1\" content=\"SalaStampa.eu, world press service\" \/>\n\t<meta name=\"twitter:label2\" content=\"Tiempo de lectura\" \/>\n\t<meta name=\"twitter:data2\" content=\"3 minutos\" \/>\n<script type=\"application\/ld+json\" class=\"yoast-schema-graph\">{\"@context\":\"https:\\\/\\\/schema.org\",\"@graph\":[{\"@type\":\"Article\",\"@id\":\"https:\\\/\\\/elcanillita.info\\\/press\\\/2020\\\/02\\\/06\\\/familiares-ejecutivos-citgo-detenido-venezuela-denuncian-paradero-desconocido\\\/#article\",\"isPartOf\":{\"@id\":\"https:\\\/\\\/elcanillita.info\\\/press\\\/2020\\\/02\\\/06\\\/familiares-ejecutivos-citgo-detenido-venezuela-denuncian-paradero-desconocido\\\/\"},\"author\":{\"name\":\"SalaStampa.eu, world press service\",\"@id\":\"https:\\\/\\\/elcanillita.info\\\/press\\\/#\\\/schema\\\/person\\\/7fcb79f38045700919f7da6d97e71ba0\"},\"headline\":\"Familiares de ejecutivos de CITGO detenidos en Venezuela denuncian el paradero desconocido\",\"datePublished\":\"2020-02-06T17:56:34+00:00\",\"dateModified\":\"2020-02-06T17:56:37+00:00\",\"mainEntityOfPage\":{\"@id\":\"https:\\\/\\\/elcanillita.info\\\/press\\\/2020\\\/02\\\/06\\\/familiares-ejecutivos-citgo-detenido-venezuela-denuncian-paradero-desconocido\\\/\"},\"wordCount\":513,\"publisher\":{\"@id\":\"https:\\\/\\\/elcanillita.info\\\/press\\\/#organization\"},\"keywords\":[\"Venezuela\"],\"articleSection\":[\"Actualidad\",\"Am\u00e9rica del Sur\",\"Justicia\",\"Sociedad\"],\"inLanguage\":\"es-AR\"},{\"@type\":\"WebPage\",\"@id\":\"https:\\\/\\\/elcanillita.info\\\/press\\\/2020\\\/02\\\/06\\\/familiares-ejecutivos-citgo-detenido-venezuela-denuncian-paradero-desconocido\\\/\",\"url\":\"https:\\\/\\\/elcanillita.info\\\/press\\\/2020\\\/02\\\/06\\\/familiares-ejecutivos-citgo-detenido-venezuela-denuncian-paradero-desconocido\\\/\",\"name\":\"Familiares de ejecutivos de CITGO detenidos en Venezuela denuncian el paradero desconocido - ElCanillita.Info\",\"isPartOf\":{\"@id\":\"https:\\\/\\\/elcanillita.info\\\/press\\\/#website\"},\"datePublished\":\"2020-02-06T17:56:34+00:00\",\"dateModified\":\"2020-02-06T17:56:37+00:00\",\"inLanguage\":\"es-AR\",\"potentialAction\":[{\"@type\":\"ReadAction\",\"target\":[\"https:\\\/\\\/elcanillita.info\\\/press\\\/2020\\\/02\\\/06\\\/familiares-ejecutivos-citgo-detenido-venezuela-denuncian-paradero-desconocido\\\/\"]}]},{\"@type\":\"WebSite\",\"@id\":\"https:\\\/\\\/elcanillita.info\\\/press\\\/#website\",\"url\":\"https:\\\/\\\/elcanillita.info\\\/press\\\/\",\"name\":\"ElCanillita.Info\",\"description\":\"desde los Apeninos a los Andes\",\"publisher\":{\"@id\":\"https:\\\/\\\/elcanillita.info\\\/press\\\/#organization\"},\"potentialAction\":[{\"@type\":\"SearchAction\",\"target\":{\"@type\":\"EntryPoint\",\"urlTemplate\":\"https:\\\/\\\/elcanillita.info\\\/press\\\/?s={search_term_string}\"},\"query-input\":{\"@type\":\"PropertyValueSpecification\",\"valueRequired\":true,\"valueName\":\"search_term_string\"}}],\"inLanguage\":\"es-AR\"},{\"@type\":\"Organization\",\"@id\":\"https:\\\/\\\/elcanillita.info\\\/press\\\/#organization\",\"name\":\"Guzzo Photos & Graphic Publications\",\"url\":\"https:\\\/\\\/elcanillita.info\\\/press\\\/\",\"logo\":{\"@type\":\"ImageObject\",\"inLanguage\":\"es-AR\",\"@id\":\"https:\\\/\\\/elcanillita.info\\\/press\\\/#\\\/schema\\\/logo\\\/image\\\/\",\"url\":\"https:\\\/\\\/elcanillita.info\\\/press\\\/images\\\/2020\\\/01\\\/cropped-cropped-cropped-elcanillitainfo.png\",\"contentUrl\":\"https:\\\/\\\/elcanillita.info\\\/press\\\/images\\\/2020\\\/01\\\/cropped-cropped-cropped-elcanillitainfo.png\",\"width\":460,\"height\":50,\"caption\":\"Guzzo Photos & Graphic Publications\"},\"image\":{\"@id\":\"https:\\\/\\\/elcanillita.info\\\/press\\\/#\\\/schema\\\/logo\\\/image\\\/\"},\"sameAs\":[\"https:\\\/\\\/ar-ar.facebook.com\\\/ElCanillitainfo-114249515285712\\\/\"]},{\"@type\":\"Person\",\"@id\":\"https:\\\/\\\/elcanillita.info\\\/press\\\/#\\\/schema\\\/person\\\/7fcb79f38045700919f7da6d97e71ba0\",\"name\":\"SalaStampa.eu, world press service\",\"image\":{\"@type\":\"ImageObject\",\"inLanguage\":\"es-AR\",\"@id\":\"https:\\\/\\\/secure.gravatar.com\\\/avatar\\\/c2f0e0d515a107624234994507816ca4724c7199cef73fc8bedebf6931d73888?s=96&d=mm&r=g\",\"url\":\"https:\\\/\\\/secure.gravatar.com\\\/avatar\\\/c2f0e0d515a107624234994507816ca4724c7199cef73fc8bedebf6931d73888?s=96&d=mm&r=g\",\"contentUrl\":\"https:\\\/\\\/secure.gravatar.com\\\/avatar\\\/c2f0e0d515a107624234994507816ca4724c7199cef73fc8bedebf6931d73888?s=96&d=mm&r=g\",\"caption\":\"SalaStampa.eu, world press service\"}}]}<\/script>\n<!-- \/ Yoast SEO plugin. -->","yoast_head_json":{"title":"Familiares de ejecutivos de CITGO detenidos en Venezuela denuncian el paradero desconocido - ElCanillita.Info","robots":{"index":"index","follow":"follow","max-snippet":"max-snippet:-1","max-image-preview":"max-image-preview:large","max-video-preview":"max-video-preview:-1"},"canonical":"https:\/\/elcanillita.info\/press\/2020\/02\/06\/familiares-ejecutivos-citgo-detenido-venezuela-denuncian-paradero-desconocido\/","og_locale":"es_ES","og_type":"article","og_title":"Familiares de ejecutivos de CITGO detenidos en Venezuela denuncian el paradero desconocido - ElCanillita.Info","og_description":"Caracas, 06.02.2020 - Familiares de seis exejecutivos de CITGO, la refiner\u00eda filial de PDVSA en Estados Unidos, detenidos en Caracas desde 2017 y con 'casa por c\u00e1rcel' desde diciembre de 2019, denunciaron que fueron trasladados por agentes de seguridad del Estado y desconocen su paradero.","og_url":"https:\/\/elcanillita.info\/press\/2020\/02\/06\/familiares-ejecutivos-citgo-detenido-venezuela-denuncian-paradero-desconocido\/","og_site_name":"ElCanillita.Info","article_publisher":"https:\/\/ar-ar.facebook.com\/ElCanillitainfo-114249515285712\/","article_published_time":"2020-02-06T17:56:34+00:00","article_modified_time":"2020-02-06T17:56:37+00:00","author":"SalaStampa.eu, world press service","twitter_card":"summary_large_image","twitter_misc":{"Escrito por":"SalaStampa.eu, world press service","Tiempo de lectura":"3 minutos"},"schema":{"@context":"https:\/\/schema.org","@graph":[{"@type":"Article","@id":"https:\/\/elcanillita.info\/press\/2020\/02\/06\/familiares-ejecutivos-citgo-detenido-venezuela-denuncian-paradero-desconocido\/#article","isPartOf":{"@id":"https:\/\/elcanillita.info\/press\/2020\/02\/06\/familiares-ejecutivos-citgo-detenido-venezuela-denuncian-paradero-desconocido\/"},"author":{"name":"SalaStampa.eu, world press service","@id":"https:\/\/elcanillita.info\/press\/#\/schema\/person\/7fcb79f38045700919f7da6d97e71ba0"},"headline":"Familiares de ejecutivos de CITGO detenidos en Venezuela denuncian el paradero desconocido","datePublished":"2020-02-06T17:56:34+00:00","dateModified":"2020-02-06T17:56:37+00:00","mainEntityOfPage":{"@id":"https:\/\/elcanillita.info\/press\/2020\/02\/06\/familiares-ejecutivos-citgo-detenido-venezuela-denuncian-paradero-desconocido\/"},"wordCount":513,"publisher":{"@id":"https:\/\/elcanillita.info\/press\/#organization"},"keywords":["Venezuela"],"articleSection":["Actualidad","Am\u00e9rica del Sur","Justicia","Sociedad"],"inLanguage":"es-AR"},{"@type":"WebPage","@id":"https:\/\/elcanillita.info\/press\/2020\/02\/06\/familiares-ejecutivos-citgo-detenido-venezuela-denuncian-paradero-desconocido\/","url":"https:\/\/elcanillita.info\/press\/2020\/02\/06\/familiares-ejecutivos-citgo-detenido-venezuela-denuncian-paradero-desconocido\/","name":"Familiares de ejecutivos de CITGO detenidos en Venezuela denuncian el paradero desconocido - ElCanillita.Info","isPartOf":{"@id":"https:\/\/elcanillita.info\/press\/#website"},"datePublished":"2020-02-06T17:56:34+00:00","dateModified":"2020-02-06T17:56:37+00:00","inLanguage":"es-AR","potentialAction":[{"@type":"ReadAction","target":["https:\/\/elcanillita.info\/press\/2020\/02\/06\/familiares-ejecutivos-citgo-detenido-venezuela-denuncian-paradero-desconocido\/"]}]},{"@type":"WebSite","@id":"https:\/\/elcanillita.info\/press\/#website","url":"https:\/\/elcanillita.info\/press\/","name":"ElCanillita.Info","description":"desde los Apeninos a los Andes","publisher":{"@id":"https:\/\/elcanillita.info\/press\/#organization"},"potentialAction":[{"@type":"SearchAction","target":{"@type":"EntryPoint","urlTemplate":"https:\/\/elcanillita.info\/press\/?s={search_term_string}"},"query-input":{"@type":"PropertyValueSpecification","valueRequired":true,"valueName":"search_term_string"}}],"inLanguage":"es-AR"},{"@type":"Organization","@id":"https:\/\/elcanillita.info\/press\/#organization","name":"Guzzo Photos & Graphic Publications","url":"https:\/\/elcanillita.info\/press\/","logo":{"@type":"ImageObject","inLanguage":"es-AR","@id":"https:\/\/elcanillita.info\/press\/#\/schema\/logo\/image\/","url":"https:\/\/elcanillita.info\/press\/images\/2020\/01\/cropped-cropped-cropped-elcanillitainfo.png","contentUrl":"https:\/\/elcanillita.info\/press\/images\/2020\/01\/cropped-cropped-cropped-elcanillitainfo.png","width":460,"height":50,"caption":"Guzzo Photos & Graphic Publications"},"image":{"@id":"https:\/\/elcanillita.info\/press\/#\/schema\/logo\/image\/"},"sameAs":["https:\/\/ar-ar.facebook.com\/ElCanillitainfo-114249515285712\/"]},{"@type":"Person","@id":"https:\/\/elcanillita.info\/press\/#\/schema\/person\/7fcb79f38045700919f7da6d97e71ba0","name":"SalaStampa.eu, world press service","image":{"@type":"ImageObject","inLanguage":"es-AR","@id":"https:\/\/secure.gravatar.com\/avatar\/c2f0e0d515a107624234994507816ca4724c7199cef73fc8bedebf6931d73888?s=96&d=mm&r=g","url":"https:\/\/secure.gravatar.com\/avatar\/c2f0e0d515a107624234994507816ca4724c7199cef73fc8bedebf6931d73888?s=96&d=mm&r=g","contentUrl":"https:\/\/secure.gravatar.com\/avatar\/c2f0e0d515a107624234994507816ca4724c7199cef73fc8bedebf6931d73888?s=96&d=mm&r=g","caption":"SalaStampa.eu, world press service"}}]}},"views":773,"_links":{"self":[{"href":"https:\/\/elcanillita.info\/press\/wp-json\/wp\/v2\/posts\/372","targetHints":{"allow":["GET"]}}],"collection":[{"href":"https:\/\/elcanillita.info\/press\/wp-json\/wp\/v2\/posts"}],"about":[{"href":"https:\/\/elcanillita.info\/press\/wp-json\/wp\/v2\/types\/post"}],"author":[{"embeddable":true,"href":"https:\/\/elcanillita.info\/press\/wp-json\/wp\/v2\/users\/1"}],"replies":[{"embeddable":true,"href":"https:\/\/elcanillita.info\/press\/wp-json\/wp\/v2\/comments?post=372"}],"version-history":[{"count":0,"href":"https:\/\/elcanillita.info\/press\/wp-json\/wp\/v2\/posts\/372\/revisions"}],"wp:attachment":[{"href":"https:\/\/elcanillita.info\/press\/wp-json\/wp\/v2\/media?parent=372"}],"wp:term":[{"taxonomy":"category","embeddable":true,"href":"https:\/\/elcanillita.info\/press\/wp-json\/wp\/v2\/categories?post=372"},{"taxonomy":"post_tag","embeddable":true,"href":"https:\/\/elcanillita.info\/press\/wp-json\/wp\/v2\/tags?post=372"}],"curies":[{"name":"wp","href":"https:\/\/api.w.org\/{rel}","templated":true}]}}