{"id":3719,"date":"2023-09-08T22:54:59","date_gmt":"2023-09-09T01:54:59","guid":{"rendered":"https:\/\/elcanillita.info\/press\/?p=3719"},"modified":"2024-02-04T07:23:52","modified_gmt":"2024-02-04T10:23:52","slug":"ahondando-el-relato","status":"publish","type":"post","link":"https:\/\/elcanillita.info\/press\/2023\/09\/08\/ahondando-el-relato\/","title":{"rendered":"Ahondando el relato"},"content":{"rendered":"\n<figure class=\"wp-block-image size-full\"><img loading=\"lazy\" decoding=\"async\" width=\"600\" height=\"409\" src=\"https:\/\/elcanillita.info\/press\/images\/2023\/09\/salustro_20230909.jpg\" alt=\"\" class=\"wp-image-3720\" srcset=\"https:\/\/elcanillita.info\/press\/images\/2023\/09\/salustro_20230909.jpg 600w, https:\/\/elcanillita.info\/press\/images\/2023\/09\/salustro_20230909-300x205.jpg 300w\" sizes=\"auto, (max-width: 600px) 100vw, 600px\" \/><figcaption class=\"wp-element-caption\"><a href=\"#Oberdan Sallustro\">Oberdan Sallustro<\/a>, director general de Fiat Concord, secuestrado y asesinado por el ERP en 1972<\/figcaption><\/figure>\n\n\n\n<p><strong>por Enrique Guillermo Avogadro<\/strong><br><em><small>&#8220;Quien controla el pasado, controla el futuro. Quien controla el presente, controla el pasado\u201d<\/small><br><small>George Orwell<\/small><\/em><\/p>\n\n\n\n<p><strong>Buenos Aires, 9\/09\/2023<\/strong><br>El acto de recordaci\u00f3n de las v\u00edctimas del terrorismo que realiz\u00f3 el lunes la candidata a Vicepresidente por La Libertad Avanza, Victoria Villarruel, en la Legislatura porte\u00f1a fue lo m\u00e1s destacado de la semana y constituy\u00f3 un golpe demoledor para el edificio de silencio y tergiversaci\u00f3n de la historia que construy\u00f3 el kirchnerismo. Durante veinte a\u00f1os ininterrumpidos \u2013el gobierno de Mauricio Macri nada hizo para evitarlo- se instil\u00f3 en la juventud un falso relato de lo que sucedi\u00f3 en la Argentina y se le inculc\u00f3 la inventada cifra de 30.000 desaparecidos. Se le hizo creer que nada hab\u00eda pasado aqu\u00ed antes del 24 de marzo de 1976, cuando unos militares dementes, bajados de un plato volador, salieron a matar a j\u00f3venes idealistas que, en lugar de armamento de guerra y una estructura militar semejante a la del Ej\u00e9rcito, portaban flores, cantaban canciones de paz y amor y hac\u00edan turismo estudiantil a Cuba, Vietnam, Argelia, Libia y L\u00edbano.<\/p>\n\n\n\n<p>As\u00ed, se exculp\u00f3 a las organizaciones terroristas de los miles de atentados con bombas, los asesinatos de cientos de compatriotas (civiles, ni\u00f1os, polic\u00edas, empresarios, militares, sacerdotes, dirigentes gremiales, etc.), los ataques a unidades de las fuerzas armadas y comisar\u00edas, los robos a bancos, los secuestros extorsivos, etc., que cometieron inclusive durante el gobierno democr\u00e1tico del Gral. Juan D. Per\u00f3n y su viuda, elegidos por m\u00e1s del 60% de los votos. Sim\u00e9tricamente, tambi\u00e9n se \u201colvidaron\u201d los atroces cr\u00edmenes cometidos por la Triple A, esa organizaci\u00f3n paramilitar creada, armada y financiada desde el poder para combatir en las calles y matar a los \u201czurdos\u201d, enemigos de la derecha peronista.<\/p>\n\n\n\n<p>Quienes nacieron desde esos a\u00f1os violentos no saben que el ERP se lanz\u00f3 a una guerra de guerrillas a imitaci\u00f3n de Cuba, con la pretensi\u00f3n de transformar a la Provincia de Tucum\u00e1n en un Estado beligerante en 1975, y que fue el Gobierno nacional, en democracia, quien orden\u00f3 al Ej\u00e9rcito actuar para aniquilarlo. Pero, sobre todo, se borr\u00f3 de la historia, de un plumazo, el enorme apoyo civil, incluyendo al mismo PJ y a los sindicatos, que tuvo el golpe militar que encabez\u00f3 el Tte. Gral. Jorge R. Videla.<\/p>\n\n\n\n<p>Durante el gobierno de Ra\u00fal Alfons\u00edn se llev\u00f3 a juicio a las miembros de las juntas del Proceso (1976\/1983) y se los conden\u00f3; los jueces dijeron, en su sentencia, que hab\u00edan combatido en una guerra. Contempor\u00e1neamente, fueron encarcelados varios jefes guerrilleros, tales como Mario Firmenich, Fernando Vaca Narvaja y Enrique Gorriar\u00e1n Merlo. En el mismo per\u00edodo, fueron sancionadas las leyes \u201cde obediencia debida\u201d (exculpaba a los subordinados y responsabilizaba a los jefes superiores) y \u201cde punto final\u201d (puso un l\u00edmite temporal a la formulaci\u00f3n de denuncias contra los militares). Los terroristas volvieron a las andadas en enero de 1989, cuando coparon el Regimiento Mecanizado 3, en La Tablada, con un enorme saldo de muertos; quien comand\u00f3 la recuperaci\u00f3n del cuartel, el Gral Alfredo Arrillaga, fue juzgado y condenado por \u201clesa humanidad\u201d, mientras que a los atacantes se les conmutaron las penas. M\u00e1s tarde, el Presidente Carlos Menem indult\u00f3 a todos ellos, militares y terroristas, en su af\u00e1n por pacificar al pa\u00eds..<\/p>\n\n\n\n<p>Pero lleg\u00f3 don N\u00e9stor a la Casa Rosada y, por el pacto que firm\u00f3 con Horacio <em>Perro <\/em>Verbitsky, se garantiz\u00f3 el apoyo de los organismos de derechos humanos (tuertos); as\u00ed se dot\u00f3 de unos fueros simb\u00f3licos que le permitieron saquear con impunidad el pa\u00eds. El nuevo Presidente hizo arrodillar al Congreso y \u00e9ste derog\u00f3 las leyes mencionadas y, de tal modo, se reinici\u00f3 la persecuci\u00f3n a quienes hab\u00edan derrotado al terrorismo. La Corte Suprema, por boca de Ricardo Lorenzetti, inform\u00f3 sin verg\u00fcenza que esa pol\u00edtica era un tema \u00a1consensuado entre los tres poderes del Estado!<\/p>\n\n\n\n<p>A partir de entonces, se abrieron dos caminos paralelos. Por un lado, se mand\u00f3 a la c\u00e1rcel, mediante juicios ama\u00f1ados encabezados por verdaderos asesinos togados, con testigos falsos que confiesan haber construido una \u201cmemoria colectiva\u201d y en los que se ignoran todas las pruebas de inocencia, a cerca de tres mil ancianos (algunos llegan a los 100 a\u00f1os), muchos (805) ya muertos en cautiverio y con prisiones preventivas que superan, en promedio, los 9 a\u00f1os (el m\u00e1ximo legal es de 3 a\u00f1os, y s\u00f3lo para los casos en que pueden ponerse en riesgo la investigaci\u00f3n o exista peligro de fuga). Por otro, se organiz\u00f3 una gigantesca defraudaci\u00f3n al Estado bajo la forma de monumentales indemnizaciones (superan los US$ 4.000 millones) a quienes dicen haber sufrido c\u00e1rcel, torturas o exilio, algo que ha sido denunciado, infructuosamente, por Jos\u00e9 D\u2019Angelo y Luis Gasulla en varios libros.<\/p>\n\n\n\n<p>Villarruel pretende, adem\u00e1s del reconocimiento y la reparaci\u00f3n a las v\u00edctimas de la guerrilla, como hizo Uruguay (siempre un ejemplo), que esos cr\u00edmenes tambi\u00e9n sean considerados de \u201clesa humanidad\u201d y, consecuentemente, imprescriptibles. Y tiene raz\u00f3n porque, contra lo que a\u00fallan las Madres, las Abuelas y los Hijos de los subversivos y m\u00e1s all\u00e1 de la negativa de la Juez Romilda Servini de Cubr\u00eda a aceptarlo as\u00ed, el Pacto de Roma (2004), aplicado con retroactividad a los militares, define como tales, no s\u00f3lo al terrorismo de Estado, sino a aqu\u00e9llos delitos cometidos por organizaciones armadas, financiadas e instruidas por Estados extranjeros, como fue el caso de Montoneros y ERP en nuestro pa\u00eds.<\/p>\n\n\n\n<p>El riesgo de un cambio en el criterio de los jueces, siempre atentos a los nuevos vientos que llegan desde la pol\u00edtica, para tantos terroristas que, d\u00e9cadas despu\u00e9s, siguen actuando y a\u00fan pretenden destruir a la Argentina con reivindicaciones de falsos derechos mapuches, y que amenazan con reaccionar con violencia en las calles si la oposici\u00f3n triunfa, es la verdadera raz\u00f3n de la virulenta reacci\u00f3n que se vi\u00f3 y oy\u00f3 en los medios kirchneristas.<br><br><small>\u00a9 Copyright 2023 Enrique Guillermo Avogadro<br>\u00a9 2023 ElCanillita.info \/ SalaStampa.Eu, servicio mundial de prensa<\/small><\/p>\n\n\n\n<div style=\"width:90%; padding-left:50px; font-size:0.8em; text-align: justify;\">\n<b>Gobierno de Lanusse (1971-73)<a name=\"Oberdan Sallustro\"><\/a>\n<\/b><br>\nTras la ca\u00edda de Levingston, Lanusse fue nombrado presidente &#8220;de facto&#8221; en marzo de 1971. A pesar del inicio de la construcci\u00f3n de infraestructuras (carreteras, puentes, etc.) necesarias para el desarrollo del pa\u00eds, su gobierno no respondi\u00f3 a las demandas populares en materia de pol\u00edtica social y econ\u00f3mica, encontr\u00e1ndose as\u00ed con la misma impopularidad que sus dos predecesores..<br><br>\nLanusse intent\u00f3 responder a la declaraci\u00f3n de la Hora del Pueblo convocando elecciones, pero excluyendo de ellas a los peronistas en el marco del llamado Gran Acuerdo Nacional. Para supervisar las elecciones, nombr\u00f3 ministro del Interior al radical Arturo Mor Roig, que contaba con el apoyo de la coalici\u00f3n de partidos Hora del Pueblo..<br><br> \n<strong>La intensificaci\u00f3n de la lucha armada.<\/strong><br>\nBajo la presidencia de facto de Lanusse, la guerra de guerrillas se impuso definitivamente en todo el pa\u00eds con ataques a instalaciones militares, asesinatos, heridos y secuestros. En marzo de 1972, el director general de Fiat Concord, Oberdan Sallustro, fue secuestrado por el ERP. Fue asesinado al mes siguiente.<br><br>\nEn agosto de 1972, un intento de fuga de guerrilleros de la prisi\u00f3n de Rawson termin\u00f3 en una masacre. Aunque algunos de los fugados, entre ellos Fernando Vaca Narvaja, Roberto Quieto, Enrique Gorriar\u00e1n Merlo y Domingo Menna, lograron escapar a Chile, otros diecinueve prisioneros fueron recapturados. Diecis\u00e9is de ellos, miembros de Montoneros, FAR y ERP, fueron asesinados en Trelew, mientras que tres lograron sobrevivir. La misma noche del 22 de agosto de 1972, la junta promulg\u00f3 la ley 19.797, que prohib\u00eda cualquier informaci\u00f3n sobre las organizaciones guerrilleras. La masacre provoc\u00f3 manifestaciones en varias ciudades.<br><br>\n\n<strong>El fin de la Revoluci\u00f3n Argentina<\/strong><br>\nFinalmente, Lanusse revoc\u00f3 la proscripci\u00f3n del Partido Justicialista, aunque la mantuvo contra Per\u00f3n al aumentar el n\u00famero de a\u00f1os de residencia exigidos a los candidatos presidenciales, excluyendo as\u00ed de hecho a Per\u00f3n de las elecciones, ya que se encontraba en el exilio desde la Revoluci\u00f3n Libertadora de 1955.<br><br>\nPer\u00f3n decidi\u00f3 entonces designar a su secretario personal H\u00e9ctor Jos\u00e9 C\u00e1mpora, un peronista de izquierdas, como candidato para representar a la coalici\u00f3n electoral FreJuLi (Frente Justicialista de Liberaci\u00f3n), compuesta por el Partido Justicialista y partidos menores aliados. El lema electoral del FreJuLi era &#8220;C\u00e1mpora al Gobierno, Per\u00f3n al poder&#8221;.\n<br><br>\n<\/div>\n\n\n\n<figure class=\"wp-block-video\"><video controls src=\"http:\/\/blogdiario.info\/magazine\/images\/2023\/09\/Oberdan Sallustro.m4v\"><\/video><\/figure>\n\n\n\n<p><br><a href=\"https:\/\/blogdiario.info\/magazine\/2014\/07\/14\/la-camara-oculta-del-matrimon\">Nota relacionada<\/a><br><br><small>Copyright \u00a9 2023 SalaStampa.Eu \u2013 Editado por Guzzo Photos &amp; Graphic Publications<\/small><br><br><\/p>\n","protected":false},"excerpt":{"rendered":"<p>En marzo de 1972, el director general de Fiat Concord, Oberdan Sallustro, fue secuestrado por el ERP. Fue asesinado al mes siguiente.<\/p>\n","protected":false},"author":1,"featured_media":3721,"comment_status":"closed","ping_status":"closed","sticky":false,"template":"","format":"standard","meta":{"footnotes":"","_links_to":"","_links_to_target":""},"categories":[108,121,70,11,22,23],"tags":[29],"class_list":["post-3719","post","type-post","status-publish","format-standard","has-post-thumbnail","hentry","category-blogdiario","category-dc24","category-actualidad","category-america-del-sur","category-justicia","category-politica","tag-argentina","entry","double"],"yoast_head":"<!-- This site is optimized with the Yoast SEO plugin v27.4 - https:\/\/yoast.com\/product\/yoast-seo-wordpress\/ -->\n<title>Ahondando el relato - ElCanillita.Info<\/title>\n<meta name=\"description\" content=\"En marzo de 1972, el director general de Fiat Concord, Oberdan Sallustro, fue secuestrado por el ERP. Fue asesinado al mes siguiente.\" \/>\n<meta name=\"robots\" content=\"index, follow, max-snippet:-1, max-image-preview:large, max-video-preview:-1\" \/>\n<link rel=\"canonical\" href=\"https:\/\/elcanillita.info\/press\/2023\/09\/08\/ahondando-el-relato\/\" \/>\n<meta property=\"og:locale\" content=\"es_ES\" \/>\n<meta property=\"og:type\" content=\"article\" \/>\n<meta property=\"og:title\" content=\"Ahondando el relato - ElCanillita.Info\" \/>\n<meta property=\"og:description\" content=\"En marzo de 1972, el director general de Fiat Concord, Oberdan Sallustro, fue secuestrado por el ERP. Fue asesinado al mes siguiente.\" \/>\n<meta property=\"og:url\" content=\"https:\/\/elcanillita.info\/press\/2023\/09\/08\/ahondando-el-relato\/\" \/>\n<meta property=\"og:site_name\" content=\"ElCanillita.Info\" \/>\n<meta property=\"article:publisher\" content=\"https:\/\/ar-ar.facebook.com\/ElCanillitainfo-114249515285712\/\" \/>\n<meta property=\"article:published_time\" content=\"2023-09-09T01:54:59+00:00\" \/>\n<meta property=\"article:modified_time\" content=\"2024-02-04T10:23:52+00:00\" \/>\n<meta property=\"og:image\" content=\"https:\/\/elcanillita.info\/press\/images\/2023\/09\/salustroO_20230909.jpg\" \/>\n\t<meta property=\"og:image:width\" content=\"600\" \/>\n\t<meta property=\"og:image:height\" content=\"315\" \/>\n\t<meta property=\"og:image:type\" content=\"image\/jpeg\" \/>\n<meta name=\"author\" content=\"SalaStampa.eu, world press service\" \/>\n<meta name=\"twitter:card\" content=\"summary_large_image\" \/>\n<meta name=\"twitter:label1\" content=\"Escrito por\" \/>\n\t<meta name=\"twitter:data1\" content=\"SalaStampa.eu, world press service\" \/>\n\t<meta name=\"twitter:label2\" content=\"Tiempo de lectura\" \/>\n\t<meta name=\"twitter:data2\" content=\"7 minutos\" \/>\n<script type=\"application\/ld+json\" class=\"yoast-schema-graph\">{\"@context\":\"https:\\\/\\\/schema.org\",\"@graph\":[{\"@type\":\"Article\",\"@id\":\"https:\\\/\\\/elcanillita.info\\\/press\\\/2023\\\/09\\\/08\\\/ahondando-el-relato\\\/#article\",\"isPartOf\":{\"@id\":\"https:\\\/\\\/elcanillita.info\\\/press\\\/2023\\\/09\\\/08\\\/ahondando-el-relato\\\/\"},\"author\":{\"name\":\"SalaStampa.eu, world press service\",\"@id\":\"https:\\\/\\\/elcanillita.info\\\/press\\\/#\\\/schema\\\/person\\\/7fcb79f38045700919f7da6d97e71ba0\"},\"headline\":\"Ahondando el relato\",\"datePublished\":\"2023-09-09T01:54:59+00:00\",\"dateModified\":\"2024-02-04T10:23:52+00:00\",\"mainEntityOfPage\":{\"@id\":\"https:\\\/\\\/elcanillita.info\\\/press\\\/2023\\\/09\\\/08\\\/ahondando-el-relato\\\/\"},\"wordCount\":1452,\"publisher\":{\"@id\":\"https:\\\/\\\/elcanillita.info\\\/press\\\/#organization\"},\"image\":{\"@id\":\"https:\\\/\\\/elcanillita.info\\\/press\\\/2023\\\/09\\\/08\\\/ahondando-el-relato\\\/#primaryimage\"},\"thumbnailUrl\":\"https:\\\/\\\/elcanillita.info\\\/press\\\/images\\\/2023\\\/09\\\/salustroO_20230909.jpg\",\"keywords\":[\"Argentina\"],\"articleSection\":[\".\",\".\",\"Actualidad\",\"Am\u00e9rica del Sur\",\"Justicia\",\"Politica\"],\"inLanguage\":\"es-AR\"},{\"@type\":\"WebPage\",\"@id\":\"https:\\\/\\\/elcanillita.info\\\/press\\\/2023\\\/09\\\/08\\\/ahondando-el-relato\\\/\",\"url\":\"https:\\\/\\\/elcanillita.info\\\/press\\\/2023\\\/09\\\/08\\\/ahondando-el-relato\\\/\",\"name\":\"Ahondando el relato - ElCanillita.Info\",\"isPartOf\":{\"@id\":\"https:\\\/\\\/elcanillita.info\\\/press\\\/#website\"},\"primaryImageOfPage\":{\"@id\":\"https:\\\/\\\/elcanillita.info\\\/press\\\/2023\\\/09\\\/08\\\/ahondando-el-relato\\\/#primaryimage\"},\"image\":{\"@id\":\"https:\\\/\\\/elcanillita.info\\\/press\\\/2023\\\/09\\\/08\\\/ahondando-el-relato\\\/#primaryimage\"},\"thumbnailUrl\":\"https:\\\/\\\/elcanillita.info\\\/press\\\/images\\\/2023\\\/09\\\/salustroO_20230909.jpg\",\"datePublished\":\"2023-09-09T01:54:59+00:00\",\"dateModified\":\"2024-02-04T10:23:52+00:00\",\"description\":\"En marzo de 1972, el director general de Fiat Concord, Oberdan Sallustro, fue secuestrado por el ERP. Fue asesinado al mes siguiente.\",\"inLanguage\":\"es-AR\",\"potentialAction\":[{\"@type\":\"ReadAction\",\"target\":[\"https:\\\/\\\/elcanillita.info\\\/press\\\/2023\\\/09\\\/08\\\/ahondando-el-relato\\\/\"]}]},{\"@type\":\"ImageObject\",\"inLanguage\":\"es-AR\",\"@id\":\"https:\\\/\\\/elcanillita.info\\\/press\\\/2023\\\/09\\\/08\\\/ahondando-el-relato\\\/#primaryimage\",\"url\":\"https:\\\/\\\/elcanillita.info\\\/press\\\/images\\\/2023\\\/09\\\/salustroO_20230909.jpg\",\"contentUrl\":\"https:\\\/\\\/elcanillita.info\\\/press\\\/images\\\/2023\\\/09\\\/salustroO_20230909.jpg\",\"width\":600,\"height\":315},{\"@type\":\"WebSite\",\"@id\":\"https:\\\/\\\/elcanillita.info\\\/press\\\/#website\",\"url\":\"https:\\\/\\\/elcanillita.info\\\/press\\\/\",\"name\":\"ElCanillita.Info\",\"description\":\"desde los Apeninos a los Andes\",\"publisher\":{\"@id\":\"https:\\\/\\\/elcanillita.info\\\/press\\\/#organization\"},\"potentialAction\":[{\"@type\":\"SearchAction\",\"target\":{\"@type\":\"EntryPoint\",\"urlTemplate\":\"https:\\\/\\\/elcanillita.info\\\/press\\\/?s={search_term_string}\"},\"query-input\":{\"@type\":\"PropertyValueSpecification\",\"valueRequired\":true,\"valueName\":\"search_term_string\"}}],\"inLanguage\":\"es-AR\"},{\"@type\":\"Organization\",\"@id\":\"https:\\\/\\\/elcanillita.info\\\/press\\\/#organization\",\"name\":\"Guzzo Photos & Graphic Publications\",\"url\":\"https:\\\/\\\/elcanillita.info\\\/press\\\/\",\"logo\":{\"@type\":\"ImageObject\",\"inLanguage\":\"es-AR\",\"@id\":\"https:\\\/\\\/elcanillita.info\\\/press\\\/#\\\/schema\\\/logo\\\/image\\\/\",\"url\":\"https:\\\/\\\/elcanillita.info\\\/press\\\/images\\\/2020\\\/01\\\/cropped-cropped-cropped-elcanillitainfo.png\",\"contentUrl\":\"https:\\\/\\\/elcanillita.info\\\/press\\\/images\\\/2020\\\/01\\\/cropped-cropped-cropped-elcanillitainfo.png\",\"width\":460,\"height\":50,\"caption\":\"Guzzo Photos & Graphic Publications\"},\"image\":{\"@id\":\"https:\\\/\\\/elcanillita.info\\\/press\\\/#\\\/schema\\\/logo\\\/image\\\/\"},\"sameAs\":[\"https:\\\/\\\/ar-ar.facebook.com\\\/ElCanillitainfo-114249515285712\\\/\"]},{\"@type\":\"Person\",\"@id\":\"https:\\\/\\\/elcanillita.info\\\/press\\\/#\\\/schema\\\/person\\\/7fcb79f38045700919f7da6d97e71ba0\",\"name\":\"SalaStampa.eu, world press service\",\"image\":{\"@type\":\"ImageObject\",\"inLanguage\":\"es-AR\",\"@id\":\"https:\\\/\\\/secure.gravatar.com\\\/avatar\\\/c2f0e0d515a107624234994507816ca4724c7199cef73fc8bedebf6931d73888?s=96&d=mm&r=g\",\"url\":\"https:\\\/\\\/secure.gravatar.com\\\/avatar\\\/c2f0e0d515a107624234994507816ca4724c7199cef73fc8bedebf6931d73888?s=96&d=mm&r=g\",\"contentUrl\":\"https:\\\/\\\/secure.gravatar.com\\\/avatar\\\/c2f0e0d515a107624234994507816ca4724c7199cef73fc8bedebf6931d73888?s=96&d=mm&r=g\",\"caption\":\"SalaStampa.eu, world press service\"}}]}<\/script>\n<!-- \/ Yoast SEO plugin. -->","yoast_head_json":{"title":"Ahondando el relato - ElCanillita.Info","description":"En marzo de 1972, el director general de Fiat Concord, Oberdan Sallustro, fue secuestrado por el ERP. Fue asesinado al mes siguiente.","robots":{"index":"index","follow":"follow","max-snippet":"max-snippet:-1","max-image-preview":"max-image-preview:large","max-video-preview":"max-video-preview:-1"},"canonical":"https:\/\/elcanillita.info\/press\/2023\/09\/08\/ahondando-el-relato\/","og_locale":"es_ES","og_type":"article","og_title":"Ahondando el relato - ElCanillita.Info","og_description":"En marzo de 1972, el director general de Fiat Concord, Oberdan Sallustro, fue secuestrado por el ERP. Fue asesinado al mes siguiente.","og_url":"https:\/\/elcanillita.info\/press\/2023\/09\/08\/ahondando-el-relato\/","og_site_name":"ElCanillita.Info","article_publisher":"https:\/\/ar-ar.facebook.com\/ElCanillitainfo-114249515285712\/","article_published_time":"2023-09-09T01:54:59+00:00","article_modified_time":"2024-02-04T10:23:52+00:00","og_image":[{"width":600,"height":315,"url":"https:\/\/elcanillita.info\/press\/images\/2023\/09\/salustroO_20230909.jpg","type":"image\/jpeg"}],"author":"SalaStampa.eu, world press service","twitter_card":"summary_large_image","twitter_misc":{"Escrito por":"SalaStampa.eu, world press service","Tiempo de lectura":"7 minutos"},"schema":{"@context":"https:\/\/schema.org","@graph":[{"@type":"Article","@id":"https:\/\/elcanillita.info\/press\/2023\/09\/08\/ahondando-el-relato\/#article","isPartOf":{"@id":"https:\/\/elcanillita.info\/press\/2023\/09\/08\/ahondando-el-relato\/"},"author":{"name":"SalaStampa.eu, world press service","@id":"https:\/\/elcanillita.info\/press\/#\/schema\/person\/7fcb79f38045700919f7da6d97e71ba0"},"headline":"Ahondando el relato","datePublished":"2023-09-09T01:54:59+00:00","dateModified":"2024-02-04T10:23:52+00:00","mainEntityOfPage":{"@id":"https:\/\/elcanillita.info\/press\/2023\/09\/08\/ahondando-el-relato\/"},"wordCount":1452,"publisher":{"@id":"https:\/\/elcanillita.info\/press\/#organization"},"image":{"@id":"https:\/\/elcanillita.info\/press\/2023\/09\/08\/ahondando-el-relato\/#primaryimage"},"thumbnailUrl":"https:\/\/elcanillita.info\/press\/images\/2023\/09\/salustroO_20230909.jpg","keywords":["Argentina"],"articleSection":[".",".","Actualidad","Am\u00e9rica del Sur","Justicia","Politica"],"inLanguage":"es-AR"},{"@type":"WebPage","@id":"https:\/\/elcanillita.info\/press\/2023\/09\/08\/ahondando-el-relato\/","url":"https:\/\/elcanillita.info\/press\/2023\/09\/08\/ahondando-el-relato\/","name":"Ahondando el relato - ElCanillita.Info","isPartOf":{"@id":"https:\/\/elcanillita.info\/press\/#website"},"primaryImageOfPage":{"@id":"https:\/\/elcanillita.info\/press\/2023\/09\/08\/ahondando-el-relato\/#primaryimage"},"image":{"@id":"https:\/\/elcanillita.info\/press\/2023\/09\/08\/ahondando-el-relato\/#primaryimage"},"thumbnailUrl":"https:\/\/elcanillita.info\/press\/images\/2023\/09\/salustroO_20230909.jpg","datePublished":"2023-09-09T01:54:59+00:00","dateModified":"2024-02-04T10:23:52+00:00","description":"En marzo de 1972, el director general de Fiat Concord, Oberdan Sallustro, fue secuestrado por el ERP. Fue asesinado al mes siguiente.","inLanguage":"es-AR","potentialAction":[{"@type":"ReadAction","target":["https:\/\/elcanillita.info\/press\/2023\/09\/08\/ahondando-el-relato\/"]}]},{"@type":"ImageObject","inLanguage":"es-AR","@id":"https:\/\/elcanillita.info\/press\/2023\/09\/08\/ahondando-el-relato\/#primaryimage","url":"https:\/\/elcanillita.info\/press\/images\/2023\/09\/salustroO_20230909.jpg","contentUrl":"https:\/\/elcanillita.info\/press\/images\/2023\/09\/salustroO_20230909.jpg","width":600,"height":315},{"@type":"WebSite","@id":"https:\/\/elcanillita.info\/press\/#website","url":"https:\/\/elcanillita.info\/press\/","name":"ElCanillita.Info","description":"desde los Apeninos a los Andes","publisher":{"@id":"https:\/\/elcanillita.info\/press\/#organization"},"potentialAction":[{"@type":"SearchAction","target":{"@type":"EntryPoint","urlTemplate":"https:\/\/elcanillita.info\/press\/?s={search_term_string}"},"query-input":{"@type":"PropertyValueSpecification","valueRequired":true,"valueName":"search_term_string"}}],"inLanguage":"es-AR"},{"@type":"Organization","@id":"https:\/\/elcanillita.info\/press\/#organization","name":"Guzzo Photos & Graphic Publications","url":"https:\/\/elcanillita.info\/press\/","logo":{"@type":"ImageObject","inLanguage":"es-AR","@id":"https:\/\/elcanillita.info\/press\/#\/schema\/logo\/image\/","url":"https:\/\/elcanillita.info\/press\/images\/2020\/01\/cropped-cropped-cropped-elcanillitainfo.png","contentUrl":"https:\/\/elcanillita.info\/press\/images\/2020\/01\/cropped-cropped-cropped-elcanillitainfo.png","width":460,"height":50,"caption":"Guzzo Photos & Graphic Publications"},"image":{"@id":"https:\/\/elcanillita.info\/press\/#\/schema\/logo\/image\/"},"sameAs":["https:\/\/ar-ar.facebook.com\/ElCanillitainfo-114249515285712\/"]},{"@type":"Person","@id":"https:\/\/elcanillita.info\/press\/#\/schema\/person\/7fcb79f38045700919f7da6d97e71ba0","name":"SalaStampa.eu, world press service","image":{"@type":"ImageObject","inLanguage":"es-AR","@id":"https:\/\/secure.gravatar.com\/avatar\/c2f0e0d515a107624234994507816ca4724c7199cef73fc8bedebf6931d73888?s=96&d=mm&r=g","url":"https:\/\/secure.gravatar.com\/avatar\/c2f0e0d515a107624234994507816ca4724c7199cef73fc8bedebf6931d73888?s=96&d=mm&r=g","contentUrl":"https:\/\/secure.gravatar.com\/avatar\/c2f0e0d515a107624234994507816ca4724c7199cef73fc8bedebf6931d73888?s=96&d=mm&r=g","caption":"SalaStampa.eu, world press service"}}]}},"views":1109,"_links":{"self":[{"href":"https:\/\/elcanillita.info\/press\/wp-json\/wp\/v2\/posts\/3719","targetHints":{"allow":["GET"]}}],"collection":[{"href":"https:\/\/elcanillita.info\/press\/wp-json\/wp\/v2\/posts"}],"about":[{"href":"https:\/\/elcanillita.info\/press\/wp-json\/wp\/v2\/types\/post"}],"author":[{"embeddable":true,"href":"https:\/\/elcanillita.info\/press\/wp-json\/wp\/v2\/users\/1"}],"replies":[{"embeddable":true,"href":"https:\/\/elcanillita.info\/press\/wp-json\/wp\/v2\/comments?post=3719"}],"version-history":[{"count":0,"href":"https:\/\/elcanillita.info\/press\/wp-json\/wp\/v2\/posts\/3719\/revisions"}],"wp:featuredmedia":[{"embeddable":true,"href":"https:\/\/elcanillita.info\/press\/wp-json\/wp\/v2\/media\/3721"}],"wp:attachment":[{"href":"https:\/\/elcanillita.info\/press\/wp-json\/wp\/v2\/media?parent=3719"}],"wp:term":[{"taxonomy":"category","embeddable":true,"href":"https:\/\/elcanillita.info\/press\/wp-json\/wp\/v2\/categories?post=3719"},{"taxonomy":"post_tag","embeddable":true,"href":"https:\/\/elcanillita.info\/press\/wp-json\/wp\/v2\/tags?post=3719"}],"curies":[{"name":"wp","href":"https:\/\/api.w.org\/{rel}","templated":true}]}}