{"id":3708,"date":"2023-09-02T22:08:05","date_gmt":"2023-09-03T01:08:05","guid":{"rendered":"https:\/\/elcanillita.info\/press\/?p=3708"},"modified":"2023-09-02T22:08:06","modified_gmt":"2023-09-03T01:08:06","slug":"un-cisne-negro","status":"publish","type":"post","link":"https:\/\/elcanillita.info\/press\/2023\/09\/02\/un-cisne-negro\/","title":{"rendered":"Un Cisne Negro"},"content":{"rendered":"\n<figure class=\"wp-block-image size-full\"><img loading=\"lazy\" decoding=\"async\" width=\"600\" height=\"400\" src=\"https:\/\/elcanillita.info\/press\/images\/2023\/09\/aceite_1_20230903.jpg\" alt=\"\" class=\"wp-image-3709\" srcset=\"https:\/\/elcanillita.info\/press\/images\/2023\/09\/aceite_1_20230903.jpg 600w, https:\/\/elcanillita.info\/press\/images\/2023\/09\/aceite_1_20230903-300x200.jpg 300w\" sizes=\"auto, (max-width: 600px) 100vw, 600px\" \/><\/figure>\n\n\n\n<p><strong>Por Enrique Guillermo Avogadro<\/strong><br><br><strong>Buenos Aires, 03\/09\/2023 <\/strong><br>Tal como todos supon\u00edamos, el kirchnerismo duro, encabezado por Cristina Kirchner y su hijo M\u00e1ximo, impuso al Ministro &#8220;Aceitoso&#8221; Massa la obligaci\u00f3n de poner en marcha el \u201cplan platita III\u201d como secuela del cachivache que constituy\u00f3 una devaluaci\u00f3n sin plan y sin sentido; como el mandatario no ten\u00eda recursos propios, intent\u00f3 meter la mano en bolsillo ajeno, pero se encontr\u00f3 con una realidad: todos los conejos de su galera ya est\u00e1n muertos.<br><br>No s\u00f3lo todos olvidaron que en 2021, cuando el extinto Alberto Fern\u00e1ndez puso en marcha el \u201cplan I\u201d, el \u00e9xito electoral no acompa\u00f1\u00f3 a ese disparate populista e inflacionario; los beneficiarios se guardaron el dinero y, en las elecciones legislativas de ese a\u00f1o, condenaron sin atenuantes al Gobierno.<br>Poniendo una nueva l\u00e1pida a su candidatura presidencial, los gobernadores de catorce provincias se pararon de manos y rechazaron la inconsulta medida, y lo mismo hicieron los intendentes y las empresas.<br><br>De todas maneras, la idea de un bono general de $ 60.000 en dos cuotas, adem\u00e1s de no producir efectos en una econom\u00eda con una inflaci\u00f3n que galopa hacia el 150% anual, olvid\u00f3 que la mitad del universo que ser\u00eda el destinatario de ese \u201cfavor\u201d de Massa se encuentra en la informalidad, o sea, que no podr\u00e1 cobrarlo.<br><br>Por lo dem\u00e1s, transcurri\u00f3 otra semana sin que los grandes popes de Uni\u00f3n por Todos, que incluyen a Eduardo Wado de Pedro, nada menos que jefe de campa\u00f1a del Aceitoso y Ministro del Interior, abrieran la boca para expresar su apoyo al candidato encumbrado por su propia extorsi\u00f3n, traducida en la amenaza de una extempor\u00e1nea renuncia en medio de una tormenta perfecta, aunque se trate de un timonel probamente fracasado.<br><br>La ex emperatriz del Calafate, cuyo poder ha menguado hasta la insignificancia, dedica todo su tiempo a combatir contra los molinos de viento que giran en la terraza de los tribunales federales de Comodoro Py, ese monumental edificio en el que moran las principales \u201cnarices\u201d perfumistas de la Argentina, capaces de detectar los primeros efluvios del olor a calas cuando comienzan a aparecer, difuminados, en el horizonte pol\u00edtico nacional.<\/p>\n\n\n\n<figure class=\"wp-block-image size-full\"><img loading=\"lazy\" decoding=\"async\" width=\"553\" height=\"369\" src=\"https:\/\/elcanillita.info\/press\/images\/2023\/09\/ar_2_20230902.jpg\" alt=\"\" class=\"wp-image-3710\" srcset=\"https:\/\/elcanillita.info\/press\/images\/2023\/09\/ar_2_20230902.jpg 553w, https:\/\/elcanillita.info\/press\/images\/2023\/09\/ar_2_20230902-300x200.jpg 300w\" sizes=\"auto, (max-width: 553px) 100vw, 553px\" \/><\/figure>\n\n\n\n<p><br>La fugaz reaparici\u00f3n en las redes de Cristina fue s\u00f3lo para intentar mantener viva, un a\u00f1o despu\u00e9s de ocurrido, la fantas\u00eda de una conspiraci\u00f3n global detr\u00e1s del disparatado atentado de la \u201cbanda de los copitos\u201d; parece que no conoce la m\u00e1xima que asegura que del rid\u00edculo no se vuelve.<br><br>La inseguridad cotidiana, que acredita diariamente en su cuenta muchas muertes ignoradas, concentr\u00f3 todas las luces por el brutal asesinato de Mariano Barbieri, en especial porque volvi\u00f3 a ocurrir, tal como sucedi\u00f3 con la ni\u00f1a Morena hace algunos d\u00edas, en un distrito gobernado por la oposici\u00f3n.<br><br>Pero tambi\u00e9n desnud\u00f3 que la ciudad de Buenos Aires ya no es un territorio prohibido para una calamidad que azota, inmisericorde, a todo el pa\u00eds, y que su Polic\u00eda tampoco es el colmo de la eficiencia en el combate al delito.<br><br>Para concluir, quiero recordar que dos economistas enormemente serios, como son Juan Carlos de Pablo y Ricardo Arriazu, esta misma semana han dejado de descartar de plano que un nuevo cisne negro pueda poner un abrupto y anticipado final a esta ruinosa gesti\u00f3n.<br>Si fuera as\u00ed, nuevamente la Argentina ver\u00eda el inicio de un nuevo terremoto socio-econ\u00f3mico de caracter\u00edsticas y volumen resultan dificil\u00edsimo imaginar.<br><br><small>\u00a9 Copyright 2023 Enrique Guillermo Avogadro<br>\u00a9 2023 ElCanillita.info \/ SalaStampa.Eu, servicio mundial de prensa<\/small><\/p>\n","protected":false},"excerpt":{"rendered":"<p>La fugaz reaparici\u00f3n en las redes de Cristina fue s\u00f3lo para intentar mantener viva, un a\u00f1o despu\u00e9s de ocurrido, la fantas\u00eda de una conspiraci\u00f3n global.<\/p>\n","protected":false},"author":1,"featured_media":3710,"comment_status":"closed","ping_status":"closed","sticky":false,"template":"","format":"standard","meta":{"footnotes":"","_links_to":"","_links_to_target":""},"categories":[108,121,70,11,20,23],"tags":[29],"class_list":["post-3708","post","type-post","status-publish","format-standard","has-post-thumbnail","hentry","category-blogdiario","category-dc24","category-actualidad","category-america-del-sur","category-economia","category-politica","tag-argentina","entry","double"],"yoast_head":"<!-- This site is optimized with the Yoast SEO plugin v27.4 - https:\/\/yoast.com\/product\/yoast-seo-wordpress\/ -->\n<title>Un Cisne Negro - ElCanillita.Info<\/title>\n<meta name=\"description\" content=\"La fugaz reaparici\u00f3n en las redes de Cristina fue s\u00f3lo para intentar mantener viva, un a\u00f1o despu\u00e9s de ocurrido, la fantas\u00eda de una conspiraci\u00f3n global.\" \/>\n<meta name=\"robots\" content=\"index, follow, max-snippet:-1, max-image-preview:large, max-video-preview:-1\" \/>\n<link rel=\"canonical\" href=\"https:\/\/elcanillita.info\/press\/2023\/09\/02\/un-cisne-negro\/\" \/>\n<meta property=\"og:locale\" content=\"es_ES\" \/>\n<meta property=\"og:type\" content=\"article\" \/>\n<meta property=\"og:title\" content=\"Un Cisne Negro - ElCanillita.Info\" \/>\n<meta property=\"og:description\" content=\"La fugaz reaparici\u00f3n en las redes de Cristina fue s\u00f3lo para intentar mantener viva, un a\u00f1o despu\u00e9s de ocurrido, la fantas\u00eda de una conspiraci\u00f3n global.\" \/>\n<meta property=\"og:url\" content=\"https:\/\/elcanillita.info\/press\/2023\/09\/02\/un-cisne-negro\/\" \/>\n<meta property=\"og:site_name\" content=\"ElCanillita.Info\" \/>\n<meta property=\"article:publisher\" content=\"https:\/\/ar-ar.facebook.com\/ElCanillitainfo-114249515285712\/\" \/>\n<meta property=\"article:published_time\" content=\"2023-09-03T01:08:05+00:00\" \/>\n<meta property=\"article:modified_time\" content=\"2023-09-03T01:08:06+00:00\" \/>\n<meta property=\"og:image\" content=\"https:\/\/elcanillita.info\/press\/images\/2023\/09\/ar_2_20230902.jpg\" \/>\n\t<meta property=\"og:image:width\" content=\"553\" \/>\n\t<meta property=\"og:image:height\" content=\"369\" \/>\n\t<meta property=\"og:image:type\" content=\"image\/jpeg\" \/>\n<meta name=\"author\" content=\"SalaStampa.eu, world press service\" \/>\n<meta name=\"twitter:card\" content=\"summary_large_image\" \/>\n<meta name=\"twitter:label1\" content=\"Escrito por\" \/>\n\t<meta name=\"twitter:data1\" content=\"SalaStampa.eu, world press service\" \/>\n\t<meta name=\"twitter:label2\" content=\"Tiempo de lectura\" \/>\n\t<meta name=\"twitter:data2\" content=\"4 minutos\" \/>\n<script type=\"application\/ld+json\" class=\"yoast-schema-graph\">{\"@context\":\"https:\\\/\\\/schema.org\",\"@graph\":[{\"@type\":\"Article\",\"@id\":\"https:\\\/\\\/elcanillita.info\\\/press\\\/2023\\\/09\\\/02\\\/un-cisne-negro\\\/#article\",\"isPartOf\":{\"@id\":\"https:\\\/\\\/elcanillita.info\\\/press\\\/2023\\\/09\\\/02\\\/un-cisne-negro\\\/\"},\"author\":{\"name\":\"SalaStampa.eu, world press service\",\"@id\":\"https:\\\/\\\/elcanillita.info\\\/press\\\/#\\\/schema\\\/person\\\/7fcb79f38045700919f7da6d97e71ba0\"},\"headline\":\"Un Cisne Negro\",\"datePublished\":\"2023-09-03T01:08:05+00:00\",\"dateModified\":\"2023-09-03T01:08:06+00:00\",\"mainEntityOfPage\":{\"@id\":\"https:\\\/\\\/elcanillita.info\\\/press\\\/2023\\\/09\\\/02\\\/un-cisne-negro\\\/\"},\"wordCount\":605,\"publisher\":{\"@id\":\"https:\\\/\\\/elcanillita.info\\\/press\\\/#organization\"},\"image\":{\"@id\":\"https:\\\/\\\/elcanillita.info\\\/press\\\/2023\\\/09\\\/02\\\/un-cisne-negro\\\/#primaryimage\"},\"thumbnailUrl\":\"https:\\\/\\\/elcanillita.info\\\/press\\\/images\\\/2023\\\/09\\\/ar_2_20230902.jpg\",\"keywords\":[\"Argentina\"],\"articleSection\":[\".\",\".\",\"Actualidad\",\"Am\u00e9rica del Sur\",\"Economia\",\"Politica\"],\"inLanguage\":\"es-AR\"},{\"@type\":\"WebPage\",\"@id\":\"https:\\\/\\\/elcanillita.info\\\/press\\\/2023\\\/09\\\/02\\\/un-cisne-negro\\\/\",\"url\":\"https:\\\/\\\/elcanillita.info\\\/press\\\/2023\\\/09\\\/02\\\/un-cisne-negro\\\/\",\"name\":\"Un Cisne Negro - ElCanillita.Info\",\"isPartOf\":{\"@id\":\"https:\\\/\\\/elcanillita.info\\\/press\\\/#website\"},\"primaryImageOfPage\":{\"@id\":\"https:\\\/\\\/elcanillita.info\\\/press\\\/2023\\\/09\\\/02\\\/un-cisne-negro\\\/#primaryimage\"},\"image\":{\"@id\":\"https:\\\/\\\/elcanillita.info\\\/press\\\/2023\\\/09\\\/02\\\/un-cisne-negro\\\/#primaryimage\"},\"thumbnailUrl\":\"https:\\\/\\\/elcanillita.info\\\/press\\\/images\\\/2023\\\/09\\\/ar_2_20230902.jpg\",\"datePublished\":\"2023-09-03T01:08:05+00:00\",\"dateModified\":\"2023-09-03T01:08:06+00:00\",\"description\":\"La fugaz reaparici\u00f3n en las redes de Cristina fue s\u00f3lo para intentar mantener viva, un a\u00f1o despu\u00e9s de ocurrido, la fantas\u00eda de una conspiraci\u00f3n global.\",\"inLanguage\":\"es-AR\",\"potentialAction\":[{\"@type\":\"ReadAction\",\"target\":[\"https:\\\/\\\/elcanillita.info\\\/press\\\/2023\\\/09\\\/02\\\/un-cisne-negro\\\/\"]}]},{\"@type\":\"ImageObject\",\"inLanguage\":\"es-AR\",\"@id\":\"https:\\\/\\\/elcanillita.info\\\/press\\\/2023\\\/09\\\/02\\\/un-cisne-negro\\\/#primaryimage\",\"url\":\"https:\\\/\\\/elcanillita.info\\\/press\\\/images\\\/2023\\\/09\\\/ar_2_20230902.jpg\",\"contentUrl\":\"https:\\\/\\\/elcanillita.info\\\/press\\\/images\\\/2023\\\/09\\\/ar_2_20230902.jpg\",\"width\":553,\"height\":369},{\"@type\":\"WebSite\",\"@id\":\"https:\\\/\\\/elcanillita.info\\\/press\\\/#website\",\"url\":\"https:\\\/\\\/elcanillita.info\\\/press\\\/\",\"name\":\"ElCanillita.Info\",\"description\":\"desde los Apeninos a los Andes\",\"publisher\":{\"@id\":\"https:\\\/\\\/elcanillita.info\\\/press\\\/#organization\"},\"potentialAction\":[{\"@type\":\"SearchAction\",\"target\":{\"@type\":\"EntryPoint\",\"urlTemplate\":\"https:\\\/\\\/elcanillita.info\\\/press\\\/?s={search_term_string}\"},\"query-input\":{\"@type\":\"PropertyValueSpecification\",\"valueRequired\":true,\"valueName\":\"search_term_string\"}}],\"inLanguage\":\"es-AR\"},{\"@type\":\"Organization\",\"@id\":\"https:\\\/\\\/elcanillita.info\\\/press\\\/#organization\",\"name\":\"Guzzo Photos & Graphic Publications\",\"url\":\"https:\\\/\\\/elcanillita.info\\\/press\\\/\",\"logo\":{\"@type\":\"ImageObject\",\"inLanguage\":\"es-AR\",\"@id\":\"https:\\\/\\\/elcanillita.info\\\/press\\\/#\\\/schema\\\/logo\\\/image\\\/\",\"url\":\"https:\\\/\\\/elcanillita.info\\\/press\\\/images\\\/2020\\\/01\\\/cropped-cropped-cropped-elcanillitainfo.png\",\"contentUrl\":\"https:\\\/\\\/elcanillita.info\\\/press\\\/images\\\/2020\\\/01\\\/cropped-cropped-cropped-elcanillitainfo.png\",\"width\":460,\"height\":50,\"caption\":\"Guzzo Photos & Graphic Publications\"},\"image\":{\"@id\":\"https:\\\/\\\/elcanillita.info\\\/press\\\/#\\\/schema\\\/logo\\\/image\\\/\"},\"sameAs\":[\"https:\\\/\\\/ar-ar.facebook.com\\\/ElCanillitainfo-114249515285712\\\/\"]},{\"@type\":\"Person\",\"@id\":\"https:\\\/\\\/elcanillita.info\\\/press\\\/#\\\/schema\\\/person\\\/7fcb79f38045700919f7da6d97e71ba0\",\"name\":\"SalaStampa.eu, world press service\",\"image\":{\"@type\":\"ImageObject\",\"inLanguage\":\"es-AR\",\"@id\":\"https:\\\/\\\/secure.gravatar.com\\\/avatar\\\/c2f0e0d515a107624234994507816ca4724c7199cef73fc8bedebf6931d73888?s=96&d=mm&r=g\",\"url\":\"https:\\\/\\\/secure.gravatar.com\\\/avatar\\\/c2f0e0d515a107624234994507816ca4724c7199cef73fc8bedebf6931d73888?s=96&d=mm&r=g\",\"contentUrl\":\"https:\\\/\\\/secure.gravatar.com\\\/avatar\\\/c2f0e0d515a107624234994507816ca4724c7199cef73fc8bedebf6931d73888?s=96&d=mm&r=g\",\"caption\":\"SalaStampa.eu, world press service\"}}]}<\/script>\n<!-- \/ Yoast SEO plugin. -->","yoast_head_json":{"title":"Un Cisne Negro - ElCanillita.Info","description":"La fugaz reaparici\u00f3n en las redes de Cristina fue s\u00f3lo para intentar mantener viva, un a\u00f1o despu\u00e9s de ocurrido, la fantas\u00eda de una conspiraci\u00f3n global.","robots":{"index":"index","follow":"follow","max-snippet":"max-snippet:-1","max-image-preview":"max-image-preview:large","max-video-preview":"max-video-preview:-1"},"canonical":"https:\/\/elcanillita.info\/press\/2023\/09\/02\/un-cisne-negro\/","og_locale":"es_ES","og_type":"article","og_title":"Un Cisne Negro - ElCanillita.Info","og_description":"La fugaz reaparici\u00f3n en las redes de Cristina fue s\u00f3lo para intentar mantener viva, un a\u00f1o despu\u00e9s de ocurrido, la fantas\u00eda de una conspiraci\u00f3n global.","og_url":"https:\/\/elcanillita.info\/press\/2023\/09\/02\/un-cisne-negro\/","og_site_name":"ElCanillita.Info","article_publisher":"https:\/\/ar-ar.facebook.com\/ElCanillitainfo-114249515285712\/","article_published_time":"2023-09-03T01:08:05+00:00","article_modified_time":"2023-09-03T01:08:06+00:00","og_image":[{"width":553,"height":369,"url":"https:\/\/elcanillita.info\/press\/images\/2023\/09\/ar_2_20230902.jpg","type":"image\/jpeg"}],"author":"SalaStampa.eu, world press service","twitter_card":"summary_large_image","twitter_misc":{"Escrito por":"SalaStampa.eu, world press service","Tiempo de lectura":"4 minutos"},"schema":{"@context":"https:\/\/schema.org","@graph":[{"@type":"Article","@id":"https:\/\/elcanillita.info\/press\/2023\/09\/02\/un-cisne-negro\/#article","isPartOf":{"@id":"https:\/\/elcanillita.info\/press\/2023\/09\/02\/un-cisne-negro\/"},"author":{"name":"SalaStampa.eu, world press service","@id":"https:\/\/elcanillita.info\/press\/#\/schema\/person\/7fcb79f38045700919f7da6d97e71ba0"},"headline":"Un Cisne Negro","datePublished":"2023-09-03T01:08:05+00:00","dateModified":"2023-09-03T01:08:06+00:00","mainEntityOfPage":{"@id":"https:\/\/elcanillita.info\/press\/2023\/09\/02\/un-cisne-negro\/"},"wordCount":605,"publisher":{"@id":"https:\/\/elcanillita.info\/press\/#organization"},"image":{"@id":"https:\/\/elcanillita.info\/press\/2023\/09\/02\/un-cisne-negro\/#primaryimage"},"thumbnailUrl":"https:\/\/elcanillita.info\/press\/images\/2023\/09\/ar_2_20230902.jpg","keywords":["Argentina"],"articleSection":[".",".","Actualidad","Am\u00e9rica del Sur","Economia","Politica"],"inLanguage":"es-AR"},{"@type":"WebPage","@id":"https:\/\/elcanillita.info\/press\/2023\/09\/02\/un-cisne-negro\/","url":"https:\/\/elcanillita.info\/press\/2023\/09\/02\/un-cisne-negro\/","name":"Un Cisne Negro - ElCanillita.Info","isPartOf":{"@id":"https:\/\/elcanillita.info\/press\/#website"},"primaryImageOfPage":{"@id":"https:\/\/elcanillita.info\/press\/2023\/09\/02\/un-cisne-negro\/#primaryimage"},"image":{"@id":"https:\/\/elcanillita.info\/press\/2023\/09\/02\/un-cisne-negro\/#primaryimage"},"thumbnailUrl":"https:\/\/elcanillita.info\/press\/images\/2023\/09\/ar_2_20230902.jpg","datePublished":"2023-09-03T01:08:05+00:00","dateModified":"2023-09-03T01:08:06+00:00","description":"La fugaz reaparici\u00f3n en las redes de Cristina fue s\u00f3lo para intentar mantener viva, un a\u00f1o despu\u00e9s de ocurrido, la fantas\u00eda de una conspiraci\u00f3n global.","inLanguage":"es-AR","potentialAction":[{"@type":"ReadAction","target":["https:\/\/elcanillita.info\/press\/2023\/09\/02\/un-cisne-negro\/"]}]},{"@type":"ImageObject","inLanguage":"es-AR","@id":"https:\/\/elcanillita.info\/press\/2023\/09\/02\/un-cisne-negro\/#primaryimage","url":"https:\/\/elcanillita.info\/press\/images\/2023\/09\/ar_2_20230902.jpg","contentUrl":"https:\/\/elcanillita.info\/press\/images\/2023\/09\/ar_2_20230902.jpg","width":553,"height":369},{"@type":"WebSite","@id":"https:\/\/elcanillita.info\/press\/#website","url":"https:\/\/elcanillita.info\/press\/","name":"ElCanillita.Info","description":"desde los Apeninos a los Andes","publisher":{"@id":"https:\/\/elcanillita.info\/press\/#organization"},"potentialAction":[{"@type":"SearchAction","target":{"@type":"EntryPoint","urlTemplate":"https:\/\/elcanillita.info\/press\/?s={search_term_string}"},"query-input":{"@type":"PropertyValueSpecification","valueRequired":true,"valueName":"search_term_string"}}],"inLanguage":"es-AR"},{"@type":"Organization","@id":"https:\/\/elcanillita.info\/press\/#organization","name":"Guzzo Photos & Graphic Publications","url":"https:\/\/elcanillita.info\/press\/","logo":{"@type":"ImageObject","inLanguage":"es-AR","@id":"https:\/\/elcanillita.info\/press\/#\/schema\/logo\/image\/","url":"https:\/\/elcanillita.info\/press\/images\/2020\/01\/cropped-cropped-cropped-elcanillitainfo.png","contentUrl":"https:\/\/elcanillita.info\/press\/images\/2020\/01\/cropped-cropped-cropped-elcanillitainfo.png","width":460,"height":50,"caption":"Guzzo Photos & Graphic Publications"},"image":{"@id":"https:\/\/elcanillita.info\/press\/#\/schema\/logo\/image\/"},"sameAs":["https:\/\/ar-ar.facebook.com\/ElCanillitainfo-114249515285712\/"]},{"@type":"Person","@id":"https:\/\/elcanillita.info\/press\/#\/schema\/person\/7fcb79f38045700919f7da6d97e71ba0","name":"SalaStampa.eu, world press service","image":{"@type":"ImageObject","inLanguage":"es-AR","@id":"https:\/\/secure.gravatar.com\/avatar\/c2f0e0d515a107624234994507816ca4724c7199cef73fc8bedebf6931d73888?s=96&d=mm&r=g","url":"https:\/\/secure.gravatar.com\/avatar\/c2f0e0d515a107624234994507816ca4724c7199cef73fc8bedebf6931d73888?s=96&d=mm&r=g","contentUrl":"https:\/\/secure.gravatar.com\/avatar\/c2f0e0d515a107624234994507816ca4724c7199cef73fc8bedebf6931d73888?s=96&d=mm&r=g","caption":"SalaStampa.eu, world press service"}}]}},"views":384,"_links":{"self":[{"href":"https:\/\/elcanillita.info\/press\/wp-json\/wp\/v2\/posts\/3708","targetHints":{"allow":["GET"]}}],"collection":[{"href":"https:\/\/elcanillita.info\/press\/wp-json\/wp\/v2\/posts"}],"about":[{"href":"https:\/\/elcanillita.info\/press\/wp-json\/wp\/v2\/types\/post"}],"author":[{"embeddable":true,"href":"https:\/\/elcanillita.info\/press\/wp-json\/wp\/v2\/users\/1"}],"replies":[{"embeddable":true,"href":"https:\/\/elcanillita.info\/press\/wp-json\/wp\/v2\/comments?post=3708"}],"version-history":[{"count":0,"href":"https:\/\/elcanillita.info\/press\/wp-json\/wp\/v2\/posts\/3708\/revisions"}],"wp:featuredmedia":[{"embeddable":true,"href":"https:\/\/elcanillita.info\/press\/wp-json\/wp\/v2\/media\/3710"}],"wp:attachment":[{"href":"https:\/\/elcanillita.info\/press\/wp-json\/wp\/v2\/media?parent=3708"}],"wp:term":[{"taxonomy":"category","embeddable":true,"href":"https:\/\/elcanillita.info\/press\/wp-json\/wp\/v2\/categories?post=3708"},{"taxonomy":"post_tag","embeddable":true,"href":"https:\/\/elcanillita.info\/press\/wp-json\/wp\/v2\/tags?post=3708"}],"curies":[{"name":"wp","href":"https:\/\/api.w.org\/{rel}","templated":true}]}}