{"id":370,"date":"2020-02-06T14:51:07","date_gmt":"2020-02-06T17:51:07","guid":{"rendered":"https:\/\/elcanillita.info\/press\/?p=370"},"modified":"2020-02-06T14:51:10","modified_gmt":"2020-02-06T17:51:10","slug":"pasajeros-relatan-vuelo-inusual-avion-turco-accidentado","status":"publish","type":"post","link":"https:\/\/elcanillita.info\/press\/2020\/02\/06\/pasajeros-relatan-vuelo-inusual-avion-turco-accidentado\/","title":{"rendered":"Pasajeros relatan vuelo inusual de avi\u00f3n turco accidentado"},"content":{"rendered":"\n<p>Estambul, 06.02.2020 &#8211; Los pasajeros que vivieron el accidentado aterrizaje que dej\u00f3 tres muertos en un aeropuerto de Turqu\u00eda relatan que el avi\u00f3n, que se despist\u00f3, cay\u00f3 en una zanja y termin\u00f3 partido en tres, descendi\u00f3 inusualmente r\u00e1pido.<\/p>\n\n\n\n<p>Engin Demir, quien result\u00f3 herido en el percance, dijo a la televisora NTV que se percat\u00f3 de la velocidad del Boeing 737 operado por la aerol\u00ednea de bajo costo Pegasus Airline cuando aterriz\u00f3 en el Aeropuerto Sabiha Gokcen de Estambul el mi\u00e9rcoles por la tarde.<\/p>\n\n\n\n<p>En medio de la lluvia y fuertes vientos, la aeronave se sali\u00f3 de la pista. Patin\u00f3 unos 50 o 60 metros (165 o 200 pies) antes de caer en una zanja de unos 30 metros (98 pies) de profundidad, de acuerdo con el gobernador de la ciudad, Ali Yerlikaya. El aparato de 11 a\u00f1os se parti\u00f3 en tres y los pasajeros tuvieron que abrirse paso entre el fuselaje roto para escapar. Adem\u00e1s de los fallecidos, hubo 180 heridos, de acuerdo con las autoridades.<\/p>\n\n\n\n<p>\u201cPor la velocidad, pienso que el avi\u00f3n no pudo detenerse. Todo sucedi\u00f3 en unos dos o tres segundos\u201d, dijo Demir desde la cama de hospital donde se encuentra en Estambul.<\/p>\n\n\n\n<p>El pasajero dijo que se qued\u00f3 unos momentos atrapado por los pedazos de avi\u00f3n de ca\u00edan del compartimiento para equipaje.<\/p>\n\n\n\n<p>\u201cHab\u00eda gritos; yo trat\u00e9 de tranquilizar a las personas que estaban a mi alrededor. La ayuda lleg\u00f3 pronto\u201d, agreg\u00f3.<\/p>\n\n\n\n<p>Otro sobreviviente, Alper Kulu, dijo a la agencia de noticias DHA que el vuelo fue anormal desde \u201cel inicio hasta el final\u201d.<\/p>\n\n\n\n<p>\u201cFue un vuelo con mucha turbulencia. El avi\u00f3n aterriz\u00f3 con dificultad. Iba muy r\u00e1pido comparado con otros vuelos\u201d, agreg\u00f3 Kulu, quien detall\u00f3 que despu\u00e9s del aterrizaje se escuch\u00f3 el anuncio de \u201cBienvenidos a Estambul\u201d.<\/p>\n\n\n\n<p>Dijo que el avi\u00f3n de repente se balance\u00f3 hacia la izquierda y hacia la derecha, y luego cay\u00f3 de su lado izquierdo en una zanja muy empinada. Record\u00f3 que el impacto volte\u00f3 completamente los asientos frente a \u00e9l y que sali\u00f3 tan pronto como pudo porque tem\u00eda que el avi\u00f3n estallara.<\/p>\n\n\n\n<p>\u201cHab\u00eda p\u00e1nico y gritos. Todos estaban pidiendo ayuda. Sal\u00ed del avi\u00f3n por mi cuenta, con un brazo roto, trep\u00e9 30-40 metros. Escuch\u00e9 avisos de que el avi\u00f3n podr\u00eda explotar\u201d, dijo.<\/p>\n\n\n\n<p>El avi\u00f3n, que transportaba a 177 pasajeros y seis tripulantes proven\u00eda de la ciudad turca occidental de Izmir. El jueves, el gobernador Yerlikaya inform\u00f3 que todos los heridos estaban estables, pero cuatro ten\u00edan heridas significativas. No dio m\u00e1s detalles. Los tres muertos eran ciudadanos turcos.<\/p>\n\n\n\n<p>El director general de Pegasus Airlines, Mehmet T. Nane, dijo en una conferencia de prensa en Estambul que las cajas negras ya fueron recuperadas y est\u00e1n siendo descifradas.<\/p>\n\n\n\n<p>El accidente sucedi\u00f3 un mes despu\u00e9s de que otro avi\u00f3n de Pegasus con 164 personas a bordo se saliera de la pista en Estambul en el mismo aeropuerto. No hubo muertos ni lesionados en el incidente del 7 de enero.<\/p>\n\n\n\n<p>En enero de 2018, otro Boeing 737 de la misma aerol\u00ednea de bajo costo se despist\u00f3 en el aeropuerto de Trabzon en el noreste de Turqu\u00eda, pero no hubo heridos.<br><br>\n<small>2020 voanoticias \u2013 salastampa.eu, afiliada a la red Broadcasting Board of Governors \u00a9 2020 BBG<\/small><\/p>\n","protected":false},"excerpt":{"rendered":"<p>Estambul, 06.02.2020 &#8211; Los pasajeros que vivieron el accidentado aterrizaje que dej\u00f3 tres muertos en un aeropuerto de Turqu\u00eda relatan que el avi\u00f3n, que se despist\u00f3, cay\u00f3 en una zanja y termin\u00f3 partido en tres, descendi\u00f3 inusualmente r\u00e1pido.<\/p>\n","protected":false},"author":1,"featured_media":0,"comment_status":"closed","ping_status":"closed","sticky":false,"template":"","format":"standard","meta":{"footnotes":"","_links_to":"","_links_to_target":""},"categories":[70,7,25],"tags":[75],"class_list":["post-370","post","type-post","status-publish","format-standard","hentry","category-actualidad","category-eurasia","category-sociedad","tag-turquia","entry","double"],"yoast_head":"<!-- This site is optimized with the Yoast SEO plugin v27.5 - https:\/\/yoast.com\/product\/yoast-seo-wordpress\/ -->\n<title>Pasajeros relatan vuelo inusual de avi\u00f3n turco accidentado - ElCanillita.Info<\/title>\n<meta name=\"robots\" content=\"index, follow, max-snippet:-1, max-image-preview:large, max-video-preview:-1\" \/>\n<link rel=\"canonical\" href=\"https:\/\/elcanillita.info\/press\/2020\/02\/06\/pasajeros-relatan-vuelo-inusual-avion-turco-accidentado\/\" \/>\n<meta property=\"og:locale\" content=\"es_ES\" \/>\n<meta property=\"og:type\" content=\"article\" \/>\n<meta property=\"og:title\" content=\"Pasajeros relatan vuelo inusual de avi\u00f3n turco accidentado - ElCanillita.Info\" \/>\n<meta property=\"og:description\" content=\"Estambul, 06.02.2020 - Los pasajeros que vivieron el accidentado aterrizaje que dej\u00f3 tres muertos en un aeropuerto de Turqu\u00eda relatan que el avi\u00f3n, que se despist\u00f3, cay\u00f3 en una zanja y termin\u00f3 partido en tres, descendi\u00f3 inusualmente r\u00e1pido.\" \/>\n<meta property=\"og:url\" content=\"https:\/\/elcanillita.info\/press\/2020\/02\/06\/pasajeros-relatan-vuelo-inusual-avion-turco-accidentado\/\" \/>\n<meta property=\"og:site_name\" content=\"ElCanillita.Info\" \/>\n<meta property=\"article:publisher\" content=\"https:\/\/ar-ar.facebook.com\/ElCanillitainfo-114249515285712\/\" \/>\n<meta property=\"article:published_time\" content=\"2020-02-06T17:51:07+00:00\" \/>\n<meta property=\"article:modified_time\" content=\"2020-02-06T17:51:10+00:00\" \/>\n<meta name=\"author\" content=\"SalaStampa.eu, world press service\" \/>\n<meta name=\"twitter:card\" content=\"summary_large_image\" \/>\n<meta name=\"twitter:label1\" content=\"Escrito por\" \/>\n\t<meta name=\"twitter:data1\" content=\"SalaStampa.eu, world press service\" \/>\n\t<meta name=\"twitter:label2\" content=\"Tiempo de lectura\" \/>\n\t<meta name=\"twitter:data2\" content=\"3 minutos\" \/>\n<script type=\"application\/ld+json\" class=\"yoast-schema-graph\">{\"@context\":\"https:\\\/\\\/schema.org\",\"@graph\":[{\"@type\":\"Article\",\"@id\":\"https:\\\/\\\/elcanillita.info\\\/press\\\/2020\\\/02\\\/06\\\/pasajeros-relatan-vuelo-inusual-avion-turco-accidentado\\\/#article\",\"isPartOf\":{\"@id\":\"https:\\\/\\\/elcanillita.info\\\/press\\\/2020\\\/02\\\/06\\\/pasajeros-relatan-vuelo-inusual-avion-turco-accidentado\\\/\"},\"author\":{\"name\":\"SalaStampa.eu, world press service\",\"@id\":\"https:\\\/\\\/elcanillita.info\\\/press\\\/#\\\/schema\\\/person\\\/7fcb79f38045700919f7da6d97e71ba0\"},\"headline\":\"Pasajeros relatan vuelo inusual de avi\u00f3n turco accidentado\",\"datePublished\":\"2020-02-06T17:51:07+00:00\",\"dateModified\":\"2020-02-06T17:51:10+00:00\",\"mainEntityOfPage\":{\"@id\":\"https:\\\/\\\/elcanillita.info\\\/press\\\/2020\\\/02\\\/06\\\/pasajeros-relatan-vuelo-inusual-avion-turco-accidentado\\\/\"},\"wordCount\":552,\"publisher\":{\"@id\":\"https:\\\/\\\/elcanillita.info\\\/press\\\/#organization\"},\"keywords\":[\"Turquia\"],\"articleSection\":[\"Actualidad\",\"Eurasia\",\"Sociedad\"],\"inLanguage\":\"es-AR\"},{\"@type\":\"WebPage\",\"@id\":\"https:\\\/\\\/elcanillita.info\\\/press\\\/2020\\\/02\\\/06\\\/pasajeros-relatan-vuelo-inusual-avion-turco-accidentado\\\/\",\"url\":\"https:\\\/\\\/elcanillita.info\\\/press\\\/2020\\\/02\\\/06\\\/pasajeros-relatan-vuelo-inusual-avion-turco-accidentado\\\/\",\"name\":\"Pasajeros relatan vuelo inusual de avi\u00f3n turco accidentado - ElCanillita.Info\",\"isPartOf\":{\"@id\":\"https:\\\/\\\/elcanillita.info\\\/press\\\/#website\"},\"datePublished\":\"2020-02-06T17:51:07+00:00\",\"dateModified\":\"2020-02-06T17:51:10+00:00\",\"inLanguage\":\"es-AR\",\"potentialAction\":[{\"@type\":\"ReadAction\",\"target\":[\"https:\\\/\\\/elcanillita.info\\\/press\\\/2020\\\/02\\\/06\\\/pasajeros-relatan-vuelo-inusual-avion-turco-accidentado\\\/\"]}]},{\"@type\":\"WebSite\",\"@id\":\"https:\\\/\\\/elcanillita.info\\\/press\\\/#website\",\"url\":\"https:\\\/\\\/elcanillita.info\\\/press\\\/\",\"name\":\"ElCanillita.Info\",\"description\":\"desde los Apeninos a los Andes\",\"publisher\":{\"@id\":\"https:\\\/\\\/elcanillita.info\\\/press\\\/#organization\"},\"potentialAction\":[{\"@type\":\"SearchAction\",\"target\":{\"@type\":\"EntryPoint\",\"urlTemplate\":\"https:\\\/\\\/elcanillita.info\\\/press\\\/?s={search_term_string}\"},\"query-input\":{\"@type\":\"PropertyValueSpecification\",\"valueRequired\":true,\"valueName\":\"search_term_string\"}}],\"inLanguage\":\"es-AR\"},{\"@type\":\"Organization\",\"@id\":\"https:\\\/\\\/elcanillita.info\\\/press\\\/#organization\",\"name\":\"Guzzo Photos & Graphic Publications\",\"url\":\"https:\\\/\\\/elcanillita.info\\\/press\\\/\",\"logo\":{\"@type\":\"ImageObject\",\"inLanguage\":\"es-AR\",\"@id\":\"https:\\\/\\\/elcanillita.info\\\/press\\\/#\\\/schema\\\/logo\\\/image\\\/\",\"url\":\"https:\\\/\\\/elcanillita.info\\\/press\\\/images\\\/2020\\\/01\\\/cropped-cropped-cropped-elcanillitainfo.png\",\"contentUrl\":\"https:\\\/\\\/elcanillita.info\\\/press\\\/images\\\/2020\\\/01\\\/cropped-cropped-cropped-elcanillitainfo.png\",\"width\":460,\"height\":50,\"caption\":\"Guzzo Photos & Graphic Publications\"},\"image\":{\"@id\":\"https:\\\/\\\/elcanillita.info\\\/press\\\/#\\\/schema\\\/logo\\\/image\\\/\"},\"sameAs\":[\"https:\\\/\\\/ar-ar.facebook.com\\\/ElCanillitainfo-114249515285712\\\/\"]},{\"@type\":\"Person\",\"@id\":\"https:\\\/\\\/elcanillita.info\\\/press\\\/#\\\/schema\\\/person\\\/7fcb79f38045700919f7da6d97e71ba0\",\"name\":\"SalaStampa.eu, world press service\",\"image\":{\"@type\":\"ImageObject\",\"inLanguage\":\"es-AR\",\"@id\":\"https:\\\/\\\/secure.gravatar.com\\\/avatar\\\/c2f0e0d515a107624234994507816ca4724c7199cef73fc8bedebf6931d73888?s=96&d=mm&r=g\",\"url\":\"https:\\\/\\\/secure.gravatar.com\\\/avatar\\\/c2f0e0d515a107624234994507816ca4724c7199cef73fc8bedebf6931d73888?s=96&d=mm&r=g\",\"contentUrl\":\"https:\\\/\\\/secure.gravatar.com\\\/avatar\\\/c2f0e0d515a107624234994507816ca4724c7199cef73fc8bedebf6931d73888?s=96&d=mm&r=g\",\"caption\":\"SalaStampa.eu, world press service\"}}]}<\/script>\n<!-- \/ Yoast SEO plugin. -->","yoast_head_json":{"title":"Pasajeros relatan vuelo inusual de avi\u00f3n turco accidentado - ElCanillita.Info","robots":{"index":"index","follow":"follow","max-snippet":"max-snippet:-1","max-image-preview":"max-image-preview:large","max-video-preview":"max-video-preview:-1"},"canonical":"https:\/\/elcanillita.info\/press\/2020\/02\/06\/pasajeros-relatan-vuelo-inusual-avion-turco-accidentado\/","og_locale":"es_ES","og_type":"article","og_title":"Pasajeros relatan vuelo inusual de avi\u00f3n turco accidentado - ElCanillita.Info","og_description":"Estambul, 06.02.2020 - Los pasajeros que vivieron el accidentado aterrizaje que dej\u00f3 tres muertos en un aeropuerto de Turqu\u00eda relatan que el avi\u00f3n, que se despist\u00f3, cay\u00f3 en una zanja y termin\u00f3 partido en tres, descendi\u00f3 inusualmente r\u00e1pido.","og_url":"https:\/\/elcanillita.info\/press\/2020\/02\/06\/pasajeros-relatan-vuelo-inusual-avion-turco-accidentado\/","og_site_name":"ElCanillita.Info","article_publisher":"https:\/\/ar-ar.facebook.com\/ElCanillitainfo-114249515285712\/","article_published_time":"2020-02-06T17:51:07+00:00","article_modified_time":"2020-02-06T17:51:10+00:00","author":"SalaStampa.eu, world press service","twitter_card":"summary_large_image","twitter_misc":{"Escrito por":"SalaStampa.eu, world press service","Tiempo de lectura":"3 minutos"},"schema":{"@context":"https:\/\/schema.org","@graph":[{"@type":"Article","@id":"https:\/\/elcanillita.info\/press\/2020\/02\/06\/pasajeros-relatan-vuelo-inusual-avion-turco-accidentado\/#article","isPartOf":{"@id":"https:\/\/elcanillita.info\/press\/2020\/02\/06\/pasajeros-relatan-vuelo-inusual-avion-turco-accidentado\/"},"author":{"name":"SalaStampa.eu, world press service","@id":"https:\/\/elcanillita.info\/press\/#\/schema\/person\/7fcb79f38045700919f7da6d97e71ba0"},"headline":"Pasajeros relatan vuelo inusual de avi\u00f3n turco accidentado","datePublished":"2020-02-06T17:51:07+00:00","dateModified":"2020-02-06T17:51:10+00:00","mainEntityOfPage":{"@id":"https:\/\/elcanillita.info\/press\/2020\/02\/06\/pasajeros-relatan-vuelo-inusual-avion-turco-accidentado\/"},"wordCount":552,"publisher":{"@id":"https:\/\/elcanillita.info\/press\/#organization"},"keywords":["Turquia"],"articleSection":["Actualidad","Eurasia","Sociedad"],"inLanguage":"es-AR"},{"@type":"WebPage","@id":"https:\/\/elcanillita.info\/press\/2020\/02\/06\/pasajeros-relatan-vuelo-inusual-avion-turco-accidentado\/","url":"https:\/\/elcanillita.info\/press\/2020\/02\/06\/pasajeros-relatan-vuelo-inusual-avion-turco-accidentado\/","name":"Pasajeros relatan vuelo inusual de avi\u00f3n turco accidentado - ElCanillita.Info","isPartOf":{"@id":"https:\/\/elcanillita.info\/press\/#website"},"datePublished":"2020-02-06T17:51:07+00:00","dateModified":"2020-02-06T17:51:10+00:00","inLanguage":"es-AR","potentialAction":[{"@type":"ReadAction","target":["https:\/\/elcanillita.info\/press\/2020\/02\/06\/pasajeros-relatan-vuelo-inusual-avion-turco-accidentado\/"]}]},{"@type":"WebSite","@id":"https:\/\/elcanillita.info\/press\/#website","url":"https:\/\/elcanillita.info\/press\/","name":"ElCanillita.Info","description":"desde los Apeninos a los Andes","publisher":{"@id":"https:\/\/elcanillita.info\/press\/#organization"},"potentialAction":[{"@type":"SearchAction","target":{"@type":"EntryPoint","urlTemplate":"https:\/\/elcanillita.info\/press\/?s={search_term_string}"},"query-input":{"@type":"PropertyValueSpecification","valueRequired":true,"valueName":"search_term_string"}}],"inLanguage":"es-AR"},{"@type":"Organization","@id":"https:\/\/elcanillita.info\/press\/#organization","name":"Guzzo Photos & Graphic Publications","url":"https:\/\/elcanillita.info\/press\/","logo":{"@type":"ImageObject","inLanguage":"es-AR","@id":"https:\/\/elcanillita.info\/press\/#\/schema\/logo\/image\/","url":"https:\/\/elcanillita.info\/press\/images\/2020\/01\/cropped-cropped-cropped-elcanillitainfo.png","contentUrl":"https:\/\/elcanillita.info\/press\/images\/2020\/01\/cropped-cropped-cropped-elcanillitainfo.png","width":460,"height":50,"caption":"Guzzo Photos & Graphic Publications"},"image":{"@id":"https:\/\/elcanillita.info\/press\/#\/schema\/logo\/image\/"},"sameAs":["https:\/\/ar-ar.facebook.com\/ElCanillitainfo-114249515285712\/"]},{"@type":"Person","@id":"https:\/\/elcanillita.info\/press\/#\/schema\/person\/7fcb79f38045700919f7da6d97e71ba0","name":"SalaStampa.eu, world press service","image":{"@type":"ImageObject","inLanguage":"es-AR","@id":"https:\/\/secure.gravatar.com\/avatar\/c2f0e0d515a107624234994507816ca4724c7199cef73fc8bedebf6931d73888?s=96&d=mm&r=g","url":"https:\/\/secure.gravatar.com\/avatar\/c2f0e0d515a107624234994507816ca4724c7199cef73fc8bedebf6931d73888?s=96&d=mm&r=g","contentUrl":"https:\/\/secure.gravatar.com\/avatar\/c2f0e0d515a107624234994507816ca4724c7199cef73fc8bedebf6931d73888?s=96&d=mm&r=g","caption":"SalaStampa.eu, world press service"}}]}},"views":818,"_links":{"self":[{"href":"https:\/\/elcanillita.info\/press\/wp-json\/wp\/v2\/posts\/370","targetHints":{"allow":["GET"]}}],"collection":[{"href":"https:\/\/elcanillita.info\/press\/wp-json\/wp\/v2\/posts"}],"about":[{"href":"https:\/\/elcanillita.info\/press\/wp-json\/wp\/v2\/types\/post"}],"author":[{"embeddable":true,"href":"https:\/\/elcanillita.info\/press\/wp-json\/wp\/v2\/users\/1"}],"replies":[{"embeddable":true,"href":"https:\/\/elcanillita.info\/press\/wp-json\/wp\/v2\/comments?post=370"}],"version-history":[{"count":0,"href":"https:\/\/elcanillita.info\/press\/wp-json\/wp\/v2\/posts\/370\/revisions"}],"wp:attachment":[{"href":"https:\/\/elcanillita.info\/press\/wp-json\/wp\/v2\/media?parent=370"}],"wp:term":[{"taxonomy":"category","embeddable":true,"href":"https:\/\/elcanillita.info\/press\/wp-json\/wp\/v2\/categories?post=370"},{"taxonomy":"post_tag","embeddable":true,"href":"https:\/\/elcanillita.info\/press\/wp-json\/wp\/v2\/tags?post=370"}],"curies":[{"name":"wp","href":"https:\/\/api.w.org\/{rel}","templated":true}]}}