{"id":3689,"date":"2023-08-29T22:07:56","date_gmt":"2023-08-30T01:07:56","guid":{"rendered":"https:\/\/elcanillita.info\/press\/?p=3689"},"modified":"2023-08-30T06:33:58","modified_gmt":"2023-08-30T09:33:58","slug":"gustavo-petro-presidente-de-colombia-quiere-asfixiar-la-economia-colaborativa","status":"publish","type":"post","link":"https:\/\/elcanillita.info\/press\/2023\/08\/29\/gustavo-petro-presidente-de-colombia-quiere-asfixiar-la-economia-colaborativa\/","title":{"rendered":"Gustavo Petro, presidente de Colombia, quiere asfixiar la econom\u00eda colaborativa"},"content":{"rendered":"\n<figure class=\"wp-block-image size-full\"><img loading=\"lazy\" decoding=\"async\" width=\"600\" height=\"400\" src=\"https:\/\/elcanillita.info\/press\/images\/2023\/08\/rappcov_20230829.jpg\" alt=\"\" class=\"wp-image-3690\" srcset=\"https:\/\/elcanillita.info\/press\/images\/2023\/08\/rappcov_20230829.jpg 600w, https:\/\/elcanillita.info\/press\/images\/2023\/08\/rappcov_20230829-300x200.jpg 300w\" sizes=\"auto, (max-width: 600px) 100vw, 600px\" \/><\/figure>\n\n\n\n<p><strong>ElCanillita.info, 29\/08\/2023<\/strong><br>Flotas de taxistas se declararon en huelga durante el mes de febrero e intentaron bloquear las carreteras en m\u00e1s de dos docenas de ciudades de Colombia. Estaban enfadados con Gustavo Petro, el neo presidente de izquierdas del pa\u00eds. Se alegraron cuando la administraci\u00f3n de Petro dijo que iba a regular las aplicaciones de transporte, tales como Didi y Uber, que siguen siendo ilegales en el pa\u00eds. Pero las propuestas de su Gobierno, que se filtraron, causaron indignaci\u00f3n entre los colombianos de a pie: uno de los borradores suger\u00eda multar a los usuarios con 10 millones de pesos (2.000 d\u00f3lares) y bloquear las aplicaciones. Despu\u00e9s de que cientos de trabajadores del transporte salieran a la calle en enero, Petro suspendi\u00f3 sus planes. En la noche del 22 de febrero, el ministro de Transporte se reuni\u00f3 con taxistas en huelga. Al dia de la fecha, no se ha elaborado un plan preciso resolutorio . El esc\u00e1ndalo es un indicio del caos pol\u00edtico que caracteriza el mandato de Petro.<\/p>\n\n\n\n<p class=\"has-text-align-left\">Petro se ha impuesto una tarea dif\u00edcil. La econom\u00eda colaborativa est\u00e1 prosperando en Am\u00e9rica Latina y, en particular, en Colombia. Rappi, el primer unicornio tecnol\u00f3gico del pa\u00eds, se valor\u00f3 en 5.000 millones de d\u00f3lares en 2022 y se utiliza en toda la regi\u00f3n. No es ilegal en Colombia, pero existe en un vac\u00edo regulatorio, ya que no se considera un empleador formal. Alrededor de 40.000 mensajeros Rappi trabajan en el pa\u00eds. Otros 150.000 &#8220;gig workers&#8221; trabajan para competidores como Uber, iFood y Cabify.<br><br>Este mi\u00e9rcoles 30 de agosto Colombia se alista para una nueva jornada de marchas en todo el pa\u00eds. Esta vez, a cargo de Fecode.<\/p>\n\n\n\n<figure class=\"wp-block-image size-full\"><img loading=\"lazy\" decoding=\"async\" width=\"600\" height=\"337\" src=\"https:\/\/elcanillita.info\/press\/images\/2023\/08\/educo_20230830.jpg\" alt=\"\" class=\"wp-image-3692\" srcset=\"https:\/\/elcanillita.info\/press\/images\/2023\/08\/educo_20230830.jpg 600w, https:\/\/elcanillita.info\/press\/images\/2023\/08\/educo_20230830-300x169.jpg 300w\" sizes=\"auto, (max-width: 600px) 100vw, 600px\" \/><\/figure>\n\n\n\n<p>La Federaci\u00f3n Colombiana de Educadores (Fecode) anunci\u00f3 Paro Nacional de 24 horas en protesta a dos puntos espec\u00edficos: la prestaci\u00f3n de los servicios de salud y la creaci\u00f3n de un bono escolar.<br><br><small>Copyright \u00a9 2023 ElCanillita.info \/ SalaStampa.Eu, servicio mundial de prensa<\/small><\/p>\n","protected":false},"excerpt":{"rendered":"<p>El izquierdista tambi\u00e9n tiene que lidiar con trabajadores enfadados.<br \/>\nEste mi\u00e9rcoles 30 de agosto Colombia se alista para una nueva jornada de marchas en todo el pa\u00eds. Esta vez, a cargo de Fecode.<\/p>\n","protected":false},"author":1,"featured_media":3691,"comment_status":"closed","ping_status":"closed","sticky":false,"template":"","format":"standard","meta":{"footnotes":"","_links_to":"","_links_to_target":""},"categories":[108,121,70,11,20,23],"tags":[44],"class_list":["post-3689","post","type-post","status-publish","format-standard","has-post-thumbnail","hentry","category-blogdiario","category-dc24","category-actualidad","category-america-del-sur","category-economia","category-politica","tag-colombia","entry","double"],"yoast_head":"<!-- This site is optimized with the Yoast SEO plugin v27.4 - https:\/\/yoast.com\/product\/yoast-seo-wordpress\/ -->\n<title>Gustavo Petro, presidente de Colombia, quiere asfixiar la econom\u00eda colaborativa - ElCanillita.Info<\/title>\n<meta name=\"description\" content=\"El izquierdista tambi\u00e9n tiene que lidiar con trabajadores enfadados. Este mi\u00e9rcoles 30 de agosto Colombia se alista para una nueva jornada de marchas en todo el pa\u00eds. Esta vez, a cargo de Fecode.\" \/>\n<meta name=\"robots\" content=\"index, follow, max-snippet:-1, max-image-preview:large, max-video-preview:-1\" \/>\n<link rel=\"canonical\" href=\"https:\/\/elcanillita.info\/press\/2023\/08\/29\/gustavo-petro-presidente-de-colombia-quiere-asfixiar-la-economia-colaborativa\/\" \/>\n<meta property=\"og:locale\" content=\"es_ES\" \/>\n<meta property=\"og:type\" content=\"article\" \/>\n<meta property=\"og:title\" content=\"Gustavo Petro, presidente de Colombia, quiere asfixiar la econom\u00eda colaborativa - ElCanillita.Info\" \/>\n<meta property=\"og:description\" content=\"El izquierdista tambi\u00e9n tiene que lidiar con trabajadores enfadados. Este mi\u00e9rcoles 30 de agosto Colombia se alista para una nueva jornada de marchas en todo el pa\u00eds. Esta vez, a cargo de Fecode.\" \/>\n<meta property=\"og:url\" content=\"https:\/\/elcanillita.info\/press\/2023\/08\/29\/gustavo-petro-presidente-de-colombia-quiere-asfixiar-la-economia-colaborativa\/\" \/>\n<meta property=\"og:site_name\" content=\"ElCanillita.Info\" \/>\n<meta property=\"article:publisher\" content=\"https:\/\/ar-ar.facebook.com\/ElCanillitainfo-114249515285712\/\" \/>\n<meta property=\"article:published_time\" content=\"2023-08-30T01:07:56+00:00\" \/>\n<meta property=\"article:modified_time\" content=\"2023-08-30T09:33:58+00:00\" \/>\n<meta property=\"og:image\" content=\"https:\/\/elcanillita.info\/press\/images\/2023\/08\/rapp_20230829.jpg\" \/>\n\t<meta property=\"og:image:width\" content=\"600\" \/>\n\t<meta property=\"og:image:height\" content=\"400\" \/>\n\t<meta property=\"og:image:type\" content=\"image\/jpeg\" \/>\n<meta name=\"author\" content=\"SalaStampa.eu, world press service\" \/>\n<meta name=\"twitter:card\" content=\"summary_large_image\" \/>\n<meta name=\"twitter:label1\" content=\"Escrito por\" \/>\n\t<meta name=\"twitter:data1\" content=\"SalaStampa.eu, world press service\" \/>\n\t<meta name=\"twitter:label2\" content=\"Tiempo de lectura\" \/>\n\t<meta name=\"twitter:data2\" content=\"2 minutos\" \/>\n<script type=\"application\/ld+json\" class=\"yoast-schema-graph\">{\"@context\":\"https:\\\/\\\/schema.org\",\"@graph\":[{\"@type\":\"Article\",\"@id\":\"https:\\\/\\\/elcanillita.info\\\/press\\\/2023\\\/08\\\/29\\\/gustavo-petro-presidente-de-colombia-quiere-asfixiar-la-economia-colaborativa\\\/#article\",\"isPartOf\":{\"@id\":\"https:\\\/\\\/elcanillita.info\\\/press\\\/2023\\\/08\\\/29\\\/gustavo-petro-presidente-de-colombia-quiere-asfixiar-la-economia-colaborativa\\\/\"},\"author\":{\"name\":\"SalaStampa.eu, world press service\",\"@id\":\"https:\\\/\\\/elcanillita.info\\\/press\\\/#\\\/schema\\\/person\\\/7fcb79f38045700919f7da6d97e71ba0\"},\"headline\":\"Gustavo Petro, presidente de Colombia, quiere asfixiar la econom\u00eda colaborativa\",\"datePublished\":\"2023-08-30T01:07:56+00:00\",\"dateModified\":\"2023-08-30T09:33:58+00:00\",\"mainEntityOfPage\":{\"@id\":\"https:\\\/\\\/elcanillita.info\\\/press\\\/2023\\\/08\\\/29\\\/gustavo-petro-presidente-de-colombia-quiere-asfixiar-la-economia-colaborativa\\\/\"},\"wordCount\":342,\"publisher\":{\"@id\":\"https:\\\/\\\/elcanillita.info\\\/press\\\/#organization\"},\"image\":{\"@id\":\"https:\\\/\\\/elcanillita.info\\\/press\\\/2023\\\/08\\\/29\\\/gustavo-petro-presidente-de-colombia-quiere-asfixiar-la-economia-colaborativa\\\/#primaryimage\"},\"thumbnailUrl\":\"https:\\\/\\\/elcanillita.info\\\/press\\\/images\\\/2023\\\/08\\\/rapp_20230829.jpg\",\"keywords\":[\"Colombia\"],\"articleSection\":[\".\",\".\",\"Actualidad\",\"Am\u00e9rica del Sur\",\"Economia\",\"Politica\"],\"inLanguage\":\"es-AR\"},{\"@type\":\"WebPage\",\"@id\":\"https:\\\/\\\/elcanillita.info\\\/press\\\/2023\\\/08\\\/29\\\/gustavo-petro-presidente-de-colombia-quiere-asfixiar-la-economia-colaborativa\\\/\",\"url\":\"https:\\\/\\\/elcanillita.info\\\/press\\\/2023\\\/08\\\/29\\\/gustavo-petro-presidente-de-colombia-quiere-asfixiar-la-economia-colaborativa\\\/\",\"name\":\"Gustavo Petro, presidente de Colombia, quiere asfixiar la econom\u00eda colaborativa - ElCanillita.Info\",\"isPartOf\":{\"@id\":\"https:\\\/\\\/elcanillita.info\\\/press\\\/#website\"},\"primaryImageOfPage\":{\"@id\":\"https:\\\/\\\/elcanillita.info\\\/press\\\/2023\\\/08\\\/29\\\/gustavo-petro-presidente-de-colombia-quiere-asfixiar-la-economia-colaborativa\\\/#primaryimage\"},\"image\":{\"@id\":\"https:\\\/\\\/elcanillita.info\\\/press\\\/2023\\\/08\\\/29\\\/gustavo-petro-presidente-de-colombia-quiere-asfixiar-la-economia-colaborativa\\\/#primaryimage\"},\"thumbnailUrl\":\"https:\\\/\\\/elcanillita.info\\\/press\\\/images\\\/2023\\\/08\\\/rapp_20230829.jpg\",\"datePublished\":\"2023-08-30T01:07:56+00:00\",\"dateModified\":\"2023-08-30T09:33:58+00:00\",\"description\":\"El izquierdista tambi\u00e9n tiene que lidiar con trabajadores enfadados. Este mi\u00e9rcoles 30 de agosto Colombia se alista para una nueva jornada de marchas en todo el pa\u00eds. Esta vez, a cargo de Fecode.\",\"inLanguage\":\"es-AR\",\"potentialAction\":[{\"@type\":\"ReadAction\",\"target\":[\"https:\\\/\\\/elcanillita.info\\\/press\\\/2023\\\/08\\\/29\\\/gustavo-petro-presidente-de-colombia-quiere-asfixiar-la-economia-colaborativa\\\/\"]}]},{\"@type\":\"ImageObject\",\"inLanguage\":\"es-AR\",\"@id\":\"https:\\\/\\\/elcanillita.info\\\/press\\\/2023\\\/08\\\/29\\\/gustavo-petro-presidente-de-colombia-quiere-asfixiar-la-economia-colaborativa\\\/#primaryimage\",\"url\":\"https:\\\/\\\/elcanillita.info\\\/press\\\/images\\\/2023\\\/08\\\/rapp_20230829.jpg\",\"contentUrl\":\"https:\\\/\\\/elcanillita.info\\\/press\\\/images\\\/2023\\\/08\\\/rapp_20230829.jpg\",\"width\":600,\"height\":400},{\"@type\":\"WebSite\",\"@id\":\"https:\\\/\\\/elcanillita.info\\\/press\\\/#website\",\"url\":\"https:\\\/\\\/elcanillita.info\\\/press\\\/\",\"name\":\"ElCanillita.Info\",\"description\":\"desde los Apeninos a los Andes\",\"publisher\":{\"@id\":\"https:\\\/\\\/elcanillita.info\\\/press\\\/#organization\"},\"potentialAction\":[{\"@type\":\"SearchAction\",\"target\":{\"@type\":\"EntryPoint\",\"urlTemplate\":\"https:\\\/\\\/elcanillita.info\\\/press\\\/?s={search_term_string}\"},\"query-input\":{\"@type\":\"PropertyValueSpecification\",\"valueRequired\":true,\"valueName\":\"search_term_string\"}}],\"inLanguage\":\"es-AR\"},{\"@type\":\"Organization\",\"@id\":\"https:\\\/\\\/elcanillita.info\\\/press\\\/#organization\",\"name\":\"Guzzo Photos & Graphic Publications\",\"url\":\"https:\\\/\\\/elcanillita.info\\\/press\\\/\",\"logo\":{\"@type\":\"ImageObject\",\"inLanguage\":\"es-AR\",\"@id\":\"https:\\\/\\\/elcanillita.info\\\/press\\\/#\\\/schema\\\/logo\\\/image\\\/\",\"url\":\"https:\\\/\\\/elcanillita.info\\\/press\\\/images\\\/2020\\\/01\\\/cropped-cropped-cropped-elcanillitainfo.png\",\"contentUrl\":\"https:\\\/\\\/elcanillita.info\\\/press\\\/images\\\/2020\\\/01\\\/cropped-cropped-cropped-elcanillitainfo.png\",\"width\":460,\"height\":50,\"caption\":\"Guzzo Photos & Graphic Publications\"},\"image\":{\"@id\":\"https:\\\/\\\/elcanillita.info\\\/press\\\/#\\\/schema\\\/logo\\\/image\\\/\"},\"sameAs\":[\"https:\\\/\\\/ar-ar.facebook.com\\\/ElCanillitainfo-114249515285712\\\/\"]},{\"@type\":\"Person\",\"@id\":\"https:\\\/\\\/elcanillita.info\\\/press\\\/#\\\/schema\\\/person\\\/7fcb79f38045700919f7da6d97e71ba0\",\"name\":\"SalaStampa.eu, world press service\",\"image\":{\"@type\":\"ImageObject\",\"inLanguage\":\"es-AR\",\"@id\":\"https:\\\/\\\/secure.gravatar.com\\\/avatar\\\/c2f0e0d515a107624234994507816ca4724c7199cef73fc8bedebf6931d73888?s=96&d=mm&r=g\",\"url\":\"https:\\\/\\\/secure.gravatar.com\\\/avatar\\\/c2f0e0d515a107624234994507816ca4724c7199cef73fc8bedebf6931d73888?s=96&d=mm&r=g\",\"contentUrl\":\"https:\\\/\\\/secure.gravatar.com\\\/avatar\\\/c2f0e0d515a107624234994507816ca4724c7199cef73fc8bedebf6931d73888?s=96&d=mm&r=g\",\"caption\":\"SalaStampa.eu, world press service\"}}]}<\/script>\n<!-- \/ Yoast SEO plugin. -->","yoast_head_json":{"title":"Gustavo Petro, presidente de Colombia, quiere asfixiar la econom\u00eda colaborativa - ElCanillita.Info","description":"El izquierdista tambi\u00e9n tiene que lidiar con trabajadores enfadados. Este mi\u00e9rcoles 30 de agosto Colombia se alista para una nueva jornada de marchas en todo el pa\u00eds. Esta vez, a cargo de Fecode.","robots":{"index":"index","follow":"follow","max-snippet":"max-snippet:-1","max-image-preview":"max-image-preview:large","max-video-preview":"max-video-preview:-1"},"canonical":"https:\/\/elcanillita.info\/press\/2023\/08\/29\/gustavo-petro-presidente-de-colombia-quiere-asfixiar-la-economia-colaborativa\/","og_locale":"es_ES","og_type":"article","og_title":"Gustavo Petro, presidente de Colombia, quiere asfixiar la econom\u00eda colaborativa - ElCanillita.Info","og_description":"El izquierdista tambi\u00e9n tiene que lidiar con trabajadores enfadados. Este mi\u00e9rcoles 30 de agosto Colombia se alista para una nueva jornada de marchas en todo el pa\u00eds. Esta vez, a cargo de Fecode.","og_url":"https:\/\/elcanillita.info\/press\/2023\/08\/29\/gustavo-petro-presidente-de-colombia-quiere-asfixiar-la-economia-colaborativa\/","og_site_name":"ElCanillita.Info","article_publisher":"https:\/\/ar-ar.facebook.com\/ElCanillitainfo-114249515285712\/","article_published_time":"2023-08-30T01:07:56+00:00","article_modified_time":"2023-08-30T09:33:58+00:00","og_image":[{"width":600,"height":400,"url":"https:\/\/elcanillita.info\/press\/images\/2023\/08\/rapp_20230829.jpg","type":"image\/jpeg"}],"author":"SalaStampa.eu, world press service","twitter_card":"summary_large_image","twitter_misc":{"Escrito por":"SalaStampa.eu, world press service","Tiempo de lectura":"2 minutos"},"schema":{"@context":"https:\/\/schema.org","@graph":[{"@type":"Article","@id":"https:\/\/elcanillita.info\/press\/2023\/08\/29\/gustavo-petro-presidente-de-colombia-quiere-asfixiar-la-economia-colaborativa\/#article","isPartOf":{"@id":"https:\/\/elcanillita.info\/press\/2023\/08\/29\/gustavo-petro-presidente-de-colombia-quiere-asfixiar-la-economia-colaborativa\/"},"author":{"name":"SalaStampa.eu, world press service","@id":"https:\/\/elcanillita.info\/press\/#\/schema\/person\/7fcb79f38045700919f7da6d97e71ba0"},"headline":"Gustavo Petro, presidente de Colombia, quiere asfixiar la econom\u00eda colaborativa","datePublished":"2023-08-30T01:07:56+00:00","dateModified":"2023-08-30T09:33:58+00:00","mainEntityOfPage":{"@id":"https:\/\/elcanillita.info\/press\/2023\/08\/29\/gustavo-petro-presidente-de-colombia-quiere-asfixiar-la-economia-colaborativa\/"},"wordCount":342,"publisher":{"@id":"https:\/\/elcanillita.info\/press\/#organization"},"image":{"@id":"https:\/\/elcanillita.info\/press\/2023\/08\/29\/gustavo-petro-presidente-de-colombia-quiere-asfixiar-la-economia-colaborativa\/#primaryimage"},"thumbnailUrl":"https:\/\/elcanillita.info\/press\/images\/2023\/08\/rapp_20230829.jpg","keywords":["Colombia"],"articleSection":[".",".","Actualidad","Am\u00e9rica del Sur","Economia","Politica"],"inLanguage":"es-AR"},{"@type":"WebPage","@id":"https:\/\/elcanillita.info\/press\/2023\/08\/29\/gustavo-petro-presidente-de-colombia-quiere-asfixiar-la-economia-colaborativa\/","url":"https:\/\/elcanillita.info\/press\/2023\/08\/29\/gustavo-petro-presidente-de-colombia-quiere-asfixiar-la-economia-colaborativa\/","name":"Gustavo Petro, presidente de Colombia, quiere asfixiar la econom\u00eda colaborativa - ElCanillita.Info","isPartOf":{"@id":"https:\/\/elcanillita.info\/press\/#website"},"primaryImageOfPage":{"@id":"https:\/\/elcanillita.info\/press\/2023\/08\/29\/gustavo-petro-presidente-de-colombia-quiere-asfixiar-la-economia-colaborativa\/#primaryimage"},"image":{"@id":"https:\/\/elcanillita.info\/press\/2023\/08\/29\/gustavo-petro-presidente-de-colombia-quiere-asfixiar-la-economia-colaborativa\/#primaryimage"},"thumbnailUrl":"https:\/\/elcanillita.info\/press\/images\/2023\/08\/rapp_20230829.jpg","datePublished":"2023-08-30T01:07:56+00:00","dateModified":"2023-08-30T09:33:58+00:00","description":"El izquierdista tambi\u00e9n tiene que lidiar con trabajadores enfadados. Este mi\u00e9rcoles 30 de agosto Colombia se alista para una nueva jornada de marchas en todo el pa\u00eds. Esta vez, a cargo de Fecode.","inLanguage":"es-AR","potentialAction":[{"@type":"ReadAction","target":["https:\/\/elcanillita.info\/press\/2023\/08\/29\/gustavo-petro-presidente-de-colombia-quiere-asfixiar-la-economia-colaborativa\/"]}]},{"@type":"ImageObject","inLanguage":"es-AR","@id":"https:\/\/elcanillita.info\/press\/2023\/08\/29\/gustavo-petro-presidente-de-colombia-quiere-asfixiar-la-economia-colaborativa\/#primaryimage","url":"https:\/\/elcanillita.info\/press\/images\/2023\/08\/rapp_20230829.jpg","contentUrl":"https:\/\/elcanillita.info\/press\/images\/2023\/08\/rapp_20230829.jpg","width":600,"height":400},{"@type":"WebSite","@id":"https:\/\/elcanillita.info\/press\/#website","url":"https:\/\/elcanillita.info\/press\/","name":"ElCanillita.Info","description":"desde los Apeninos a los Andes","publisher":{"@id":"https:\/\/elcanillita.info\/press\/#organization"},"potentialAction":[{"@type":"SearchAction","target":{"@type":"EntryPoint","urlTemplate":"https:\/\/elcanillita.info\/press\/?s={search_term_string}"},"query-input":{"@type":"PropertyValueSpecification","valueRequired":true,"valueName":"search_term_string"}}],"inLanguage":"es-AR"},{"@type":"Organization","@id":"https:\/\/elcanillita.info\/press\/#organization","name":"Guzzo Photos & Graphic Publications","url":"https:\/\/elcanillita.info\/press\/","logo":{"@type":"ImageObject","inLanguage":"es-AR","@id":"https:\/\/elcanillita.info\/press\/#\/schema\/logo\/image\/","url":"https:\/\/elcanillita.info\/press\/images\/2020\/01\/cropped-cropped-cropped-elcanillitainfo.png","contentUrl":"https:\/\/elcanillita.info\/press\/images\/2020\/01\/cropped-cropped-cropped-elcanillitainfo.png","width":460,"height":50,"caption":"Guzzo Photos & Graphic Publications"},"image":{"@id":"https:\/\/elcanillita.info\/press\/#\/schema\/logo\/image\/"},"sameAs":["https:\/\/ar-ar.facebook.com\/ElCanillitainfo-114249515285712\/"]},{"@type":"Person","@id":"https:\/\/elcanillita.info\/press\/#\/schema\/person\/7fcb79f38045700919f7da6d97e71ba0","name":"SalaStampa.eu, world press service","image":{"@type":"ImageObject","inLanguage":"es-AR","@id":"https:\/\/secure.gravatar.com\/avatar\/c2f0e0d515a107624234994507816ca4724c7199cef73fc8bedebf6931d73888?s=96&d=mm&r=g","url":"https:\/\/secure.gravatar.com\/avatar\/c2f0e0d515a107624234994507816ca4724c7199cef73fc8bedebf6931d73888?s=96&d=mm&r=g","contentUrl":"https:\/\/secure.gravatar.com\/avatar\/c2f0e0d515a107624234994507816ca4724c7199cef73fc8bedebf6931d73888?s=96&d=mm&r=g","caption":"SalaStampa.eu, world press service"}}]}},"views":365,"_links":{"self":[{"href":"https:\/\/elcanillita.info\/press\/wp-json\/wp\/v2\/posts\/3689","targetHints":{"allow":["GET"]}}],"collection":[{"href":"https:\/\/elcanillita.info\/press\/wp-json\/wp\/v2\/posts"}],"about":[{"href":"https:\/\/elcanillita.info\/press\/wp-json\/wp\/v2\/types\/post"}],"author":[{"embeddable":true,"href":"https:\/\/elcanillita.info\/press\/wp-json\/wp\/v2\/users\/1"}],"replies":[{"embeddable":true,"href":"https:\/\/elcanillita.info\/press\/wp-json\/wp\/v2\/comments?post=3689"}],"version-history":[{"count":0,"href":"https:\/\/elcanillita.info\/press\/wp-json\/wp\/v2\/posts\/3689\/revisions"}],"wp:featuredmedia":[{"embeddable":true,"href":"https:\/\/elcanillita.info\/press\/wp-json\/wp\/v2\/media\/3691"}],"wp:attachment":[{"href":"https:\/\/elcanillita.info\/press\/wp-json\/wp\/v2\/media?parent=3689"}],"wp:term":[{"taxonomy":"category","embeddable":true,"href":"https:\/\/elcanillita.info\/press\/wp-json\/wp\/v2\/categories?post=3689"},{"taxonomy":"post_tag","embeddable":true,"href":"https:\/\/elcanillita.info\/press\/wp-json\/wp\/v2\/tags?post=3689"}],"curies":[{"name":"wp","href":"https:\/\/api.w.org\/{rel}","templated":true}]}}