{"id":3684,"date":"2023-08-29T19:21:02","date_gmt":"2023-08-29T22:21:02","guid":{"rendered":"https:\/\/elcanillita.info\/press\/?p=3684"},"modified":"2023-08-29T19:21:03","modified_gmt":"2023-08-29T22:21:03","slug":"en-que-estan-pensando-los-mandatarios-de-argentina-y-brasil","status":"publish","type":"post","link":"https:\/\/elcanillita.info\/press\/2023\/08\/29\/en-que-estan-pensando-los-mandatarios-de-argentina-y-brasil\/","title":{"rendered":"\u00bfEn qu\u00e9 est\u00e1n pensando los mandatarios de Argentina y Brasil?"},"content":{"rendered":"\n<figure class=\"wp-block-image size-full\"><img loading=\"lazy\" decoding=\"async\" width=\"600\" height=\"325\" src=\"https:\/\/elcanillita.info\/press\/images\/2023\/08\/lulfer_20230829.jpg\" alt=\"Argentina est\u00e1 acarreando el peso de pr\u00e9stamos internacionales a riesgo de su ruptura\" class=\"wp-image-3685\" srcset=\"https:\/\/elcanillita.info\/press\/images\/2023\/08\/lulfer_20230829.jpg 600w, https:\/\/elcanillita.info\/press\/images\/2023\/08\/lulfer_20230829-300x163.jpg 300w\" sizes=\"auto, (max-width: 600px) 100vw, 600px\" \/><\/figure>\n\n\n\n<p><strong>ElCanillita.info, 29\/08\/2023<\/strong><br>La econom\u00eda argentina pende de un hilo. En lo que va de a\u00f1o, el valor del peso en el mercado negro ha ca\u00eddo m\u00e1s de la mitad frente al d\u00f3lar y la inflaci\u00f3n anual ha alcanzado el 113%. Las \u00fanicas reservas de divisas que le quedan se las presta China. Los responsables pol\u00edticos recurren a la impresi\u00f3n de pesos para cubrir las facturas del gobierno y evitar hacer ver la hiperinflaci\u00f3n. En v\u00edsperas de las elecciones presidenciales de Octubre, los candidatos saben que el resultado depende de las soluciones que propongan. Javier Milei, el economista libertario que una vez destroz\u00f3 una maqueta del banco central en directo por televisi\u00f3n, y que se impuso inesperadamente en las recientes primarias electorales, eliminar\u00eda el peso y convertir\u00eda el d\u00f3lar estadounidense en la moneda de curso legal en Argentina.<\/p>\n\n\n\n<p>Sin embargo, la econom\u00eda puede implosionar antes de que ning\u00fan candidato consiga arreglarla. El 23 de Agosto, el gobierno convenci\u00f3 al FMI para que desbloqueara un tramo de 7.500 millones de d\u00f3lares de su programa de rescate, su \u00fanica esperanza para hacer frente a los pagos de la deuda en d\u00f3lares y evitar el impago. La reticencia del FMI no se debe a que Argentina est\u00e9 en quiebra -el objetivo del Fondo es prestar a estos pa\u00edses-, sino al hecho de que la mayor parte del dinero que Argentina debe devolver este a\u00f1o est\u00e1 prometido al propio Fondo. Argentina es uno de los pocos pa\u00edses cuyo mayor acreedor es el FMI, al que debe 40.000 millones de d\u00f3lares, aproximadamente un tercio de su deuda externa. Con su apoyo, el FMI ha retrasado el desastre. Tambi\u00e9n ha prolongado una situaci\u00f3n cada vez m\u00e1s absurda.<\/p>\n\n\n\n<p>De frente a \u00e9sta situaci\u00f3n, nace espont\u00e1neo preguntar \u00bfen qu\u00e9 est\u00e1n pensando los mandatarios de Argentina y Brasil?<\/p>\n\n\n\n<p>Luiz In\u00e1cio Lula da Silva, presidente de Brasil, y Alberto Fern\u00e1ndez, su hom\u00f3logo argentino, anunciaron en el mes de Enero que iniciar\u00edan los preparativos para una moneda com\u00fan, que podr\u00eda desembocar en una uni\u00f3n monetaria completa, lo que unir\u00eda a la mayor econom\u00eda de Sudam\u00e9rica con una de las m\u00e1s enfermas.<\/p>\n\n\n\n<p>La idea tiene su historia, no es nueva. Primero fue el &#8220;gaucho&#8221;, una moneda destinada a sustituir al cruzado brasile\u00f1o y al austral argentino, hasta que se abandon\u00f3 el concepto en medio de las turbulencias econ\u00f3micas de 1988.<br>Le sigui\u00f3 la propuesta de los miembros del Mercosur de adoptar una moneda com\u00fan, y el sucre, un experimento liderado por Venezuela, que aspiraba a reducir la dependencia del d\u00f3lar en el continente. Argentina es propensa a vender reservas de divisas para apuntalar el peso, por lo que siempre le faltan d\u00f3lares para pagar pr\u00e9stamos e importaciones. Una moneda com\u00fan crear\u00eda reservas alternativas y facilitar\u00eda el comercio entre pa\u00edses vecinos. Brasil es el mayor socio comercial de Argentina. Al apoyar la idea, Lula, como se conoce al Sr. Silva, obtiene un impulso en su reputaci\u00f3n al ser visto como un revulsivo para la cooperaci\u00f3n regional.<br><br><small>Copyright \u00a9 2023 ElCanillita.info \/ SalaStampa.Eu, servicio mundial de prensa<\/small><\/p>\n","protected":false},"excerpt":{"rendered":"<p>Argentina est\u00e1 acarreando el peso de pr\u00e9stamos internacionales a riesgo de romperse.<\/p>\n","protected":false},"author":1,"featured_media":3685,"comment_status":"closed","ping_status":"closed","sticky":false,"template":"","format":"standard","meta":{"footnotes":"","_links_to":"","_links_to_target":""},"categories":[108,121,70,11,20,23],"tags":[29],"class_list":["post-3684","post","type-post","status-publish","format-standard","has-post-thumbnail","hentry","category-blogdiario","category-dc24","category-actualidad","category-america-del-sur","category-economia","category-politica","tag-argentina","entry","double"],"yoast_head":"<!-- This site is optimized with the Yoast SEO plugin v27.4 - https:\/\/yoast.com\/product\/yoast-seo-wordpress\/ -->\n<title>\u00bfEn qu\u00e9 est\u00e1n pensando los mandatarios de Argentina y Brasil? - ElCanillita.Info<\/title>\n<meta name=\"description\" content=\"Argentina est\u00e1 acarreando el peso de pr\u00e9stamos internacionales a riesgo de romperse.\" \/>\n<meta name=\"robots\" content=\"index, follow, max-snippet:-1, max-image-preview:large, max-video-preview:-1\" \/>\n<link rel=\"canonical\" href=\"https:\/\/elcanillita.info\/press\/2023\/08\/29\/en-que-estan-pensando-los-mandatarios-de-argentina-y-brasil\/\" \/>\n<meta property=\"og:locale\" content=\"es_ES\" \/>\n<meta property=\"og:type\" content=\"article\" \/>\n<meta property=\"og:title\" content=\"\u00bfEn qu\u00e9 est\u00e1n pensando los mandatarios de Argentina y Brasil? - ElCanillita.Info\" \/>\n<meta property=\"og:description\" content=\"Argentina est\u00e1 acarreando el peso de pr\u00e9stamos internacionales a riesgo de romperse.\" \/>\n<meta property=\"og:url\" content=\"https:\/\/elcanillita.info\/press\/2023\/08\/29\/en-que-estan-pensando-los-mandatarios-de-argentina-y-brasil\/\" \/>\n<meta property=\"og:site_name\" content=\"ElCanillita.Info\" \/>\n<meta property=\"article:publisher\" content=\"https:\/\/ar-ar.facebook.com\/ElCanillitainfo-114249515285712\/\" \/>\n<meta property=\"article:published_time\" content=\"2023-08-29T22:21:02+00:00\" \/>\n<meta property=\"article:modified_time\" content=\"2023-08-29T22:21:03+00:00\" \/>\n<meta property=\"og:image\" content=\"https:\/\/elcanillita.info\/press\/images\/2023\/08\/lulfer_20230829.jpg\" \/>\n\t<meta property=\"og:image:width\" content=\"600\" \/>\n\t<meta property=\"og:image:height\" content=\"325\" \/>\n\t<meta property=\"og:image:type\" content=\"image\/jpeg\" \/>\n<meta name=\"author\" content=\"SalaStampa.eu, world press service\" \/>\n<meta name=\"twitter:card\" content=\"summary_large_image\" \/>\n<meta name=\"twitter:label1\" content=\"Escrito por\" \/>\n\t<meta name=\"twitter:data1\" content=\"SalaStampa.eu, world press service\" \/>\n\t<meta name=\"twitter:label2\" content=\"Tiempo de lectura\" \/>\n\t<meta name=\"twitter:data2\" content=\"3 minutos\" \/>\n<script type=\"application\/ld+json\" class=\"yoast-schema-graph\">{\"@context\":\"https:\\\/\\\/schema.org\",\"@graph\":[{\"@type\":\"Article\",\"@id\":\"https:\\\/\\\/elcanillita.info\\\/press\\\/2023\\\/08\\\/29\\\/en-que-estan-pensando-los-mandatarios-de-argentina-y-brasil\\\/#article\",\"isPartOf\":{\"@id\":\"https:\\\/\\\/elcanillita.info\\\/press\\\/2023\\\/08\\\/29\\\/en-que-estan-pensando-los-mandatarios-de-argentina-y-brasil\\\/\"},\"author\":{\"name\":\"SalaStampa.eu, world press service\",\"@id\":\"https:\\\/\\\/elcanillita.info\\\/press\\\/#\\\/schema\\\/person\\\/7fcb79f38045700919f7da6d97e71ba0\"},\"headline\":\"\u00bfEn qu\u00e9 est\u00e1n pensando los mandatarios de Argentina y Brasil?\",\"datePublished\":\"2023-08-29T22:21:02+00:00\",\"dateModified\":\"2023-08-29T22:21:03+00:00\",\"mainEntityOfPage\":{\"@id\":\"https:\\\/\\\/elcanillita.info\\\/press\\\/2023\\\/08\\\/29\\\/en-que-estan-pensando-los-mandatarios-de-argentina-y-brasil\\\/\"},\"wordCount\":558,\"publisher\":{\"@id\":\"https:\\\/\\\/elcanillita.info\\\/press\\\/#organization\"},\"image\":{\"@id\":\"https:\\\/\\\/elcanillita.info\\\/press\\\/2023\\\/08\\\/29\\\/en-que-estan-pensando-los-mandatarios-de-argentina-y-brasil\\\/#primaryimage\"},\"thumbnailUrl\":\"https:\\\/\\\/elcanillita.info\\\/press\\\/images\\\/2023\\\/08\\\/lulfer_20230829.jpg\",\"keywords\":[\"Argentina\"],\"articleSection\":[\".\",\".\",\"Actualidad\",\"Am\u00e9rica del Sur\",\"Economia\",\"Politica\"],\"inLanguage\":\"es-AR\"},{\"@type\":\"WebPage\",\"@id\":\"https:\\\/\\\/elcanillita.info\\\/press\\\/2023\\\/08\\\/29\\\/en-que-estan-pensando-los-mandatarios-de-argentina-y-brasil\\\/\",\"url\":\"https:\\\/\\\/elcanillita.info\\\/press\\\/2023\\\/08\\\/29\\\/en-que-estan-pensando-los-mandatarios-de-argentina-y-brasil\\\/\",\"name\":\"\u00bfEn qu\u00e9 est\u00e1n pensando los mandatarios de Argentina y Brasil? - ElCanillita.Info\",\"isPartOf\":{\"@id\":\"https:\\\/\\\/elcanillita.info\\\/press\\\/#website\"},\"primaryImageOfPage\":{\"@id\":\"https:\\\/\\\/elcanillita.info\\\/press\\\/2023\\\/08\\\/29\\\/en-que-estan-pensando-los-mandatarios-de-argentina-y-brasil\\\/#primaryimage\"},\"image\":{\"@id\":\"https:\\\/\\\/elcanillita.info\\\/press\\\/2023\\\/08\\\/29\\\/en-que-estan-pensando-los-mandatarios-de-argentina-y-brasil\\\/#primaryimage\"},\"thumbnailUrl\":\"https:\\\/\\\/elcanillita.info\\\/press\\\/images\\\/2023\\\/08\\\/lulfer_20230829.jpg\",\"datePublished\":\"2023-08-29T22:21:02+00:00\",\"dateModified\":\"2023-08-29T22:21:03+00:00\",\"description\":\"Argentina est\u00e1 acarreando el peso de pr\u00e9stamos internacionales a riesgo de romperse.\",\"inLanguage\":\"es-AR\",\"potentialAction\":[{\"@type\":\"ReadAction\",\"target\":[\"https:\\\/\\\/elcanillita.info\\\/press\\\/2023\\\/08\\\/29\\\/en-que-estan-pensando-los-mandatarios-de-argentina-y-brasil\\\/\"]}]},{\"@type\":\"ImageObject\",\"inLanguage\":\"es-AR\",\"@id\":\"https:\\\/\\\/elcanillita.info\\\/press\\\/2023\\\/08\\\/29\\\/en-que-estan-pensando-los-mandatarios-de-argentina-y-brasil\\\/#primaryimage\",\"url\":\"https:\\\/\\\/elcanillita.info\\\/press\\\/images\\\/2023\\\/08\\\/lulfer_20230829.jpg\",\"contentUrl\":\"https:\\\/\\\/elcanillita.info\\\/press\\\/images\\\/2023\\\/08\\\/lulfer_20230829.jpg\",\"width\":600,\"height\":325},{\"@type\":\"WebSite\",\"@id\":\"https:\\\/\\\/elcanillita.info\\\/press\\\/#website\",\"url\":\"https:\\\/\\\/elcanillita.info\\\/press\\\/\",\"name\":\"ElCanillita.Info\",\"description\":\"desde los Apeninos a los Andes\",\"publisher\":{\"@id\":\"https:\\\/\\\/elcanillita.info\\\/press\\\/#organization\"},\"potentialAction\":[{\"@type\":\"SearchAction\",\"target\":{\"@type\":\"EntryPoint\",\"urlTemplate\":\"https:\\\/\\\/elcanillita.info\\\/press\\\/?s={search_term_string}\"},\"query-input\":{\"@type\":\"PropertyValueSpecification\",\"valueRequired\":true,\"valueName\":\"search_term_string\"}}],\"inLanguage\":\"es-AR\"},{\"@type\":\"Organization\",\"@id\":\"https:\\\/\\\/elcanillita.info\\\/press\\\/#organization\",\"name\":\"Guzzo Photos & Graphic Publications\",\"url\":\"https:\\\/\\\/elcanillita.info\\\/press\\\/\",\"logo\":{\"@type\":\"ImageObject\",\"inLanguage\":\"es-AR\",\"@id\":\"https:\\\/\\\/elcanillita.info\\\/press\\\/#\\\/schema\\\/logo\\\/image\\\/\",\"url\":\"https:\\\/\\\/elcanillita.info\\\/press\\\/images\\\/2020\\\/01\\\/cropped-cropped-cropped-elcanillitainfo.png\",\"contentUrl\":\"https:\\\/\\\/elcanillita.info\\\/press\\\/images\\\/2020\\\/01\\\/cropped-cropped-cropped-elcanillitainfo.png\",\"width\":460,\"height\":50,\"caption\":\"Guzzo Photos & Graphic Publications\"},\"image\":{\"@id\":\"https:\\\/\\\/elcanillita.info\\\/press\\\/#\\\/schema\\\/logo\\\/image\\\/\"},\"sameAs\":[\"https:\\\/\\\/ar-ar.facebook.com\\\/ElCanillitainfo-114249515285712\\\/\"]},{\"@type\":\"Person\",\"@id\":\"https:\\\/\\\/elcanillita.info\\\/press\\\/#\\\/schema\\\/person\\\/7fcb79f38045700919f7da6d97e71ba0\",\"name\":\"SalaStampa.eu, world press service\",\"image\":{\"@type\":\"ImageObject\",\"inLanguage\":\"es-AR\",\"@id\":\"https:\\\/\\\/secure.gravatar.com\\\/avatar\\\/c2f0e0d515a107624234994507816ca4724c7199cef73fc8bedebf6931d73888?s=96&d=mm&r=g\",\"url\":\"https:\\\/\\\/secure.gravatar.com\\\/avatar\\\/c2f0e0d515a107624234994507816ca4724c7199cef73fc8bedebf6931d73888?s=96&d=mm&r=g\",\"contentUrl\":\"https:\\\/\\\/secure.gravatar.com\\\/avatar\\\/c2f0e0d515a107624234994507816ca4724c7199cef73fc8bedebf6931d73888?s=96&d=mm&r=g\",\"caption\":\"SalaStampa.eu, world press service\"}}]}<\/script>\n<!-- \/ Yoast SEO plugin. -->","yoast_head_json":{"title":"\u00bfEn qu\u00e9 est\u00e1n pensando los mandatarios de Argentina y Brasil? - ElCanillita.Info","description":"Argentina est\u00e1 acarreando el peso de pr\u00e9stamos internacionales a riesgo de romperse.","robots":{"index":"index","follow":"follow","max-snippet":"max-snippet:-1","max-image-preview":"max-image-preview:large","max-video-preview":"max-video-preview:-1"},"canonical":"https:\/\/elcanillita.info\/press\/2023\/08\/29\/en-que-estan-pensando-los-mandatarios-de-argentina-y-brasil\/","og_locale":"es_ES","og_type":"article","og_title":"\u00bfEn qu\u00e9 est\u00e1n pensando los mandatarios de Argentina y Brasil? - ElCanillita.Info","og_description":"Argentina est\u00e1 acarreando el peso de pr\u00e9stamos internacionales a riesgo de romperse.","og_url":"https:\/\/elcanillita.info\/press\/2023\/08\/29\/en-que-estan-pensando-los-mandatarios-de-argentina-y-brasil\/","og_site_name":"ElCanillita.Info","article_publisher":"https:\/\/ar-ar.facebook.com\/ElCanillitainfo-114249515285712\/","article_published_time":"2023-08-29T22:21:02+00:00","article_modified_time":"2023-08-29T22:21:03+00:00","og_image":[{"width":600,"height":325,"url":"https:\/\/elcanillita.info\/press\/images\/2023\/08\/lulfer_20230829.jpg","type":"image\/jpeg"}],"author":"SalaStampa.eu, world press service","twitter_card":"summary_large_image","twitter_misc":{"Escrito por":"SalaStampa.eu, world press service","Tiempo de lectura":"3 minutos"},"schema":{"@context":"https:\/\/schema.org","@graph":[{"@type":"Article","@id":"https:\/\/elcanillita.info\/press\/2023\/08\/29\/en-que-estan-pensando-los-mandatarios-de-argentina-y-brasil\/#article","isPartOf":{"@id":"https:\/\/elcanillita.info\/press\/2023\/08\/29\/en-que-estan-pensando-los-mandatarios-de-argentina-y-brasil\/"},"author":{"name":"SalaStampa.eu, world press service","@id":"https:\/\/elcanillita.info\/press\/#\/schema\/person\/7fcb79f38045700919f7da6d97e71ba0"},"headline":"\u00bfEn qu\u00e9 est\u00e1n pensando los mandatarios de Argentina y Brasil?","datePublished":"2023-08-29T22:21:02+00:00","dateModified":"2023-08-29T22:21:03+00:00","mainEntityOfPage":{"@id":"https:\/\/elcanillita.info\/press\/2023\/08\/29\/en-que-estan-pensando-los-mandatarios-de-argentina-y-brasil\/"},"wordCount":558,"publisher":{"@id":"https:\/\/elcanillita.info\/press\/#organization"},"image":{"@id":"https:\/\/elcanillita.info\/press\/2023\/08\/29\/en-que-estan-pensando-los-mandatarios-de-argentina-y-brasil\/#primaryimage"},"thumbnailUrl":"https:\/\/elcanillita.info\/press\/images\/2023\/08\/lulfer_20230829.jpg","keywords":["Argentina"],"articleSection":[".",".","Actualidad","Am\u00e9rica del Sur","Economia","Politica"],"inLanguage":"es-AR"},{"@type":"WebPage","@id":"https:\/\/elcanillita.info\/press\/2023\/08\/29\/en-que-estan-pensando-los-mandatarios-de-argentina-y-brasil\/","url":"https:\/\/elcanillita.info\/press\/2023\/08\/29\/en-que-estan-pensando-los-mandatarios-de-argentina-y-brasil\/","name":"\u00bfEn qu\u00e9 est\u00e1n pensando los mandatarios de Argentina y Brasil? - ElCanillita.Info","isPartOf":{"@id":"https:\/\/elcanillita.info\/press\/#website"},"primaryImageOfPage":{"@id":"https:\/\/elcanillita.info\/press\/2023\/08\/29\/en-que-estan-pensando-los-mandatarios-de-argentina-y-brasil\/#primaryimage"},"image":{"@id":"https:\/\/elcanillita.info\/press\/2023\/08\/29\/en-que-estan-pensando-los-mandatarios-de-argentina-y-brasil\/#primaryimage"},"thumbnailUrl":"https:\/\/elcanillita.info\/press\/images\/2023\/08\/lulfer_20230829.jpg","datePublished":"2023-08-29T22:21:02+00:00","dateModified":"2023-08-29T22:21:03+00:00","description":"Argentina est\u00e1 acarreando el peso de pr\u00e9stamos internacionales a riesgo de romperse.","inLanguage":"es-AR","potentialAction":[{"@type":"ReadAction","target":["https:\/\/elcanillita.info\/press\/2023\/08\/29\/en-que-estan-pensando-los-mandatarios-de-argentina-y-brasil\/"]}]},{"@type":"ImageObject","inLanguage":"es-AR","@id":"https:\/\/elcanillita.info\/press\/2023\/08\/29\/en-que-estan-pensando-los-mandatarios-de-argentina-y-brasil\/#primaryimage","url":"https:\/\/elcanillita.info\/press\/images\/2023\/08\/lulfer_20230829.jpg","contentUrl":"https:\/\/elcanillita.info\/press\/images\/2023\/08\/lulfer_20230829.jpg","width":600,"height":325},{"@type":"WebSite","@id":"https:\/\/elcanillita.info\/press\/#website","url":"https:\/\/elcanillita.info\/press\/","name":"ElCanillita.Info","description":"desde los Apeninos a los Andes","publisher":{"@id":"https:\/\/elcanillita.info\/press\/#organization"},"potentialAction":[{"@type":"SearchAction","target":{"@type":"EntryPoint","urlTemplate":"https:\/\/elcanillita.info\/press\/?s={search_term_string}"},"query-input":{"@type":"PropertyValueSpecification","valueRequired":true,"valueName":"search_term_string"}}],"inLanguage":"es-AR"},{"@type":"Organization","@id":"https:\/\/elcanillita.info\/press\/#organization","name":"Guzzo Photos & Graphic Publications","url":"https:\/\/elcanillita.info\/press\/","logo":{"@type":"ImageObject","inLanguage":"es-AR","@id":"https:\/\/elcanillita.info\/press\/#\/schema\/logo\/image\/","url":"https:\/\/elcanillita.info\/press\/images\/2020\/01\/cropped-cropped-cropped-elcanillitainfo.png","contentUrl":"https:\/\/elcanillita.info\/press\/images\/2020\/01\/cropped-cropped-cropped-elcanillitainfo.png","width":460,"height":50,"caption":"Guzzo Photos & Graphic Publications"},"image":{"@id":"https:\/\/elcanillita.info\/press\/#\/schema\/logo\/image\/"},"sameAs":["https:\/\/ar-ar.facebook.com\/ElCanillitainfo-114249515285712\/"]},{"@type":"Person","@id":"https:\/\/elcanillita.info\/press\/#\/schema\/person\/7fcb79f38045700919f7da6d97e71ba0","name":"SalaStampa.eu, world press service","image":{"@type":"ImageObject","inLanguage":"es-AR","@id":"https:\/\/secure.gravatar.com\/avatar\/c2f0e0d515a107624234994507816ca4724c7199cef73fc8bedebf6931d73888?s=96&d=mm&r=g","url":"https:\/\/secure.gravatar.com\/avatar\/c2f0e0d515a107624234994507816ca4724c7199cef73fc8bedebf6931d73888?s=96&d=mm&r=g","contentUrl":"https:\/\/secure.gravatar.com\/avatar\/c2f0e0d515a107624234994507816ca4724c7199cef73fc8bedebf6931d73888?s=96&d=mm&r=g","caption":"SalaStampa.eu, world press service"}}]}},"views":363,"_links":{"self":[{"href":"https:\/\/elcanillita.info\/press\/wp-json\/wp\/v2\/posts\/3684","targetHints":{"allow":["GET"]}}],"collection":[{"href":"https:\/\/elcanillita.info\/press\/wp-json\/wp\/v2\/posts"}],"about":[{"href":"https:\/\/elcanillita.info\/press\/wp-json\/wp\/v2\/types\/post"}],"author":[{"embeddable":true,"href":"https:\/\/elcanillita.info\/press\/wp-json\/wp\/v2\/users\/1"}],"replies":[{"embeddable":true,"href":"https:\/\/elcanillita.info\/press\/wp-json\/wp\/v2\/comments?post=3684"}],"version-history":[{"count":0,"href":"https:\/\/elcanillita.info\/press\/wp-json\/wp\/v2\/posts\/3684\/revisions"}],"wp:featuredmedia":[{"embeddable":true,"href":"https:\/\/elcanillita.info\/press\/wp-json\/wp\/v2\/media\/3685"}],"wp:attachment":[{"href":"https:\/\/elcanillita.info\/press\/wp-json\/wp\/v2\/media?parent=3684"}],"wp:term":[{"taxonomy":"category","embeddable":true,"href":"https:\/\/elcanillita.info\/press\/wp-json\/wp\/v2\/categories?post=3684"},{"taxonomy":"post_tag","embeddable":true,"href":"https:\/\/elcanillita.info\/press\/wp-json\/wp\/v2\/tags?post=3684"}],"curies":[{"name":"wp","href":"https:\/\/api.w.org\/{rel}","templated":true}]}}