{"id":3680,"date":"2023-08-28T07:40:58","date_gmt":"2023-08-28T10:40:58","guid":{"rendered":"https:\/\/elcanillita.info\/press\/?p=3680"},"modified":"2023-08-29T06:37:38","modified_gmt":"2023-08-29T09:37:38","slug":"lo-bueno-y-lo-malo-segun-lula","status":"publish","type":"post","link":"https:\/\/elcanillita.info\/press\/2023\/08\/28\/lo-bueno-y-lo-malo-segun-lula\/","title":{"rendered":"Lo bueno y lo malo, seg\u00fan Lula"},"content":{"rendered":"\n<figure class=\"wp-block-image size-full is-resized\"><img loading=\"lazy\" decoding=\"async\" src=\"https:\/\/elcanillita.info\/press\/images\/2023\/08\/gripem_20230828.jpg\" alt=\"\" class=\"wp-image-3681\" width=\"733\" height=\"488\" srcset=\"https:\/\/elcanillita.info\/press\/images\/2023\/08\/gripem_20230828.jpg 982w, https:\/\/elcanillita.info\/press\/images\/2023\/08\/gripem_20230828-300x200.jpg 300w, https:\/\/elcanillita.info\/press\/images\/2023\/08\/gripem_20230828-768x511.jpg 768w\" sizes=\"auto, (max-width: 733px) 100vw, 733px\" \/><figcaption class=\"wp-element-caption\"><a href=\"#gripem\">Saab 39 Gripen de la Fuerza A\u00e9rea Sueca en una exhibici\u00f3n de 2007<\/a><\/figcaption><\/figure>\n\n\n\n<p><strong>ElCanillita.info, 28\/08\/2023<\/strong><br>El Presidente de Brasil, Lula da Silva, critica la actual configuraci\u00f3n del Consejo de Seguridad de la ONU, al considerar que el \u00f3rgano &#8220;promueve la guerra en lugar de la paz&#8221;, y aboga por reformas. Cabe recordar que la industria militar brasile\u00f1a, ciertamente para promover la paz, representa el 5% del Producto Interior Bruto de Brasil\u2026<\/p>\n\n\n\n<p>Seg\u00fan el sitio web &#8220;Defensa A\u00e9rea y Naval&#8221; de Brasil, el conflicto ruso-ucraniano tiene consecuencias que pueden verse en todo el mundo. <br>Estados Unidos y sus aliados presionan a otros actores internacionales para que apoyen a Ucrania. Para Brasil, adem\u00e1s de otras \u00e1reas, el conflicto est\u00e1 afectando a la Base Industrial de Defensa (BID) que, seg\u00fan el ministro de Defensa, Jos\u00e9 M\u00facio, representa el 5% del PIB brasile\u00f1o.<\/p>\n\n\n\n<p>En marzo de 2023, tras la negativa del presidente Lula a enviar municiones a Ucrania, Alemania vet\u00f3 la venta de veh\u00edculos blindados guaran\u00edes a Filipinas. \u00bfCu\u00e1les son entonces las posibles evoluciones del BID brasile\u00f1o en este escenario internacional?<\/p>\n\n\n\n<p>Brasil se destaca en el mercado internacional de defensa, con productos de calidad comprobada en el campo de batalla, como el Sistema de Artiller\u00eda de Cohetes de Saturaci\u00f3n de \u00c1rea (ASTROS) y el avi\u00f3n turboh\u00e9lice Embraer EMB-314 Super Tucano, que, por ejemplo, opera en Burkina Faso. El veh\u00edculo blindado Guaran\u00ed, que ya se ha exportado a Argentina y L\u00edbano, ha sido encargado por Ghana y Filipinas con contratos millonarios. Sin embargo, hay componentes del veh\u00edculo que necesitan el permiso de otros pa\u00edses para ser vendidos, como Alemania.<\/p>\n\n\n\n<p>Con este poder de veto, el pa\u00eds europeo impidi\u00f3 la venta a los filipinos en represalia por la negativa de Brasil a exportar munici\u00f3n a las Fuerzas Armadas ucranianas. Como resultado, Brasil afirma que producir\u00e1 componentes equivalentes a los alemanes en su propio territorio, desarrollando su capacidad de producci\u00f3n de veh\u00edculos blindados.<\/p>\n\n\n\n<p>Adem\u00e1s, esta decisi\u00f3n podr\u00eda proporcionar una mayor seguridad en las ventas internacionales, ya que no depender\u00eda del aval de actores no directamente vinculados a la negociaci\u00f3n. El gobierno brasile\u00f1o entiende la importancia del BID, especialmente en t\u00e9rminos de creaci\u00f3n de empleo y desarrollo nacional y tecnol\u00f3gico.<\/p>\n\n\n\n<p>Por lo tanto, se puede ver que la neutralidad de Brasil en el conflicto ucraniano est\u00e1 teniendo un impacto en este sector a corto plazo, ya que las ventas est\u00e1n siendo embargadas. Sin embargo, a medio y largo plazo, la situaci\u00f3n podr\u00eda estimular el desarrollo de tecnolog\u00edas aut\u00f3ctonas y la cualificaci\u00f3n profesional de los nacionales para ocupar puestos de trabajo altamente cualificados en Brasil.<\/p>\n\n\n\n<p>La l\u00ednea de montaje final del caza Saab JAS 39 Gripen es la \u00fanica fuera de Suecia, y tambi\u00e9n se ha convertido en la \u00fanica de Am\u00e9rica Latina capaz de fabricar aviones supers\u00f3nicos de cuarta generaci\u00f3n. Para Saab y Embraer, esto representa una importante asociaci\u00f3n estrat\u00e9gica y permitir\u00e1 a las dos empresas trabajar juntas en nuevas oportunidades de negocio.<\/p>\n\n\n\n<p>La l\u00ednea de producci\u00f3n de Embraer recibir\u00e1 los fuselajes de los cazas producidos en la f\u00e1brica de Saab en Link\u00f6ping, Suecia, y en S\u00e3o Bernardo do Campo, S\u00e3o Paulo. En la l\u00ednea de montaje, el avi\u00f3n de combate se fabricar\u00e1 uniendo estas estructuras, instalando el cableado, equipando diversos sistemas, el tren de aterrizaje, la avi\u00f3nica, el equipo t\u00e1ctico, el panel WAD, la cabina, el asiento eyectable y el motor.<\/p>\n\n\n\n<p>Una vez ensamblado el Gripen, se llevar\u00e1n a cabo pruebas funcionales y vuelos de producci\u00f3n para preparar el avi\u00f3n para su entrega final. La f\u00e1brica de Embraer se encargar\u00e1 de producir 15 para la Fuerza A\u00e9rea Brasile\u00f1a (FAB). Las unidades ensambladas en Brasil se entregar\u00e1n a partir de 2025.<\/p>\n\n\n\n<p><small>Copyright \u00a9 2023 ElCanillita.info \/ SalaStampa.Eu, servicio mundial de prensa<\/small><\/p>\n\n\n\n<figure class=\"wp-block-image size-full is-resized\"><img loading=\"lazy\" decoding=\"async\" src=\"https:\/\/elcanillita.info\/press\/images\/2023\/08\/gripem2_20230828.jpg\" alt=\"\nAvi\u00f3n de combate Gripen JAS-39 de la Fuerza A\u00e9rea Sueca fue enviado en apoyo del Ejercicio Cooperativo Key 2003 de la Asociaci\u00f3n para la Paz a la Base A\u00e9rea Graf Ignatievo, Bulgaria.\n\" class=\"wp-image-3682\" width=\"600\" height=\"391\" srcset=\"https:\/\/elcanillita.info\/press\/images\/2023\/08\/gripem2_20230828.jpg 600w, https:\/\/elcanillita.info\/press\/images\/2023\/08\/gripem2_20230828-300x196.jpg 300w\" sizes=\"auto, (max-width: 600px) 100vw, 600px\" \/><figcaption class=\"wp-element-caption\">Avi\u00f3n de combate Gripen JAS-39 de la Fuerza A\u00e9rea Sueca<\/figcaption><\/figure>\n\n\n\n<div style=\"width:90%; padding-left:50px; font-size:0.8em; text-align: justify;\">\n<a name=\"gripem\"><b>Gripen JAS-39<\/b><\/a><br>\nLos estudios realizados por el alto mando sueco en la segunda etapa de la Guerra Fr\u00eda, consideraba a la URSS como el principal enemigo en caso de declararse la Tercera Guerra Mundial.<br>\n<br>\nPese a la reiterada neutralidad sueca (lleg\u00f3 a retirar a sus 9000 voluntarios de Finlandia en la guerra de este pa\u00eds contra la URSS en 1939-40), la naci\u00f3n ser\u00eda un objetivo para la URSS debido a que se halla en forma de &#8220;Estado tap\u00f3n&#8221; entre dos miembros de la OTAN: Noruega y Gran Breta\u00f1a.<br>\n<br> \nEn caso de conflicto con el Pacto de Varsovia, el dominio a\u00e9reo resultar\u00eda esencial para lograr mantener su independencia, como comprobaron los finlandeses en la contienda antes citada.\n<br><br>\nDe producirse un ataque sovi\u00e9tico, las m\u00e1s de 20 bases a\u00e9reas de Suecia podr\u00edan ser r\u00e1pidamente destruidas, lo que dejar\u00eda a una naci\u00f3n de solamente nueve millones de habitantes sin el esencial apoyo a\u00e9reo frente a otra de unos 250 millones.\n<br><br> \nEl pa\u00eds n\u00f3rdico contaba con una vasta y bien pavimentada red de carreteras, con numerosos tramos \u00fatiles para ser empleados por aviones de combate como improvisados puntos de repostaje y rearme; siempre y cuando, los aparatos pudieran volver al aire con relativa rapidez.\n<br><br>\nEstas dos particularidades suecas fueron tomadas en cuenta para el desarrollo de avioes de combate \u00e9ste tipo.\n<br>\nTras la entrada de los misiles guiados por calor o por radar en la Guerra de Vietnam, nac\u00eda la segunda generaci\u00f3n de cazas de reacci\u00f3n. En dicha nueva generaci\u00f3n las armas que pudieran portar las aeronaves resultaban tan o m\u00e1s importantes que los propios aparatos, por ser las que aumentan la fiabilidad y posibilidades de sobrevivir en combate.<br><br>\nSuecia se adelant\u00f3 a otros fabricantes europeos con el nuevo SAAB 37 Viggen. El Viggen era una m\u00e1quina de combate supers\u00f3nica, muy maniobrable, capaz de aterrizar en solo 500 metros en pistas no preparadas, carreteras y aeropuertos comerciales solo dotados de algunos instrumentos para guiarlo. \n<br><br>\n<\/div>\n\n\n\n<p><small>Copyright \u00a9 2023 ElCanillita.info \/ SalaStampa.Eu \u2013 Editado por Guzzo Photos &amp; Graphic Publications<\/small><\/p>\n","protected":false},"excerpt":{"rendered":"<p>\nAvi\u00f3n de combate Gripen JAS-39 de la Fuerza A\u00e9rea Sueca enviado en apoyo del Ejercicio Cooperativo Key 2003 de la Asociaci\u00f3n para la Paz a la Base A\u00e9rea Graf Ignatievo, Bulgaria.<\/p>\n","protected":false},"author":1,"featured_media":3682,"comment_status":"closed","ping_status":"closed","sticky":false,"template":"","format":"standard","meta":{"footnotes":"","_links_to":"","_links_to_target":""},"categories":[108,121,11],"tags":[],"class_list":["post-3680","post","type-post","status-publish","format-standard","has-post-thumbnail","hentry","category-blogdiario","category-dc24","category-america-del-sur","entry","double"],"yoast_head":"<!-- This site is optimized with the Yoast SEO plugin v27.4 - https:\/\/yoast.com\/product\/yoast-seo-wordpress\/ -->\n<title>Lo bueno y lo malo, seg\u00fan Lula - ElCanillita.Info<\/title>\n<meta name=\"description\" content=\"Avi\u00f3n de combate Gripen JAS-39 de la Fuerza A\u00e9rea Sueca enviado en apoyo del Ejercicio Cooperativo Key 2003 de la Asociaci\u00f3n para la Paz a la Base A\u00e9rea Graf Ignatievo, Bulgaria.\" \/>\n<meta name=\"robots\" content=\"index, follow, max-snippet:-1, max-image-preview:large, max-video-preview:-1\" \/>\n<link rel=\"canonical\" href=\"https:\/\/elcanillita.info\/press\/2023\/08\/28\/lo-bueno-y-lo-malo-segun-lula\/\" \/>\n<meta property=\"og:locale\" content=\"es_ES\" \/>\n<meta property=\"og:type\" content=\"article\" \/>\n<meta property=\"og:title\" content=\"Lo bueno y lo malo, seg\u00fan Lula - ElCanillita.Info\" \/>\n<meta property=\"og:description\" content=\"Avi\u00f3n de combate Gripen JAS-39 de la Fuerza A\u00e9rea Sueca enviado en apoyo del Ejercicio Cooperativo Key 2003 de la Asociaci\u00f3n para la Paz a la Base A\u00e9rea Graf Ignatievo, Bulgaria.\" \/>\n<meta property=\"og:url\" content=\"https:\/\/elcanillita.info\/press\/2023\/08\/28\/lo-bueno-y-lo-malo-segun-lula\/\" \/>\n<meta property=\"og:site_name\" content=\"ElCanillita.Info\" \/>\n<meta property=\"article:publisher\" content=\"https:\/\/ar-ar.facebook.com\/ElCanillitainfo-114249515285712\/\" \/>\n<meta property=\"article:published_time\" content=\"2023-08-28T10:40:58+00:00\" \/>\n<meta property=\"article:modified_time\" content=\"2023-08-29T09:37:38+00:00\" \/>\n<meta property=\"og:image\" content=\"https:\/\/elcanillita.info\/press\/images\/2023\/08\/gripem2_20230828.jpg\" \/>\n\t<meta property=\"og:image:width\" content=\"600\" \/>\n\t<meta property=\"og:image:height\" content=\"391\" \/>\n\t<meta property=\"og:image:type\" content=\"image\/jpeg\" \/>\n<meta name=\"author\" content=\"SalaStampa.eu, world press service\" \/>\n<meta name=\"twitter:card\" content=\"summary_large_image\" \/>\n<meta name=\"twitter:label1\" content=\"Escrito por\" \/>\n\t<meta name=\"twitter:data1\" content=\"SalaStampa.eu, world press service\" \/>\n\t<meta name=\"twitter:label2\" content=\"Tiempo de lectura\" \/>\n\t<meta name=\"twitter:data2\" content=\"5 minutos\" \/>\n<script type=\"application\/ld+json\" class=\"yoast-schema-graph\">{\"@context\":\"https:\\\/\\\/schema.org\",\"@graph\":[{\"@type\":\"Article\",\"@id\":\"https:\\\/\\\/elcanillita.info\\\/press\\\/2023\\\/08\\\/28\\\/lo-bueno-y-lo-malo-segun-lula\\\/#article\",\"isPartOf\":{\"@id\":\"https:\\\/\\\/elcanillita.info\\\/press\\\/2023\\\/08\\\/28\\\/lo-bueno-y-lo-malo-segun-lula\\\/\"},\"author\":{\"name\":\"SalaStampa.eu, world press service\",\"@id\":\"https:\\\/\\\/elcanillita.info\\\/press\\\/#\\\/schema\\\/person\\\/7fcb79f38045700919f7da6d97e71ba0\"},\"headline\":\"Lo bueno y lo malo, seg\u00fan Lula\",\"datePublished\":\"2023-08-28T10:40:58+00:00\",\"dateModified\":\"2023-08-29T09:37:38+00:00\",\"mainEntityOfPage\":{\"@id\":\"https:\\\/\\\/elcanillita.info\\\/press\\\/2023\\\/08\\\/28\\\/lo-bueno-y-lo-malo-segun-lula\\\/\"},\"wordCount\":1041,\"publisher\":{\"@id\":\"https:\\\/\\\/elcanillita.info\\\/press\\\/#organization\"},\"image\":{\"@id\":\"https:\\\/\\\/elcanillita.info\\\/press\\\/2023\\\/08\\\/28\\\/lo-bueno-y-lo-malo-segun-lula\\\/#primaryimage\"},\"thumbnailUrl\":\"https:\\\/\\\/elcanillita.info\\\/press\\\/images\\\/2023\\\/08\\\/gripem2_20230828.jpg\",\"articleSection\":[\".\",\".\",\"Am\u00e9rica del Sur\"],\"inLanguage\":\"es-AR\"},{\"@type\":\"WebPage\",\"@id\":\"https:\\\/\\\/elcanillita.info\\\/press\\\/2023\\\/08\\\/28\\\/lo-bueno-y-lo-malo-segun-lula\\\/\",\"url\":\"https:\\\/\\\/elcanillita.info\\\/press\\\/2023\\\/08\\\/28\\\/lo-bueno-y-lo-malo-segun-lula\\\/\",\"name\":\"Lo bueno y lo malo, seg\u00fan Lula - ElCanillita.Info\",\"isPartOf\":{\"@id\":\"https:\\\/\\\/elcanillita.info\\\/press\\\/#website\"},\"primaryImageOfPage\":{\"@id\":\"https:\\\/\\\/elcanillita.info\\\/press\\\/2023\\\/08\\\/28\\\/lo-bueno-y-lo-malo-segun-lula\\\/#primaryimage\"},\"image\":{\"@id\":\"https:\\\/\\\/elcanillita.info\\\/press\\\/2023\\\/08\\\/28\\\/lo-bueno-y-lo-malo-segun-lula\\\/#primaryimage\"},\"thumbnailUrl\":\"https:\\\/\\\/elcanillita.info\\\/press\\\/images\\\/2023\\\/08\\\/gripem2_20230828.jpg\",\"datePublished\":\"2023-08-28T10:40:58+00:00\",\"dateModified\":\"2023-08-29T09:37:38+00:00\",\"description\":\"Avi\u00f3n de combate Gripen JAS-39 de la Fuerza A\u00e9rea Sueca enviado en apoyo del Ejercicio Cooperativo Key 2003 de la Asociaci\u00f3n para la Paz a la Base A\u00e9rea Graf Ignatievo, Bulgaria.\",\"inLanguage\":\"es-AR\",\"potentialAction\":[{\"@type\":\"ReadAction\",\"target\":[\"https:\\\/\\\/elcanillita.info\\\/press\\\/2023\\\/08\\\/28\\\/lo-bueno-y-lo-malo-segun-lula\\\/\"]}]},{\"@type\":\"ImageObject\",\"inLanguage\":\"es-AR\",\"@id\":\"https:\\\/\\\/elcanillita.info\\\/press\\\/2023\\\/08\\\/28\\\/lo-bueno-y-lo-malo-segun-lula\\\/#primaryimage\",\"url\":\"https:\\\/\\\/elcanillita.info\\\/press\\\/images\\\/2023\\\/08\\\/gripem2_20230828.jpg\",\"contentUrl\":\"https:\\\/\\\/elcanillita.info\\\/press\\\/images\\\/2023\\\/08\\\/gripem2_20230828.jpg\",\"width\":600,\"height\":391,\"caption\":\"A Swedish Air Force JAS-39 Gripen fighter aircraft arrives in support of the Partnership for Peace Exercise Cooperative Key 2003 at Graf Ignatievo Air Base (AB), Bulgaria (BGR).\"},{\"@type\":\"WebSite\",\"@id\":\"https:\\\/\\\/elcanillita.info\\\/press\\\/#website\",\"url\":\"https:\\\/\\\/elcanillita.info\\\/press\\\/\",\"name\":\"ElCanillita.Info\",\"description\":\"desde los Apeninos a los Andes\",\"publisher\":{\"@id\":\"https:\\\/\\\/elcanillita.info\\\/press\\\/#organization\"},\"potentialAction\":[{\"@type\":\"SearchAction\",\"target\":{\"@type\":\"EntryPoint\",\"urlTemplate\":\"https:\\\/\\\/elcanillita.info\\\/press\\\/?s={search_term_string}\"},\"query-input\":{\"@type\":\"PropertyValueSpecification\",\"valueRequired\":true,\"valueName\":\"search_term_string\"}}],\"inLanguage\":\"es-AR\"},{\"@type\":\"Organization\",\"@id\":\"https:\\\/\\\/elcanillita.info\\\/press\\\/#organization\",\"name\":\"Guzzo Photos & Graphic Publications\",\"url\":\"https:\\\/\\\/elcanillita.info\\\/press\\\/\",\"logo\":{\"@type\":\"ImageObject\",\"inLanguage\":\"es-AR\",\"@id\":\"https:\\\/\\\/elcanillita.info\\\/press\\\/#\\\/schema\\\/logo\\\/image\\\/\",\"url\":\"https:\\\/\\\/elcanillita.info\\\/press\\\/images\\\/2020\\\/01\\\/cropped-cropped-cropped-elcanillitainfo.png\",\"contentUrl\":\"https:\\\/\\\/elcanillita.info\\\/press\\\/images\\\/2020\\\/01\\\/cropped-cropped-cropped-elcanillitainfo.png\",\"width\":460,\"height\":50,\"caption\":\"Guzzo Photos & Graphic Publications\"},\"image\":{\"@id\":\"https:\\\/\\\/elcanillita.info\\\/press\\\/#\\\/schema\\\/logo\\\/image\\\/\"},\"sameAs\":[\"https:\\\/\\\/ar-ar.facebook.com\\\/ElCanillitainfo-114249515285712\\\/\"]},{\"@type\":\"Person\",\"@id\":\"https:\\\/\\\/elcanillita.info\\\/press\\\/#\\\/schema\\\/person\\\/7fcb79f38045700919f7da6d97e71ba0\",\"name\":\"SalaStampa.eu, world press service\",\"image\":{\"@type\":\"ImageObject\",\"inLanguage\":\"es-AR\",\"@id\":\"https:\\\/\\\/secure.gravatar.com\\\/avatar\\\/c2f0e0d515a107624234994507816ca4724c7199cef73fc8bedebf6931d73888?s=96&d=mm&r=g\",\"url\":\"https:\\\/\\\/secure.gravatar.com\\\/avatar\\\/c2f0e0d515a107624234994507816ca4724c7199cef73fc8bedebf6931d73888?s=96&d=mm&r=g\",\"contentUrl\":\"https:\\\/\\\/secure.gravatar.com\\\/avatar\\\/c2f0e0d515a107624234994507816ca4724c7199cef73fc8bedebf6931d73888?s=96&d=mm&r=g\",\"caption\":\"SalaStampa.eu, world press service\"}}]}<\/script>\n<!-- \/ Yoast SEO plugin. -->","yoast_head_json":{"title":"Lo bueno y lo malo, seg\u00fan Lula - ElCanillita.Info","description":"Avi\u00f3n de combate Gripen JAS-39 de la Fuerza A\u00e9rea Sueca enviado en apoyo del Ejercicio Cooperativo Key 2003 de la Asociaci\u00f3n para la Paz a la Base A\u00e9rea Graf Ignatievo, Bulgaria.","robots":{"index":"index","follow":"follow","max-snippet":"max-snippet:-1","max-image-preview":"max-image-preview:large","max-video-preview":"max-video-preview:-1"},"canonical":"https:\/\/elcanillita.info\/press\/2023\/08\/28\/lo-bueno-y-lo-malo-segun-lula\/","og_locale":"es_ES","og_type":"article","og_title":"Lo bueno y lo malo, seg\u00fan Lula - ElCanillita.Info","og_description":"Avi\u00f3n de combate Gripen JAS-39 de la Fuerza A\u00e9rea Sueca enviado en apoyo del Ejercicio Cooperativo Key 2003 de la Asociaci\u00f3n para la Paz a la Base A\u00e9rea Graf Ignatievo, Bulgaria.","og_url":"https:\/\/elcanillita.info\/press\/2023\/08\/28\/lo-bueno-y-lo-malo-segun-lula\/","og_site_name":"ElCanillita.Info","article_publisher":"https:\/\/ar-ar.facebook.com\/ElCanillitainfo-114249515285712\/","article_published_time":"2023-08-28T10:40:58+00:00","article_modified_time":"2023-08-29T09:37:38+00:00","og_image":[{"width":600,"height":391,"url":"https:\/\/elcanillita.info\/press\/images\/2023\/08\/gripem2_20230828.jpg","type":"image\/jpeg"}],"author":"SalaStampa.eu, world press service","twitter_card":"summary_large_image","twitter_misc":{"Escrito por":"SalaStampa.eu, world press service","Tiempo de lectura":"5 minutos"},"schema":{"@context":"https:\/\/schema.org","@graph":[{"@type":"Article","@id":"https:\/\/elcanillita.info\/press\/2023\/08\/28\/lo-bueno-y-lo-malo-segun-lula\/#article","isPartOf":{"@id":"https:\/\/elcanillita.info\/press\/2023\/08\/28\/lo-bueno-y-lo-malo-segun-lula\/"},"author":{"name":"SalaStampa.eu, world press service","@id":"https:\/\/elcanillita.info\/press\/#\/schema\/person\/7fcb79f38045700919f7da6d97e71ba0"},"headline":"Lo bueno y lo malo, seg\u00fan Lula","datePublished":"2023-08-28T10:40:58+00:00","dateModified":"2023-08-29T09:37:38+00:00","mainEntityOfPage":{"@id":"https:\/\/elcanillita.info\/press\/2023\/08\/28\/lo-bueno-y-lo-malo-segun-lula\/"},"wordCount":1041,"publisher":{"@id":"https:\/\/elcanillita.info\/press\/#organization"},"image":{"@id":"https:\/\/elcanillita.info\/press\/2023\/08\/28\/lo-bueno-y-lo-malo-segun-lula\/#primaryimage"},"thumbnailUrl":"https:\/\/elcanillita.info\/press\/images\/2023\/08\/gripem2_20230828.jpg","articleSection":[".",".","Am\u00e9rica del Sur"],"inLanguage":"es-AR"},{"@type":"WebPage","@id":"https:\/\/elcanillita.info\/press\/2023\/08\/28\/lo-bueno-y-lo-malo-segun-lula\/","url":"https:\/\/elcanillita.info\/press\/2023\/08\/28\/lo-bueno-y-lo-malo-segun-lula\/","name":"Lo bueno y lo malo, seg\u00fan Lula - ElCanillita.Info","isPartOf":{"@id":"https:\/\/elcanillita.info\/press\/#website"},"primaryImageOfPage":{"@id":"https:\/\/elcanillita.info\/press\/2023\/08\/28\/lo-bueno-y-lo-malo-segun-lula\/#primaryimage"},"image":{"@id":"https:\/\/elcanillita.info\/press\/2023\/08\/28\/lo-bueno-y-lo-malo-segun-lula\/#primaryimage"},"thumbnailUrl":"https:\/\/elcanillita.info\/press\/images\/2023\/08\/gripem2_20230828.jpg","datePublished":"2023-08-28T10:40:58+00:00","dateModified":"2023-08-29T09:37:38+00:00","description":"Avi\u00f3n de combate Gripen JAS-39 de la Fuerza A\u00e9rea Sueca enviado en apoyo del Ejercicio Cooperativo Key 2003 de la Asociaci\u00f3n para la Paz a la Base A\u00e9rea Graf Ignatievo, Bulgaria.","inLanguage":"es-AR","potentialAction":[{"@type":"ReadAction","target":["https:\/\/elcanillita.info\/press\/2023\/08\/28\/lo-bueno-y-lo-malo-segun-lula\/"]}]},{"@type":"ImageObject","inLanguage":"es-AR","@id":"https:\/\/elcanillita.info\/press\/2023\/08\/28\/lo-bueno-y-lo-malo-segun-lula\/#primaryimage","url":"https:\/\/elcanillita.info\/press\/images\/2023\/08\/gripem2_20230828.jpg","contentUrl":"https:\/\/elcanillita.info\/press\/images\/2023\/08\/gripem2_20230828.jpg","width":600,"height":391,"caption":"A Swedish Air Force JAS-39 Gripen fighter aircraft arrives in support of the Partnership for Peace Exercise Cooperative Key 2003 at Graf Ignatievo Air Base (AB), Bulgaria (BGR)."},{"@type":"WebSite","@id":"https:\/\/elcanillita.info\/press\/#website","url":"https:\/\/elcanillita.info\/press\/","name":"ElCanillita.Info","description":"desde los Apeninos a los Andes","publisher":{"@id":"https:\/\/elcanillita.info\/press\/#organization"},"potentialAction":[{"@type":"SearchAction","target":{"@type":"EntryPoint","urlTemplate":"https:\/\/elcanillita.info\/press\/?s={search_term_string}"},"query-input":{"@type":"PropertyValueSpecification","valueRequired":true,"valueName":"search_term_string"}}],"inLanguage":"es-AR"},{"@type":"Organization","@id":"https:\/\/elcanillita.info\/press\/#organization","name":"Guzzo Photos & Graphic Publications","url":"https:\/\/elcanillita.info\/press\/","logo":{"@type":"ImageObject","inLanguage":"es-AR","@id":"https:\/\/elcanillita.info\/press\/#\/schema\/logo\/image\/","url":"https:\/\/elcanillita.info\/press\/images\/2020\/01\/cropped-cropped-cropped-elcanillitainfo.png","contentUrl":"https:\/\/elcanillita.info\/press\/images\/2020\/01\/cropped-cropped-cropped-elcanillitainfo.png","width":460,"height":50,"caption":"Guzzo Photos & Graphic Publications"},"image":{"@id":"https:\/\/elcanillita.info\/press\/#\/schema\/logo\/image\/"},"sameAs":["https:\/\/ar-ar.facebook.com\/ElCanillitainfo-114249515285712\/"]},{"@type":"Person","@id":"https:\/\/elcanillita.info\/press\/#\/schema\/person\/7fcb79f38045700919f7da6d97e71ba0","name":"SalaStampa.eu, world press service","image":{"@type":"ImageObject","inLanguage":"es-AR","@id":"https:\/\/secure.gravatar.com\/avatar\/c2f0e0d515a107624234994507816ca4724c7199cef73fc8bedebf6931d73888?s=96&d=mm&r=g","url":"https:\/\/secure.gravatar.com\/avatar\/c2f0e0d515a107624234994507816ca4724c7199cef73fc8bedebf6931d73888?s=96&d=mm&r=g","contentUrl":"https:\/\/secure.gravatar.com\/avatar\/c2f0e0d515a107624234994507816ca4724c7199cef73fc8bedebf6931d73888?s=96&d=mm&r=g","caption":"SalaStampa.eu, world press service"}}]}},"views":310,"_links":{"self":[{"href":"https:\/\/elcanillita.info\/press\/wp-json\/wp\/v2\/posts\/3680","targetHints":{"allow":["GET"]}}],"collection":[{"href":"https:\/\/elcanillita.info\/press\/wp-json\/wp\/v2\/posts"}],"about":[{"href":"https:\/\/elcanillita.info\/press\/wp-json\/wp\/v2\/types\/post"}],"author":[{"embeddable":true,"href":"https:\/\/elcanillita.info\/press\/wp-json\/wp\/v2\/users\/1"}],"replies":[{"embeddable":true,"href":"https:\/\/elcanillita.info\/press\/wp-json\/wp\/v2\/comments?post=3680"}],"version-history":[{"count":0,"href":"https:\/\/elcanillita.info\/press\/wp-json\/wp\/v2\/posts\/3680\/revisions"}],"wp:featuredmedia":[{"embeddable":true,"href":"https:\/\/elcanillita.info\/press\/wp-json\/wp\/v2\/media\/3682"}],"wp:attachment":[{"href":"https:\/\/elcanillita.info\/press\/wp-json\/wp\/v2\/media?parent=3680"}],"wp:term":[{"taxonomy":"category","embeddable":true,"href":"https:\/\/elcanillita.info\/press\/wp-json\/wp\/v2\/categories?post=3680"},{"taxonomy":"post_tag","embeddable":true,"href":"https:\/\/elcanillita.info\/press\/wp-json\/wp\/v2\/tags?post=3680"}],"curies":[{"name":"wp","href":"https:\/\/api.w.org\/{rel}","templated":true}]}}