{"id":368,"date":"2020-02-06T14:45:04","date_gmt":"2020-02-06T17:45:04","guid":{"rendered":"https:\/\/elcanillita.info\/press\/?p=368"},"modified":"2020-02-06T14:45:07","modified_gmt":"2020-02-06T17:45:07","slug":"muere-popeye-mas-temido-sicario-pablo-escobar","status":"publish","type":"post","link":"https:\/\/elcanillita.info\/press\/2020\/02\/06\/muere-popeye-mas-temido-sicario-pablo-escobar\/","title":{"rendered":"Muere &#8220;Popeye&#8221;, el m\u00e1s temido sicario de Pablo Escobar"},"content":{"rendered":"\n<p>Medellin, 06.02.2020 &#8211; Jhon Jairo Vel\u00e1squez V\u00e1squez, alias &#8220;Popeye&#8221;, acusado de decenas de asesinatos y ataques con bombas ordenados por Pablo Escobar en Colombia, muri\u00f3 el jueves a consecuencia de un c\u00e1ncer en el est\u00f3mago, inform\u00f3 el Instituto Penitenciario.<\/p>\n\n\n\n<p>Vel\u00e1squez, uno de los asesinos m\u00e1s temidos de Colombia en su momento, fue el jefe de pistoleros de Escobar durante la sangrienta guerra que el Cartel de Medell\u00edn libr\u00f3 contra el Estado en la d\u00e9cada de 1980 y comienzos de los a\u00f1os 90 para impedir la extradici\u00f3n de sus l\u00edderes.<\/p>\n\n\n\n<p>&#8220;Falleci\u00f3 en la madrugada de hoy, en el Instituto Nacional Cancerol\u00f3gico. Se encontraba hospitalizado desde el pasado 31 de diciembre de 2019 y padec\u00eda un c\u00e1ncer de est\u00f3mago&#8221;, dijo un comunicado del Instituto Nacional Penitenciario y Carcelario.<\/p>\n\n\n\n<p>El antiguo asesino a sueldo de quien en su momento fue el narcotraficante m\u00e1s buscado del mundo admiti\u00f3 su participaci\u00f3n en unos 300 cr\u00edmenes, incluidos asesinatos de pol\u00edticos, periodistas, polic\u00edas y otros enemigos de Escobar, muerto en un operativo de la polic\u00eda en la ciudad de Medell\u00edn en diciembre de 1993.<\/p>\n\n\n\n<p>El Cartel de Medell\u00edn fue responsable del env\u00edo de cientos de toneladas de coca\u00edna a Estados Unidos y Europa.<\/p>\n\n\n\n<p>Vel\u00e1squez, quien sali\u00f3 de la c\u00e1rcel en agosto del 2014 despu\u00e9s de pagar una condena de m\u00e1s de 23 a\u00f1os, se presentaba en las redes sociales como un activista pol\u00edtico y defensor de derechos humanos.<\/p>\n\n\n\n<p>Pero las autoridades sospechaban que manten\u00eda nexos con organizaciones criminales. En YouTube ten\u00eda m\u00e1s de 1,2 millones de seguidores.<\/p>\n\n\n\n<p>En diciembre de 2013 fue encontrado en la fiesta de cumplea\u00f1os de un pr\u00f3fugo narcotraficante solicitado en extradici\u00f3n por Estados Unidos que fue detenido por la polic\u00eda y en mayo de 2018 fue capturado y enviado a prisi\u00f3n de nuevo acusado de extorsi\u00f3n y concierto para delinquir.<br><br>\n<small>2020 voanoticias \u2013 salastampa.eu, afiliada a la red Broadcasting Board of Governors \u00a9 2020 BBG<\/small><\/p>\n","protected":false},"excerpt":{"rendered":"<p>Medellin, 06.02.2020 &#8211; Jhon Jairo Vel\u00e1squez V\u00e1squez, alias &#8220;Popeye&#8221;, acusado de decenas de asesinatos y ataques con bombas ordenados por Pablo Escobar en Colombia, muri\u00f3 el jueves a consecuencia de un c\u00e1ncer en el est\u00f3mago, inform\u00f3 el Instituto Penitenciario.<\/p>\n","protected":false},"author":1,"featured_media":0,"comment_status":"closed","ping_status":"closed","sticky":false,"template":"","format":"standard","meta":{"footnotes":"","_links_to":"","_links_to_target":""},"categories":[70,11,25],"tags":[44],"class_list":["post-368","post","type-post","status-publish","format-standard","hentry","category-actualidad","category-america-del-sur","category-sociedad","tag-colombia","entry","double"],"yoast_head":"<!-- This site is optimized with the Yoast SEO plugin v27.5 - https:\/\/yoast.com\/product\/yoast-seo-wordpress\/ -->\n<title>Muere &quot;Popeye&quot;, el m\u00e1s temido sicario de Pablo Escobar - ElCanillita.Info<\/title>\n<meta name=\"robots\" content=\"index, follow, max-snippet:-1, max-image-preview:large, max-video-preview:-1\" \/>\n<link rel=\"canonical\" href=\"https:\/\/elcanillita.info\/press\/2020\/02\/06\/muere-popeye-mas-temido-sicario-pablo-escobar\/\" \/>\n<meta property=\"og:locale\" content=\"es_ES\" \/>\n<meta property=\"og:type\" content=\"article\" \/>\n<meta property=\"og:title\" content=\"Muere &quot;Popeye&quot;, el m\u00e1s temido sicario de Pablo Escobar - ElCanillita.Info\" \/>\n<meta property=\"og:description\" content=\"Medellin, 06.02.2020 - Jhon Jairo Vel\u00e1squez V\u00e1squez, alias &quot;Popeye&quot;, acusado de decenas de asesinatos y ataques con bombas ordenados por Pablo Escobar en Colombia, muri\u00f3 el jueves a consecuencia de un c\u00e1ncer en el est\u00f3mago, inform\u00f3 el Instituto Penitenciario.\" \/>\n<meta property=\"og:url\" content=\"https:\/\/elcanillita.info\/press\/2020\/02\/06\/muere-popeye-mas-temido-sicario-pablo-escobar\/\" \/>\n<meta property=\"og:site_name\" content=\"ElCanillita.Info\" \/>\n<meta property=\"article:publisher\" content=\"https:\/\/ar-ar.facebook.com\/ElCanillitainfo-114249515285712\/\" \/>\n<meta property=\"article:published_time\" content=\"2020-02-06T17:45:04+00:00\" \/>\n<meta property=\"article:modified_time\" content=\"2020-02-06T17:45:07+00:00\" \/>\n<meta name=\"author\" content=\"SalaStampa.eu, world press service\" \/>\n<meta name=\"twitter:card\" content=\"summary_large_image\" \/>\n<meta name=\"twitter:label1\" content=\"Escrito por\" \/>\n\t<meta name=\"twitter:data1\" content=\"SalaStampa.eu, world press service\" \/>\n\t<meta name=\"twitter:label2\" content=\"Tiempo de lectura\" \/>\n\t<meta name=\"twitter:data2\" content=\"2 minutos\" \/>\n<script type=\"application\/ld+json\" class=\"yoast-schema-graph\">{\"@context\":\"https:\\\/\\\/schema.org\",\"@graph\":[{\"@type\":\"Article\",\"@id\":\"https:\\\/\\\/elcanillita.info\\\/press\\\/2020\\\/02\\\/06\\\/muere-popeye-mas-temido-sicario-pablo-escobar\\\/#article\",\"isPartOf\":{\"@id\":\"https:\\\/\\\/elcanillita.info\\\/press\\\/2020\\\/02\\\/06\\\/muere-popeye-mas-temido-sicario-pablo-escobar\\\/\"},\"author\":{\"name\":\"SalaStampa.eu, world press service\",\"@id\":\"https:\\\/\\\/elcanillita.info\\\/press\\\/#\\\/schema\\\/person\\\/7fcb79f38045700919f7da6d97e71ba0\"},\"headline\":\"Muere &#8220;Popeye&#8221;, el m\u00e1s temido sicario de Pablo Escobar\",\"datePublished\":\"2020-02-06T17:45:04+00:00\",\"dateModified\":\"2020-02-06T17:45:07+00:00\",\"mainEntityOfPage\":{\"@id\":\"https:\\\/\\\/elcanillita.info\\\/press\\\/2020\\\/02\\\/06\\\/muere-popeye-mas-temido-sicario-pablo-escobar\\\/\"},\"wordCount\":347,\"publisher\":{\"@id\":\"https:\\\/\\\/elcanillita.info\\\/press\\\/#organization\"},\"keywords\":[\"Colombia\"],\"articleSection\":[\"Actualidad\",\"Am\u00e9rica del Sur\",\"Sociedad\"],\"inLanguage\":\"es-AR\"},{\"@type\":\"WebPage\",\"@id\":\"https:\\\/\\\/elcanillita.info\\\/press\\\/2020\\\/02\\\/06\\\/muere-popeye-mas-temido-sicario-pablo-escobar\\\/\",\"url\":\"https:\\\/\\\/elcanillita.info\\\/press\\\/2020\\\/02\\\/06\\\/muere-popeye-mas-temido-sicario-pablo-escobar\\\/\",\"name\":\"Muere \\\"Popeye\\\", el m\u00e1s temido sicario de Pablo Escobar - ElCanillita.Info\",\"isPartOf\":{\"@id\":\"https:\\\/\\\/elcanillita.info\\\/press\\\/#website\"},\"datePublished\":\"2020-02-06T17:45:04+00:00\",\"dateModified\":\"2020-02-06T17:45:07+00:00\",\"inLanguage\":\"es-AR\",\"potentialAction\":[{\"@type\":\"ReadAction\",\"target\":[\"https:\\\/\\\/elcanillita.info\\\/press\\\/2020\\\/02\\\/06\\\/muere-popeye-mas-temido-sicario-pablo-escobar\\\/\"]}]},{\"@type\":\"WebSite\",\"@id\":\"https:\\\/\\\/elcanillita.info\\\/press\\\/#website\",\"url\":\"https:\\\/\\\/elcanillita.info\\\/press\\\/\",\"name\":\"ElCanillita.Info\",\"description\":\"desde los Apeninos a los Andes\",\"publisher\":{\"@id\":\"https:\\\/\\\/elcanillita.info\\\/press\\\/#organization\"},\"potentialAction\":[{\"@type\":\"SearchAction\",\"target\":{\"@type\":\"EntryPoint\",\"urlTemplate\":\"https:\\\/\\\/elcanillita.info\\\/press\\\/?s={search_term_string}\"},\"query-input\":{\"@type\":\"PropertyValueSpecification\",\"valueRequired\":true,\"valueName\":\"search_term_string\"}}],\"inLanguage\":\"es-AR\"},{\"@type\":\"Organization\",\"@id\":\"https:\\\/\\\/elcanillita.info\\\/press\\\/#organization\",\"name\":\"Guzzo Photos & Graphic Publications\",\"url\":\"https:\\\/\\\/elcanillita.info\\\/press\\\/\",\"logo\":{\"@type\":\"ImageObject\",\"inLanguage\":\"es-AR\",\"@id\":\"https:\\\/\\\/elcanillita.info\\\/press\\\/#\\\/schema\\\/logo\\\/image\\\/\",\"url\":\"https:\\\/\\\/elcanillita.info\\\/press\\\/images\\\/2020\\\/01\\\/cropped-cropped-cropped-elcanillitainfo.png\",\"contentUrl\":\"https:\\\/\\\/elcanillita.info\\\/press\\\/images\\\/2020\\\/01\\\/cropped-cropped-cropped-elcanillitainfo.png\",\"width\":460,\"height\":50,\"caption\":\"Guzzo Photos & Graphic Publications\"},\"image\":{\"@id\":\"https:\\\/\\\/elcanillita.info\\\/press\\\/#\\\/schema\\\/logo\\\/image\\\/\"},\"sameAs\":[\"https:\\\/\\\/ar-ar.facebook.com\\\/ElCanillitainfo-114249515285712\\\/\"]},{\"@type\":\"Person\",\"@id\":\"https:\\\/\\\/elcanillita.info\\\/press\\\/#\\\/schema\\\/person\\\/7fcb79f38045700919f7da6d97e71ba0\",\"name\":\"SalaStampa.eu, world press service\",\"image\":{\"@type\":\"ImageObject\",\"inLanguage\":\"es-AR\",\"@id\":\"https:\\\/\\\/secure.gravatar.com\\\/avatar\\\/c2f0e0d515a107624234994507816ca4724c7199cef73fc8bedebf6931d73888?s=96&d=mm&r=g\",\"url\":\"https:\\\/\\\/secure.gravatar.com\\\/avatar\\\/c2f0e0d515a107624234994507816ca4724c7199cef73fc8bedebf6931d73888?s=96&d=mm&r=g\",\"contentUrl\":\"https:\\\/\\\/secure.gravatar.com\\\/avatar\\\/c2f0e0d515a107624234994507816ca4724c7199cef73fc8bedebf6931d73888?s=96&d=mm&r=g\",\"caption\":\"SalaStampa.eu, world press service\"}}]}<\/script>\n<!-- \/ Yoast SEO plugin. -->","yoast_head_json":{"title":"Muere \"Popeye\", el m\u00e1s temido sicario de Pablo Escobar - ElCanillita.Info","robots":{"index":"index","follow":"follow","max-snippet":"max-snippet:-1","max-image-preview":"max-image-preview:large","max-video-preview":"max-video-preview:-1"},"canonical":"https:\/\/elcanillita.info\/press\/2020\/02\/06\/muere-popeye-mas-temido-sicario-pablo-escobar\/","og_locale":"es_ES","og_type":"article","og_title":"Muere \"Popeye\", el m\u00e1s temido sicario de Pablo Escobar - ElCanillita.Info","og_description":"Medellin, 06.02.2020 - Jhon Jairo Vel\u00e1squez V\u00e1squez, alias \"Popeye\", acusado de decenas de asesinatos y ataques con bombas ordenados por Pablo Escobar en Colombia, muri\u00f3 el jueves a consecuencia de un c\u00e1ncer en el est\u00f3mago, inform\u00f3 el Instituto Penitenciario.","og_url":"https:\/\/elcanillita.info\/press\/2020\/02\/06\/muere-popeye-mas-temido-sicario-pablo-escobar\/","og_site_name":"ElCanillita.Info","article_publisher":"https:\/\/ar-ar.facebook.com\/ElCanillitainfo-114249515285712\/","article_published_time":"2020-02-06T17:45:04+00:00","article_modified_time":"2020-02-06T17:45:07+00:00","author":"SalaStampa.eu, world press service","twitter_card":"summary_large_image","twitter_misc":{"Escrito por":"SalaStampa.eu, world press service","Tiempo de lectura":"2 minutos"},"schema":{"@context":"https:\/\/schema.org","@graph":[{"@type":"Article","@id":"https:\/\/elcanillita.info\/press\/2020\/02\/06\/muere-popeye-mas-temido-sicario-pablo-escobar\/#article","isPartOf":{"@id":"https:\/\/elcanillita.info\/press\/2020\/02\/06\/muere-popeye-mas-temido-sicario-pablo-escobar\/"},"author":{"name":"SalaStampa.eu, world press service","@id":"https:\/\/elcanillita.info\/press\/#\/schema\/person\/7fcb79f38045700919f7da6d97e71ba0"},"headline":"Muere &#8220;Popeye&#8221;, el m\u00e1s temido sicario de Pablo Escobar","datePublished":"2020-02-06T17:45:04+00:00","dateModified":"2020-02-06T17:45:07+00:00","mainEntityOfPage":{"@id":"https:\/\/elcanillita.info\/press\/2020\/02\/06\/muere-popeye-mas-temido-sicario-pablo-escobar\/"},"wordCount":347,"publisher":{"@id":"https:\/\/elcanillita.info\/press\/#organization"},"keywords":["Colombia"],"articleSection":["Actualidad","Am\u00e9rica del Sur","Sociedad"],"inLanguage":"es-AR"},{"@type":"WebPage","@id":"https:\/\/elcanillita.info\/press\/2020\/02\/06\/muere-popeye-mas-temido-sicario-pablo-escobar\/","url":"https:\/\/elcanillita.info\/press\/2020\/02\/06\/muere-popeye-mas-temido-sicario-pablo-escobar\/","name":"Muere \"Popeye\", el m\u00e1s temido sicario de Pablo Escobar - ElCanillita.Info","isPartOf":{"@id":"https:\/\/elcanillita.info\/press\/#website"},"datePublished":"2020-02-06T17:45:04+00:00","dateModified":"2020-02-06T17:45:07+00:00","inLanguage":"es-AR","potentialAction":[{"@type":"ReadAction","target":["https:\/\/elcanillita.info\/press\/2020\/02\/06\/muere-popeye-mas-temido-sicario-pablo-escobar\/"]}]},{"@type":"WebSite","@id":"https:\/\/elcanillita.info\/press\/#website","url":"https:\/\/elcanillita.info\/press\/","name":"ElCanillita.Info","description":"desde los Apeninos a los Andes","publisher":{"@id":"https:\/\/elcanillita.info\/press\/#organization"},"potentialAction":[{"@type":"SearchAction","target":{"@type":"EntryPoint","urlTemplate":"https:\/\/elcanillita.info\/press\/?s={search_term_string}"},"query-input":{"@type":"PropertyValueSpecification","valueRequired":true,"valueName":"search_term_string"}}],"inLanguage":"es-AR"},{"@type":"Organization","@id":"https:\/\/elcanillita.info\/press\/#organization","name":"Guzzo Photos & Graphic Publications","url":"https:\/\/elcanillita.info\/press\/","logo":{"@type":"ImageObject","inLanguage":"es-AR","@id":"https:\/\/elcanillita.info\/press\/#\/schema\/logo\/image\/","url":"https:\/\/elcanillita.info\/press\/images\/2020\/01\/cropped-cropped-cropped-elcanillitainfo.png","contentUrl":"https:\/\/elcanillita.info\/press\/images\/2020\/01\/cropped-cropped-cropped-elcanillitainfo.png","width":460,"height":50,"caption":"Guzzo Photos & Graphic Publications"},"image":{"@id":"https:\/\/elcanillita.info\/press\/#\/schema\/logo\/image\/"},"sameAs":["https:\/\/ar-ar.facebook.com\/ElCanillitainfo-114249515285712\/"]},{"@type":"Person","@id":"https:\/\/elcanillita.info\/press\/#\/schema\/person\/7fcb79f38045700919f7da6d97e71ba0","name":"SalaStampa.eu, world press service","image":{"@type":"ImageObject","inLanguage":"es-AR","@id":"https:\/\/secure.gravatar.com\/avatar\/c2f0e0d515a107624234994507816ca4724c7199cef73fc8bedebf6931d73888?s=96&d=mm&r=g","url":"https:\/\/secure.gravatar.com\/avatar\/c2f0e0d515a107624234994507816ca4724c7199cef73fc8bedebf6931d73888?s=96&d=mm&r=g","contentUrl":"https:\/\/secure.gravatar.com\/avatar\/c2f0e0d515a107624234994507816ca4724c7199cef73fc8bedebf6931d73888?s=96&d=mm&r=g","caption":"SalaStampa.eu, world press service"}}]}},"views":726,"_links":{"self":[{"href":"https:\/\/elcanillita.info\/press\/wp-json\/wp\/v2\/posts\/368","targetHints":{"allow":["GET"]}}],"collection":[{"href":"https:\/\/elcanillita.info\/press\/wp-json\/wp\/v2\/posts"}],"about":[{"href":"https:\/\/elcanillita.info\/press\/wp-json\/wp\/v2\/types\/post"}],"author":[{"embeddable":true,"href":"https:\/\/elcanillita.info\/press\/wp-json\/wp\/v2\/users\/1"}],"replies":[{"embeddable":true,"href":"https:\/\/elcanillita.info\/press\/wp-json\/wp\/v2\/comments?post=368"}],"version-history":[{"count":0,"href":"https:\/\/elcanillita.info\/press\/wp-json\/wp\/v2\/posts\/368\/revisions"}],"wp:attachment":[{"href":"https:\/\/elcanillita.info\/press\/wp-json\/wp\/v2\/media?parent=368"}],"wp:term":[{"taxonomy":"category","embeddable":true,"href":"https:\/\/elcanillita.info\/press\/wp-json\/wp\/v2\/categories?post=368"},{"taxonomy":"post_tag","embeddable":true,"href":"https:\/\/elcanillita.info\/press\/wp-json\/wp\/v2\/tags?post=368"}],"curies":[{"name":"wp","href":"https:\/\/api.w.org\/{rel}","templated":true}]}}