{"id":3677,"date":"2023-08-26T09:57:26","date_gmt":"2023-08-26T12:57:26","guid":{"rendered":"https:\/\/elcanillita.info\/press\/?p=3677"},"modified":"2023-08-27T03:01:08","modified_gmt":"2023-08-27T06:01:08","slug":"lula-da-silva-rinde-honor-a-un-asesino","status":"publish","type":"post","link":"https:\/\/elcanillita.info\/press\/2023\/08\/26\/lula-da-silva-rinde-honor-a-un-asesino\/","title":{"rendered":"Lula da Silva rinde honor a un genocida"},"content":{"rendered":"\n<figure class=\"wp-block-image size-full\"><img loading=\"lazy\" decoding=\"async\" width=\"600\" height=\"343\" src=\"https:\/\/elcanillita.info\/press\/images\/2023\/08\/lulada_20230826.jpg\" alt=\"\" class=\"wp-image-3678\" srcset=\"https:\/\/elcanillita.info\/press\/images\/2023\/08\/lulada_20230826.jpg 600w, https:\/\/elcanillita.info\/press\/images\/2023\/08\/lulada_20230826-300x172.jpg 300w\" sizes=\"auto, (max-width: 600px) 100vw, 600px\" \/><\/figure>\n\n\n\n<p><strong>ElCanillita.info, 26\/08\/2023<\/strong><br>Durante su visita oficial a Angola, Luiz In\u00e1cio Lula da Silva fue condecorado con la Gran Orden de Agostinho Neto, primer Presidente de Angola.<\/p>\n\n\n\n<p>Tras depositar una corona de flores ante el sarc\u00f3fago de Ant\u00f3nio Agostinho Neto y reunirse con Jo\u00e3o Louren\u00e7o en el Palacio Presidencial, Lula da Silva recibi\u00f3 el galard\u00f3n.<\/p>\n\n\n\n<p>&#8220;Cuando un ser humano llega a la edad que yo tengo (77 a\u00f1os) mucha gente piensa que es hora de parar y cuando recibo una Orden, la m\u00e1s importante de Angola, que lleva el nombre de un s\u00edmbolo de este pa\u00eds, de la persona que muri\u00f3 antes de tiempo, llevar\u00e9 esta medalla con el compromiso de que quien tiene una causa no puede dejar de luchar&#8221;, subray\u00f3 el Jefe de Estado brasile\u00f1o, &#8220;comprometi\u00e9ndome a intentar hacer una campa\u00f1a mundial contra la desigualdad&#8221;.<\/p>\n\n\n\n<p>&#8220;Espero que con esta medalla en el pecho, alimentada por el pensamiento revolucionario de Agostinho Neto, pueda vencer en mi intento de convencer a la humanidad de que se indigne contra la desigualdad&#8221;, dijo, en la sala donde fue condecorado en el Palacio Presidencial, ante el Presidente angole\u00f1o y una amplia delegaci\u00f3n de funcionarios brasile\u00f1os.<\/p>\n\n\n\n<p>Aparentemente Lula Silva no conoce bien la Historia de Angola ni quien fue realmente Ant\u00f3nio Agostinho Neto, un genocida. Caso contrario, demuestra claramente como acarrear sin cr\u00e9dito el socialismo del siglo XXI.<\/p>\n\n\n\n<p>La Revoluci\u00f3n de los claveles en Lisboa en 1974 acab\u00f3 con el r\u00e9gimen colonial y dictatorial de Marcelo Caetano. La brutal represi\u00f3n del ej\u00e9rcito portugu\u00e9s en Angola ceso. Los militares, que llegaron al poder en Lisboa, ofrecieron la independencia a la mayor parte de las colonias portuguesas. Se entablaron conversaciones con los tres movimientos militares m\u00e1s importantes: el Frente Nacional de Liberaci\u00f3n de Angola (FNLA), apoyado por Estados Unidos y Francia y la UNITA, que recib\u00eda, a trav\u00e9s de su jefe Jon\u00e1s Savimbi, respaldado inicialmente de China y despu\u00e9s de la Rep\u00fablica de Sud\u00e1frica; y el Movimiento Popular de Liberaci\u00f3n de Angola (MPLA) que, por su parte, contaba con el apoyo de todo el bloque sovi\u00e9tico. Neto represent\u00f3 al MPLA y firm\u00f3 los acuerdos de Alvor el 10 de Enero de 1975 conforme a los cuales se nombr\u00f3 un gobierno de transici\u00f3n el 31 de ese mismo mes.<\/p>\n\n\n\n<p>El gobierno provisional se derrumb\u00f3 el 14 de Agosto y estall\u00f3 una guerra civil. Cada una de las tres facciones controlaba una parte del pa\u00eds y la capital Luanda estaba en manos del MPLA. El 10 de Noviembre Neto se proclam\u00f3 presidente de Angola. El 11, Portugal ofreci\u00f3 a Angola la independencia, no a un gobierno sino al pueblo de Angola. El reconocimiento internacional del r\u00e9gimen comunista del MPLA, a pesar de no controlar inicialmente m\u00e1s que una parte del pa\u00eds, se propag\u00f3 r\u00e1pido. El MPLA se apoder\u00f3 de los mandos del Estado angole\u00f1o y cre\u00f3 v\u00ednculos militares y econ\u00f3micos muy estrechos con la Uni\u00f3n de Rep\u00fablicas Socialistas Sovi\u00e9ticas y Cuba, lo que tuvo como consecuencia la presencia de tropas cubanas en Angola.<\/p>\n\n\n\n<p>Durante este per\u00edodo, hubo serios conflictos internos en el MPLA que desafiaron el liderazgo de Agostinho Neto. De estos, el m\u00e1s grave fue el surgimiento, a principios de la d\u00e9cada de 1970, de dos tendencias opuestas a la direcci\u00f3n del movimiento, el &#8220;Levantamiento activo&#8221; que consist\u00eda esencialmente en elementos intelectuales y el &#8220;Levantamiento oriental&#8221; de las fuerzas guerrilleras. ubicado en el este de Angola; Estas divisiones se superaron en un intrincado proceso de discusi\u00f3n y negociaci\u00f3n que termin\u00f3 con la reafirmaci\u00f3n de la autoridad de Agust\u00edn Neto. Despu\u00e9s de la independencia en 1977, hubo una encuesta dirigida a su liderazgo y la l\u00ednea ideol\u00f3gica que defend\u00eda; este movimiento, oficialmente llamado fraccionismo, fue reprimido.<\/p>\n\n\n\n<p>Fraccionismo, tambi\u00e9n llamado grupo de Nito o nitismo, fue el nombre que recibi\u00f3 el movimiento pol\u00edtico liderado por Nito Alves, exl\u00edder del Movimiento Popular para la Liberaci\u00f3n de Angola (MPLA). El movimiento se articul\u00f3 como una disidencia dentro del MPLA despu\u00e9s de la independencia de Angola, en oposici\u00f3n al presidente Agostinho Neto, y lanz\u00f3 un intento de golpe de estado en Luanda el 27 de mayo de 1977.<\/p>\n\n\n\n<p>Tras un breve per\u00edodo de calma que parec\u00eda indicar que todo estaba resuelto, se produjo un intento violento de toma del poder, que desemboc\u00f3 en un per\u00edodo de dos a\u00f1os de purga de seguidores y simpatizantes (o sospechosos de serlo) de Nito Alves, lo que provoc\u00f3 miles de muertes. El movimiento fracas\u00f3 debido a la mala planificaci\u00f3n de las acciones para tomar el poder, la falta de un objetivo claro frente a las masas populares y el apoyo militar al aparato del Estado de las tropas de las Fuerzas Armadas de Cuba que llevaron a cabo Operaci\u00f3n Carlota en suelo angole\u00f1o desde 1975.<\/p>\n\n\n\n<p>A pesar del fracaso del movimiento nitista, el intento de golpe de Estado del 27 de mayo de 1977 provoc\u00f3 profundos cambios estructurales dentro del MPLA y el Estado angole\u00f1o, como la adopci\u00f3n oficial del marxismo-leninismo hasta 1992.<br><br><small>Copyright \u00a9 2023 ElCanillita.info \/ SalaStampa.Eu, servicio mundial de prensa<\/small><\/p>\n\n\n\n<p><br><br><\/p>\n","protected":false},"excerpt":{"rendered":"<p>Primeras declaraciones de Luiz In\u00e1cio Lula da Silva durante su visita oficial a Angola.<\/p>\n","protected":false},"author":1,"featured_media":3678,"comment_status":"closed","ping_status":"closed","sticky":false,"template":"","format":"standard","meta":{"footnotes":"","_links_to":"","_links_to_target":""},"categories":[108,121,70,14,23],"tags":[],"class_list":["post-3677","post","type-post","status-publish","format-standard","has-post-thumbnail","hentry","category-blogdiario","category-dc24","category-actualidad","category-africa","category-politica","entry","double"],"yoast_head":"<!-- This site is optimized with the Yoast SEO plugin v27.4 - https:\/\/yoast.com\/product\/yoast-seo-wordpress\/ -->\n<title>Lula da Silva rinde honor a un genocida - ElCanillita.Info<\/title>\n<meta name=\"description\" content=\"Primeras declaraciones de Luiz In\u00e1cio Lula da Silva durante su visita oficial a Angola.\" \/>\n<meta name=\"robots\" content=\"index, follow, max-snippet:-1, max-image-preview:large, max-video-preview:-1\" \/>\n<link rel=\"canonical\" href=\"https:\/\/elcanillita.info\/press\/2023\/08\/26\/lula-da-silva-rinde-honor-a-un-asesino\/\" \/>\n<meta property=\"og:locale\" content=\"es_ES\" \/>\n<meta property=\"og:type\" content=\"article\" \/>\n<meta property=\"og:title\" content=\"Lula da Silva rinde honor a un genocida - ElCanillita.Info\" \/>\n<meta property=\"og:description\" content=\"Primeras declaraciones de Luiz In\u00e1cio Lula da Silva durante su visita oficial a Angola.\" \/>\n<meta property=\"og:url\" content=\"https:\/\/elcanillita.info\/press\/2023\/08\/26\/lula-da-silva-rinde-honor-a-un-asesino\/\" \/>\n<meta property=\"og:site_name\" content=\"ElCanillita.Info\" \/>\n<meta property=\"article:publisher\" content=\"https:\/\/ar-ar.facebook.com\/ElCanillitainfo-114249515285712\/\" \/>\n<meta property=\"article:published_time\" content=\"2023-08-26T12:57:26+00:00\" \/>\n<meta property=\"article:modified_time\" content=\"2023-08-27T06:01:08+00:00\" \/>\n<meta property=\"og:image\" content=\"https:\/\/elcanillita.info\/press\/images\/2023\/08\/lulada_20230826.jpg\" \/>\n\t<meta property=\"og:image:width\" content=\"600\" \/>\n\t<meta property=\"og:image:height\" content=\"343\" \/>\n\t<meta property=\"og:image:type\" content=\"image\/jpeg\" \/>\n<meta name=\"author\" content=\"SalaStampa.eu, world press service\" \/>\n<meta name=\"twitter:card\" content=\"summary_large_image\" \/>\n<meta name=\"twitter:label1\" content=\"Escrito por\" \/>\n\t<meta name=\"twitter:data1\" content=\"SalaStampa.eu, world press service\" \/>\n\t<meta name=\"twitter:label2\" content=\"Tiempo de lectura\" \/>\n\t<meta name=\"twitter:data2\" content=\"4 minutos\" \/>\n<script type=\"application\/ld+json\" class=\"yoast-schema-graph\">{\"@context\":\"https:\\\/\\\/schema.org\",\"@graph\":[{\"@type\":\"Article\",\"@id\":\"https:\\\/\\\/elcanillita.info\\\/press\\\/2023\\\/08\\\/26\\\/lula-da-silva-rinde-honor-a-un-asesino\\\/#article\",\"isPartOf\":{\"@id\":\"https:\\\/\\\/elcanillita.info\\\/press\\\/2023\\\/08\\\/26\\\/lula-da-silva-rinde-honor-a-un-asesino\\\/\"},\"author\":{\"name\":\"SalaStampa.eu, world press service\",\"@id\":\"https:\\\/\\\/elcanillita.info\\\/press\\\/#\\\/schema\\\/person\\\/7fcb79f38045700919f7da6d97e71ba0\"},\"headline\":\"Lula da Silva rinde honor a un genocida\",\"datePublished\":\"2023-08-26T12:57:26+00:00\",\"dateModified\":\"2023-08-27T06:01:08+00:00\",\"mainEntityOfPage\":{\"@id\":\"https:\\\/\\\/elcanillita.info\\\/press\\\/2023\\\/08\\\/26\\\/lula-da-silva-rinde-honor-a-un-asesino\\\/\"},\"wordCount\":890,\"publisher\":{\"@id\":\"https:\\\/\\\/elcanillita.info\\\/press\\\/#organization\"},\"image\":{\"@id\":\"https:\\\/\\\/elcanillita.info\\\/press\\\/2023\\\/08\\\/26\\\/lula-da-silva-rinde-honor-a-un-asesino\\\/#primaryimage\"},\"thumbnailUrl\":\"https:\\\/\\\/elcanillita.info\\\/press\\\/images\\\/2023\\\/08\\\/lulada_20230826.jpg\",\"articleSection\":[\".\",\".\",\"Actualidad\",\"Africa\",\"Politica\"],\"inLanguage\":\"es-AR\"},{\"@type\":\"WebPage\",\"@id\":\"https:\\\/\\\/elcanillita.info\\\/press\\\/2023\\\/08\\\/26\\\/lula-da-silva-rinde-honor-a-un-asesino\\\/\",\"url\":\"https:\\\/\\\/elcanillita.info\\\/press\\\/2023\\\/08\\\/26\\\/lula-da-silva-rinde-honor-a-un-asesino\\\/\",\"name\":\"Lula da Silva rinde honor a un genocida - ElCanillita.Info\",\"isPartOf\":{\"@id\":\"https:\\\/\\\/elcanillita.info\\\/press\\\/#website\"},\"primaryImageOfPage\":{\"@id\":\"https:\\\/\\\/elcanillita.info\\\/press\\\/2023\\\/08\\\/26\\\/lula-da-silva-rinde-honor-a-un-asesino\\\/#primaryimage\"},\"image\":{\"@id\":\"https:\\\/\\\/elcanillita.info\\\/press\\\/2023\\\/08\\\/26\\\/lula-da-silva-rinde-honor-a-un-asesino\\\/#primaryimage\"},\"thumbnailUrl\":\"https:\\\/\\\/elcanillita.info\\\/press\\\/images\\\/2023\\\/08\\\/lulada_20230826.jpg\",\"datePublished\":\"2023-08-26T12:57:26+00:00\",\"dateModified\":\"2023-08-27T06:01:08+00:00\",\"description\":\"Primeras declaraciones de Luiz In\u00e1cio Lula da Silva durante su visita oficial a Angola.\",\"inLanguage\":\"es-AR\",\"potentialAction\":[{\"@type\":\"ReadAction\",\"target\":[\"https:\\\/\\\/elcanillita.info\\\/press\\\/2023\\\/08\\\/26\\\/lula-da-silva-rinde-honor-a-un-asesino\\\/\"]}]},{\"@type\":\"ImageObject\",\"inLanguage\":\"es-AR\",\"@id\":\"https:\\\/\\\/elcanillita.info\\\/press\\\/2023\\\/08\\\/26\\\/lula-da-silva-rinde-honor-a-un-asesino\\\/#primaryimage\",\"url\":\"https:\\\/\\\/elcanillita.info\\\/press\\\/images\\\/2023\\\/08\\\/lulada_20230826.jpg\",\"contentUrl\":\"https:\\\/\\\/elcanillita.info\\\/press\\\/images\\\/2023\\\/08\\\/lulada_20230826.jpg\",\"width\":600,\"height\":343},{\"@type\":\"WebSite\",\"@id\":\"https:\\\/\\\/elcanillita.info\\\/press\\\/#website\",\"url\":\"https:\\\/\\\/elcanillita.info\\\/press\\\/\",\"name\":\"ElCanillita.Info\",\"description\":\"desde los Apeninos a los Andes\",\"publisher\":{\"@id\":\"https:\\\/\\\/elcanillita.info\\\/press\\\/#organization\"},\"potentialAction\":[{\"@type\":\"SearchAction\",\"target\":{\"@type\":\"EntryPoint\",\"urlTemplate\":\"https:\\\/\\\/elcanillita.info\\\/press\\\/?s={search_term_string}\"},\"query-input\":{\"@type\":\"PropertyValueSpecification\",\"valueRequired\":true,\"valueName\":\"search_term_string\"}}],\"inLanguage\":\"es-AR\"},{\"@type\":\"Organization\",\"@id\":\"https:\\\/\\\/elcanillita.info\\\/press\\\/#organization\",\"name\":\"Guzzo Photos & Graphic Publications\",\"url\":\"https:\\\/\\\/elcanillita.info\\\/press\\\/\",\"logo\":{\"@type\":\"ImageObject\",\"inLanguage\":\"es-AR\",\"@id\":\"https:\\\/\\\/elcanillita.info\\\/press\\\/#\\\/schema\\\/logo\\\/image\\\/\",\"url\":\"https:\\\/\\\/elcanillita.info\\\/press\\\/images\\\/2020\\\/01\\\/cropped-cropped-cropped-elcanillitainfo.png\",\"contentUrl\":\"https:\\\/\\\/elcanillita.info\\\/press\\\/images\\\/2020\\\/01\\\/cropped-cropped-cropped-elcanillitainfo.png\",\"width\":460,\"height\":50,\"caption\":\"Guzzo Photos & Graphic Publications\"},\"image\":{\"@id\":\"https:\\\/\\\/elcanillita.info\\\/press\\\/#\\\/schema\\\/logo\\\/image\\\/\"},\"sameAs\":[\"https:\\\/\\\/ar-ar.facebook.com\\\/ElCanillitainfo-114249515285712\\\/\"]},{\"@type\":\"Person\",\"@id\":\"https:\\\/\\\/elcanillita.info\\\/press\\\/#\\\/schema\\\/person\\\/7fcb79f38045700919f7da6d97e71ba0\",\"name\":\"SalaStampa.eu, world press service\",\"image\":{\"@type\":\"ImageObject\",\"inLanguage\":\"es-AR\",\"@id\":\"https:\\\/\\\/secure.gravatar.com\\\/avatar\\\/c2f0e0d515a107624234994507816ca4724c7199cef73fc8bedebf6931d73888?s=96&d=mm&r=g\",\"url\":\"https:\\\/\\\/secure.gravatar.com\\\/avatar\\\/c2f0e0d515a107624234994507816ca4724c7199cef73fc8bedebf6931d73888?s=96&d=mm&r=g\",\"contentUrl\":\"https:\\\/\\\/secure.gravatar.com\\\/avatar\\\/c2f0e0d515a107624234994507816ca4724c7199cef73fc8bedebf6931d73888?s=96&d=mm&r=g\",\"caption\":\"SalaStampa.eu, world press service\"}}]}<\/script>\n<!-- \/ Yoast SEO plugin. -->","yoast_head_json":{"title":"Lula da Silva rinde honor a un genocida - ElCanillita.Info","description":"Primeras declaraciones de Luiz In\u00e1cio Lula da Silva durante su visita oficial a Angola.","robots":{"index":"index","follow":"follow","max-snippet":"max-snippet:-1","max-image-preview":"max-image-preview:large","max-video-preview":"max-video-preview:-1"},"canonical":"https:\/\/elcanillita.info\/press\/2023\/08\/26\/lula-da-silva-rinde-honor-a-un-asesino\/","og_locale":"es_ES","og_type":"article","og_title":"Lula da Silva rinde honor a un genocida - ElCanillita.Info","og_description":"Primeras declaraciones de Luiz In\u00e1cio Lula da Silva durante su visita oficial a Angola.","og_url":"https:\/\/elcanillita.info\/press\/2023\/08\/26\/lula-da-silva-rinde-honor-a-un-asesino\/","og_site_name":"ElCanillita.Info","article_publisher":"https:\/\/ar-ar.facebook.com\/ElCanillitainfo-114249515285712\/","article_published_time":"2023-08-26T12:57:26+00:00","article_modified_time":"2023-08-27T06:01:08+00:00","og_image":[{"width":600,"height":343,"url":"https:\/\/elcanillita.info\/press\/images\/2023\/08\/lulada_20230826.jpg","type":"image\/jpeg"}],"author":"SalaStampa.eu, world press service","twitter_card":"summary_large_image","twitter_misc":{"Escrito por":"SalaStampa.eu, world press service","Tiempo de lectura":"4 minutos"},"schema":{"@context":"https:\/\/schema.org","@graph":[{"@type":"Article","@id":"https:\/\/elcanillita.info\/press\/2023\/08\/26\/lula-da-silva-rinde-honor-a-un-asesino\/#article","isPartOf":{"@id":"https:\/\/elcanillita.info\/press\/2023\/08\/26\/lula-da-silva-rinde-honor-a-un-asesino\/"},"author":{"name":"SalaStampa.eu, world press service","@id":"https:\/\/elcanillita.info\/press\/#\/schema\/person\/7fcb79f38045700919f7da6d97e71ba0"},"headline":"Lula da Silva rinde honor a un genocida","datePublished":"2023-08-26T12:57:26+00:00","dateModified":"2023-08-27T06:01:08+00:00","mainEntityOfPage":{"@id":"https:\/\/elcanillita.info\/press\/2023\/08\/26\/lula-da-silva-rinde-honor-a-un-asesino\/"},"wordCount":890,"publisher":{"@id":"https:\/\/elcanillita.info\/press\/#organization"},"image":{"@id":"https:\/\/elcanillita.info\/press\/2023\/08\/26\/lula-da-silva-rinde-honor-a-un-asesino\/#primaryimage"},"thumbnailUrl":"https:\/\/elcanillita.info\/press\/images\/2023\/08\/lulada_20230826.jpg","articleSection":[".",".","Actualidad","Africa","Politica"],"inLanguage":"es-AR"},{"@type":"WebPage","@id":"https:\/\/elcanillita.info\/press\/2023\/08\/26\/lula-da-silva-rinde-honor-a-un-asesino\/","url":"https:\/\/elcanillita.info\/press\/2023\/08\/26\/lula-da-silva-rinde-honor-a-un-asesino\/","name":"Lula da Silva rinde honor a un genocida - ElCanillita.Info","isPartOf":{"@id":"https:\/\/elcanillita.info\/press\/#website"},"primaryImageOfPage":{"@id":"https:\/\/elcanillita.info\/press\/2023\/08\/26\/lula-da-silva-rinde-honor-a-un-asesino\/#primaryimage"},"image":{"@id":"https:\/\/elcanillita.info\/press\/2023\/08\/26\/lula-da-silva-rinde-honor-a-un-asesino\/#primaryimage"},"thumbnailUrl":"https:\/\/elcanillita.info\/press\/images\/2023\/08\/lulada_20230826.jpg","datePublished":"2023-08-26T12:57:26+00:00","dateModified":"2023-08-27T06:01:08+00:00","description":"Primeras declaraciones de Luiz In\u00e1cio Lula da Silva durante su visita oficial a Angola.","inLanguage":"es-AR","potentialAction":[{"@type":"ReadAction","target":["https:\/\/elcanillita.info\/press\/2023\/08\/26\/lula-da-silva-rinde-honor-a-un-asesino\/"]}]},{"@type":"ImageObject","inLanguage":"es-AR","@id":"https:\/\/elcanillita.info\/press\/2023\/08\/26\/lula-da-silva-rinde-honor-a-un-asesino\/#primaryimage","url":"https:\/\/elcanillita.info\/press\/images\/2023\/08\/lulada_20230826.jpg","contentUrl":"https:\/\/elcanillita.info\/press\/images\/2023\/08\/lulada_20230826.jpg","width":600,"height":343},{"@type":"WebSite","@id":"https:\/\/elcanillita.info\/press\/#website","url":"https:\/\/elcanillita.info\/press\/","name":"ElCanillita.Info","description":"desde los Apeninos a los Andes","publisher":{"@id":"https:\/\/elcanillita.info\/press\/#organization"},"potentialAction":[{"@type":"SearchAction","target":{"@type":"EntryPoint","urlTemplate":"https:\/\/elcanillita.info\/press\/?s={search_term_string}"},"query-input":{"@type":"PropertyValueSpecification","valueRequired":true,"valueName":"search_term_string"}}],"inLanguage":"es-AR"},{"@type":"Organization","@id":"https:\/\/elcanillita.info\/press\/#organization","name":"Guzzo Photos & Graphic Publications","url":"https:\/\/elcanillita.info\/press\/","logo":{"@type":"ImageObject","inLanguage":"es-AR","@id":"https:\/\/elcanillita.info\/press\/#\/schema\/logo\/image\/","url":"https:\/\/elcanillita.info\/press\/images\/2020\/01\/cropped-cropped-cropped-elcanillitainfo.png","contentUrl":"https:\/\/elcanillita.info\/press\/images\/2020\/01\/cropped-cropped-cropped-elcanillitainfo.png","width":460,"height":50,"caption":"Guzzo Photos & Graphic Publications"},"image":{"@id":"https:\/\/elcanillita.info\/press\/#\/schema\/logo\/image\/"},"sameAs":["https:\/\/ar-ar.facebook.com\/ElCanillitainfo-114249515285712\/"]},{"@type":"Person","@id":"https:\/\/elcanillita.info\/press\/#\/schema\/person\/7fcb79f38045700919f7da6d97e71ba0","name":"SalaStampa.eu, world press service","image":{"@type":"ImageObject","inLanguage":"es-AR","@id":"https:\/\/secure.gravatar.com\/avatar\/c2f0e0d515a107624234994507816ca4724c7199cef73fc8bedebf6931d73888?s=96&d=mm&r=g","url":"https:\/\/secure.gravatar.com\/avatar\/c2f0e0d515a107624234994507816ca4724c7199cef73fc8bedebf6931d73888?s=96&d=mm&r=g","contentUrl":"https:\/\/secure.gravatar.com\/avatar\/c2f0e0d515a107624234994507816ca4724c7199cef73fc8bedebf6931d73888?s=96&d=mm&r=g","caption":"SalaStampa.eu, world press service"}}]}},"views":395,"_links":{"self":[{"href":"https:\/\/elcanillita.info\/press\/wp-json\/wp\/v2\/posts\/3677","targetHints":{"allow":["GET"]}}],"collection":[{"href":"https:\/\/elcanillita.info\/press\/wp-json\/wp\/v2\/posts"}],"about":[{"href":"https:\/\/elcanillita.info\/press\/wp-json\/wp\/v2\/types\/post"}],"author":[{"embeddable":true,"href":"https:\/\/elcanillita.info\/press\/wp-json\/wp\/v2\/users\/1"}],"replies":[{"embeddable":true,"href":"https:\/\/elcanillita.info\/press\/wp-json\/wp\/v2\/comments?post=3677"}],"version-history":[{"count":0,"href":"https:\/\/elcanillita.info\/press\/wp-json\/wp\/v2\/posts\/3677\/revisions"}],"wp:featuredmedia":[{"embeddable":true,"href":"https:\/\/elcanillita.info\/press\/wp-json\/wp\/v2\/media\/3678"}],"wp:attachment":[{"href":"https:\/\/elcanillita.info\/press\/wp-json\/wp\/v2\/media?parent=3677"}],"wp:term":[{"taxonomy":"category","embeddable":true,"href":"https:\/\/elcanillita.info\/press\/wp-json\/wp\/v2\/categories?post=3677"},{"taxonomy":"post_tag","embeddable":true,"href":"https:\/\/elcanillita.info\/press\/wp-json\/wp\/v2\/tags?post=3677"}],"curies":[{"name":"wp","href":"https:\/\/api.w.org\/{rel}","templated":true}]}}