{"id":3674,"date":"2023-08-26T05:17:52","date_gmt":"2023-08-26T08:17:52","guid":{"rendered":"https:\/\/elcanillita.info\/press\/?p=3674"},"modified":"2023-08-26T05:32:50","modified_gmt":"2023-08-26T08:32:50","slug":"espejos-raros","status":"publish","type":"post","link":"https:\/\/elcanillita.info\/press\/2023\/08\/26\/espejos-raros\/","title":{"rendered":"Espejos raros"},"content":{"rendered":"\n<figure class=\"wp-block-image size-full\"><img loading=\"lazy\" decoding=\"async\" width=\"600\" height=\"444\" src=\"https:\/\/elcanillita.info\/press\/images\/2023\/08\/Cincinato_20230826.jpg\" alt=\"\" class=\"wp-image-3675\" srcset=\"https:\/\/elcanillita.info\/press\/images\/2023\/08\/Cincinato_20230826.jpg 600w, https:\/\/elcanillita.info\/press\/images\/2023\/08\/Cincinato_20230826-300x222.jpg 300w\" sizes=\"auto, (max-width: 600px) 100vw, 600px\" \/><figcaption class=\"wp-element-caption\"><strong>Cincinnatus abandona el arado para ser elegido dictador y luchar por Roma<\/strong> &#8211; pintura de Ribera, 1779 &#8211; 1860<br>Cincinnatus en el 456 a.C., derrot\u00f3 a los Equi en una batalla del monte Algidus y regres\u00f3 a los campamentos tras s\u00f3lo 16 d\u00edas de dictadura. El decemvirato, creado como comit\u00e9 de sabios para la renovaci\u00f3n de la Rep\u00fablica, cumpli\u00f3 con la promulgaci\u00f3n de las Leyes de las Doce Tablas y estableci\u00f3 un gobierno autoritario, excluyendo a los plebeyos de cualquier magistratura y toma de decisiones en el gobierno de la ciudad. <br>Los plebeyos respondieron a este intento con la amenaza de la secesi\u00f3n y finalmente obtuvieron la restauraci\u00f3n de todas las magistraturas ordinarias, as\u00ed como el exilio de los decemviros y la destituci\u00f3n de Apio Claudio y Espurio Opio Cornicino, el m\u00e1s odiado de los decemviros.<br>(Tito Livio, Ab Urbe Condita Libri, Libro III, 2, 32)<strong><br><\/strong><\/figcaption><\/figure>\n\n\n\n<p><strong>por Enrique Guillermo Avogadro <\/strong><br><em><small>\u201cAquellos republicanos eran gente derrotada \u2026, pero no vencida\u201d.<\/small><\/em><br><em><small>&nbsp;Arturo P\u00e9rez-Reverte<\/small><\/em><br><br><strong>Buenos Aires, 26 Agosto 2023<\/strong><br>Desde las PASO, las tan desprestigiadas empresas encuestadoras est\u00e1n mostrando un harto previsible crecimiento en la intenci\u00f3n de voto de Javier Milei, y algunas llegan al extremo de pronosticar al candidato anarco-libertario un \u00e9xito en primera vuelta. Eso impone preguntarnos a qui\u00e9n se parece m\u00e1s, \u00bfa Mauricio Macri o a Cristina Fern\u00e1ndez?<\/p>\n\n\n\n<p>En la medida en que est\u00e1 fuera de discusi\u00f3n que expresa el hartazgo y la bronca de una ciudadan\u00eda herida hasta lo m\u00e1s hondo y cuyo tejido social ha sido completamente rasgado, la cuesti\u00f3n pasa por desentra\u00f1ar si el espect\u00e1culo que diariamente nos brinda ante cada micr\u00f3fono que se le pone delante es genuino o se trata s\u00f3lo de una construcci\u00f3n voluntaria \u2013luego descartable- para captar el voto de los muchos descontentos con el presente, aterrados por la falta de futuro.<\/p>\n\n\n\n<p>En estos d\u00edas, no s\u00f3lo \u00e9l mismo ha reducido en algo su agresividad, sino que quienes lo rodean y ocupar\u00edan cargos relevantes en su eventual administraci\u00f3n, am\u00e9n de contradecirse entre ellos en la explicaci\u00f3n de sus recetas, han comenzado a explicar que muchas de sus medidas, anunciadas como inmediatas originalmente, en realidad se implementar\u00e1n en \u201cgeneraciones\u201d sucesivas, inclusive en otros per\u00edodos presidenciales y hasta en d\u00e9cadas por venir. Propuestas como dolarizar de inmediato la econom\u00eda, romper relaciones con China y salir del Mercosur, dinamitar el Banco Central, terminar con los subsidios sociales, echar a los empleados p\u00fablicos innecesarios o liberar totalmente la portaci\u00f3n de armas, por ejemplo, ahora se relativizan o se postergan para un incierto porvenir.<\/p>\n\n\n\n<p>Pero hay rasgos de su personalidad que, si son verdaderos, debieran producir graves urticarias en la piel de los republicanos, sobre todo porque las matem\u00e1ticas demuestran que no dispondr\u00e1 de tantos legisladores propios como para sancionar en soledad las leyes que necesite, salvo que negocie con la \u201ccasta\u201d. Tampoco sus reiteradas agresiones a periodistas y a quienes, desde la pol\u00edtica, cuestionan sus posturas m\u00e1s extremas, permiten esperar con cierta tranquilidad la probabilidad de su investidura como primer mandatario. Con s\u00f3lo recordar c\u00f3mo se comportaron los antiguos l\u00edderes, Cristina y Mauricio, cuando cada uno de ellos ejerci\u00f3 el poder, la pregunta de a qui\u00e9n se parece m\u00e1s tiene suficiente justificaci\u00f3n.<\/p>\n\n\n\n<p>Imaginemos, \u00bfqu\u00e9 har\u00eda Milei, si llegara a la Presidencia, con la prensa libre?, \u00bfrealmente pretende validar con democracia directa \u2013el cacareado refer\u00e9ndum- sus aspiraciones legislativas si \u00e9stas no fueran sancionadas por el Congreso?, \u00bfc\u00f3mo reaccionar\u00e1 cuando la Corte Suprema ponga necesario freno a las medidas inconstitucionales que pretenda implementar? Peor a\u00fan, considerando que con tan escasos legisladores propios estar\u00e1 siempre a tiro de un juicio pol\u00edtico, como sucedi\u00f3 con Pedro Castillo (Per\u00fa) y Dilma Rousseff (Brasil), \u00bfqu\u00e9 estar\u00e1 dispuesto a hacer para conservar el poder?<\/p>\n\n\n\n<p>Otro candidato, el <em>Aceitoso <\/em>Sergio Massa, ya no sabe qu\u00e9 conejo mostrar, toda vez que los que su galera conten\u00eda est\u00e1n todos muertos, asesinados por la alt\u00edsima inflaci\u00f3n, la enorme emisi\u00f3n monetaria, la imparable deuda en pesos, la creciente pobreza y la angustiante miseria, la rampante corrupci\u00f3n y el clar\u00edsimo descontento social motivado por el monumental deterioro del poder adquisitivo de salarios e ingresos informales. Esta semana fue el rimbombante anuncio de un arreglo con el FMI que, contra la versi\u00f3n oficial, no permitir\u00e1 grandes intervenciones en el mercado cambiario. Todos esos factores convierten en altamente probable que el peronismo, al que finge representar, resulte ausente en un casi inevitable ballotage; precisamente por eso tanto la emperatriz de Calafate cuanto el pato rengo a cargo de la Presidencia formal guarden tanto silencio, con el sue\u00f1o de no ser alcanzados por tama\u00f1a cat\u00e1strofe electoral.<\/p>\n\n\n\n<p>\u00bfPor qu\u00e9 ser\u00e1 que no me sorprende que, en un irreversible ocaso, un gobierno que ha convertido a la ideolog\u00eda en su instrumento basal de su pol\u00edtica exterior pretenda, a pocos d\u00edas de su partida, convertirnos en socios nada menos que de Ir\u00e1n, el Estado terrorista que tantos argentinos mat\u00f3, y de quienes pretenden transformarse en opositores de Occidente en un mundo bipolar? No rechazo \u201cvincularnos\u201d a los BRICS, como a todo y cualquier conglomerado de pa\u00edses, pero s\u00ed a \u201casociarnos\u201d a quienes se declaran enemigos, al menos econ\u00f3micos y monetarios, de los Estados Unidos y, en el camino, violan y asesinan a sus ciudadanos. Ahora, la Argentina tiene por delante un nuevo problem\u00f3n, como el que tuvo Macri con China en las represas de Santa Cruz: si aceptara la invitaci\u00f3n, compartir\u00eda la membrec\u00eda nada menos que con el pa\u00eds que concret\u00f3 en el nuestro los atentados terroristas de la Embajada de Israel y la AMIA; por el contrario, si rechazara ingresar, sin duda ofender\u00eda a los socios originales, en especial a Brasil, que realiz\u00f3 ingentes esfuerzos para lograrlo. &nbsp;<\/p>\n\n\n\n<p>El claro y franco apoyo de Horacio Rodr\u00edguez Larreta a la candidatura de Patricia Bullrich, y el inminente anuncio de un prestigioso gabinete econ\u00f3mico que encabezar\u00eda Carlos Melconian e integran Hern\u00e1n Lacunza, Luciano Laspina y otros notables permiten albergar esperanzas en que la ciudadan\u00eda reaccione a tiempo, no entregue su suerte a alguien que presenta en su personalidad tantos rasgos mesi\u00e1nicos y compatibles con peligrosas patolog\u00edas, y la convierta en Presidente. Ella ha conseguido conservar las d\u00edscolas voluntades del radicalismo, asegurando as\u00ed la continuidad de Juntos por el Cambio en la historia argentina. No es poco, en un pa\u00eds tan raro como el nuestro, que ha enterrado a numerosos proyectos pol\u00edticos virtuosos.<br><br><small>\u00a9 Copyright 2023 Enrique Guillermo Avogadro<br>\u00a9 2023 ElCanillita.info \/ SalaStampa.Eu, servicio mundial de prensa<\/small><\/p>\n\n\n\n<p> <\/p>\n","protected":false},"excerpt":{"rendered":"<p> Cincinnatus abandona el arado para ser elegido dictador y luchar por Roma.  <br \/><small> Pintura de Juan Antonio de Ribera, 1779 &#8211; 1860<\/small> <\/p>\n","protected":false},"author":1,"featured_media":3675,"comment_status":"closed","ping_status":"closed","sticky":false,"template":"","format":"standard","meta":{"footnotes":"","_links_to":"","_links_to_target":""},"categories":[108,121,70,11,23],"tags":[29],"class_list":["post-3674","post","type-post","status-publish","format-standard","has-post-thumbnail","hentry","category-blogdiario","category-dc24","category-actualidad","category-america-del-sur","category-politica","tag-argentina","entry","double"],"yoast_head":"<!-- This site is optimized with the Yoast SEO plugin v27.4 - https:\/\/yoast.com\/product\/yoast-seo-wordpress\/ -->\n<title>Espejos raros - ElCanillita.Info<\/title>\n<meta name=\"description\" content=\"Cincinnatus abandona el arado para ser elegido dictador y luchar por Roma Pintura de Juan Antonio de Ribera, 1779 - 1860\" \/>\n<meta name=\"robots\" content=\"index, follow, max-snippet:-1, max-image-preview:large, max-video-preview:-1\" \/>\n<link rel=\"canonical\" href=\"https:\/\/elcanillita.info\/press\/2023\/08\/26\/espejos-raros\/\" \/>\n<meta property=\"og:locale\" content=\"es_ES\" \/>\n<meta property=\"og:type\" content=\"article\" \/>\n<meta property=\"og:title\" content=\"Espejos raros - ElCanillita.Info\" \/>\n<meta property=\"og:description\" content=\"Cincinnatus abandona el arado para ser elegido dictador y luchar por Roma Pintura de Juan Antonio de Ribera, 1779 - 1860\" \/>\n<meta property=\"og:url\" content=\"https:\/\/elcanillita.info\/press\/2023\/08\/26\/espejos-raros\/\" \/>\n<meta property=\"og:site_name\" content=\"ElCanillita.Info\" \/>\n<meta property=\"article:publisher\" content=\"https:\/\/ar-ar.facebook.com\/ElCanillitainfo-114249515285712\/\" \/>\n<meta property=\"article:published_time\" content=\"2023-08-26T08:17:52+00:00\" \/>\n<meta property=\"article:modified_time\" content=\"2023-08-26T08:32:50+00:00\" \/>\n<meta property=\"og:image\" content=\"https:\/\/elcanillita.info\/press\/images\/2023\/08\/Cincinato_20230826.jpg\" \/>\n\t<meta property=\"og:image:width\" content=\"600\" \/>\n\t<meta property=\"og:image:height\" content=\"444\" \/>\n\t<meta property=\"og:image:type\" content=\"image\/jpeg\" \/>\n<meta name=\"author\" content=\"SalaStampa.eu, world press service\" \/>\n<meta name=\"twitter:card\" content=\"summary_large_image\" \/>\n<meta name=\"twitter:label1\" content=\"Escrito por\" \/>\n\t<meta name=\"twitter:data1\" content=\"SalaStampa.eu, world press service\" \/>\n\t<meta name=\"twitter:label2\" content=\"Tiempo de lectura\" \/>\n\t<meta name=\"twitter:data2\" content=\"6 minutos\" \/>\n<script type=\"application\/ld+json\" class=\"yoast-schema-graph\">{\"@context\":\"https:\\\/\\\/schema.org\",\"@graph\":[{\"@type\":\"Article\",\"@id\":\"https:\\\/\\\/elcanillita.info\\\/press\\\/2023\\\/08\\\/26\\\/espejos-raros\\\/#article\",\"isPartOf\":{\"@id\":\"https:\\\/\\\/elcanillita.info\\\/press\\\/2023\\\/08\\\/26\\\/espejos-raros\\\/\"},\"author\":{\"name\":\"SalaStampa.eu, world press service\",\"@id\":\"https:\\\/\\\/elcanillita.info\\\/press\\\/#\\\/schema\\\/person\\\/7fcb79f38045700919f7da6d97e71ba0\"},\"headline\":\"Espejos raros\",\"datePublished\":\"2023-08-26T08:17:52+00:00\",\"dateModified\":\"2023-08-26T08:32:50+00:00\",\"mainEntityOfPage\":{\"@id\":\"https:\\\/\\\/elcanillita.info\\\/press\\\/2023\\\/08\\\/26\\\/espejos-raros\\\/\"},\"wordCount\":1135,\"publisher\":{\"@id\":\"https:\\\/\\\/elcanillita.info\\\/press\\\/#organization\"},\"image\":{\"@id\":\"https:\\\/\\\/elcanillita.info\\\/press\\\/2023\\\/08\\\/26\\\/espejos-raros\\\/#primaryimage\"},\"thumbnailUrl\":\"https:\\\/\\\/elcanillita.info\\\/press\\\/images\\\/2023\\\/08\\\/Cincinato_20230826.jpg\",\"keywords\":[\"Argentina\"],\"articleSection\":[\".\",\".\",\"Actualidad\",\"Am\u00e9rica del Sur\",\"Politica\"],\"inLanguage\":\"es-AR\"},{\"@type\":\"WebPage\",\"@id\":\"https:\\\/\\\/elcanillita.info\\\/press\\\/2023\\\/08\\\/26\\\/espejos-raros\\\/\",\"url\":\"https:\\\/\\\/elcanillita.info\\\/press\\\/2023\\\/08\\\/26\\\/espejos-raros\\\/\",\"name\":\"Espejos raros - ElCanillita.Info\",\"isPartOf\":{\"@id\":\"https:\\\/\\\/elcanillita.info\\\/press\\\/#website\"},\"primaryImageOfPage\":{\"@id\":\"https:\\\/\\\/elcanillita.info\\\/press\\\/2023\\\/08\\\/26\\\/espejos-raros\\\/#primaryimage\"},\"image\":{\"@id\":\"https:\\\/\\\/elcanillita.info\\\/press\\\/2023\\\/08\\\/26\\\/espejos-raros\\\/#primaryimage\"},\"thumbnailUrl\":\"https:\\\/\\\/elcanillita.info\\\/press\\\/images\\\/2023\\\/08\\\/Cincinato_20230826.jpg\",\"datePublished\":\"2023-08-26T08:17:52+00:00\",\"dateModified\":\"2023-08-26T08:32:50+00:00\",\"description\":\"Cincinnatus abandona el arado para ser elegido dictador y luchar por Roma Pintura de Juan Antonio de Ribera, 1779 - 1860\",\"inLanguage\":\"es-AR\",\"potentialAction\":[{\"@type\":\"ReadAction\",\"target\":[\"https:\\\/\\\/elcanillita.info\\\/press\\\/2023\\\/08\\\/26\\\/espejos-raros\\\/\"]}]},{\"@type\":\"ImageObject\",\"inLanguage\":\"es-AR\",\"@id\":\"https:\\\/\\\/elcanillita.info\\\/press\\\/2023\\\/08\\\/26\\\/espejos-raros\\\/#primaryimage\",\"url\":\"https:\\\/\\\/elcanillita.info\\\/press\\\/images\\\/2023\\\/08\\\/Cincinato_20230826.jpg\",\"contentUrl\":\"https:\\\/\\\/elcanillita.info\\\/press\\\/images\\\/2023\\\/08\\\/Cincinato_20230826.jpg\",\"width\":600,\"height\":444},{\"@type\":\"WebSite\",\"@id\":\"https:\\\/\\\/elcanillita.info\\\/press\\\/#website\",\"url\":\"https:\\\/\\\/elcanillita.info\\\/press\\\/\",\"name\":\"ElCanillita.Info\",\"description\":\"desde los Apeninos a los Andes\",\"publisher\":{\"@id\":\"https:\\\/\\\/elcanillita.info\\\/press\\\/#organization\"},\"potentialAction\":[{\"@type\":\"SearchAction\",\"target\":{\"@type\":\"EntryPoint\",\"urlTemplate\":\"https:\\\/\\\/elcanillita.info\\\/press\\\/?s={search_term_string}\"},\"query-input\":{\"@type\":\"PropertyValueSpecification\",\"valueRequired\":true,\"valueName\":\"search_term_string\"}}],\"inLanguage\":\"es-AR\"},{\"@type\":\"Organization\",\"@id\":\"https:\\\/\\\/elcanillita.info\\\/press\\\/#organization\",\"name\":\"Guzzo Photos & Graphic Publications\",\"url\":\"https:\\\/\\\/elcanillita.info\\\/press\\\/\",\"logo\":{\"@type\":\"ImageObject\",\"inLanguage\":\"es-AR\",\"@id\":\"https:\\\/\\\/elcanillita.info\\\/press\\\/#\\\/schema\\\/logo\\\/image\\\/\",\"url\":\"https:\\\/\\\/elcanillita.info\\\/press\\\/images\\\/2020\\\/01\\\/cropped-cropped-cropped-elcanillitainfo.png\",\"contentUrl\":\"https:\\\/\\\/elcanillita.info\\\/press\\\/images\\\/2020\\\/01\\\/cropped-cropped-cropped-elcanillitainfo.png\",\"width\":460,\"height\":50,\"caption\":\"Guzzo Photos & Graphic Publications\"},\"image\":{\"@id\":\"https:\\\/\\\/elcanillita.info\\\/press\\\/#\\\/schema\\\/logo\\\/image\\\/\"},\"sameAs\":[\"https:\\\/\\\/ar-ar.facebook.com\\\/ElCanillitainfo-114249515285712\\\/\"]},{\"@type\":\"Person\",\"@id\":\"https:\\\/\\\/elcanillita.info\\\/press\\\/#\\\/schema\\\/person\\\/7fcb79f38045700919f7da6d97e71ba0\",\"name\":\"SalaStampa.eu, world press service\",\"image\":{\"@type\":\"ImageObject\",\"inLanguage\":\"es-AR\",\"@id\":\"https:\\\/\\\/secure.gravatar.com\\\/avatar\\\/c2f0e0d515a107624234994507816ca4724c7199cef73fc8bedebf6931d73888?s=96&d=mm&r=g\",\"url\":\"https:\\\/\\\/secure.gravatar.com\\\/avatar\\\/c2f0e0d515a107624234994507816ca4724c7199cef73fc8bedebf6931d73888?s=96&d=mm&r=g\",\"contentUrl\":\"https:\\\/\\\/secure.gravatar.com\\\/avatar\\\/c2f0e0d515a107624234994507816ca4724c7199cef73fc8bedebf6931d73888?s=96&d=mm&r=g\",\"caption\":\"SalaStampa.eu, world press service\"}}]}<\/script>\n<!-- \/ Yoast SEO plugin. -->","yoast_head_json":{"title":"Espejos raros - ElCanillita.Info","description":"Cincinnatus abandona el arado para ser elegido dictador y luchar por Roma Pintura de Juan Antonio de Ribera, 1779 - 1860","robots":{"index":"index","follow":"follow","max-snippet":"max-snippet:-1","max-image-preview":"max-image-preview:large","max-video-preview":"max-video-preview:-1"},"canonical":"https:\/\/elcanillita.info\/press\/2023\/08\/26\/espejos-raros\/","og_locale":"es_ES","og_type":"article","og_title":"Espejos raros - ElCanillita.Info","og_description":"Cincinnatus abandona el arado para ser elegido dictador y luchar por Roma Pintura de Juan Antonio de Ribera, 1779 - 1860","og_url":"https:\/\/elcanillita.info\/press\/2023\/08\/26\/espejos-raros\/","og_site_name":"ElCanillita.Info","article_publisher":"https:\/\/ar-ar.facebook.com\/ElCanillitainfo-114249515285712\/","article_published_time":"2023-08-26T08:17:52+00:00","article_modified_time":"2023-08-26T08:32:50+00:00","og_image":[{"width":600,"height":444,"url":"https:\/\/elcanillita.info\/press\/images\/2023\/08\/Cincinato_20230826.jpg","type":"image\/jpeg"}],"author":"SalaStampa.eu, world press service","twitter_card":"summary_large_image","twitter_misc":{"Escrito por":"SalaStampa.eu, world press service","Tiempo de lectura":"6 minutos"},"schema":{"@context":"https:\/\/schema.org","@graph":[{"@type":"Article","@id":"https:\/\/elcanillita.info\/press\/2023\/08\/26\/espejos-raros\/#article","isPartOf":{"@id":"https:\/\/elcanillita.info\/press\/2023\/08\/26\/espejos-raros\/"},"author":{"name":"SalaStampa.eu, world press service","@id":"https:\/\/elcanillita.info\/press\/#\/schema\/person\/7fcb79f38045700919f7da6d97e71ba0"},"headline":"Espejos raros","datePublished":"2023-08-26T08:17:52+00:00","dateModified":"2023-08-26T08:32:50+00:00","mainEntityOfPage":{"@id":"https:\/\/elcanillita.info\/press\/2023\/08\/26\/espejos-raros\/"},"wordCount":1135,"publisher":{"@id":"https:\/\/elcanillita.info\/press\/#organization"},"image":{"@id":"https:\/\/elcanillita.info\/press\/2023\/08\/26\/espejos-raros\/#primaryimage"},"thumbnailUrl":"https:\/\/elcanillita.info\/press\/images\/2023\/08\/Cincinato_20230826.jpg","keywords":["Argentina"],"articleSection":[".",".","Actualidad","Am\u00e9rica del Sur","Politica"],"inLanguage":"es-AR"},{"@type":"WebPage","@id":"https:\/\/elcanillita.info\/press\/2023\/08\/26\/espejos-raros\/","url":"https:\/\/elcanillita.info\/press\/2023\/08\/26\/espejos-raros\/","name":"Espejos raros - ElCanillita.Info","isPartOf":{"@id":"https:\/\/elcanillita.info\/press\/#website"},"primaryImageOfPage":{"@id":"https:\/\/elcanillita.info\/press\/2023\/08\/26\/espejos-raros\/#primaryimage"},"image":{"@id":"https:\/\/elcanillita.info\/press\/2023\/08\/26\/espejos-raros\/#primaryimage"},"thumbnailUrl":"https:\/\/elcanillita.info\/press\/images\/2023\/08\/Cincinato_20230826.jpg","datePublished":"2023-08-26T08:17:52+00:00","dateModified":"2023-08-26T08:32:50+00:00","description":"Cincinnatus abandona el arado para ser elegido dictador y luchar por Roma Pintura de Juan Antonio de Ribera, 1779 - 1860","inLanguage":"es-AR","potentialAction":[{"@type":"ReadAction","target":["https:\/\/elcanillita.info\/press\/2023\/08\/26\/espejos-raros\/"]}]},{"@type":"ImageObject","inLanguage":"es-AR","@id":"https:\/\/elcanillita.info\/press\/2023\/08\/26\/espejos-raros\/#primaryimage","url":"https:\/\/elcanillita.info\/press\/images\/2023\/08\/Cincinato_20230826.jpg","contentUrl":"https:\/\/elcanillita.info\/press\/images\/2023\/08\/Cincinato_20230826.jpg","width":600,"height":444},{"@type":"WebSite","@id":"https:\/\/elcanillita.info\/press\/#website","url":"https:\/\/elcanillita.info\/press\/","name":"ElCanillita.Info","description":"desde los Apeninos a los Andes","publisher":{"@id":"https:\/\/elcanillita.info\/press\/#organization"},"potentialAction":[{"@type":"SearchAction","target":{"@type":"EntryPoint","urlTemplate":"https:\/\/elcanillita.info\/press\/?s={search_term_string}"},"query-input":{"@type":"PropertyValueSpecification","valueRequired":true,"valueName":"search_term_string"}}],"inLanguage":"es-AR"},{"@type":"Organization","@id":"https:\/\/elcanillita.info\/press\/#organization","name":"Guzzo Photos & Graphic Publications","url":"https:\/\/elcanillita.info\/press\/","logo":{"@type":"ImageObject","inLanguage":"es-AR","@id":"https:\/\/elcanillita.info\/press\/#\/schema\/logo\/image\/","url":"https:\/\/elcanillita.info\/press\/images\/2020\/01\/cropped-cropped-cropped-elcanillitainfo.png","contentUrl":"https:\/\/elcanillita.info\/press\/images\/2020\/01\/cropped-cropped-cropped-elcanillitainfo.png","width":460,"height":50,"caption":"Guzzo Photos & Graphic Publications"},"image":{"@id":"https:\/\/elcanillita.info\/press\/#\/schema\/logo\/image\/"},"sameAs":["https:\/\/ar-ar.facebook.com\/ElCanillitainfo-114249515285712\/"]},{"@type":"Person","@id":"https:\/\/elcanillita.info\/press\/#\/schema\/person\/7fcb79f38045700919f7da6d97e71ba0","name":"SalaStampa.eu, world press service","image":{"@type":"ImageObject","inLanguage":"es-AR","@id":"https:\/\/secure.gravatar.com\/avatar\/c2f0e0d515a107624234994507816ca4724c7199cef73fc8bedebf6931d73888?s=96&d=mm&r=g","url":"https:\/\/secure.gravatar.com\/avatar\/c2f0e0d515a107624234994507816ca4724c7199cef73fc8bedebf6931d73888?s=96&d=mm&r=g","contentUrl":"https:\/\/secure.gravatar.com\/avatar\/c2f0e0d515a107624234994507816ca4724c7199cef73fc8bedebf6931d73888?s=96&d=mm&r=g","caption":"SalaStampa.eu, world press service"}}]}},"views":364,"_links":{"self":[{"href":"https:\/\/elcanillita.info\/press\/wp-json\/wp\/v2\/posts\/3674","targetHints":{"allow":["GET"]}}],"collection":[{"href":"https:\/\/elcanillita.info\/press\/wp-json\/wp\/v2\/posts"}],"about":[{"href":"https:\/\/elcanillita.info\/press\/wp-json\/wp\/v2\/types\/post"}],"author":[{"embeddable":true,"href":"https:\/\/elcanillita.info\/press\/wp-json\/wp\/v2\/users\/1"}],"replies":[{"embeddable":true,"href":"https:\/\/elcanillita.info\/press\/wp-json\/wp\/v2\/comments?post=3674"}],"version-history":[{"count":0,"href":"https:\/\/elcanillita.info\/press\/wp-json\/wp\/v2\/posts\/3674\/revisions"}],"wp:featuredmedia":[{"embeddable":true,"href":"https:\/\/elcanillita.info\/press\/wp-json\/wp\/v2\/media\/3675"}],"wp:attachment":[{"href":"https:\/\/elcanillita.info\/press\/wp-json\/wp\/v2\/media?parent=3674"}],"wp:term":[{"taxonomy":"category","embeddable":true,"href":"https:\/\/elcanillita.info\/press\/wp-json\/wp\/v2\/categories?post=3674"},{"taxonomy":"post_tag","embeddable":true,"href":"https:\/\/elcanillita.info\/press\/wp-json\/wp\/v2\/tags?post=3674"}],"curies":[{"name":"wp","href":"https:\/\/api.w.org\/{rel}","templated":true}]}}