{"id":3669,"date":"2023-08-25T14:33:08","date_gmt":"2023-08-25T17:33:08","guid":{"rendered":"https:\/\/elcanillita.info\/press\/?p=3669"},"modified":"2023-08-25T14:33:09","modified_gmt":"2023-08-25T17:33:09","slug":"lula-en-gira-por-angola","status":"publish","type":"post","link":"https:\/\/elcanillita.info\/press\/2023\/08\/25\/lula-en-gira-por-angola\/","title":{"rendered":"Lula en gira por Angola"},"content":{"rendered":"\n<figure class=\"wp-block-image size-full\"><img loading=\"lazy\" decoding=\"async\" width=\"600\" height=\"343\" src=\"https:\/\/elcanillita.info\/press\/images\/2023\/08\/lula_2_20230825.jpg\" alt=\"\" class=\"wp-image-3670\" srcset=\"https:\/\/elcanillita.info\/press\/images\/2023\/08\/lula_2_20230825.jpg 600w, https:\/\/elcanillita.info\/press\/images\/2023\/08\/lula_2_20230825-300x172.jpg 300w\" sizes=\"auto, (max-width: 600px) 100vw, 600px\" \/><\/figure>\n\n\n\n<p><strong>ElCanillita.info, 25\/08\/2023<\/strong><br>El programa oficial de la visita de Luiz In\u00e1cio Lula da Silva comienza con la colocaci\u00f3n de una corona de flores en el sarc\u00f3fago del asesino y primer Presidente angole\u00f1o, Ant\u00f3nio Agostinho Neto, que mand\u00f3 asesinar a miles (80.000) de angole\u00f1os en las masacres del 27 de Mayo de 1977, para dirigirse a continuaci\u00f3n al Palacio Presidencial, donde se reunir\u00e1 con el Jefe de Estado angole\u00f1o, General Jo\u00e3o Louren\u00e7o.<\/p>\n\n\n\n<p>Tras el encuentro entre los dos jefes de Estado, se firmar\u00e1n acuerdos en diversos \u00e1mbitos de cooperaci\u00f3n, concretamente en los sectores de la agricultura, la sanidad, la educaci\u00f3n, las peque\u00f1as y medianas empresas, el tratamiento de datos en la administraci\u00f3n p\u00fablica y los transportes.<\/p>\n\n\n\n<p>Por la tarde est\u00e1 prevista una sesi\u00f3n solemne en la Asamblea Nacional y en este primer d\u00eda se celebrar\u00e1 un Foro Econ\u00f3mico entre Angola y Brasil, con la participaci\u00f3n de 500 empresarios y que se clausurar\u00e1 con la presencia de los dos presidentes.<\/p>\n\n\n\n<p>El s\u00e1bado, Lula da Silva inaugurar\u00e1 un nuevo espacio en el Instituto Guimar\u00e3es Rosa (Centro Cultural Angola-Brasil) y se reunir\u00e1 con la comunidad brasile\u00f1a residente en Angola, cerrando el programa oficial de la visita en el Palacio Presidencial.<\/p>\n\n\n\n<p>La comunidad brasile\u00f1a en Angola cuenta con cerca de 27.000 personas y es, seg\u00fan el embajador de Brasil en Luanda, Rafael Vidal, &#8220;de lejos&#8221; la mayor de \u00c1frica.<\/p>\n\n\n\n<p>El s\u00e9quito de Lula da Silva incluye a seis ministros -entre ellos los de Salud, Derechos Humanos, Igualdad Racial y Asuntos Exteriores-, la mayor comitiva que jam\u00e1s haya visitado a Lula da Silva en el extranjero, y 170 empresarios brasile\u00f1os.<\/p>\n\n\n\n<p>Lula da Silva parte de Luanda el domingo por la ma\u00f1ana hacia Santo Tom\u00e9 y Pr\u00edncipe para participar en la XIV Conferencia de Jefes de Estado y de Gobierno de la Comunidad de Pa\u00edses de Lengua Portuguesa (CPLP).<\/p>\n\n\n\n<p>Los ide\u00f3logos del r\u00e9gimen del Movimiento Popular de Liberaci\u00f3n de Angola y los pol\u00edticos brasile\u00f1os comprenden, en gran parte por culpa nuestra, que todos somos&#8221;matumbos&#8221;, hechiceros vud\u00fa tribales africanos. Y si aqu\u00ed se fomenta el miedo, la ignorancia y el pensamiento \u00fanico, no se puede decir lo mismo de Brasil. Por eso es dif\u00edcil entender por qu\u00e9 los dirigentes brasile\u00f1os est\u00e1n (o dicen estar) tan mal informados sobre Angola.<\/p>\n\n\n\n<p>Es dif\u00edcil de creer, pero es cierto, que los pol\u00edticos brasile\u00f1os hacen todo lo posible para intentar legitimar lo que est\u00e1 mal de nuestras autoridades, del MPLA, la organizaci\u00f3n que est\u00e1 en el poder desde la independencia.<\/p>\n\n\n\n<p>\u00bfAlguien ha o\u00eddo alguna vez a Luiz In\u00e1cio Lula da Silva decir que el 68% de la poblaci\u00f3n angole\u00f1a est\u00e1 afectada por la pobreza, que la tasa de mortalidad infantil es una de las m\u00e1s altas del mundo, con 250 muertes por cada 1.000 ni\u00f1os? \u00bfAlguien le oy\u00f3 decir que s\u00f3lo el 38% de la poblaci\u00f3n angole\u00f1a tiene acceso a agua potable y s\u00f3lo el 44% dispone de saneamiento b\u00e1sico?<\/p>\n\n\n\n<p>\u00bfAlguien oy\u00f3 decir a Luiz In\u00e1cio Lula da Silva que s\u00f3lo una cuarta parte de la poblaci\u00f3n angole\u00f1a tiene acceso a servicios sanitarios, que en la mayor\u00eda de los casos son de mala calidad? \u00bfAlguien le oy\u00f3 decir que el 12% de los hospitales, el 11% de los centros de salud y el 85% de los puestos de salud del pa\u00eds tienen problemas de instalaciones, escasez de personal y falta de medicamentos?<\/p>\n\n\n\n<p>\u00bfAlguien oy\u00f3 decir a Luiz In\u00e1cio Lula da Silva que el 45% de los ni\u00f1os angole\u00f1os sufren desnutrici\u00f3n cr\u00f3nica, y que uno de cada cuatro (25%) muere antes de cumplir los cinco a\u00f1os? \u00bfAlguien le oy\u00f3 decir que, en Angola, la dependencia socioecon\u00f3mica de favores, privilegios y bienes, es decir, el cabritismo, es el m\u00e9todo utilizado por el MPLA para amordazar a los angole\u00f1os?<\/p>\n\n\n\n<p>\u00bfAlguien ha o\u00eddo alguna vez a Luiz In\u00e1cio Lula da Silva decir que, en Angola, el acceso a la buena educaci\u00f3n, a los condominios, al capital social de bancos y compa\u00f1\u00edas de seguros, a los grandes negocios, a las licitaciones de bloques petrol\u00edferos, est\u00e1 limitado a un grupo muy restringido de familias vinculadas al r\u00e9gimen gobernante?<\/p>\n\n\n\n<p>\u00bfAlguien ha o\u00eddo decir alguna vez a Luiz In\u00e1cio Lula da Silva que Angola es uno de los pa\u00edses m\u00e1s corruptos del mundo y que tiene 20 millones de pobres?<\/p>\n\n\n\n<p>Nadie. Se dir\u00e1, y es verdad, que ese silencio connivente es condici\u00f3n &#8220;sine qua non&#8221; para caer en gracia a los due\u00f1os de nuestro pa\u00eds, entre otras cosas porque todos sabemos que ning\u00fan negocio se hace sin la autorizaci\u00f3n del general Jo\u00e3o Louren\u00e7o.<\/p>\n\n\n\n<p>De este modo, Brasil consigue no el respeto, sino el consentimiento del r\u00e9gimen para sus tratos. Sin embargo, olvidan algo que tarde o temprano les costar\u00e1 caro: el r\u00e9gimen no es eterno y los angole\u00f1os tienen memoria.<\/p>\n\n\n\n<p>Y de hecho -no de iure- las razones de la estadidad son una especie de puerto donde cabe todo lo que interesa a Brasil, en este caso, aunque sea violando las reglas del Estado de Derecho. En otras palabras, permite que se dicte sentencia antes de que se hayan investigado los hechos. Primero se mata y luego se articulan jur\u00eddicamente los argumentos que avalan esos asesinatos.<\/p>\n\n\n\n<p>En un Estado de Derecho, una de las reglas fundamentales es dar a la pol\u00edtica lo que le corresponde y a los tribunales lo que les corresponde. Este no es el caso de Angola. Hay tal promiscuidad que, cada vez m\u00e1s, los tribunales ejecutan la pol\u00edtica ordenada por el MPLA y la pol\u00edtica (MPLA) investiga y juzga. En Angola, la promiscuidad es en s\u00ed misma un miembro activo del poder del MPLA\u2026<br><\/p>\n\n\n\n<p><small>Copyright \u00a9 2023 ElCanillita.info \/ Jornalf8.net<\/small> \/ <small>SalaStampa.eu, servicio mundial de prensa<\/small><\/p>\n\n\n\n<p class=\"has-text-align-center\"><strong>LEER puede crear Independencia<\/strong><br><br><\/p>\n","protected":false},"excerpt":{"rendered":"<p>El Presidente de Brasil, Lula da Silvam, inicia hoy una visita oficial de dos d\u00edas a Angola con una comitiva reforzada y reuniones con su hom\u00f3logo angole\u00f1o y la comunidad brasile\u00f1a. Tambi\u00e9n rendir\u00e1 homenaje al mayor asesino y genocida de Angola, Ant\u00f3nio Agostinho Neto, pasando por los 20 millones de angole\u00f1os pobres.<\/p>\n","protected":false},"author":1,"featured_media":3671,"comment_status":"closed","ping_status":"closed","sticky":false,"template":"","format":"standard","meta":{"footnotes":"","_links_to":"","_links_to_target":""},"categories":[121,108,70,14,20,23],"tags":[],"class_list":["post-3669","post","type-post","status-publish","format-standard","has-post-thumbnail","hentry","category-dc24","category-blogdiario","category-actualidad","category-africa","category-economia","category-politica","entry","double"],"yoast_head":"<!-- This site is optimized with the Yoast SEO plugin v27.4 - https:\/\/yoast.com\/product\/yoast-seo-wordpress\/ -->\n<title>Lula en gira por Angola - ElCanillita.Info<\/title>\n<meta name=\"description\" content=\"El Presidente de Brasil, Lula da Silvam, inicia hoy una visita oficial de dos d\u00edas a Angola con una comitiva reforzada y reuniones con su hom\u00f3logo angole\u00f1o y la comunidad brasile\u00f1a. Tambi\u00e9n rendir\u00e1 homenaje al mayor asesino y genocida de Angola, Ant\u00f3nio Agostinho Neto, pasando por los 20 millones de angole\u00f1os pobres.\" \/>\n<meta name=\"robots\" content=\"index, follow, max-snippet:-1, max-image-preview:large, max-video-preview:-1\" \/>\n<link rel=\"canonical\" href=\"https:\/\/elcanillita.info\/press\/2023\/08\/25\/lula-en-gira-por-angola\/\" \/>\n<meta property=\"og:locale\" content=\"es_ES\" \/>\n<meta property=\"og:type\" content=\"article\" \/>\n<meta property=\"og:title\" content=\"Lula en gira por Angola - ElCanillita.Info\" \/>\n<meta property=\"og:description\" content=\"El Presidente de Brasil, Lula da Silvam, inicia hoy una visita oficial de dos d\u00edas a Angola con una comitiva reforzada y reuniones con su hom\u00f3logo angole\u00f1o y la comunidad brasile\u00f1a. Tambi\u00e9n rendir\u00e1 homenaje al mayor asesino y genocida de Angola, Ant\u00f3nio Agostinho Neto, pasando por los 20 millones de angole\u00f1os pobres.\" \/>\n<meta property=\"og:url\" content=\"https:\/\/elcanillita.info\/press\/2023\/08\/25\/lula-en-gira-por-angola\/\" \/>\n<meta property=\"og:site_name\" content=\"ElCanillita.Info\" \/>\n<meta property=\"article:publisher\" content=\"https:\/\/ar-ar.facebook.com\/ElCanillitainfo-114249515285712\/\" \/>\n<meta property=\"article:published_time\" content=\"2023-08-25T17:33:08+00:00\" \/>\n<meta property=\"article:modified_time\" content=\"2023-08-25T17:33:09+00:00\" \/>\n<meta property=\"og:image\" content=\"https:\/\/elcanillita.info\/press\/images\/2023\/08\/lula_1_20230825.jpg\" \/>\n\t<meta property=\"og:image:width\" content=\"600\" \/>\n\t<meta property=\"og:image:height\" content=\"449\" \/>\n\t<meta property=\"og:image:type\" content=\"image\/jpeg\" \/>\n<meta name=\"author\" content=\"SalaStampa.eu, world press service\" \/>\n<meta name=\"twitter:card\" content=\"summary_large_image\" \/>\n<meta name=\"twitter:label1\" content=\"Escrito por\" \/>\n\t<meta name=\"twitter:data1\" content=\"SalaStampa.eu, world press service\" \/>\n\t<meta name=\"twitter:label2\" content=\"Tiempo de lectura\" \/>\n\t<meta name=\"twitter:data2\" content=\"5 minutos\" \/>\n<script type=\"application\/ld+json\" class=\"yoast-schema-graph\">{\"@context\":\"https:\\\/\\\/schema.org\",\"@graph\":[{\"@type\":\"Article\",\"@id\":\"https:\\\/\\\/elcanillita.info\\\/press\\\/2023\\\/08\\\/25\\\/lula-en-gira-por-angola\\\/#article\",\"isPartOf\":{\"@id\":\"https:\\\/\\\/elcanillita.info\\\/press\\\/2023\\\/08\\\/25\\\/lula-en-gira-por-angola\\\/\"},\"author\":{\"name\":\"SalaStampa.eu, world press service\",\"@id\":\"https:\\\/\\\/elcanillita.info\\\/press\\\/#\\\/schema\\\/person\\\/7fcb79f38045700919f7da6d97e71ba0\"},\"headline\":\"Lula en gira por Angola\",\"datePublished\":\"2023-08-25T17:33:08+00:00\",\"dateModified\":\"2023-08-25T17:33:09+00:00\",\"mainEntityOfPage\":{\"@id\":\"https:\\\/\\\/elcanillita.info\\\/press\\\/2023\\\/08\\\/25\\\/lula-en-gira-por-angola\\\/\"},\"wordCount\":1016,\"publisher\":{\"@id\":\"https:\\\/\\\/elcanillita.info\\\/press\\\/#organization\"},\"image\":{\"@id\":\"https:\\\/\\\/elcanillita.info\\\/press\\\/2023\\\/08\\\/25\\\/lula-en-gira-por-angola\\\/#primaryimage\"},\"thumbnailUrl\":\"https:\\\/\\\/elcanillita.info\\\/press\\\/images\\\/2023\\\/08\\\/lula_1_20230825.jpg\",\"articleSection\":[\".\",\".\",\"Actualidad\",\"Africa\",\"Economia\",\"Politica\"],\"inLanguage\":\"es-AR\"},{\"@type\":\"WebPage\",\"@id\":\"https:\\\/\\\/elcanillita.info\\\/press\\\/2023\\\/08\\\/25\\\/lula-en-gira-por-angola\\\/\",\"url\":\"https:\\\/\\\/elcanillita.info\\\/press\\\/2023\\\/08\\\/25\\\/lula-en-gira-por-angola\\\/\",\"name\":\"Lula en gira por Angola - ElCanillita.Info\",\"isPartOf\":{\"@id\":\"https:\\\/\\\/elcanillita.info\\\/press\\\/#website\"},\"primaryImageOfPage\":{\"@id\":\"https:\\\/\\\/elcanillita.info\\\/press\\\/2023\\\/08\\\/25\\\/lula-en-gira-por-angola\\\/#primaryimage\"},\"image\":{\"@id\":\"https:\\\/\\\/elcanillita.info\\\/press\\\/2023\\\/08\\\/25\\\/lula-en-gira-por-angola\\\/#primaryimage\"},\"thumbnailUrl\":\"https:\\\/\\\/elcanillita.info\\\/press\\\/images\\\/2023\\\/08\\\/lula_1_20230825.jpg\",\"datePublished\":\"2023-08-25T17:33:08+00:00\",\"dateModified\":\"2023-08-25T17:33:09+00:00\",\"description\":\"El Presidente de Brasil, Lula da Silvam, inicia hoy una visita oficial de dos d\u00edas a Angola con una comitiva reforzada y reuniones con su hom\u00f3logo angole\u00f1o y la comunidad brasile\u00f1a. Tambi\u00e9n rendir\u00e1 homenaje al mayor asesino y genocida de Angola, Ant\u00f3nio Agostinho Neto, pasando por los 20 millones de angole\u00f1os pobres.\",\"inLanguage\":\"es-AR\",\"potentialAction\":[{\"@type\":\"ReadAction\",\"target\":[\"https:\\\/\\\/elcanillita.info\\\/press\\\/2023\\\/08\\\/25\\\/lula-en-gira-por-angola\\\/\"]}]},{\"@type\":\"ImageObject\",\"inLanguage\":\"es-AR\",\"@id\":\"https:\\\/\\\/elcanillita.info\\\/press\\\/2023\\\/08\\\/25\\\/lula-en-gira-por-angola\\\/#primaryimage\",\"url\":\"https:\\\/\\\/elcanillita.info\\\/press\\\/images\\\/2023\\\/08\\\/lula_1_20230825.jpg\",\"contentUrl\":\"https:\\\/\\\/elcanillita.info\\\/press\\\/images\\\/2023\\\/08\\\/lula_1_20230825.jpg\",\"width\":600,\"height\":449},{\"@type\":\"WebSite\",\"@id\":\"https:\\\/\\\/elcanillita.info\\\/press\\\/#website\",\"url\":\"https:\\\/\\\/elcanillita.info\\\/press\\\/\",\"name\":\"ElCanillita.Info\",\"description\":\"desde los Apeninos a los Andes\",\"publisher\":{\"@id\":\"https:\\\/\\\/elcanillita.info\\\/press\\\/#organization\"},\"potentialAction\":[{\"@type\":\"SearchAction\",\"target\":{\"@type\":\"EntryPoint\",\"urlTemplate\":\"https:\\\/\\\/elcanillita.info\\\/press\\\/?s={search_term_string}\"},\"query-input\":{\"@type\":\"PropertyValueSpecification\",\"valueRequired\":true,\"valueName\":\"search_term_string\"}}],\"inLanguage\":\"es-AR\"},{\"@type\":\"Organization\",\"@id\":\"https:\\\/\\\/elcanillita.info\\\/press\\\/#organization\",\"name\":\"Guzzo Photos & Graphic Publications\",\"url\":\"https:\\\/\\\/elcanillita.info\\\/press\\\/\",\"logo\":{\"@type\":\"ImageObject\",\"inLanguage\":\"es-AR\",\"@id\":\"https:\\\/\\\/elcanillita.info\\\/press\\\/#\\\/schema\\\/logo\\\/image\\\/\",\"url\":\"https:\\\/\\\/elcanillita.info\\\/press\\\/images\\\/2020\\\/01\\\/cropped-cropped-cropped-elcanillitainfo.png\",\"contentUrl\":\"https:\\\/\\\/elcanillita.info\\\/press\\\/images\\\/2020\\\/01\\\/cropped-cropped-cropped-elcanillitainfo.png\",\"width\":460,\"height\":50,\"caption\":\"Guzzo Photos & Graphic Publications\"},\"image\":{\"@id\":\"https:\\\/\\\/elcanillita.info\\\/press\\\/#\\\/schema\\\/logo\\\/image\\\/\"},\"sameAs\":[\"https:\\\/\\\/ar-ar.facebook.com\\\/ElCanillitainfo-114249515285712\\\/\"]},{\"@type\":\"Person\",\"@id\":\"https:\\\/\\\/elcanillita.info\\\/press\\\/#\\\/schema\\\/person\\\/7fcb79f38045700919f7da6d97e71ba0\",\"name\":\"SalaStampa.eu, world press service\",\"image\":{\"@type\":\"ImageObject\",\"inLanguage\":\"es-AR\",\"@id\":\"https:\\\/\\\/secure.gravatar.com\\\/avatar\\\/c2f0e0d515a107624234994507816ca4724c7199cef73fc8bedebf6931d73888?s=96&d=mm&r=g\",\"url\":\"https:\\\/\\\/secure.gravatar.com\\\/avatar\\\/c2f0e0d515a107624234994507816ca4724c7199cef73fc8bedebf6931d73888?s=96&d=mm&r=g\",\"contentUrl\":\"https:\\\/\\\/secure.gravatar.com\\\/avatar\\\/c2f0e0d515a107624234994507816ca4724c7199cef73fc8bedebf6931d73888?s=96&d=mm&r=g\",\"caption\":\"SalaStampa.eu, world press service\"}}]}<\/script>\n<!-- \/ Yoast SEO plugin. -->","yoast_head_json":{"title":"Lula en gira por Angola - ElCanillita.Info","description":"El Presidente de Brasil, Lula da Silvam, inicia hoy una visita oficial de dos d\u00edas a Angola con una comitiva reforzada y reuniones con su hom\u00f3logo angole\u00f1o y la comunidad brasile\u00f1a. Tambi\u00e9n rendir\u00e1 homenaje al mayor asesino y genocida de Angola, Ant\u00f3nio Agostinho Neto, pasando por los 20 millones de angole\u00f1os pobres.","robots":{"index":"index","follow":"follow","max-snippet":"max-snippet:-1","max-image-preview":"max-image-preview:large","max-video-preview":"max-video-preview:-1"},"canonical":"https:\/\/elcanillita.info\/press\/2023\/08\/25\/lula-en-gira-por-angola\/","og_locale":"es_ES","og_type":"article","og_title":"Lula en gira por Angola - ElCanillita.Info","og_description":"El Presidente de Brasil, Lula da Silvam, inicia hoy una visita oficial de dos d\u00edas a Angola con una comitiva reforzada y reuniones con su hom\u00f3logo angole\u00f1o y la comunidad brasile\u00f1a. Tambi\u00e9n rendir\u00e1 homenaje al mayor asesino y genocida de Angola, Ant\u00f3nio Agostinho Neto, pasando por los 20 millones de angole\u00f1os pobres.","og_url":"https:\/\/elcanillita.info\/press\/2023\/08\/25\/lula-en-gira-por-angola\/","og_site_name":"ElCanillita.Info","article_publisher":"https:\/\/ar-ar.facebook.com\/ElCanillitainfo-114249515285712\/","article_published_time":"2023-08-25T17:33:08+00:00","article_modified_time":"2023-08-25T17:33:09+00:00","og_image":[{"width":600,"height":449,"url":"https:\/\/elcanillita.info\/press\/images\/2023\/08\/lula_1_20230825.jpg","type":"image\/jpeg"}],"author":"SalaStampa.eu, world press service","twitter_card":"summary_large_image","twitter_misc":{"Escrito por":"SalaStampa.eu, world press service","Tiempo de lectura":"5 minutos"},"schema":{"@context":"https:\/\/schema.org","@graph":[{"@type":"Article","@id":"https:\/\/elcanillita.info\/press\/2023\/08\/25\/lula-en-gira-por-angola\/#article","isPartOf":{"@id":"https:\/\/elcanillita.info\/press\/2023\/08\/25\/lula-en-gira-por-angola\/"},"author":{"name":"SalaStampa.eu, world press service","@id":"https:\/\/elcanillita.info\/press\/#\/schema\/person\/7fcb79f38045700919f7da6d97e71ba0"},"headline":"Lula en gira por Angola","datePublished":"2023-08-25T17:33:08+00:00","dateModified":"2023-08-25T17:33:09+00:00","mainEntityOfPage":{"@id":"https:\/\/elcanillita.info\/press\/2023\/08\/25\/lula-en-gira-por-angola\/"},"wordCount":1016,"publisher":{"@id":"https:\/\/elcanillita.info\/press\/#organization"},"image":{"@id":"https:\/\/elcanillita.info\/press\/2023\/08\/25\/lula-en-gira-por-angola\/#primaryimage"},"thumbnailUrl":"https:\/\/elcanillita.info\/press\/images\/2023\/08\/lula_1_20230825.jpg","articleSection":[".",".","Actualidad","Africa","Economia","Politica"],"inLanguage":"es-AR"},{"@type":"WebPage","@id":"https:\/\/elcanillita.info\/press\/2023\/08\/25\/lula-en-gira-por-angola\/","url":"https:\/\/elcanillita.info\/press\/2023\/08\/25\/lula-en-gira-por-angola\/","name":"Lula en gira por Angola - ElCanillita.Info","isPartOf":{"@id":"https:\/\/elcanillita.info\/press\/#website"},"primaryImageOfPage":{"@id":"https:\/\/elcanillita.info\/press\/2023\/08\/25\/lula-en-gira-por-angola\/#primaryimage"},"image":{"@id":"https:\/\/elcanillita.info\/press\/2023\/08\/25\/lula-en-gira-por-angola\/#primaryimage"},"thumbnailUrl":"https:\/\/elcanillita.info\/press\/images\/2023\/08\/lula_1_20230825.jpg","datePublished":"2023-08-25T17:33:08+00:00","dateModified":"2023-08-25T17:33:09+00:00","description":"El Presidente de Brasil, Lula da Silvam, inicia hoy una visita oficial de dos d\u00edas a Angola con una comitiva reforzada y reuniones con su hom\u00f3logo angole\u00f1o y la comunidad brasile\u00f1a. Tambi\u00e9n rendir\u00e1 homenaje al mayor asesino y genocida de Angola, Ant\u00f3nio Agostinho Neto, pasando por los 20 millones de angole\u00f1os pobres.","inLanguage":"es-AR","potentialAction":[{"@type":"ReadAction","target":["https:\/\/elcanillita.info\/press\/2023\/08\/25\/lula-en-gira-por-angola\/"]}]},{"@type":"ImageObject","inLanguage":"es-AR","@id":"https:\/\/elcanillita.info\/press\/2023\/08\/25\/lula-en-gira-por-angola\/#primaryimage","url":"https:\/\/elcanillita.info\/press\/images\/2023\/08\/lula_1_20230825.jpg","contentUrl":"https:\/\/elcanillita.info\/press\/images\/2023\/08\/lula_1_20230825.jpg","width":600,"height":449},{"@type":"WebSite","@id":"https:\/\/elcanillita.info\/press\/#website","url":"https:\/\/elcanillita.info\/press\/","name":"ElCanillita.Info","description":"desde los Apeninos a los Andes","publisher":{"@id":"https:\/\/elcanillita.info\/press\/#organization"},"potentialAction":[{"@type":"SearchAction","target":{"@type":"EntryPoint","urlTemplate":"https:\/\/elcanillita.info\/press\/?s={search_term_string}"},"query-input":{"@type":"PropertyValueSpecification","valueRequired":true,"valueName":"search_term_string"}}],"inLanguage":"es-AR"},{"@type":"Organization","@id":"https:\/\/elcanillita.info\/press\/#organization","name":"Guzzo Photos & Graphic Publications","url":"https:\/\/elcanillita.info\/press\/","logo":{"@type":"ImageObject","inLanguage":"es-AR","@id":"https:\/\/elcanillita.info\/press\/#\/schema\/logo\/image\/","url":"https:\/\/elcanillita.info\/press\/images\/2020\/01\/cropped-cropped-cropped-elcanillitainfo.png","contentUrl":"https:\/\/elcanillita.info\/press\/images\/2020\/01\/cropped-cropped-cropped-elcanillitainfo.png","width":460,"height":50,"caption":"Guzzo Photos & Graphic Publications"},"image":{"@id":"https:\/\/elcanillita.info\/press\/#\/schema\/logo\/image\/"},"sameAs":["https:\/\/ar-ar.facebook.com\/ElCanillitainfo-114249515285712\/"]},{"@type":"Person","@id":"https:\/\/elcanillita.info\/press\/#\/schema\/person\/7fcb79f38045700919f7da6d97e71ba0","name":"SalaStampa.eu, world press service","image":{"@type":"ImageObject","inLanguage":"es-AR","@id":"https:\/\/secure.gravatar.com\/avatar\/c2f0e0d515a107624234994507816ca4724c7199cef73fc8bedebf6931d73888?s=96&d=mm&r=g","url":"https:\/\/secure.gravatar.com\/avatar\/c2f0e0d515a107624234994507816ca4724c7199cef73fc8bedebf6931d73888?s=96&d=mm&r=g","contentUrl":"https:\/\/secure.gravatar.com\/avatar\/c2f0e0d515a107624234994507816ca4724c7199cef73fc8bedebf6931d73888?s=96&d=mm&r=g","caption":"SalaStampa.eu, world press service"}}]}},"views":391,"_links":{"self":[{"href":"https:\/\/elcanillita.info\/press\/wp-json\/wp\/v2\/posts\/3669","targetHints":{"allow":["GET"]}}],"collection":[{"href":"https:\/\/elcanillita.info\/press\/wp-json\/wp\/v2\/posts"}],"about":[{"href":"https:\/\/elcanillita.info\/press\/wp-json\/wp\/v2\/types\/post"}],"author":[{"embeddable":true,"href":"https:\/\/elcanillita.info\/press\/wp-json\/wp\/v2\/users\/1"}],"replies":[{"embeddable":true,"href":"https:\/\/elcanillita.info\/press\/wp-json\/wp\/v2\/comments?post=3669"}],"version-history":[{"count":0,"href":"https:\/\/elcanillita.info\/press\/wp-json\/wp\/v2\/posts\/3669\/revisions"}],"wp:featuredmedia":[{"embeddable":true,"href":"https:\/\/elcanillita.info\/press\/wp-json\/wp\/v2\/media\/3671"}],"wp:attachment":[{"href":"https:\/\/elcanillita.info\/press\/wp-json\/wp\/v2\/media?parent=3669"}],"wp:term":[{"taxonomy":"category","embeddable":true,"href":"https:\/\/elcanillita.info\/press\/wp-json\/wp\/v2\/categories?post=3669"},{"taxonomy":"post_tag","embeddable":true,"href":"https:\/\/elcanillita.info\/press\/wp-json\/wp\/v2\/tags?post=3669"}],"curies":[{"name":"wp","href":"https:\/\/api.w.org\/{rel}","templated":true}]}}