{"id":3644,"date":"2023-08-24T06:49:11","date_gmt":"2023-08-24T09:49:11","guid":{"rendered":"https:\/\/elcanillita.info\/press\/?p=3644"},"modified":"2023-08-24T10:43:05","modified_gmt":"2023-08-24T13:43:05","slug":"el-grupo-wagner-alego-que-el-avion-de-yevgeny-prigozhin-fue-derribado","status":"publish","type":"post","link":"https:\/\/elcanillita.info\/press\/2023\/08\/24\/el-grupo-wagner-alego-que-el-avion-de-yevgeny-prigozhin-fue-derribado\/","title":{"rendered":"El grupo Wagner aleg\u00f3 que el avi\u00f3n de Yevgeny Prigozhin fue derribado"},"content":{"rendered":"\n<figure class=\"wp-block-image size-full\"><img loading=\"lazy\" decoding=\"async\" width=\"600\" height=\"385\" src=\"https:\/\/elcanillita.info\/press\/images\/2023\/08\/wg_8-20230824.jpg\" alt=\"\" class=\"wp-image-3645\" srcset=\"https:\/\/elcanillita.info\/press\/images\/2023\/08\/wg_8-20230824.jpg 600w, https:\/\/elcanillita.info\/press\/images\/2023\/08\/wg_8-20230824-300x193.jpg 300w\" sizes=\"auto, (max-width: 600px) 100vw, 600px\" \/><\/figure>\n\n\n\n<p><strong>ElCanillita.info, 24\/08\/2023<\/strong><br>Yevgeny Prigozhin, jefe del grupo mercenario Wagner, figuraba en la lista de pasajeros de un aeroplano que se estrell\u00f3 ayer en el centro de Rusia, matando a todos los que iban a bordo, seg\u00fan las autoridades rusas de aviaci\u00f3n.<\/p>\n\n\n\n<p>Prigozhin, de 62 a\u00f1os, multimillonario conocido como &#8220;el chef de Putin&#8221;, encabez\u00f3 hace exactamente dos meses una rebeli\u00f3n armada contra Mosc\u00fa, el desaf\u00edo m\u00e1s serio desde que el Presidente Putin asumi\u00f3 el poder en 2000.<\/p>\n\n\n\n<p>A \u00faltima hora de la noche, una fuente vinculada a Wagner afirm\u00f3 que Prigozhin, un hombre de negocios que se enriqueci\u00f3 con lucrativos contratos estatales de catering, estaba a bordo del avi\u00f3n y  que el avi\u00f3n fue derribado por misiles tierra-aire rusos, pero no aport\u00f3 pruebas.<br> <br>El avi\u00f3n de negocios Embraer Legacy volaba de Mosc\u00fa a San Petersburgo cuando se estrell\u00f3 en la regi\u00f3n de Tver, 220 millas al norte de la capital, dijo el ministerio de emergencias de Rusia.<\/p>\n\n\n\n<p>Un v\u00eddeo no confirmado publicado por Olga Skabeyeva, presentadora de la televisi\u00f3n estatal, mostraba un avi\u00f3n cayendo en picada a tierra y que luego estall\u00f3. Una enorme nube de humo se elevaba hacia el cielo. El avi\u00f3n llevaba en el aire menos de media hora, seg\u00fan los medios estatales. Las diez personas, entre ellas tres tripulantes, murieron, seg\u00fan las autoridades. Otro v\u00eddeo publicado por Baza, un medio de comunicaci\u00f3n ruso vinculado a los servicios de seguridad, mostraba los restos de un avi\u00f3n en llamas en un campo.<\/p>\n\n\n\n<figure class=\"wp-block-video\"><video controls src=\"http:\/\/blogdiario.info\/magazine\/images\/2023\/08\/putin.mp4\"><\/video><\/figure>\n\n\n\n<p>Cay\u00f3 a tierra a unos 50 kil\u00f3metros de una de las residencias oficiales de Putin, cerca del lago Valdai, que estaba equipado con un sistema de defensa antia\u00e9rea Pantsir-S1.<\/p>\n\n\n\n<p>Hace dos meses, miles de combatientes wagner, fuertemente armados y dirigidos por Prigozhin, avanzaron hasta situarse a corta distancia de Mosc\u00fa, antes de que \u00e9ste suspendiera su mot\u00edn gracias a un acuerdo que ofrec\u00eda garant\u00edas de seguridad para \u00e9l y sus combatientes.<\/p>\n\n\n\n<p>Tras la revuelta abortada, Putin declar\u00f3 a los medios de comunicaci\u00f3n rusos que era capaz de perdonar, pero que hab\u00eda cosas que no pod\u00eda perdonar. A la pregunta de cu\u00e1les eran, respondi\u00f3: &#8220;La traici\u00f3n&#8221;.<br><br>Dmitry Utkin, ex oficial de las fuerzas especiales rusas cofundador de Wagner, tambi\u00e9n figuraba en la lista de personas a bordo del avi\u00f3n. El canal de informaci\u00f3n vinculado a Wagner dijo que hab\u00eda sido asesinado. Se cree que Utkin, de 53 a\u00f1os y neonazi, dio nombre al grupo mercenario en honor del compositor favorito de Hitler.<\/p>\n\n\n\n<p>En Washington, un portavoz del Consejo de Seguridad Nacional estadounidense declar\u00f3: &#8220;Hemos visto los informes del accidente. Si se confirma, nadie deber\u00eda sorprenderse&#8221;. La desastrosa guerra en Ucrania llev\u00f3 a un ej\u00e9rcito privado a marchar sobre Mosc\u00fa, y ahora, al parecer, a esto&#8221;.<\/p>\n\n\n\n<p>El presidente Biden dijo: &#8220;No s\u00e9 a ciencia cierta qu\u00e9 ha pasado, pero no me sorprende&#8221;. Preguntado sobre si Putin estaba detr\u00e1s del accidente, dijo: &#8220;No hay mucho que ocurra en Rusia en lo que Putin no est\u00e9 detr\u00e1s&#8221;.<\/p>\n\n\n\n<p><strong>El Kremlin no ha hecho comentarios.<\/strong><br>El general Sergei Surovikin, que en su d\u00eda estuvo al mando de las fuerzas rusas en Ucrania, fue destituido de su cargo el martes, seg\u00fan periodistas rusos. Surovikin, apodado General Armaged\u00f3n, era uno de los aliados m\u00e1s cercanos de Prigozhin y se cree que conoc\u00eda de antemano la rebeli\u00f3n de Wagner. No se le ha visto desde el mot\u00edn.<\/p>\n\n\n\n<p>Un segundo avi\u00f3n de Prigozhin aterriz\u00f3 poco despu\u00e9s del accidente en el aeropuerto moscovita de Ostafyevo. Se especul\u00f3 con la posibilidad de que Prigozhin se hubiera registrado en el avi\u00f3n que se estrell\u00f3, y embarcado en su segundo jet como medida de seguridad. Marat Gabidullin, antiguo mercenario de Wagner, declar\u00f3 que Prigozhin cambiaba a menudo de avi\u00f3n.<\/p>\n\n\n\n<p>Seg\u00fan los t\u00e9rminos del acuerdo con el Kremlin, Prigozhin deb\u00eda trasladarse a Bielorrusia. Mientras Wagner se instal\u00f3 cerca de Minsk, la capital, desde donde Prigozhin se ha movido libremente hacia y desde Rusia. Dos d\u00edas atr\u00e1s, public\u00f3 un v\u00eddeo que se cree que fue filmado en \u00c1frica, donde Wagner apuntala reg\u00edmenes autocr\u00e1ticos a cambio de lucrativos derechos de explotaci\u00f3n forestal y minera.<\/p>\n\n\n\n<p><strong>El accidente es una advertencia a la \u00e9lite rusa antes de las elecciones<\/strong><br>La aparente muerte ayer de Prigozhin, el jefe de los mercenarios rusos, en un accidente a\u00e9reo al norte de Mosc\u00fa ha levantado inevitables sospechas de que fue asesinado por el presidente Putin, su enemigo m\u00e1s poderoso.<\/p>\n\n\n\n<p>Durante a\u00f1os, Prigozhin sirvi\u00f3 lealmente al Kremlin, desplegando sus trolls de Internet en un intento de inmiscuirse en las elecciones presidenciales estadounidenses de 2016 y enviando mercenarios de su grupo Wagner a defender los intereses de Rusia en \u00c1frica, Siria y la regi\u00f3n ucraniana de Donb\u00e1s.<\/p>\n\n\n\n<p>A cambio, Prigozhin fue recompensado con lucrativos contratos de catering del Kremlin, as\u00ed como con derechos de miner\u00eda y explotaci\u00f3n forestal en la Rep\u00fablica Centroafricana y Sud\u00e1n.<\/p>\n\n\n\n<p>Sin embargo, despu\u00e9s de que Rusia lanzara su invasi\u00f3n a gran escala de Ucrania el a\u00f1o pasado, Prigozhin entr\u00f3 en una feroz disputa con Sergei Shoigu, ministro de Defensa ruso, y el general Gerasimov, jefe del Estado Mayor de las fuerzas armadas. Mientras Rusia sufr\u00eda una serie de humillantes derrotas durante la guerra, la ira de Prigozhin hirvi\u00f3 en una rabia incandescente que culmin\u00f3 en una extraordinaria rebeli\u00f3n armada en junio que amenaz\u00f3 brevemente con convertir las calles de Mosc\u00fa en un campo de batalla.<br><br>La crisis se evit\u00f3 cuando Alexander Lukashenko, el dictador bielorruso, medi\u00f3 en un acuerdo entre Prigozhin y el Kremlin que permitir\u00eda al jefe de Wagner y a sus combatientes el paso seguro a Bielorrusia.<\/p>\n\n\n\n<p>Sin embargo, pocos cre\u00edan que Putin, que ha hablado en numerosas ocasiones de su odio a los &#8220;traidores&#8221;, permitir\u00eda vivir a Prigozhin durante mucho tiempo.<\/p>\n\n\n\n<p>El mes pasado, el servicio de seguridad ruso, el FSB, difundi\u00f3 im\u00e1genes en las que Prigozhin aparec\u00eda disfrazado de diversas formas en el extranjero.<\/p>\n\n\n\n<figure class=\"wp-block-image size-full\"><img loading=\"lazy\" decoding=\"async\" width=\"600\" height=\"476\" src=\"https:\/\/elcanillita.info\/press\/images\/2023\/08\/wg_5-20230824.jpg\" alt=\"\" class=\"wp-image-3648\" srcset=\"https:\/\/elcanillita.info\/press\/images\/2023\/08\/wg_5-20230824.jpg 600w, https:\/\/elcanillita.info\/press\/images\/2023\/08\/wg_5-20230824-300x238.jpg 300w\" sizes=\"auto, (max-width: 600px) 100vw, 600px\" \/><\/figure>\n\n\n\n<p><br>Mykhail Podolyak, asesor presidencial ucraniano, escribi\u00f3 anoche en la red social Twitter\/X que &#8220;merece la pena esperar a que desaparezca la niebla de guerra&#8221;. Sin embargo, a\u00f1adi\u00f3 que era &#8220;obvio que Prigozhin firm\u00f3 una sentencia de muerte especial para s\u00ed mismo en el momento en que crey\u00f3 en las extra\u00f1as &#8220;garant\u00edas&#8221; de Lukashenko y en la igualmente absurda &#8220;palabra de honor&#8221; de Putin&#8221;.<\/p>\n\n\n\n<p>Y a\u00f1adi\u00f3: &#8220;La eliminaci\u00f3n demostrativa de Prigozhin y del comando Wagner dos meses despu\u00e9s del intento de golpe es una se\u00f1al de Putin a las \u00e9lites rusas de cara a las elecciones de 2024. &#8216;\u00a1Cuidado! Deslealtad es igual a muerte'&#8221;.<br> <br>Funcionarios de la aviaci\u00f3n rusa han afirmado que Prigozhin figuraba en la lista de pasajeros del avi\u00f3n de negocios que se estrell\u00f3 ayer en la regi\u00f3n de Tver, a 50 kil\u00f3metros de la residencia de Putin y del sistema de defensa antia\u00e9rea que la custodia.<\/p>\n\n\n\n<p>Fuentes vinculadas a Wagner afirmaron sin pruebas que el avi\u00f3n de Prigozhin fue derribado por un misil aire-superficie. Otros afirmaron que se hab\u00eda colocado una bomba a bordo.<\/p>\n\n\n\n<figure class=\"wp-block-image size-full\"><img loading=\"lazy\" decoding=\"async\" width=\"600\" height=\"283\" src=\"https:\/\/elcanillita.info\/press\/images\/2023\/08\/wg_7-20230824.jpg\" alt=\"\" class=\"wp-image-3646\" srcset=\"https:\/\/elcanillita.info\/press\/images\/2023\/08\/wg_7-20230824.jpg 600w, https:\/\/elcanillita.info\/press\/images\/2023\/08\/wg_7-20230824-300x142.jpg 300w\" sizes=\"auto, (max-width: 600px) 100vw, 600px\" \/><\/figure>\n\n\n\n<p>La muerte de Prigozhin apenas fue mencionada por el Canal Uno, la principal cadena de televisi\u00f3n rusa, que s\u00f3lo dedic\u00f3 40 segundos al tema en su telediario nocturno de 53 minutos. El tema principal fue el discurso de Putin en un acto para conmemorar el 80 aniversario de una importante batalla de la Segunda Guerra Mundial.<\/p>\n\n\n\n<p>El presidente ruso, que antes se hab\u00eda dirigido a los l\u00edderes mundiales pertenecientes al bloque de pa\u00edses en desarrollo Brics, apareci\u00f3 sonriente en el escenario de un concierto cuando empezaba a correr la noticia de que el jefe de Wagner hab\u00eda sido asesinado.<\/p>\n\n\n\n<figure class=\"wp-block-image size-full\"><img loading=\"lazy\" decoding=\"async\" width=\"600\" height=\"400\" src=\"https:\/\/elcanillita.info\/press\/images\/2023\/08\/puti_2_20230823.jpg\" alt=\"\" class=\"wp-image-3649\" srcset=\"https:\/\/elcanillita.info\/press\/images\/2023\/08\/puti_2_20230823.jpg 600w, https:\/\/elcanillita.info\/press\/images\/2023\/08\/puti_2_20230823-300x200.jpg 300w\" sizes=\"auto, (max-width: 600px) 100vw, 600px\" \/><\/figure>\n\n\n\n<p><br>&#8220;Prigozhin fue siempre una amenaza y un recordatorio de que Putin es d\u00e9bil. Queda por ver si los partidarios de Prigozhin se limitan a tragarse un trago amargo o siguen aumentando sus filas. En cualquier caso, el conflicto en el seno de los organismos de seguridad y defensa de Rusia no har\u00e1 sino agravarse&#8221;, declar\u00f3 Orysia Lutsevych, analista del think tank Chatham House.<\/p>\n\n\n\n<p>Para los opositores rusos, Prigozhin era la encarnaci\u00f3n del r\u00e9gimen brutal y venal de Putin. &#8220;Todo esto era de esperar. Putin seguir\u00e1 adelante y destruir\u00e1 a todos los testigos y c\u00f3mplices de sus cr\u00edmenes&#8221;, afirm\u00f3 Vladimir Osechkin, activista ruso de derechos humanos. &#8220;Prigozhin era un asesino y una escoria, pero deber\u00eda haber sido juzgado en un tribunal&#8221;.<\/p>\n\n\n\n<p>Andrei Medvedev, ex mercenario de Wagner que huy\u00f3 a Noruega en enero, declar\u00f3 a The Times que Prigozhin hab\u00eda &#8220;muerto como un perro por un perro&#8221;. Sus comentarios eran una referencia a las declaraciones de Prigozhin sobre el asesinato de un desertor de Wagner que fue apaleado hasta la muerte con un mazo.<\/p>\n\n\n\n<figure class=\"wp-block-image size-full\"><img loading=\"lazy\" decoding=\"async\" width=\"596\" height=\"398\" src=\"https:\/\/elcanillita.info\/press\/images\/2023\/08\/2023-08-24-08-01-16.jpg\" alt=\"\" class=\"wp-image-3647\" srcset=\"https:\/\/elcanillita.info\/press\/images\/2023\/08\/2023-08-24-08-01-16.jpg 596w, https:\/\/elcanillita.info\/press\/images\/2023\/08\/2023-08-24-08-01-16-300x200.jpg 300w\" sizes=\"auto, (max-width: 596px) 100vw, 596px\" \/><\/figure>\n\n\n\n<p>Prigozhin pas\u00f3 a ser conocido como el chef de Putin despu\u00e9s de que su empresa Concord obtuviera grandes contratos de catering del Estado ruso. Pronto empez\u00f3 a dar de comer a escolares y soldados de toda Rusia.<\/p>\n\n\n\n<p>Se hizo fant\u00e1sticamente rico, con palacios y un jet privado. A pesar de su costumbre de guardar el secreto, han salido a la luz algunos detalles sobre su vida privada a partir de fotograf\u00edas publicadas hace unos a\u00f1os en Instagra por sus dos hijos. Una de ellas mostraba a su hijo Pavel paseando desnudo por la cubierta del yate familiar de 115 pies de eslora. Otras mostraban un Lincoln Continental azul empolvado, supuestamente el coche favorito de Prigozhin.<\/p>\n\n\n\n<p>Despu\u00e9s de atender por a\u00f1os a los militares, se dice que Prigozhin lanz\u00f3 un plan a Putin sobre c\u00f3mo promover los intereses rusos en todo el mundo sin implicar al Kremlin. Wagner se form\u00f3 en 2014 con la cooperaci\u00f3n del GRU, el servicio de inteligencia militar ruso, que proporcion\u00f3 equipamiento y un lugar de entrenamiento provincial cerca de su propia base. Al parecer, los jefes del espionaje militar no ten\u00edan elecci\u00f3n: la operaci\u00f3n hab\u00eda sido aprobada por &#8220;el jefe&#8221;: Putin.<br><br><small>Copyright \u00a9 2023 ElCanillita.info \/ BlogDiario.info &#8211; SalaStampa.Eu, servicio mundial de prensa<\/small><\/p>\n\n\n\n<p><br><br><\/p>\n","protected":false},"excerpt":{"rendered":"<p>El avi\u00f3n en el que supuestamente viajaba el jefe de Wagner, Yevgeny Prigozhin, se estrell\u00f3 en la regi\u00f3n rusa de Tver.  <\/p>\n","protected":false},"author":1,"featured_media":3650,"comment_status":"closed","ping_status":"closed","sticky":false,"template":"","format":"standard","meta":{"footnotes":"","_links_to":"","_links_to_target":""},"categories":[121,108,70,7,119,23],"tags":[49],"class_list":["post-3644","post","type-post","status-publish","format-standard","has-post-thumbnail","hentry","category-dc24","category-blogdiario","category-actualidad","category-eurasia","category-guerra","category-politica","tag-rusia","entry","double"],"yoast_head":"<!-- This site is optimized with the Yoast SEO plugin v27.4 - https:\/\/yoast.com\/product\/yoast-seo-wordpress\/ -->\n<title>El grupo Wagner aleg\u00f3 que el avi\u00f3n de Yevgeny Prigozhin fue derribado - ElCanillita.Info<\/title>\n<meta name=\"description\" content=\"El avi\u00f3n en el que supuestamente viajaba el jefe de Wagner, Yevgeny Prigozhin, se estrell\u00f3 en la regi\u00f3n rusa de Tver.\" \/>\n<meta name=\"robots\" content=\"index, follow, max-snippet:-1, max-image-preview:large, max-video-preview:-1\" \/>\n<link rel=\"canonical\" href=\"https:\/\/elcanillita.info\/press\/2023\/08\/24\/el-grupo-wagner-alego-que-el-avion-de-yevgeny-prigozhin-fue-derribado\/\" \/>\n<meta property=\"og:locale\" content=\"es_ES\" \/>\n<meta property=\"og:type\" content=\"article\" \/>\n<meta property=\"og:title\" content=\"El grupo Wagner aleg\u00f3 que el avi\u00f3n de Yevgeny Prigozhin fue derribado - ElCanillita.Info\" \/>\n<meta property=\"og:description\" content=\"El avi\u00f3n en el que supuestamente viajaba el jefe de Wagner, Yevgeny Prigozhin, se estrell\u00f3 en la regi\u00f3n rusa de Tver.\" \/>\n<meta property=\"og:url\" content=\"https:\/\/elcanillita.info\/press\/2023\/08\/24\/el-grupo-wagner-alego-que-el-avion-de-yevgeny-prigozhin-fue-derribado\/\" \/>\n<meta property=\"og:site_name\" content=\"ElCanillita.Info\" \/>\n<meta property=\"article:publisher\" content=\"https:\/\/ar-ar.facebook.com\/ElCanillitainfo-114249515285712\/\" \/>\n<meta property=\"article:published_time\" content=\"2023-08-24T09:49:11+00:00\" \/>\n<meta property=\"article:modified_time\" content=\"2023-08-24T13:43:05+00:00\" \/>\n<meta property=\"og:image\" content=\"https:\/\/elcanillita.info\/press\/images\/2023\/08\/wg_1-20230824.jpg\" \/>\n\t<meta property=\"og:image:width\" content=\"600\" \/>\n\t<meta property=\"og:image:height\" content=\"338\" \/>\n\t<meta property=\"og:image:type\" content=\"image\/jpeg\" \/>\n<meta name=\"author\" content=\"SalaStampa.eu, world press service\" \/>\n<meta name=\"twitter:card\" content=\"summary_large_image\" \/>\n<meta name=\"twitter:label1\" content=\"Escrito por\" \/>\n\t<meta name=\"twitter:data1\" content=\"SalaStampa.eu, world press service\" \/>\n\t<meta name=\"twitter:label2\" content=\"Tiempo de lectura\" \/>\n\t<meta name=\"twitter:data2\" content=\"9 minutos\" \/>\n<script type=\"application\/ld+json\" class=\"yoast-schema-graph\">{\"@context\":\"https:\\\/\\\/schema.org\",\"@graph\":[{\"@type\":\"Article\",\"@id\":\"https:\\\/\\\/elcanillita.info\\\/press\\\/2023\\\/08\\\/24\\\/el-grupo-wagner-alego-que-el-avion-de-yevgeny-prigozhin-fue-derribado\\\/#article\",\"isPartOf\":{\"@id\":\"https:\\\/\\\/elcanillita.info\\\/press\\\/2023\\\/08\\\/24\\\/el-grupo-wagner-alego-que-el-avion-de-yevgeny-prigozhin-fue-derribado\\\/\"},\"author\":{\"name\":\"SalaStampa.eu, world press service\",\"@id\":\"https:\\\/\\\/elcanillita.info\\\/press\\\/#\\\/schema\\\/person\\\/7fcb79f38045700919f7da6d97e71ba0\"},\"headline\":\"El grupo Wagner aleg\u00f3 que el avi\u00f3n de Yevgeny Prigozhin fue derribado\",\"datePublished\":\"2023-08-24T09:49:11+00:00\",\"dateModified\":\"2023-08-24T13:43:05+00:00\",\"mainEntityOfPage\":{\"@id\":\"https:\\\/\\\/elcanillita.info\\\/press\\\/2023\\\/08\\\/24\\\/el-grupo-wagner-alego-que-el-avion-de-yevgeny-prigozhin-fue-derribado\\\/\"},\"wordCount\":1732,\"publisher\":{\"@id\":\"https:\\\/\\\/elcanillita.info\\\/press\\\/#organization\"},\"image\":{\"@id\":\"https:\\\/\\\/elcanillita.info\\\/press\\\/2023\\\/08\\\/24\\\/el-grupo-wagner-alego-que-el-avion-de-yevgeny-prigozhin-fue-derribado\\\/#primaryimage\"},\"thumbnailUrl\":\"https:\\\/\\\/elcanillita.info\\\/press\\\/images\\\/2023\\\/08\\\/wg_1-20230824.jpg\",\"keywords\":[\"Rusia\"],\"articleSection\":[\".\",\".\",\"Actualidad\",\"Eurasia\",\"Guerra\",\"Politica\"],\"inLanguage\":\"es-AR\"},{\"@type\":\"WebPage\",\"@id\":\"https:\\\/\\\/elcanillita.info\\\/press\\\/2023\\\/08\\\/24\\\/el-grupo-wagner-alego-que-el-avion-de-yevgeny-prigozhin-fue-derribado\\\/\",\"url\":\"https:\\\/\\\/elcanillita.info\\\/press\\\/2023\\\/08\\\/24\\\/el-grupo-wagner-alego-que-el-avion-de-yevgeny-prigozhin-fue-derribado\\\/\",\"name\":\"El grupo Wagner aleg\u00f3 que el avi\u00f3n de Yevgeny Prigozhin fue derribado - ElCanillita.Info\",\"isPartOf\":{\"@id\":\"https:\\\/\\\/elcanillita.info\\\/press\\\/#website\"},\"primaryImageOfPage\":{\"@id\":\"https:\\\/\\\/elcanillita.info\\\/press\\\/2023\\\/08\\\/24\\\/el-grupo-wagner-alego-que-el-avion-de-yevgeny-prigozhin-fue-derribado\\\/#primaryimage\"},\"image\":{\"@id\":\"https:\\\/\\\/elcanillita.info\\\/press\\\/2023\\\/08\\\/24\\\/el-grupo-wagner-alego-que-el-avion-de-yevgeny-prigozhin-fue-derribado\\\/#primaryimage\"},\"thumbnailUrl\":\"https:\\\/\\\/elcanillita.info\\\/press\\\/images\\\/2023\\\/08\\\/wg_1-20230824.jpg\",\"datePublished\":\"2023-08-24T09:49:11+00:00\",\"dateModified\":\"2023-08-24T13:43:05+00:00\",\"description\":\"El avi\u00f3n en el que supuestamente viajaba el jefe de Wagner, Yevgeny Prigozhin, se estrell\u00f3 en la regi\u00f3n rusa de Tver.\",\"inLanguage\":\"es-AR\",\"potentialAction\":[{\"@type\":\"ReadAction\",\"target\":[\"https:\\\/\\\/elcanillita.info\\\/press\\\/2023\\\/08\\\/24\\\/el-grupo-wagner-alego-que-el-avion-de-yevgeny-prigozhin-fue-derribado\\\/\"]}]},{\"@type\":\"ImageObject\",\"inLanguage\":\"es-AR\",\"@id\":\"https:\\\/\\\/elcanillita.info\\\/press\\\/2023\\\/08\\\/24\\\/el-grupo-wagner-alego-que-el-avion-de-yevgeny-prigozhin-fue-derribado\\\/#primaryimage\",\"url\":\"https:\\\/\\\/elcanillita.info\\\/press\\\/images\\\/2023\\\/08\\\/wg_1-20230824.jpg\",\"contentUrl\":\"https:\\\/\\\/elcanillita.info\\\/press\\\/images\\\/2023\\\/08\\\/wg_1-20230824.jpg\",\"width\":600,\"height\":338},{\"@type\":\"WebSite\",\"@id\":\"https:\\\/\\\/elcanillita.info\\\/press\\\/#website\",\"url\":\"https:\\\/\\\/elcanillita.info\\\/press\\\/\",\"name\":\"ElCanillita.Info\",\"description\":\"desde los Apeninos a los Andes\",\"publisher\":{\"@id\":\"https:\\\/\\\/elcanillita.info\\\/press\\\/#organization\"},\"potentialAction\":[{\"@type\":\"SearchAction\",\"target\":{\"@type\":\"EntryPoint\",\"urlTemplate\":\"https:\\\/\\\/elcanillita.info\\\/press\\\/?s={search_term_string}\"},\"query-input\":{\"@type\":\"PropertyValueSpecification\",\"valueRequired\":true,\"valueName\":\"search_term_string\"}}],\"inLanguage\":\"es-AR\"},{\"@type\":\"Organization\",\"@id\":\"https:\\\/\\\/elcanillita.info\\\/press\\\/#organization\",\"name\":\"Guzzo Photos & Graphic Publications\",\"url\":\"https:\\\/\\\/elcanillita.info\\\/press\\\/\",\"logo\":{\"@type\":\"ImageObject\",\"inLanguage\":\"es-AR\",\"@id\":\"https:\\\/\\\/elcanillita.info\\\/press\\\/#\\\/schema\\\/logo\\\/image\\\/\",\"url\":\"https:\\\/\\\/elcanillita.info\\\/press\\\/images\\\/2020\\\/01\\\/cropped-cropped-cropped-elcanillitainfo.png\",\"contentUrl\":\"https:\\\/\\\/elcanillita.info\\\/press\\\/images\\\/2020\\\/01\\\/cropped-cropped-cropped-elcanillitainfo.png\",\"width\":460,\"height\":50,\"caption\":\"Guzzo Photos & Graphic Publications\"},\"image\":{\"@id\":\"https:\\\/\\\/elcanillita.info\\\/press\\\/#\\\/schema\\\/logo\\\/image\\\/\"},\"sameAs\":[\"https:\\\/\\\/ar-ar.facebook.com\\\/ElCanillitainfo-114249515285712\\\/\"]},{\"@type\":\"Person\",\"@id\":\"https:\\\/\\\/elcanillita.info\\\/press\\\/#\\\/schema\\\/person\\\/7fcb79f38045700919f7da6d97e71ba0\",\"name\":\"SalaStampa.eu, world press service\",\"image\":{\"@type\":\"ImageObject\",\"inLanguage\":\"es-AR\",\"@id\":\"https:\\\/\\\/secure.gravatar.com\\\/avatar\\\/c2f0e0d515a107624234994507816ca4724c7199cef73fc8bedebf6931d73888?s=96&d=mm&r=g\",\"url\":\"https:\\\/\\\/secure.gravatar.com\\\/avatar\\\/c2f0e0d515a107624234994507816ca4724c7199cef73fc8bedebf6931d73888?s=96&d=mm&r=g\",\"contentUrl\":\"https:\\\/\\\/secure.gravatar.com\\\/avatar\\\/c2f0e0d515a107624234994507816ca4724c7199cef73fc8bedebf6931d73888?s=96&d=mm&r=g\",\"caption\":\"SalaStampa.eu, world press service\"}}]}<\/script>\n<!-- \/ Yoast SEO plugin. -->","yoast_head_json":{"title":"El grupo Wagner aleg\u00f3 que el avi\u00f3n de Yevgeny Prigozhin fue derribado - ElCanillita.Info","description":"El avi\u00f3n en el que supuestamente viajaba el jefe de Wagner, Yevgeny Prigozhin, se estrell\u00f3 en la regi\u00f3n rusa de Tver.","robots":{"index":"index","follow":"follow","max-snippet":"max-snippet:-1","max-image-preview":"max-image-preview:large","max-video-preview":"max-video-preview:-1"},"canonical":"https:\/\/elcanillita.info\/press\/2023\/08\/24\/el-grupo-wagner-alego-que-el-avion-de-yevgeny-prigozhin-fue-derribado\/","og_locale":"es_ES","og_type":"article","og_title":"El grupo Wagner aleg\u00f3 que el avi\u00f3n de Yevgeny Prigozhin fue derribado - ElCanillita.Info","og_description":"El avi\u00f3n en el que supuestamente viajaba el jefe de Wagner, Yevgeny Prigozhin, se estrell\u00f3 en la regi\u00f3n rusa de Tver.","og_url":"https:\/\/elcanillita.info\/press\/2023\/08\/24\/el-grupo-wagner-alego-que-el-avion-de-yevgeny-prigozhin-fue-derribado\/","og_site_name":"ElCanillita.Info","article_publisher":"https:\/\/ar-ar.facebook.com\/ElCanillitainfo-114249515285712\/","article_published_time":"2023-08-24T09:49:11+00:00","article_modified_time":"2023-08-24T13:43:05+00:00","og_image":[{"width":600,"height":338,"url":"https:\/\/elcanillita.info\/press\/images\/2023\/08\/wg_1-20230824.jpg","type":"image\/jpeg"}],"author":"SalaStampa.eu, world press service","twitter_card":"summary_large_image","twitter_misc":{"Escrito por":"SalaStampa.eu, world press service","Tiempo de lectura":"9 minutos"},"schema":{"@context":"https:\/\/schema.org","@graph":[{"@type":"Article","@id":"https:\/\/elcanillita.info\/press\/2023\/08\/24\/el-grupo-wagner-alego-que-el-avion-de-yevgeny-prigozhin-fue-derribado\/#article","isPartOf":{"@id":"https:\/\/elcanillita.info\/press\/2023\/08\/24\/el-grupo-wagner-alego-que-el-avion-de-yevgeny-prigozhin-fue-derribado\/"},"author":{"name":"SalaStampa.eu, world press service","@id":"https:\/\/elcanillita.info\/press\/#\/schema\/person\/7fcb79f38045700919f7da6d97e71ba0"},"headline":"El grupo Wagner aleg\u00f3 que el avi\u00f3n de Yevgeny Prigozhin fue derribado","datePublished":"2023-08-24T09:49:11+00:00","dateModified":"2023-08-24T13:43:05+00:00","mainEntityOfPage":{"@id":"https:\/\/elcanillita.info\/press\/2023\/08\/24\/el-grupo-wagner-alego-que-el-avion-de-yevgeny-prigozhin-fue-derribado\/"},"wordCount":1732,"publisher":{"@id":"https:\/\/elcanillita.info\/press\/#organization"},"image":{"@id":"https:\/\/elcanillita.info\/press\/2023\/08\/24\/el-grupo-wagner-alego-que-el-avion-de-yevgeny-prigozhin-fue-derribado\/#primaryimage"},"thumbnailUrl":"https:\/\/elcanillita.info\/press\/images\/2023\/08\/wg_1-20230824.jpg","keywords":["Rusia"],"articleSection":[".",".","Actualidad","Eurasia","Guerra","Politica"],"inLanguage":"es-AR"},{"@type":"WebPage","@id":"https:\/\/elcanillita.info\/press\/2023\/08\/24\/el-grupo-wagner-alego-que-el-avion-de-yevgeny-prigozhin-fue-derribado\/","url":"https:\/\/elcanillita.info\/press\/2023\/08\/24\/el-grupo-wagner-alego-que-el-avion-de-yevgeny-prigozhin-fue-derribado\/","name":"El grupo Wagner aleg\u00f3 que el avi\u00f3n de Yevgeny Prigozhin fue derribado - ElCanillita.Info","isPartOf":{"@id":"https:\/\/elcanillita.info\/press\/#website"},"primaryImageOfPage":{"@id":"https:\/\/elcanillita.info\/press\/2023\/08\/24\/el-grupo-wagner-alego-que-el-avion-de-yevgeny-prigozhin-fue-derribado\/#primaryimage"},"image":{"@id":"https:\/\/elcanillita.info\/press\/2023\/08\/24\/el-grupo-wagner-alego-que-el-avion-de-yevgeny-prigozhin-fue-derribado\/#primaryimage"},"thumbnailUrl":"https:\/\/elcanillita.info\/press\/images\/2023\/08\/wg_1-20230824.jpg","datePublished":"2023-08-24T09:49:11+00:00","dateModified":"2023-08-24T13:43:05+00:00","description":"El avi\u00f3n en el que supuestamente viajaba el jefe de Wagner, Yevgeny Prigozhin, se estrell\u00f3 en la regi\u00f3n rusa de Tver.","inLanguage":"es-AR","potentialAction":[{"@type":"ReadAction","target":["https:\/\/elcanillita.info\/press\/2023\/08\/24\/el-grupo-wagner-alego-que-el-avion-de-yevgeny-prigozhin-fue-derribado\/"]}]},{"@type":"ImageObject","inLanguage":"es-AR","@id":"https:\/\/elcanillita.info\/press\/2023\/08\/24\/el-grupo-wagner-alego-que-el-avion-de-yevgeny-prigozhin-fue-derribado\/#primaryimage","url":"https:\/\/elcanillita.info\/press\/images\/2023\/08\/wg_1-20230824.jpg","contentUrl":"https:\/\/elcanillita.info\/press\/images\/2023\/08\/wg_1-20230824.jpg","width":600,"height":338},{"@type":"WebSite","@id":"https:\/\/elcanillita.info\/press\/#website","url":"https:\/\/elcanillita.info\/press\/","name":"ElCanillita.Info","description":"desde los Apeninos a los Andes","publisher":{"@id":"https:\/\/elcanillita.info\/press\/#organization"},"potentialAction":[{"@type":"SearchAction","target":{"@type":"EntryPoint","urlTemplate":"https:\/\/elcanillita.info\/press\/?s={search_term_string}"},"query-input":{"@type":"PropertyValueSpecification","valueRequired":true,"valueName":"search_term_string"}}],"inLanguage":"es-AR"},{"@type":"Organization","@id":"https:\/\/elcanillita.info\/press\/#organization","name":"Guzzo Photos & Graphic Publications","url":"https:\/\/elcanillita.info\/press\/","logo":{"@type":"ImageObject","inLanguage":"es-AR","@id":"https:\/\/elcanillita.info\/press\/#\/schema\/logo\/image\/","url":"https:\/\/elcanillita.info\/press\/images\/2020\/01\/cropped-cropped-cropped-elcanillitainfo.png","contentUrl":"https:\/\/elcanillita.info\/press\/images\/2020\/01\/cropped-cropped-cropped-elcanillitainfo.png","width":460,"height":50,"caption":"Guzzo Photos & Graphic Publications"},"image":{"@id":"https:\/\/elcanillita.info\/press\/#\/schema\/logo\/image\/"},"sameAs":["https:\/\/ar-ar.facebook.com\/ElCanillitainfo-114249515285712\/"]},{"@type":"Person","@id":"https:\/\/elcanillita.info\/press\/#\/schema\/person\/7fcb79f38045700919f7da6d97e71ba0","name":"SalaStampa.eu, world press service","image":{"@type":"ImageObject","inLanguage":"es-AR","@id":"https:\/\/secure.gravatar.com\/avatar\/c2f0e0d515a107624234994507816ca4724c7199cef73fc8bedebf6931d73888?s=96&d=mm&r=g","url":"https:\/\/secure.gravatar.com\/avatar\/c2f0e0d515a107624234994507816ca4724c7199cef73fc8bedebf6931d73888?s=96&d=mm&r=g","contentUrl":"https:\/\/secure.gravatar.com\/avatar\/c2f0e0d515a107624234994507816ca4724c7199cef73fc8bedebf6931d73888?s=96&d=mm&r=g","caption":"SalaStampa.eu, world press service"}}]}},"views":401,"_links":{"self":[{"href":"https:\/\/elcanillita.info\/press\/wp-json\/wp\/v2\/posts\/3644","targetHints":{"allow":["GET"]}}],"collection":[{"href":"https:\/\/elcanillita.info\/press\/wp-json\/wp\/v2\/posts"}],"about":[{"href":"https:\/\/elcanillita.info\/press\/wp-json\/wp\/v2\/types\/post"}],"author":[{"embeddable":true,"href":"https:\/\/elcanillita.info\/press\/wp-json\/wp\/v2\/users\/1"}],"replies":[{"embeddable":true,"href":"https:\/\/elcanillita.info\/press\/wp-json\/wp\/v2\/comments?post=3644"}],"version-history":[{"count":0,"href":"https:\/\/elcanillita.info\/press\/wp-json\/wp\/v2\/posts\/3644\/revisions"}],"wp:featuredmedia":[{"embeddable":true,"href":"https:\/\/elcanillita.info\/press\/wp-json\/wp\/v2\/media\/3650"}],"wp:attachment":[{"href":"https:\/\/elcanillita.info\/press\/wp-json\/wp\/v2\/media?parent=3644"}],"wp:term":[{"taxonomy":"category","embeddable":true,"href":"https:\/\/elcanillita.info\/press\/wp-json\/wp\/v2\/categories?post=3644"},{"taxonomy":"post_tag","embeddable":true,"href":"https:\/\/elcanillita.info\/press\/wp-json\/wp\/v2\/tags?post=3644"}],"curies":[{"name":"wp","href":"https:\/\/api.w.org\/{rel}","templated":true}]}}