{"id":364,"date":"2020-02-06T14:29:03","date_gmt":"2020-02-06T17:29:03","guid":{"rendered":"https:\/\/elcanillita.info\/press\/?p=364"},"modified":"2020-02-06T14:29:36","modified_gmt":"2020-02-06T17:29:36","slug":"ecuador-lenin-moreno-pide-legislativo-ley-deportar-migrantes-cometan-delitos","status":"publish","type":"post","link":"https:\/\/elcanillita.info\/press\/2020\/02\/06\/ecuador-lenin-moreno-pide-legislativo-ley-deportar-migrantes-cometan-delitos\/","title":{"rendered":"Ecuador: Len\u00edn Moreno pide al legislativo ley para deportar migrantes que cometan delitos"},"content":{"rendered":"\n<p>Quito, 06.02.2020 &#8211; El asesinato de una mujer de 68 a\u00f1os, cometido por un ciudadano venezolano de 19, llev\u00f3&nbsp;al presidente Len\u00edn Moreno a pedir a la Asamblea Nacional que haga reformas a la Ley de Movilidad Humana para que los ciudadanos extranjeros que cometen delitos puedan ser deportados.<\/p>\n\n\n\n<p>Ecuador es el tercer pa\u00eds de acogida de venezolanos migrantes, despu\u00e9s de Colombia y Per\u00fa, con m\u00e1s de 500.000 personas que han ingresado; se incluye 354; 538 registradas, seg\u00fan el ministerio de gobierno, y m\u00e1s de 145.000 que pasan de forma irregular.<\/p>\n\n\n\n<p>\u201cLas reformas a la ley de movilidad que nos permitir\u00e1 expulsar y deportar a aquellos extranjeros que vienen al pa\u00eds a delinquir y que son encontrados cometiendo delitos; vuelvo a recalcar, que nos permita deportarlos&#8221;, indic\u00f3 Moreno.<br>\nLa petici\u00f3n de Moreno llega despu\u00e9s de que un adolescente de origen presumentamente venezolano propin\u00f3 tres balazos a una anciana en las afueras de un concurrido centro comercial del norte de Quito, despu\u00e9s que esta no se dej\u00f3 arrebar su cartera. El autor del hecho fue detenido, y el hecho&nbsp;desencaden\u00f3 una oleada de reclamos e incluso protestas de decenas de personas exigiendo seguridad.<\/p>\n\n\n\n<p>El asamble\u00edsta Hector M\u00fa\u00f1oz dijo que se debe reformar porque las leyes actuales son muy flexibles: \u201cEn un pa\u00eds como el nuestro es un poco peligroso inclusive tener legislaciones tan laxas, en ese sentido\u201d.<\/p>\n\n\n\n<p>El hecho violento ha provocado que se incrementen manifestaciones de xenofobia contra ciudadanos venezolanos y que organizaciones civiles exijan al gobierno m\u00e1s control y seguridad.<\/p>\n\n\n\n<p>Reacci\u00f3n de migrantes<\/p>\n\n\n\n<p>Seg\u00fan el diario El Comercio, tras la iniciativa del legislativo, un centenar de venezolanos se reunieron el martes, en un barrio del sur de Quito. En el encuentro, Eduardo Febres Cordero, presidente de la Fundaci\u00f3n de Venezolanos en el Exterior (Funvex) explic\u00f3 a sus&nbsp; compatriotas c\u00f3mo regularizarse.<\/p>\n\n\n\n<p>&#8220;Pidieron que no infrinjan las leyes, que eviten grescas y multas de tr\u00e1nsito y que traten de integrarse pac\u00edficamente al pa\u00eds&#8221;, se\u00f1ala el medio ecuatoriano.&nbsp;<\/p>\n\n\n\n<p>Incluso, se les explic\u00f3 c\u00f3mo actuar frente a los controles migratorios.<br><br>\n<small>2020 voanoticias \u2013 salastampa.eu, afiliada a la red Broadcasting Board of Governors \u00a9 2020 BBG<\/small><\/p>\n\n\n\n<p> <\/p>\n","protected":false},"excerpt":{"rendered":"<p>Quito, 06.02.2020 &#8211; El asesinato de una mujer de 68 a\u00f1os, cometido por un ciudadano venezolano de 19, llev\u00f3 al presidente Len\u00edn Moreno a pedir a la Asamblea Nacional que haga reformas a la Ley de Movilidad Humana para que los ciudadanos extranjeros que cometen delitos puedan ser deportados.<\/p>\n","protected":false},"author":1,"featured_media":0,"comment_status":"closed","ping_status":"closed","sticky":false,"template":"","format":"standard","meta":{"footnotes":"","_links_to":"","_links_to_target":""},"categories":[70,11,22,25],"tags":[53],"class_list":["post-364","post","type-post","status-publish","format-standard","hentry","category-actualidad","category-america-del-sur","category-justicia","category-sociedad","tag-ecuador","entry","double"],"yoast_head":"<!-- This site is optimized with the Yoast SEO plugin v27.4 - https:\/\/yoast.com\/product\/yoast-seo-wordpress\/ -->\n<title>Ecuador: Len\u00edn Moreno pide al legislativo ley para deportar migrantes que cometan delitos - ElCanillita.Info<\/title>\n<meta name=\"robots\" content=\"index, follow, max-snippet:-1, max-image-preview:large, max-video-preview:-1\" \/>\n<link rel=\"canonical\" href=\"https:\/\/elcanillita.info\/press\/2020\/02\/06\/ecuador-lenin-moreno-pide-legislativo-ley-deportar-migrantes-cometan-delitos\/\" \/>\n<meta property=\"og:locale\" content=\"es_ES\" \/>\n<meta property=\"og:type\" content=\"article\" \/>\n<meta property=\"og:title\" content=\"Ecuador: Len\u00edn Moreno pide al legislativo ley para deportar migrantes que cometan delitos - ElCanillita.Info\" \/>\n<meta property=\"og:description\" content=\"Quito, 06.02.2020 - El asesinato de una mujer de 68 a\u00f1os, cometido por un ciudadano venezolano de 19, llev\u00f3 al presidente Len\u00edn Moreno a pedir a la Asamblea Nacional que haga reformas a la Ley de Movilidad Humana para que los ciudadanos extranjeros que cometen delitos puedan ser deportados.\" \/>\n<meta property=\"og:url\" content=\"https:\/\/elcanillita.info\/press\/2020\/02\/06\/ecuador-lenin-moreno-pide-legislativo-ley-deportar-migrantes-cometan-delitos\/\" \/>\n<meta property=\"og:site_name\" content=\"ElCanillita.Info\" \/>\n<meta property=\"article:publisher\" content=\"https:\/\/ar-ar.facebook.com\/ElCanillitainfo-114249515285712\/\" \/>\n<meta property=\"article:published_time\" content=\"2020-02-06T17:29:03+00:00\" \/>\n<meta property=\"article:modified_time\" content=\"2020-02-06T17:29:36+00:00\" \/>\n<meta name=\"author\" content=\"SalaStampa.eu, world press service\" \/>\n<meta name=\"twitter:card\" content=\"summary_large_image\" \/>\n<meta name=\"twitter:label1\" content=\"Escrito por\" \/>\n\t<meta name=\"twitter:data1\" content=\"SalaStampa.eu, world press service\" \/>\n\t<meta name=\"twitter:label2\" content=\"Tiempo de lectura\" \/>\n\t<meta name=\"twitter:data2\" content=\"2 minutos\" \/>\n<script type=\"application\/ld+json\" class=\"yoast-schema-graph\">{\"@context\":\"https:\\\/\\\/schema.org\",\"@graph\":[{\"@type\":\"Article\",\"@id\":\"https:\\\/\\\/elcanillita.info\\\/press\\\/2020\\\/02\\\/06\\\/ecuador-lenin-moreno-pide-legislativo-ley-deportar-migrantes-cometan-delitos\\\/#article\",\"isPartOf\":{\"@id\":\"https:\\\/\\\/elcanillita.info\\\/press\\\/2020\\\/02\\\/06\\\/ecuador-lenin-moreno-pide-legislativo-ley-deportar-migrantes-cometan-delitos\\\/\"},\"author\":{\"name\":\"SalaStampa.eu, world press service\",\"@id\":\"https:\\\/\\\/elcanillita.info\\\/press\\\/#\\\/schema\\\/person\\\/7fcb79f38045700919f7da6d97e71ba0\"},\"headline\":\"Ecuador: Len\u00edn Moreno pide al legislativo ley para deportar migrantes que cometan delitos\",\"datePublished\":\"2020-02-06T17:29:03+00:00\",\"dateModified\":\"2020-02-06T17:29:36+00:00\",\"mainEntityOfPage\":{\"@id\":\"https:\\\/\\\/elcanillita.info\\\/press\\\/2020\\\/02\\\/06\\\/ecuador-lenin-moreno-pide-legislativo-ley-deportar-migrantes-cometan-delitos\\\/\"},\"wordCount\":384,\"publisher\":{\"@id\":\"https:\\\/\\\/elcanillita.info\\\/press\\\/#organization\"},\"keywords\":[\"Ecuador\"],\"articleSection\":[\"Actualidad\",\"Am\u00e9rica del Sur\",\"Justicia\",\"Sociedad\"],\"inLanguage\":\"es-AR\"},{\"@type\":\"WebPage\",\"@id\":\"https:\\\/\\\/elcanillita.info\\\/press\\\/2020\\\/02\\\/06\\\/ecuador-lenin-moreno-pide-legislativo-ley-deportar-migrantes-cometan-delitos\\\/\",\"url\":\"https:\\\/\\\/elcanillita.info\\\/press\\\/2020\\\/02\\\/06\\\/ecuador-lenin-moreno-pide-legislativo-ley-deportar-migrantes-cometan-delitos\\\/\",\"name\":\"Ecuador: Len\u00edn Moreno pide al legislativo ley para deportar migrantes que cometan delitos - ElCanillita.Info\",\"isPartOf\":{\"@id\":\"https:\\\/\\\/elcanillita.info\\\/press\\\/#website\"},\"datePublished\":\"2020-02-06T17:29:03+00:00\",\"dateModified\":\"2020-02-06T17:29:36+00:00\",\"inLanguage\":\"es-AR\",\"potentialAction\":[{\"@type\":\"ReadAction\",\"target\":[\"https:\\\/\\\/elcanillita.info\\\/press\\\/2020\\\/02\\\/06\\\/ecuador-lenin-moreno-pide-legislativo-ley-deportar-migrantes-cometan-delitos\\\/\"]}]},{\"@type\":\"WebSite\",\"@id\":\"https:\\\/\\\/elcanillita.info\\\/press\\\/#website\",\"url\":\"https:\\\/\\\/elcanillita.info\\\/press\\\/\",\"name\":\"ElCanillita.Info\",\"description\":\"desde los Apeninos a los Andes\",\"publisher\":{\"@id\":\"https:\\\/\\\/elcanillita.info\\\/press\\\/#organization\"},\"potentialAction\":[{\"@type\":\"SearchAction\",\"target\":{\"@type\":\"EntryPoint\",\"urlTemplate\":\"https:\\\/\\\/elcanillita.info\\\/press\\\/?s={search_term_string}\"},\"query-input\":{\"@type\":\"PropertyValueSpecification\",\"valueRequired\":true,\"valueName\":\"search_term_string\"}}],\"inLanguage\":\"es-AR\"},{\"@type\":\"Organization\",\"@id\":\"https:\\\/\\\/elcanillita.info\\\/press\\\/#organization\",\"name\":\"Guzzo Photos & Graphic Publications\",\"url\":\"https:\\\/\\\/elcanillita.info\\\/press\\\/\",\"logo\":{\"@type\":\"ImageObject\",\"inLanguage\":\"es-AR\",\"@id\":\"https:\\\/\\\/elcanillita.info\\\/press\\\/#\\\/schema\\\/logo\\\/image\\\/\",\"url\":\"https:\\\/\\\/elcanillita.info\\\/press\\\/images\\\/2020\\\/01\\\/cropped-cropped-cropped-elcanillitainfo.png\",\"contentUrl\":\"https:\\\/\\\/elcanillita.info\\\/press\\\/images\\\/2020\\\/01\\\/cropped-cropped-cropped-elcanillitainfo.png\",\"width\":460,\"height\":50,\"caption\":\"Guzzo Photos & Graphic Publications\"},\"image\":{\"@id\":\"https:\\\/\\\/elcanillita.info\\\/press\\\/#\\\/schema\\\/logo\\\/image\\\/\"},\"sameAs\":[\"https:\\\/\\\/ar-ar.facebook.com\\\/ElCanillitainfo-114249515285712\\\/\"]},{\"@type\":\"Person\",\"@id\":\"https:\\\/\\\/elcanillita.info\\\/press\\\/#\\\/schema\\\/person\\\/7fcb79f38045700919f7da6d97e71ba0\",\"name\":\"SalaStampa.eu, world press service\",\"image\":{\"@type\":\"ImageObject\",\"inLanguage\":\"es-AR\",\"@id\":\"https:\\\/\\\/secure.gravatar.com\\\/avatar\\\/c2f0e0d515a107624234994507816ca4724c7199cef73fc8bedebf6931d73888?s=96&d=mm&r=g\",\"url\":\"https:\\\/\\\/secure.gravatar.com\\\/avatar\\\/c2f0e0d515a107624234994507816ca4724c7199cef73fc8bedebf6931d73888?s=96&d=mm&r=g\",\"contentUrl\":\"https:\\\/\\\/secure.gravatar.com\\\/avatar\\\/c2f0e0d515a107624234994507816ca4724c7199cef73fc8bedebf6931d73888?s=96&d=mm&r=g\",\"caption\":\"SalaStampa.eu, world press service\"}}]}<\/script>\n<!-- \/ Yoast SEO plugin. -->","yoast_head_json":{"title":"Ecuador: Len\u00edn Moreno pide al legislativo ley para deportar migrantes que cometan delitos - ElCanillita.Info","robots":{"index":"index","follow":"follow","max-snippet":"max-snippet:-1","max-image-preview":"max-image-preview:large","max-video-preview":"max-video-preview:-1"},"canonical":"https:\/\/elcanillita.info\/press\/2020\/02\/06\/ecuador-lenin-moreno-pide-legislativo-ley-deportar-migrantes-cometan-delitos\/","og_locale":"es_ES","og_type":"article","og_title":"Ecuador: Len\u00edn Moreno pide al legislativo ley para deportar migrantes que cometan delitos - ElCanillita.Info","og_description":"Quito, 06.02.2020 - El asesinato de una mujer de 68 a\u00f1os, cometido por un ciudadano venezolano de 19, llev\u00f3 al presidente Len\u00edn Moreno a pedir a la Asamblea Nacional que haga reformas a la Ley de Movilidad Humana para que los ciudadanos extranjeros que cometen delitos puedan ser deportados.","og_url":"https:\/\/elcanillita.info\/press\/2020\/02\/06\/ecuador-lenin-moreno-pide-legislativo-ley-deportar-migrantes-cometan-delitos\/","og_site_name":"ElCanillita.Info","article_publisher":"https:\/\/ar-ar.facebook.com\/ElCanillitainfo-114249515285712\/","article_published_time":"2020-02-06T17:29:03+00:00","article_modified_time":"2020-02-06T17:29:36+00:00","author":"SalaStampa.eu, world press service","twitter_card":"summary_large_image","twitter_misc":{"Escrito por":"SalaStampa.eu, world press service","Tiempo de lectura":"2 minutos"},"schema":{"@context":"https:\/\/schema.org","@graph":[{"@type":"Article","@id":"https:\/\/elcanillita.info\/press\/2020\/02\/06\/ecuador-lenin-moreno-pide-legislativo-ley-deportar-migrantes-cometan-delitos\/#article","isPartOf":{"@id":"https:\/\/elcanillita.info\/press\/2020\/02\/06\/ecuador-lenin-moreno-pide-legislativo-ley-deportar-migrantes-cometan-delitos\/"},"author":{"name":"SalaStampa.eu, world press service","@id":"https:\/\/elcanillita.info\/press\/#\/schema\/person\/7fcb79f38045700919f7da6d97e71ba0"},"headline":"Ecuador: Len\u00edn Moreno pide al legislativo ley para deportar migrantes que cometan delitos","datePublished":"2020-02-06T17:29:03+00:00","dateModified":"2020-02-06T17:29:36+00:00","mainEntityOfPage":{"@id":"https:\/\/elcanillita.info\/press\/2020\/02\/06\/ecuador-lenin-moreno-pide-legislativo-ley-deportar-migrantes-cometan-delitos\/"},"wordCount":384,"publisher":{"@id":"https:\/\/elcanillita.info\/press\/#organization"},"keywords":["Ecuador"],"articleSection":["Actualidad","Am\u00e9rica del Sur","Justicia","Sociedad"],"inLanguage":"es-AR"},{"@type":"WebPage","@id":"https:\/\/elcanillita.info\/press\/2020\/02\/06\/ecuador-lenin-moreno-pide-legislativo-ley-deportar-migrantes-cometan-delitos\/","url":"https:\/\/elcanillita.info\/press\/2020\/02\/06\/ecuador-lenin-moreno-pide-legislativo-ley-deportar-migrantes-cometan-delitos\/","name":"Ecuador: Len\u00edn Moreno pide al legislativo ley para deportar migrantes que cometan delitos - ElCanillita.Info","isPartOf":{"@id":"https:\/\/elcanillita.info\/press\/#website"},"datePublished":"2020-02-06T17:29:03+00:00","dateModified":"2020-02-06T17:29:36+00:00","inLanguage":"es-AR","potentialAction":[{"@type":"ReadAction","target":["https:\/\/elcanillita.info\/press\/2020\/02\/06\/ecuador-lenin-moreno-pide-legislativo-ley-deportar-migrantes-cometan-delitos\/"]}]},{"@type":"WebSite","@id":"https:\/\/elcanillita.info\/press\/#website","url":"https:\/\/elcanillita.info\/press\/","name":"ElCanillita.Info","description":"desde los Apeninos a los Andes","publisher":{"@id":"https:\/\/elcanillita.info\/press\/#organization"},"potentialAction":[{"@type":"SearchAction","target":{"@type":"EntryPoint","urlTemplate":"https:\/\/elcanillita.info\/press\/?s={search_term_string}"},"query-input":{"@type":"PropertyValueSpecification","valueRequired":true,"valueName":"search_term_string"}}],"inLanguage":"es-AR"},{"@type":"Organization","@id":"https:\/\/elcanillita.info\/press\/#organization","name":"Guzzo Photos & Graphic Publications","url":"https:\/\/elcanillita.info\/press\/","logo":{"@type":"ImageObject","inLanguage":"es-AR","@id":"https:\/\/elcanillita.info\/press\/#\/schema\/logo\/image\/","url":"https:\/\/elcanillita.info\/press\/images\/2020\/01\/cropped-cropped-cropped-elcanillitainfo.png","contentUrl":"https:\/\/elcanillita.info\/press\/images\/2020\/01\/cropped-cropped-cropped-elcanillitainfo.png","width":460,"height":50,"caption":"Guzzo Photos & Graphic Publications"},"image":{"@id":"https:\/\/elcanillita.info\/press\/#\/schema\/logo\/image\/"},"sameAs":["https:\/\/ar-ar.facebook.com\/ElCanillitainfo-114249515285712\/"]},{"@type":"Person","@id":"https:\/\/elcanillita.info\/press\/#\/schema\/person\/7fcb79f38045700919f7da6d97e71ba0","name":"SalaStampa.eu, world press service","image":{"@type":"ImageObject","inLanguage":"es-AR","@id":"https:\/\/secure.gravatar.com\/avatar\/c2f0e0d515a107624234994507816ca4724c7199cef73fc8bedebf6931d73888?s=96&d=mm&r=g","url":"https:\/\/secure.gravatar.com\/avatar\/c2f0e0d515a107624234994507816ca4724c7199cef73fc8bedebf6931d73888?s=96&d=mm&r=g","contentUrl":"https:\/\/secure.gravatar.com\/avatar\/c2f0e0d515a107624234994507816ca4724c7199cef73fc8bedebf6931d73888?s=96&d=mm&r=g","caption":"SalaStampa.eu, world press service"}}]}},"views":765,"_links":{"self":[{"href":"https:\/\/elcanillita.info\/press\/wp-json\/wp\/v2\/posts\/364","targetHints":{"allow":["GET"]}}],"collection":[{"href":"https:\/\/elcanillita.info\/press\/wp-json\/wp\/v2\/posts"}],"about":[{"href":"https:\/\/elcanillita.info\/press\/wp-json\/wp\/v2\/types\/post"}],"author":[{"embeddable":true,"href":"https:\/\/elcanillita.info\/press\/wp-json\/wp\/v2\/users\/1"}],"replies":[{"embeddable":true,"href":"https:\/\/elcanillita.info\/press\/wp-json\/wp\/v2\/comments?post=364"}],"version-history":[{"count":0,"href":"https:\/\/elcanillita.info\/press\/wp-json\/wp\/v2\/posts\/364\/revisions"}],"wp:attachment":[{"href":"https:\/\/elcanillita.info\/press\/wp-json\/wp\/v2\/media?parent=364"}],"wp:term":[{"taxonomy":"category","embeddable":true,"href":"https:\/\/elcanillita.info\/press\/wp-json\/wp\/v2\/categories?post=364"},{"taxonomy":"post_tag","embeddable":true,"href":"https:\/\/elcanillita.info\/press\/wp-json\/wp\/v2\/tags?post=364"}],"curies":[{"name":"wp","href":"https:\/\/api.w.org\/{rel}","templated":true}]}}