{"id":3637,"date":"2023-08-22T17:44:35","date_gmt":"2023-08-22T20:44:35","guid":{"rendered":"https:\/\/elcanillita.info\/press\/?p=3637"},"modified":"2023-08-22T17:44:36","modified_gmt":"2023-08-22T20:44:36","slug":"mueren-18-inmigrantesen-un-incendio-forestal-en-grecia","status":"publish","type":"post","link":"https:\/\/elcanillita.info\/press\/2023\/08\/22\/mueren-18-inmigrantesen-un-incendio-forestal-en-grecia\/","title":{"rendered":"Mueren 18 &#8220;inmigrantes&#8221;en un incendio forestal en Grecia"},"content":{"rendered":"\n<figure class=\"wp-block-image size-full\"><img loading=\"lazy\" decoding=\"async\" width=\"600\" height=\"400\" src=\"https:\/\/elcanillita.info\/press\/images\/2023\/08\/gre_1-20230822.jpg\" alt=\"\" class=\"wp-image-3639\" srcset=\"https:\/\/elcanillita.info\/press\/images\/2023\/08\/gre_1-20230822.jpg 600w, https:\/\/elcanillita.info\/press\/images\/2023\/08\/gre_1-20230822-300x200.jpg 300w\" sizes=\"auto, (max-width: 600px) 100vw, 600px\" \/><figcaption class=\"wp-element-caption\">Los habitantes de la zona afectada por el incendio intentan desesperadamente poner a salvo a sus animales<\/figcaption><\/figure>\n\n\n\n<p><strong>ElCanillita.info, 22\/08\/2023<\/strong><br>Las autoridades griegas confirmaron el martes que hab\u00edan recuperado los restos carbonizados de 18 personas, al parecer inmigrantes, que quedaron atrapadas en un voraz incendio forestal mientras cruzaban ilegalmente la frontera.<\/p>\n\n\n\n<p>El servicio nacional de bomberos dijo que estaba investigando las pruebas forenses recogidas en un extenso bosque de la regi\u00f3n nororiental de Alexandroupolis para determinar la identidad de las v\u00edctimas.<\/p>\n\n\n\n<p>Dada la falta de denuncias de personas desaparecidas desde que a finales de la semana pasada se desatara una oleada de incendios en la regi\u00f3n, arrasando grandes extensiones de campos agr\u00edcolas y terrenos forestales a lo largo de la frontera noreste de Grecia con Turqu\u00eda, &#8220;se est\u00e1 investigando la posibilidad de que estos 18 cad\u00e1veres sean de personas que entraron ilegalmente en el pa\u00eds&#8221;, declar\u00f3 Yannis Artopios, portavoz de los servicios de bomberos griegos.<\/p>\n\n\n\n<figure class=\"wp-block-image size-full\"><img loading=\"lazy\" decoding=\"async\" width=\"600\" height=\"400\" src=\"https:\/\/elcanillita.info\/press\/images\/2023\/08\/gre_cover-20230822.jpg\" alt=\"\" class=\"wp-image-3640\" srcset=\"https:\/\/elcanillita.info\/press\/images\/2023\/08\/gre_cover-20230822.jpg 600w, https:\/\/elcanillita.info\/press\/images\/2023\/08\/gre_cover-20230822-300x200.jpg 300w\" sizes=\"auto, (max-width: 600px) 100vw, 600px\" \/><figcaption class=\"wp-element-caption\">Los agricultores se vieron obligados a huir al arder grandes extensiones de bosques y tierras de cultivo.<\/figcaption><\/figure>\n\n\n\n<p>Los fuertes vientos ayudaron a que los incendios se propagaran r\u00e1pidamente por los bosques del centro de GreciaLos fuertes vientos ayudaron a que los incendios se propagaran r\u00e1pidamente por los bosques del centro de Grecia<br> <br>Al igual que gran parte del sur de Europa, Grecia se ha visto afectada por la subida de las temperaturas, lo que ha provocado cientos de incendios forestales en el continente y en destinos vacacionales tan populares como las islas de Rodas, Corf\u00fa y Creta.<\/p>\n\n\n\n<figure class=\"wp-block-image size-full\"><img loading=\"lazy\" decoding=\"async\" width=\"600\" height=\"400\" src=\"https:\/\/elcanillita.info\/press\/images\/2023\/08\/gre_4-20230822.jpg\" alt=\"\" class=\"wp-image-3641\" srcset=\"https:\/\/elcanillita.info\/press\/images\/2023\/08\/gre_4-20230822.jpg 600w, https:\/\/elcanillita.info\/press\/images\/2023\/08\/gre_4-20230822-300x200.jpg 300w\" sizes=\"auto, (max-width: 600px) 100vw, 600px\" \/><figcaption class=\"wp-element-caption\">Los bomberos hacen frente a otro incendio forestal cerca de Atenas<\/figcaption><\/figure>\n\n\n\n<p>El martes, cientos de bomberos lucharon por cuarto d\u00eda consecutivo para controlar el incendio de Alexandroupolis. Las condiciones de calor, sequedad y viento han dificultado los intentos de extinci\u00f3n y cuatro personas resultaron heridas, entre ellas dos bomberos.<\/p>\n\n\n\n<p>Al menos ocho pueblos y aldeas de la frontera noreste del pa\u00eds fueron evacuados durante la noche debido a la propagaci\u00f3n de las llamas por la regi\u00f3n, avivadas por vientos huracanados.<\/p>\n\n\n\n<p>Dimitrios Vartzopoulos, viceministro de Sanidad, declar\u00f3 que el intenso humo procedente de las llamas y los remolinos de ceniza obligaron a las autoridades a evacuar el principal hospital p\u00fablico de Alexandroupolis. &#8220;Lo evacuamos en cuatro horas&#8221;, declar\u00f3.<br><\/p>\n\n\n\n<figure class=\"wp-block-image size-full\"><img loading=\"lazy\" decoding=\"async\" width=\"600\" height=\"400\" src=\"https:\/\/elcanillita.info\/press\/images\/2023\/08\/gre_3-20230822-1.jpg\" alt=\"\" class=\"wp-image-3642\" srcset=\"https:\/\/elcanillita.info\/press\/images\/2023\/08\/gre_3-20230822-1.jpg 600w, https:\/\/elcanillita.info\/press\/images\/2023\/08\/gre_3-20230822-1-300x200.jpg 300w\" sizes=\"auto, (max-width: 600px) 100vw, 600px\" \/><figcaption class=\"wp-element-caption\">Voluntarios rescatan ovejas de una granja en llamas en el pueblo de Chasia<\/figcaption><\/figure>\n\n\n\n<p><br>Grecia a\u00fan se tambalea tras una crisis migratoria en la que m\u00e1s de un mill\u00f3n de refugiados entraron en Europa en el punto \u00e1lgido de la sangrienta guerra civil de Siria en 2015 y 2016. En lo que va de a\u00f1o, las autoridades han contabilizado 12.758 cruces mar\u00edtimos ilegales de migrantes. Las entradas ilegales por tierra desde la regi\u00f3n fronteriza nororiental de Evros, cerca de Alexandroupolis, han aumentado de 4.821 el a\u00f1o pasado a 6.022.<br><br>El gobierno conservador de Grecia, presidido por Kyriakos Mitsotakis, se comprometi\u00f3 a ampliar una valla de 35 km para cubrir todo el tramo del Evros, un r\u00edo que divide Grecia y Turqu\u00eda en el norte. Este r\u00edo serpentea a lo largo de 140 km por las fronteras de ambos pa\u00edses y es una de las principales v\u00edas de entrada de miles de inmigrantes ilegales cada a\u00f1o.<\/p>\n\n\n\n<p>El mes pasado, un incendio forestal en la isla tur\u00edstica de Rodas oblig\u00f3 a evacuar a 20.000 turistas. Dos pilotos de las fuerzas a\u00e9reas murieron al estrellarse su avi\u00f3n cuando descend\u00edan en picado para atajar un incendio en Eubea. Este verano se han registrado otras tres muertes relacionadas con incendios forestales.<br><br><small>Copyright \u00a9 2023 ElCanillita.info \/ SalaStampa.Eu, servicio mundial de prensa<\/small><\/p>\n","protected":false},"excerpt":{"rendered":"<p>Las autoridades griegas confirmaron el martes que hab\u00edan recuperado los restos carbonizados de 18 personas, al parecer inmigrantes, que quedaron atrapadas en un voraz incendio forestal mientras cruzaban ilegalmente la frontera.<\/p>\n","protected":false},"author":1,"featured_media":3643,"comment_status":"closed","ping_status":"closed","sticky":false,"template":"","format":"standard","meta":{"footnotes":"","_links_to":"","_links_to_target":""},"categories":[121,70,5],"tags":[106],"class_list":["post-3637","post","type-post","status-publish","format-standard","has-post-thumbnail","hentry","category-dc24","category-actualidad","category-europa","tag-grecia","entry","double"],"yoast_head":"<!-- This site is optimized with the Yoast SEO plugin v27.4 - https:\/\/yoast.com\/product\/yoast-seo-wordpress\/ -->\n<title>Mueren 18 &quot;inmigrantes&quot;en un incendio forestal en Grecia - ElCanillita.Info<\/title>\n<meta name=\"description\" content=\"Las autoridades griegas confirmaron el martes que hab\u00edan recuperado los restos carbonizados de 18 personas, al parecer inmigrantes, que quedaron atrapadas en un voraz incendio forestal mientras cruzaban ilegalmente la frontera.\" \/>\n<meta name=\"robots\" content=\"index, follow, max-snippet:-1, max-image-preview:large, max-video-preview:-1\" \/>\n<link rel=\"canonical\" href=\"https:\/\/elcanillita.info\/press\/2023\/08\/22\/mueren-18-inmigrantesen-un-incendio-forestal-en-grecia\/\" \/>\n<meta property=\"og:locale\" content=\"es_ES\" \/>\n<meta property=\"og:type\" content=\"article\" \/>\n<meta property=\"og:title\" content=\"Mueren 18 &quot;inmigrantes&quot;en un incendio forestal en Grecia - ElCanillita.Info\" \/>\n<meta property=\"og:description\" content=\"Las autoridades griegas confirmaron el martes que hab\u00edan recuperado los restos carbonizados de 18 personas, al parecer inmigrantes, que quedaron atrapadas en un voraz incendio forestal mientras cruzaban ilegalmente la frontera.\" \/>\n<meta property=\"og:url\" content=\"https:\/\/elcanillita.info\/press\/2023\/08\/22\/mueren-18-inmigrantesen-un-incendio-forestal-en-grecia\/\" \/>\n<meta property=\"og:site_name\" content=\"ElCanillita.Info\" \/>\n<meta property=\"article:publisher\" content=\"https:\/\/ar-ar.facebook.com\/ElCanillitainfo-114249515285712\/\" \/>\n<meta property=\"article:published_time\" content=\"2023-08-22T20:44:35+00:00\" \/>\n<meta property=\"article:modified_time\" content=\"2023-08-22T20:44:36+00:00\" \/>\n<meta property=\"og:image\" content=\"https:\/\/elcanillita.info\/press\/images\/2023\/08\/gre_2-20230822.jpg\" \/>\n\t<meta property=\"og:image:width\" content=\"600\" \/>\n\t<meta property=\"og:image:height\" content=\"400\" \/>\n\t<meta property=\"og:image:type\" content=\"image\/jpeg\" \/>\n<meta name=\"author\" content=\"SalaStampa.eu, world press service\" \/>\n<meta name=\"twitter:card\" content=\"summary_large_image\" \/>\n<meta name=\"twitter:label1\" content=\"Escrito por\" \/>\n\t<meta name=\"twitter:data1\" content=\"SalaStampa.eu, world press service\" \/>\n\t<meta name=\"twitter:label2\" content=\"Tiempo de lectura\" \/>\n\t<meta name=\"twitter:data2\" content=\"4 minutos\" \/>\n<script type=\"application\/ld+json\" class=\"yoast-schema-graph\">{\"@context\":\"https:\\\/\\\/schema.org\",\"@graph\":[{\"@type\":\"Article\",\"@id\":\"https:\\\/\\\/elcanillita.info\\\/press\\\/2023\\\/08\\\/22\\\/mueren-18-inmigrantesen-un-incendio-forestal-en-grecia\\\/#article\",\"isPartOf\":{\"@id\":\"https:\\\/\\\/elcanillita.info\\\/press\\\/2023\\\/08\\\/22\\\/mueren-18-inmigrantesen-un-incendio-forestal-en-grecia\\\/\"},\"author\":{\"name\":\"SalaStampa.eu, world press service\",\"@id\":\"https:\\\/\\\/elcanillita.info\\\/press\\\/#\\\/schema\\\/person\\\/7fcb79f38045700919f7da6d97e71ba0\"},\"headline\":\"Mueren 18 &#8220;inmigrantes&#8221;en un incendio forestal en Grecia\",\"datePublished\":\"2023-08-22T20:44:35+00:00\",\"dateModified\":\"2023-08-22T20:44:36+00:00\",\"mainEntityOfPage\":{\"@id\":\"https:\\\/\\\/elcanillita.info\\\/press\\\/2023\\\/08\\\/22\\\/mueren-18-inmigrantesen-un-incendio-forestal-en-grecia\\\/\"},\"wordCount\":613,\"publisher\":{\"@id\":\"https:\\\/\\\/elcanillita.info\\\/press\\\/#organization\"},\"image\":{\"@id\":\"https:\\\/\\\/elcanillita.info\\\/press\\\/2023\\\/08\\\/22\\\/mueren-18-inmigrantesen-un-incendio-forestal-en-grecia\\\/#primaryimage\"},\"thumbnailUrl\":\"https:\\\/\\\/elcanillita.info\\\/press\\\/images\\\/2023\\\/08\\\/gre_2-20230822.jpg\",\"keywords\":[\"Grecia\"],\"articleSection\":[\".\",\"Actualidad\",\"Europa\"],\"inLanguage\":\"es-AR\"},{\"@type\":\"WebPage\",\"@id\":\"https:\\\/\\\/elcanillita.info\\\/press\\\/2023\\\/08\\\/22\\\/mueren-18-inmigrantesen-un-incendio-forestal-en-grecia\\\/\",\"url\":\"https:\\\/\\\/elcanillita.info\\\/press\\\/2023\\\/08\\\/22\\\/mueren-18-inmigrantesen-un-incendio-forestal-en-grecia\\\/\",\"name\":\"Mueren 18 \\\"inmigrantes\\\"en un incendio forestal en Grecia - ElCanillita.Info\",\"isPartOf\":{\"@id\":\"https:\\\/\\\/elcanillita.info\\\/press\\\/#website\"},\"primaryImageOfPage\":{\"@id\":\"https:\\\/\\\/elcanillita.info\\\/press\\\/2023\\\/08\\\/22\\\/mueren-18-inmigrantesen-un-incendio-forestal-en-grecia\\\/#primaryimage\"},\"image\":{\"@id\":\"https:\\\/\\\/elcanillita.info\\\/press\\\/2023\\\/08\\\/22\\\/mueren-18-inmigrantesen-un-incendio-forestal-en-grecia\\\/#primaryimage\"},\"thumbnailUrl\":\"https:\\\/\\\/elcanillita.info\\\/press\\\/images\\\/2023\\\/08\\\/gre_2-20230822.jpg\",\"datePublished\":\"2023-08-22T20:44:35+00:00\",\"dateModified\":\"2023-08-22T20:44:36+00:00\",\"description\":\"Las autoridades griegas confirmaron el martes que hab\u00edan recuperado los restos carbonizados de 18 personas, al parecer inmigrantes, que quedaron atrapadas en un voraz incendio forestal mientras cruzaban ilegalmente la frontera.\",\"inLanguage\":\"es-AR\",\"potentialAction\":[{\"@type\":\"ReadAction\",\"target\":[\"https:\\\/\\\/elcanillita.info\\\/press\\\/2023\\\/08\\\/22\\\/mueren-18-inmigrantesen-un-incendio-forestal-en-grecia\\\/\"]}]},{\"@type\":\"ImageObject\",\"inLanguage\":\"es-AR\",\"@id\":\"https:\\\/\\\/elcanillita.info\\\/press\\\/2023\\\/08\\\/22\\\/mueren-18-inmigrantesen-un-incendio-forestal-en-grecia\\\/#primaryimage\",\"url\":\"https:\\\/\\\/elcanillita.info\\\/press\\\/images\\\/2023\\\/08\\\/gre_2-20230822.jpg\",\"contentUrl\":\"https:\\\/\\\/elcanillita.info\\\/press\\\/images\\\/2023\\\/08\\\/gre_2-20230822.jpg\",\"width\":600,\"height\":400},{\"@type\":\"WebSite\",\"@id\":\"https:\\\/\\\/elcanillita.info\\\/press\\\/#website\",\"url\":\"https:\\\/\\\/elcanillita.info\\\/press\\\/\",\"name\":\"ElCanillita.Info\",\"description\":\"desde los Apeninos a los Andes\",\"publisher\":{\"@id\":\"https:\\\/\\\/elcanillita.info\\\/press\\\/#organization\"},\"potentialAction\":[{\"@type\":\"SearchAction\",\"target\":{\"@type\":\"EntryPoint\",\"urlTemplate\":\"https:\\\/\\\/elcanillita.info\\\/press\\\/?s={search_term_string}\"},\"query-input\":{\"@type\":\"PropertyValueSpecification\",\"valueRequired\":true,\"valueName\":\"search_term_string\"}}],\"inLanguage\":\"es-AR\"},{\"@type\":\"Organization\",\"@id\":\"https:\\\/\\\/elcanillita.info\\\/press\\\/#organization\",\"name\":\"Guzzo Photos & Graphic Publications\",\"url\":\"https:\\\/\\\/elcanillita.info\\\/press\\\/\",\"logo\":{\"@type\":\"ImageObject\",\"inLanguage\":\"es-AR\",\"@id\":\"https:\\\/\\\/elcanillita.info\\\/press\\\/#\\\/schema\\\/logo\\\/image\\\/\",\"url\":\"https:\\\/\\\/elcanillita.info\\\/press\\\/images\\\/2020\\\/01\\\/cropped-cropped-cropped-elcanillitainfo.png\",\"contentUrl\":\"https:\\\/\\\/elcanillita.info\\\/press\\\/images\\\/2020\\\/01\\\/cropped-cropped-cropped-elcanillitainfo.png\",\"width\":460,\"height\":50,\"caption\":\"Guzzo Photos & Graphic Publications\"},\"image\":{\"@id\":\"https:\\\/\\\/elcanillita.info\\\/press\\\/#\\\/schema\\\/logo\\\/image\\\/\"},\"sameAs\":[\"https:\\\/\\\/ar-ar.facebook.com\\\/ElCanillitainfo-114249515285712\\\/\"]},{\"@type\":\"Person\",\"@id\":\"https:\\\/\\\/elcanillita.info\\\/press\\\/#\\\/schema\\\/person\\\/7fcb79f38045700919f7da6d97e71ba0\",\"name\":\"SalaStampa.eu, world press service\",\"image\":{\"@type\":\"ImageObject\",\"inLanguage\":\"es-AR\",\"@id\":\"https:\\\/\\\/secure.gravatar.com\\\/avatar\\\/c2f0e0d515a107624234994507816ca4724c7199cef73fc8bedebf6931d73888?s=96&d=mm&r=g\",\"url\":\"https:\\\/\\\/secure.gravatar.com\\\/avatar\\\/c2f0e0d515a107624234994507816ca4724c7199cef73fc8bedebf6931d73888?s=96&d=mm&r=g\",\"contentUrl\":\"https:\\\/\\\/secure.gravatar.com\\\/avatar\\\/c2f0e0d515a107624234994507816ca4724c7199cef73fc8bedebf6931d73888?s=96&d=mm&r=g\",\"caption\":\"SalaStampa.eu, world press service\"}}]}<\/script>\n<!-- \/ Yoast SEO plugin. -->","yoast_head_json":{"title":"Mueren 18 \"inmigrantes\"en un incendio forestal en Grecia - ElCanillita.Info","description":"Las autoridades griegas confirmaron el martes que hab\u00edan recuperado los restos carbonizados de 18 personas, al parecer inmigrantes, que quedaron atrapadas en un voraz incendio forestal mientras cruzaban ilegalmente la frontera.","robots":{"index":"index","follow":"follow","max-snippet":"max-snippet:-1","max-image-preview":"max-image-preview:large","max-video-preview":"max-video-preview:-1"},"canonical":"https:\/\/elcanillita.info\/press\/2023\/08\/22\/mueren-18-inmigrantesen-un-incendio-forestal-en-grecia\/","og_locale":"es_ES","og_type":"article","og_title":"Mueren 18 \"inmigrantes\"en un incendio forestal en Grecia - ElCanillita.Info","og_description":"Las autoridades griegas confirmaron el martes que hab\u00edan recuperado los restos carbonizados de 18 personas, al parecer inmigrantes, que quedaron atrapadas en un voraz incendio forestal mientras cruzaban ilegalmente la frontera.","og_url":"https:\/\/elcanillita.info\/press\/2023\/08\/22\/mueren-18-inmigrantesen-un-incendio-forestal-en-grecia\/","og_site_name":"ElCanillita.Info","article_publisher":"https:\/\/ar-ar.facebook.com\/ElCanillitainfo-114249515285712\/","article_published_time":"2023-08-22T20:44:35+00:00","article_modified_time":"2023-08-22T20:44:36+00:00","og_image":[{"width":600,"height":400,"url":"https:\/\/elcanillita.info\/press\/images\/2023\/08\/gre_2-20230822.jpg","type":"image\/jpeg"}],"author":"SalaStampa.eu, world press service","twitter_card":"summary_large_image","twitter_misc":{"Escrito por":"SalaStampa.eu, world press service","Tiempo de lectura":"4 minutos"},"schema":{"@context":"https:\/\/schema.org","@graph":[{"@type":"Article","@id":"https:\/\/elcanillita.info\/press\/2023\/08\/22\/mueren-18-inmigrantesen-un-incendio-forestal-en-grecia\/#article","isPartOf":{"@id":"https:\/\/elcanillita.info\/press\/2023\/08\/22\/mueren-18-inmigrantesen-un-incendio-forestal-en-grecia\/"},"author":{"name":"SalaStampa.eu, world press service","@id":"https:\/\/elcanillita.info\/press\/#\/schema\/person\/7fcb79f38045700919f7da6d97e71ba0"},"headline":"Mueren 18 &#8220;inmigrantes&#8221;en un incendio forestal en Grecia","datePublished":"2023-08-22T20:44:35+00:00","dateModified":"2023-08-22T20:44:36+00:00","mainEntityOfPage":{"@id":"https:\/\/elcanillita.info\/press\/2023\/08\/22\/mueren-18-inmigrantesen-un-incendio-forestal-en-grecia\/"},"wordCount":613,"publisher":{"@id":"https:\/\/elcanillita.info\/press\/#organization"},"image":{"@id":"https:\/\/elcanillita.info\/press\/2023\/08\/22\/mueren-18-inmigrantesen-un-incendio-forestal-en-grecia\/#primaryimage"},"thumbnailUrl":"https:\/\/elcanillita.info\/press\/images\/2023\/08\/gre_2-20230822.jpg","keywords":["Grecia"],"articleSection":[".","Actualidad","Europa"],"inLanguage":"es-AR"},{"@type":"WebPage","@id":"https:\/\/elcanillita.info\/press\/2023\/08\/22\/mueren-18-inmigrantesen-un-incendio-forestal-en-grecia\/","url":"https:\/\/elcanillita.info\/press\/2023\/08\/22\/mueren-18-inmigrantesen-un-incendio-forestal-en-grecia\/","name":"Mueren 18 \"inmigrantes\"en un incendio forestal en Grecia - ElCanillita.Info","isPartOf":{"@id":"https:\/\/elcanillita.info\/press\/#website"},"primaryImageOfPage":{"@id":"https:\/\/elcanillita.info\/press\/2023\/08\/22\/mueren-18-inmigrantesen-un-incendio-forestal-en-grecia\/#primaryimage"},"image":{"@id":"https:\/\/elcanillita.info\/press\/2023\/08\/22\/mueren-18-inmigrantesen-un-incendio-forestal-en-grecia\/#primaryimage"},"thumbnailUrl":"https:\/\/elcanillita.info\/press\/images\/2023\/08\/gre_2-20230822.jpg","datePublished":"2023-08-22T20:44:35+00:00","dateModified":"2023-08-22T20:44:36+00:00","description":"Las autoridades griegas confirmaron el martes que hab\u00edan recuperado los restos carbonizados de 18 personas, al parecer inmigrantes, que quedaron atrapadas en un voraz incendio forestal mientras cruzaban ilegalmente la frontera.","inLanguage":"es-AR","potentialAction":[{"@type":"ReadAction","target":["https:\/\/elcanillita.info\/press\/2023\/08\/22\/mueren-18-inmigrantesen-un-incendio-forestal-en-grecia\/"]}]},{"@type":"ImageObject","inLanguage":"es-AR","@id":"https:\/\/elcanillita.info\/press\/2023\/08\/22\/mueren-18-inmigrantesen-un-incendio-forestal-en-grecia\/#primaryimage","url":"https:\/\/elcanillita.info\/press\/images\/2023\/08\/gre_2-20230822.jpg","contentUrl":"https:\/\/elcanillita.info\/press\/images\/2023\/08\/gre_2-20230822.jpg","width":600,"height":400},{"@type":"WebSite","@id":"https:\/\/elcanillita.info\/press\/#website","url":"https:\/\/elcanillita.info\/press\/","name":"ElCanillita.Info","description":"desde los Apeninos a los Andes","publisher":{"@id":"https:\/\/elcanillita.info\/press\/#organization"},"potentialAction":[{"@type":"SearchAction","target":{"@type":"EntryPoint","urlTemplate":"https:\/\/elcanillita.info\/press\/?s={search_term_string}"},"query-input":{"@type":"PropertyValueSpecification","valueRequired":true,"valueName":"search_term_string"}}],"inLanguage":"es-AR"},{"@type":"Organization","@id":"https:\/\/elcanillita.info\/press\/#organization","name":"Guzzo Photos & Graphic Publications","url":"https:\/\/elcanillita.info\/press\/","logo":{"@type":"ImageObject","inLanguage":"es-AR","@id":"https:\/\/elcanillita.info\/press\/#\/schema\/logo\/image\/","url":"https:\/\/elcanillita.info\/press\/images\/2020\/01\/cropped-cropped-cropped-elcanillitainfo.png","contentUrl":"https:\/\/elcanillita.info\/press\/images\/2020\/01\/cropped-cropped-cropped-elcanillitainfo.png","width":460,"height":50,"caption":"Guzzo Photos & Graphic Publications"},"image":{"@id":"https:\/\/elcanillita.info\/press\/#\/schema\/logo\/image\/"},"sameAs":["https:\/\/ar-ar.facebook.com\/ElCanillitainfo-114249515285712\/"]},{"@type":"Person","@id":"https:\/\/elcanillita.info\/press\/#\/schema\/person\/7fcb79f38045700919f7da6d97e71ba0","name":"SalaStampa.eu, world press service","image":{"@type":"ImageObject","inLanguage":"es-AR","@id":"https:\/\/secure.gravatar.com\/avatar\/c2f0e0d515a107624234994507816ca4724c7199cef73fc8bedebf6931d73888?s=96&d=mm&r=g","url":"https:\/\/secure.gravatar.com\/avatar\/c2f0e0d515a107624234994507816ca4724c7199cef73fc8bedebf6931d73888?s=96&d=mm&r=g","contentUrl":"https:\/\/secure.gravatar.com\/avatar\/c2f0e0d515a107624234994507816ca4724c7199cef73fc8bedebf6931d73888?s=96&d=mm&r=g","caption":"SalaStampa.eu, world press service"}}]}},"views":374,"_links":{"self":[{"href":"https:\/\/elcanillita.info\/press\/wp-json\/wp\/v2\/posts\/3637","targetHints":{"allow":["GET"]}}],"collection":[{"href":"https:\/\/elcanillita.info\/press\/wp-json\/wp\/v2\/posts"}],"about":[{"href":"https:\/\/elcanillita.info\/press\/wp-json\/wp\/v2\/types\/post"}],"author":[{"embeddable":true,"href":"https:\/\/elcanillita.info\/press\/wp-json\/wp\/v2\/users\/1"}],"replies":[{"embeddable":true,"href":"https:\/\/elcanillita.info\/press\/wp-json\/wp\/v2\/comments?post=3637"}],"version-history":[{"count":0,"href":"https:\/\/elcanillita.info\/press\/wp-json\/wp\/v2\/posts\/3637\/revisions"}],"wp:featuredmedia":[{"embeddable":true,"href":"https:\/\/elcanillita.info\/press\/wp-json\/wp\/v2\/media\/3643"}],"wp:attachment":[{"href":"https:\/\/elcanillita.info\/press\/wp-json\/wp\/v2\/media?parent=3637"}],"wp:term":[{"taxonomy":"category","embeddable":true,"href":"https:\/\/elcanillita.info\/press\/wp-json\/wp\/v2\/categories?post=3637"},{"taxonomy":"post_tag","embeddable":true,"href":"https:\/\/elcanillita.info\/press\/wp-json\/wp\/v2\/tags?post=3637"}],"curies":[{"name":"wp","href":"https:\/\/api.w.org\/{rel}","templated":true}]}}