{"id":3634,"date":"2023-08-22T05:22:45","date_gmt":"2023-08-22T08:22:45","guid":{"rendered":"https:\/\/elcanillita.info\/press\/?p=3634"},"modified":"2023-08-22T05:25:13","modified_gmt":"2023-08-22T08:25:13","slug":"el-brics-y-lula-propondran-una-moneda-comun-alternativa-al-dolar","status":"publish","type":"post","link":"https:\/\/elcanillita.info\/press\/2023\/08\/22\/el-brics-y-lula-propondran-una-moneda-comun-alternativa-al-dolar\/","title":{"rendered":"El Brics y Lula propondr\u00e1n una moneda com\u00fan alternativa al d\u00f3lar"},"content":{"rendered":"\n<figure class=\"wp-block-image size-full\"><img loading=\"lazy\" decoding=\"async\" width=\"600\" height=\"400\" src=\"https:\/\/elcanillita.info\/press\/images\/2023\/08\/lula_1_20230822.jpg\" alt=\"\" class=\"wp-image-3635\" srcset=\"https:\/\/elcanillita.info\/press\/images\/2023\/08\/lula_1_20230822.jpg 600w, https:\/\/elcanillita.info\/press\/images\/2023\/08\/lula_1_20230822-300x200.jpg 300w\" sizes=\"auto, (max-width: 600px) 100vw, 600px\" \/><\/figure>\n\n\n\n<p><strong>ElCanillita.info, 22\/08\/2023<\/strong><br>El presidente brasile\u00f1o, Luiz In\u00e1cio Lula da Silva, propondr\u00e1 el uso de una moneda com\u00fan entre los pa\u00edses miembros del Brics (Brasil, Rusia, India, China y Sud\u00e1frica) reunidos en su cumbre anual en Johannesburgo entre ma\u00f1ana y el 24 de agosto: \u00e9l mismo lo anticip\u00f3 en las redes sociales.<\/p>\n\n\n\n<pre class=\"wp-block-code\"><code>Esta moneda \"permitir\u00e1 m\u00e1s comercio entre pa\u00edses como Brasil y Sud\u00e1frica sin depender de la moneda de un tercer pa\u00eds\", dijo el l\u00edder progresista, en referencia al d\u00f3lar.<\/code><\/pre>\n\n\n\n<p>&#8220;La cooperaci\u00f3n entre los pa\u00edses del sur global es esencial para enfrentar la desigualdad, la crisis clim\u00e1tica y para un mundo m\u00e1s equilibrado y justo&#8221;, a\u00f1adi\u00f3 Lula, a quien le gustar\u00eda incorporar al Brics a Arabia Saud\u00ed y Argentina, entre otras naciones, mostr\u00e1ndose tambi\u00e9n a favor de la entrada de Ir\u00e1n.<br><br><small>Copyright \u00a9 2023 ElCanillita.info \/ SalaStampa.Eu, servicio mundial de prensa<\/small><\/p>\n\n\n\n<p><br><br><\/p>\n","protected":false},"excerpt":{"rendered":"<p>Lula propone una moneda com\u00fan para permitir &#8220;m\u00e1s comercio&#8221; entre los pa\u00edses del grupo. <\/p>\n","protected":false},"author":1,"featured_media":3636,"comment_status":"closed","ping_status":"closed","sticky":false,"template":"","format":"standard","meta":{"footnotes":"","_links_to":"","_links_to_target":""},"categories":[121,70,11,20,23],"tags":[122],"class_list":["post-3634","post","type-post","status-publish","format-standard","has-post-thumbnail","hentry","category-dc24","category-actualidad","category-america-del-sur","category-economia","category-politica","tag-sudafrica","entry","double"],"yoast_head":"<!-- This site is optimized with the Yoast SEO plugin v27.4 - https:\/\/yoast.com\/product\/yoast-seo-wordpress\/ -->\n<title>El Brics y Lula propondr\u00e1n una moneda com\u00fan alternativa al d\u00f3lar - ElCanillita.Info<\/title>\n<meta name=\"description\" content=\"Lula propone una moneda com\u00fan para permitir &quot;m\u00e1s comercio&quot; entre los pa\u00edses del grupo.\" \/>\n<meta name=\"robots\" content=\"index, follow, max-snippet:-1, max-image-preview:large, max-video-preview:-1\" \/>\n<link rel=\"canonical\" href=\"https:\/\/elcanillita.info\/press\/2023\/08\/22\/el-brics-y-lula-propondran-una-moneda-comun-alternativa-al-dolar\/\" \/>\n<meta property=\"og:locale\" content=\"es_ES\" \/>\n<meta property=\"og:type\" content=\"article\" \/>\n<meta property=\"og:title\" content=\"El Brics y Lula propondr\u00e1n una moneda com\u00fan alternativa al d\u00f3lar - ElCanillita.Info\" \/>\n<meta property=\"og:description\" content=\"Lula propone una moneda com\u00fan para permitir &quot;m\u00e1s comercio&quot; entre los pa\u00edses del grupo.\" \/>\n<meta property=\"og:url\" content=\"https:\/\/elcanillita.info\/press\/2023\/08\/22\/el-brics-y-lula-propondran-una-moneda-comun-alternativa-al-dolar\/\" \/>\n<meta property=\"og:site_name\" content=\"ElCanillita.Info\" \/>\n<meta property=\"article:publisher\" content=\"https:\/\/ar-ar.facebook.com\/ElCanillitainfo-114249515285712\/\" \/>\n<meta property=\"article:published_time\" content=\"2023-08-22T08:22:45+00:00\" \/>\n<meta property=\"article:modified_time\" content=\"2023-08-22T08:25:13+00:00\" \/>\n<meta property=\"og:image\" content=\"https:\/\/elcanillita.info\/press\/images\/2023\/08\/lulacov_20230822.jpg\" \/>\n\t<meta property=\"og:image:width\" content=\"600\" \/>\n\t<meta property=\"og:image:height\" content=\"400\" \/>\n\t<meta property=\"og:image:type\" content=\"image\/jpeg\" \/>\n<meta name=\"author\" content=\"SalaStampa.eu, world press service\" \/>\n<meta name=\"twitter:card\" content=\"summary_large_image\" \/>\n<meta name=\"twitter:label1\" content=\"Escrito por\" \/>\n\t<meta name=\"twitter:data1\" content=\"SalaStampa.eu, world press service\" \/>\n\t<meta name=\"twitter:label2\" content=\"Tiempo de lectura\" \/>\n\t<meta name=\"twitter:data2\" content=\"1 minuto\" \/>\n<script type=\"application\/ld+json\" class=\"yoast-schema-graph\">{\"@context\":\"https:\\\/\\\/schema.org\",\"@graph\":[{\"@type\":\"Article\",\"@id\":\"https:\\\/\\\/elcanillita.info\\\/press\\\/2023\\\/08\\\/22\\\/el-brics-y-lula-propondran-una-moneda-comun-alternativa-al-dolar\\\/#article\",\"isPartOf\":{\"@id\":\"https:\\\/\\\/elcanillita.info\\\/press\\\/2023\\\/08\\\/22\\\/el-brics-y-lula-propondran-una-moneda-comun-alternativa-al-dolar\\\/\"},\"author\":{\"name\":\"SalaStampa.eu, world press service\",\"@id\":\"https:\\\/\\\/elcanillita.info\\\/press\\\/#\\\/schema\\\/person\\\/7fcb79f38045700919f7da6d97e71ba0\"},\"headline\":\"El Brics y Lula propondr\u00e1n una moneda com\u00fan alternativa al d\u00f3lar\",\"datePublished\":\"2023-08-22T08:22:45+00:00\",\"dateModified\":\"2023-08-22T08:25:13+00:00\",\"mainEntityOfPage\":{\"@id\":\"https:\\\/\\\/elcanillita.info\\\/press\\\/2023\\\/08\\\/22\\\/el-brics-y-lula-propondran-una-moneda-comun-alternativa-al-dolar\\\/\"},\"wordCount\":139,\"publisher\":{\"@id\":\"https:\\\/\\\/elcanillita.info\\\/press\\\/#organization\"},\"image\":{\"@id\":\"https:\\\/\\\/elcanillita.info\\\/press\\\/2023\\\/08\\\/22\\\/el-brics-y-lula-propondran-una-moneda-comun-alternativa-al-dolar\\\/#primaryimage\"},\"thumbnailUrl\":\"https:\\\/\\\/elcanillita.info\\\/press\\\/images\\\/2023\\\/08\\\/lulacov_20230822.jpg\",\"keywords\":[\"Sudafrica\"],\"articleSection\":[\".\",\"Actualidad\",\"Am\u00e9rica del Sur\",\"Economia\",\"Politica\"],\"inLanguage\":\"es-AR\"},{\"@type\":\"WebPage\",\"@id\":\"https:\\\/\\\/elcanillita.info\\\/press\\\/2023\\\/08\\\/22\\\/el-brics-y-lula-propondran-una-moneda-comun-alternativa-al-dolar\\\/\",\"url\":\"https:\\\/\\\/elcanillita.info\\\/press\\\/2023\\\/08\\\/22\\\/el-brics-y-lula-propondran-una-moneda-comun-alternativa-al-dolar\\\/\",\"name\":\"El Brics y Lula propondr\u00e1n una moneda com\u00fan alternativa al d\u00f3lar - ElCanillita.Info\",\"isPartOf\":{\"@id\":\"https:\\\/\\\/elcanillita.info\\\/press\\\/#website\"},\"primaryImageOfPage\":{\"@id\":\"https:\\\/\\\/elcanillita.info\\\/press\\\/2023\\\/08\\\/22\\\/el-brics-y-lula-propondran-una-moneda-comun-alternativa-al-dolar\\\/#primaryimage\"},\"image\":{\"@id\":\"https:\\\/\\\/elcanillita.info\\\/press\\\/2023\\\/08\\\/22\\\/el-brics-y-lula-propondran-una-moneda-comun-alternativa-al-dolar\\\/#primaryimage\"},\"thumbnailUrl\":\"https:\\\/\\\/elcanillita.info\\\/press\\\/images\\\/2023\\\/08\\\/lulacov_20230822.jpg\",\"datePublished\":\"2023-08-22T08:22:45+00:00\",\"dateModified\":\"2023-08-22T08:25:13+00:00\",\"description\":\"Lula propone una moneda com\u00fan para permitir \\\"m\u00e1s comercio\\\" entre los pa\u00edses del grupo.\",\"inLanguage\":\"es-AR\",\"potentialAction\":[{\"@type\":\"ReadAction\",\"target\":[\"https:\\\/\\\/elcanillita.info\\\/press\\\/2023\\\/08\\\/22\\\/el-brics-y-lula-propondran-una-moneda-comun-alternativa-al-dolar\\\/\"]}]},{\"@type\":\"ImageObject\",\"inLanguage\":\"es-AR\",\"@id\":\"https:\\\/\\\/elcanillita.info\\\/press\\\/2023\\\/08\\\/22\\\/el-brics-y-lula-propondran-una-moneda-comun-alternativa-al-dolar\\\/#primaryimage\",\"url\":\"https:\\\/\\\/elcanillita.info\\\/press\\\/images\\\/2023\\\/08\\\/lulacov_20230822.jpg\",\"contentUrl\":\"https:\\\/\\\/elcanillita.info\\\/press\\\/images\\\/2023\\\/08\\\/lulacov_20230822.jpg\",\"width\":600,\"height\":400},{\"@type\":\"WebSite\",\"@id\":\"https:\\\/\\\/elcanillita.info\\\/press\\\/#website\",\"url\":\"https:\\\/\\\/elcanillita.info\\\/press\\\/\",\"name\":\"ElCanillita.Info\",\"description\":\"desde los Apeninos a los Andes\",\"publisher\":{\"@id\":\"https:\\\/\\\/elcanillita.info\\\/press\\\/#organization\"},\"potentialAction\":[{\"@type\":\"SearchAction\",\"target\":{\"@type\":\"EntryPoint\",\"urlTemplate\":\"https:\\\/\\\/elcanillita.info\\\/press\\\/?s={search_term_string}\"},\"query-input\":{\"@type\":\"PropertyValueSpecification\",\"valueRequired\":true,\"valueName\":\"search_term_string\"}}],\"inLanguage\":\"es-AR\"},{\"@type\":\"Organization\",\"@id\":\"https:\\\/\\\/elcanillita.info\\\/press\\\/#organization\",\"name\":\"Guzzo Photos & Graphic Publications\",\"url\":\"https:\\\/\\\/elcanillita.info\\\/press\\\/\",\"logo\":{\"@type\":\"ImageObject\",\"inLanguage\":\"es-AR\",\"@id\":\"https:\\\/\\\/elcanillita.info\\\/press\\\/#\\\/schema\\\/logo\\\/image\\\/\",\"url\":\"https:\\\/\\\/elcanillita.info\\\/press\\\/images\\\/2020\\\/01\\\/cropped-cropped-cropped-elcanillitainfo.png\",\"contentUrl\":\"https:\\\/\\\/elcanillita.info\\\/press\\\/images\\\/2020\\\/01\\\/cropped-cropped-cropped-elcanillitainfo.png\",\"width\":460,\"height\":50,\"caption\":\"Guzzo Photos & Graphic Publications\"},\"image\":{\"@id\":\"https:\\\/\\\/elcanillita.info\\\/press\\\/#\\\/schema\\\/logo\\\/image\\\/\"},\"sameAs\":[\"https:\\\/\\\/ar-ar.facebook.com\\\/ElCanillitainfo-114249515285712\\\/\"]},{\"@type\":\"Person\",\"@id\":\"https:\\\/\\\/elcanillita.info\\\/press\\\/#\\\/schema\\\/person\\\/7fcb79f38045700919f7da6d97e71ba0\",\"name\":\"SalaStampa.eu, world press service\",\"image\":{\"@type\":\"ImageObject\",\"inLanguage\":\"es-AR\",\"@id\":\"https:\\\/\\\/secure.gravatar.com\\\/avatar\\\/c2f0e0d515a107624234994507816ca4724c7199cef73fc8bedebf6931d73888?s=96&d=mm&r=g\",\"url\":\"https:\\\/\\\/secure.gravatar.com\\\/avatar\\\/c2f0e0d515a107624234994507816ca4724c7199cef73fc8bedebf6931d73888?s=96&d=mm&r=g\",\"contentUrl\":\"https:\\\/\\\/secure.gravatar.com\\\/avatar\\\/c2f0e0d515a107624234994507816ca4724c7199cef73fc8bedebf6931d73888?s=96&d=mm&r=g\",\"caption\":\"SalaStampa.eu, world press service\"}}]}<\/script>\n<!-- \/ Yoast SEO plugin. -->","yoast_head_json":{"title":"El Brics y Lula propondr\u00e1n una moneda com\u00fan alternativa al d\u00f3lar - ElCanillita.Info","description":"Lula propone una moneda com\u00fan para permitir \"m\u00e1s comercio\" entre los pa\u00edses del grupo.","robots":{"index":"index","follow":"follow","max-snippet":"max-snippet:-1","max-image-preview":"max-image-preview:large","max-video-preview":"max-video-preview:-1"},"canonical":"https:\/\/elcanillita.info\/press\/2023\/08\/22\/el-brics-y-lula-propondran-una-moneda-comun-alternativa-al-dolar\/","og_locale":"es_ES","og_type":"article","og_title":"El Brics y Lula propondr\u00e1n una moneda com\u00fan alternativa al d\u00f3lar - ElCanillita.Info","og_description":"Lula propone una moneda com\u00fan para permitir \"m\u00e1s comercio\" entre los pa\u00edses del grupo.","og_url":"https:\/\/elcanillita.info\/press\/2023\/08\/22\/el-brics-y-lula-propondran-una-moneda-comun-alternativa-al-dolar\/","og_site_name":"ElCanillita.Info","article_publisher":"https:\/\/ar-ar.facebook.com\/ElCanillitainfo-114249515285712\/","article_published_time":"2023-08-22T08:22:45+00:00","article_modified_time":"2023-08-22T08:25:13+00:00","og_image":[{"width":600,"height":400,"url":"https:\/\/elcanillita.info\/press\/images\/2023\/08\/lulacov_20230822.jpg","type":"image\/jpeg"}],"author":"SalaStampa.eu, world press service","twitter_card":"summary_large_image","twitter_misc":{"Escrito por":"SalaStampa.eu, world press service","Tiempo de lectura":"1 minuto"},"schema":{"@context":"https:\/\/schema.org","@graph":[{"@type":"Article","@id":"https:\/\/elcanillita.info\/press\/2023\/08\/22\/el-brics-y-lula-propondran-una-moneda-comun-alternativa-al-dolar\/#article","isPartOf":{"@id":"https:\/\/elcanillita.info\/press\/2023\/08\/22\/el-brics-y-lula-propondran-una-moneda-comun-alternativa-al-dolar\/"},"author":{"name":"SalaStampa.eu, world press service","@id":"https:\/\/elcanillita.info\/press\/#\/schema\/person\/7fcb79f38045700919f7da6d97e71ba0"},"headline":"El Brics y Lula propondr\u00e1n una moneda com\u00fan alternativa al d\u00f3lar","datePublished":"2023-08-22T08:22:45+00:00","dateModified":"2023-08-22T08:25:13+00:00","mainEntityOfPage":{"@id":"https:\/\/elcanillita.info\/press\/2023\/08\/22\/el-brics-y-lula-propondran-una-moneda-comun-alternativa-al-dolar\/"},"wordCount":139,"publisher":{"@id":"https:\/\/elcanillita.info\/press\/#organization"},"image":{"@id":"https:\/\/elcanillita.info\/press\/2023\/08\/22\/el-brics-y-lula-propondran-una-moneda-comun-alternativa-al-dolar\/#primaryimage"},"thumbnailUrl":"https:\/\/elcanillita.info\/press\/images\/2023\/08\/lulacov_20230822.jpg","keywords":["Sudafrica"],"articleSection":[".","Actualidad","Am\u00e9rica del Sur","Economia","Politica"],"inLanguage":"es-AR"},{"@type":"WebPage","@id":"https:\/\/elcanillita.info\/press\/2023\/08\/22\/el-brics-y-lula-propondran-una-moneda-comun-alternativa-al-dolar\/","url":"https:\/\/elcanillita.info\/press\/2023\/08\/22\/el-brics-y-lula-propondran-una-moneda-comun-alternativa-al-dolar\/","name":"El Brics y Lula propondr\u00e1n una moneda com\u00fan alternativa al d\u00f3lar - ElCanillita.Info","isPartOf":{"@id":"https:\/\/elcanillita.info\/press\/#website"},"primaryImageOfPage":{"@id":"https:\/\/elcanillita.info\/press\/2023\/08\/22\/el-brics-y-lula-propondran-una-moneda-comun-alternativa-al-dolar\/#primaryimage"},"image":{"@id":"https:\/\/elcanillita.info\/press\/2023\/08\/22\/el-brics-y-lula-propondran-una-moneda-comun-alternativa-al-dolar\/#primaryimage"},"thumbnailUrl":"https:\/\/elcanillita.info\/press\/images\/2023\/08\/lulacov_20230822.jpg","datePublished":"2023-08-22T08:22:45+00:00","dateModified":"2023-08-22T08:25:13+00:00","description":"Lula propone una moneda com\u00fan para permitir \"m\u00e1s comercio\" entre los pa\u00edses del grupo.","inLanguage":"es-AR","potentialAction":[{"@type":"ReadAction","target":["https:\/\/elcanillita.info\/press\/2023\/08\/22\/el-brics-y-lula-propondran-una-moneda-comun-alternativa-al-dolar\/"]}]},{"@type":"ImageObject","inLanguage":"es-AR","@id":"https:\/\/elcanillita.info\/press\/2023\/08\/22\/el-brics-y-lula-propondran-una-moneda-comun-alternativa-al-dolar\/#primaryimage","url":"https:\/\/elcanillita.info\/press\/images\/2023\/08\/lulacov_20230822.jpg","contentUrl":"https:\/\/elcanillita.info\/press\/images\/2023\/08\/lulacov_20230822.jpg","width":600,"height":400},{"@type":"WebSite","@id":"https:\/\/elcanillita.info\/press\/#website","url":"https:\/\/elcanillita.info\/press\/","name":"ElCanillita.Info","description":"desde los Apeninos a los Andes","publisher":{"@id":"https:\/\/elcanillita.info\/press\/#organization"},"potentialAction":[{"@type":"SearchAction","target":{"@type":"EntryPoint","urlTemplate":"https:\/\/elcanillita.info\/press\/?s={search_term_string}"},"query-input":{"@type":"PropertyValueSpecification","valueRequired":true,"valueName":"search_term_string"}}],"inLanguage":"es-AR"},{"@type":"Organization","@id":"https:\/\/elcanillita.info\/press\/#organization","name":"Guzzo Photos & Graphic Publications","url":"https:\/\/elcanillita.info\/press\/","logo":{"@type":"ImageObject","inLanguage":"es-AR","@id":"https:\/\/elcanillita.info\/press\/#\/schema\/logo\/image\/","url":"https:\/\/elcanillita.info\/press\/images\/2020\/01\/cropped-cropped-cropped-elcanillitainfo.png","contentUrl":"https:\/\/elcanillita.info\/press\/images\/2020\/01\/cropped-cropped-cropped-elcanillitainfo.png","width":460,"height":50,"caption":"Guzzo Photos & Graphic Publications"},"image":{"@id":"https:\/\/elcanillita.info\/press\/#\/schema\/logo\/image\/"},"sameAs":["https:\/\/ar-ar.facebook.com\/ElCanillitainfo-114249515285712\/"]},{"@type":"Person","@id":"https:\/\/elcanillita.info\/press\/#\/schema\/person\/7fcb79f38045700919f7da6d97e71ba0","name":"SalaStampa.eu, world press service","image":{"@type":"ImageObject","inLanguage":"es-AR","@id":"https:\/\/secure.gravatar.com\/avatar\/c2f0e0d515a107624234994507816ca4724c7199cef73fc8bedebf6931d73888?s=96&d=mm&r=g","url":"https:\/\/secure.gravatar.com\/avatar\/c2f0e0d515a107624234994507816ca4724c7199cef73fc8bedebf6931d73888?s=96&d=mm&r=g","contentUrl":"https:\/\/secure.gravatar.com\/avatar\/c2f0e0d515a107624234994507816ca4724c7199cef73fc8bedebf6931d73888?s=96&d=mm&r=g","caption":"SalaStampa.eu, world press service"}}]}},"views":342,"_links":{"self":[{"href":"https:\/\/elcanillita.info\/press\/wp-json\/wp\/v2\/posts\/3634","targetHints":{"allow":["GET"]}}],"collection":[{"href":"https:\/\/elcanillita.info\/press\/wp-json\/wp\/v2\/posts"}],"about":[{"href":"https:\/\/elcanillita.info\/press\/wp-json\/wp\/v2\/types\/post"}],"author":[{"embeddable":true,"href":"https:\/\/elcanillita.info\/press\/wp-json\/wp\/v2\/users\/1"}],"replies":[{"embeddable":true,"href":"https:\/\/elcanillita.info\/press\/wp-json\/wp\/v2\/comments?post=3634"}],"version-history":[{"count":0,"href":"https:\/\/elcanillita.info\/press\/wp-json\/wp\/v2\/posts\/3634\/revisions"}],"wp:featuredmedia":[{"embeddable":true,"href":"https:\/\/elcanillita.info\/press\/wp-json\/wp\/v2\/media\/3636"}],"wp:attachment":[{"href":"https:\/\/elcanillita.info\/press\/wp-json\/wp\/v2\/media?parent=3634"}],"wp:term":[{"taxonomy":"category","embeddable":true,"href":"https:\/\/elcanillita.info\/press\/wp-json\/wp\/v2\/categories?post=3634"},{"taxonomy":"post_tag","embeddable":true,"href":"https:\/\/elcanillita.info\/press\/wp-json\/wp\/v2\/tags?post=3634"}],"curies":[{"name":"wp","href":"https:\/\/api.w.org\/{rel}","templated":true}]}}