{"id":3629,"date":"2023-08-21T03:13:00","date_gmt":"2023-08-21T06:13:00","guid":{"rendered":"https:\/\/elcanillita.info\/press\/?p=3629"},"modified":"2023-08-21T18:21:50","modified_gmt":"2023-08-21T21:21:50","slug":"ecuador-va-al-balotaje-desafio-entre-gonzalez-y-noboa","status":"publish","type":"post","link":"https:\/\/elcanillita.info\/press\/2023\/08\/21\/ecuador-va-al-balotaje-desafio-entre-gonzalez-y-noboa\/","title":{"rendered":"Ecuador va al balotaje, desaf\u00edo entre Gonz\u00e1lez y Noboa"},"content":{"rendered":"\n<p>En Ecuador, Luisa Gonz\u00e1lez y Daniel Noboa se disputar\u00e1n la presidencia en una segunda vuelta.<br>Con m\u00e1s del 35% de las papeletas escrutadas, la leal al ex presidente progresista Rafael Correa encabeza el resultado con un 33%, mientras que el l\u00edder de la Alianza Acci\u00f3n por la Democracia, le sigue con un 24%.  La segunda vuelta se celebrar\u00e1 el 15 de Octubre.<\/p>\n\n\n\n<figure class=\"wp-block-image size-full\"><img loading=\"lazy\" decoding=\"async\" width=\"600\" height=\"600\" src=\"https:\/\/elcanillita.info\/press\/images\/2023\/08\/gonza_cov_20230821.jpg\" alt=\"\" class=\"wp-image-3631\" srcset=\"https:\/\/elcanillita.info\/press\/images\/2023\/08\/gonza_cov_20230821.jpg 600w, https:\/\/elcanillita.info\/press\/images\/2023\/08\/gonza_cov_20230821-300x300.jpg 300w, https:\/\/elcanillita.info\/press\/images\/2023\/08\/gonza_cov_20230821-150x150.jpg 150w\" sizes=\"auto, (max-width: 600px) 100vw, 600px\" \/><\/figure>\n\n\n\n<p><strong>ElCanillita.info, 21\/\/08\/2023<\/strong><br>Luisa Magdalena Gonz\u00e1lez Alcivar, nacida el 22\/11\/1977 es una pol\u00edtica y abogada ecuatoriana candidata a la Presidencia de Ecuador en las Elecciones Generales de 2023. Fue elegida diputada a la Asamblea Nacional en las Elecciones Legislativas de 2021 en representaci\u00f3n de la provincia de Manab\u00ed.<\/p>\n\n\n\n<p>Gonz\u00e1lez ocup\u00f3 varios cargos en el gobierno de Rafael Correa entre 2007 y 2017. Trabaj\u00f3 como Consejero General de Ecuador en Espa\u00f1a antes de ingresar a la pol\u00edtica y se desempe\u00f1\u00f3 brevemente como Secretario de la Administraci\u00f3n P\u00fablica de Enero a Mayo de 2017. Tambi\u00e9n ocup\u00f3 varios cargos en el Ministerio de Turismo en el gobierno de Correa.<\/p>\n\n\n\n<p>En Junio de 2023, Gonz\u00e1lez anunci\u00f3 su candidatura a la presidencia en las elecciones de 2023, un mes despu\u00e9s del final de su mandato en la Asamblea Nacional cuando el actual presidente Guillermo Lasso, invoc\u00f3 una medida de la Constituci\u00f3n de Ecuador conocida como muerte cruzada.<\/p>\n\n\n\n<p><strong>Vida temprana<\/strong><br>Gonz\u00e1lez naci\u00f3 en Quito, provincia de Pichincha. Creci\u00f3 en Cono Cantone, provincia de Manab\u00ed. Estudi\u00f3 Derecho en la Universidad Internacional del Ecuador y obtuvo su maestr\u00eda en el Instituto de Altos Estudios Nacionales de Ecuador. Gonz\u00e1lez tambi\u00e9n obtuvo una maestr\u00eda en Econom\u00eda en la Universidad Complutense de Madrid en Espa\u00f1a.<\/p>\n\n\n\n<p>Gonz\u00e1lez fue asistente de investigaci\u00f3n en la Universidad Internacional del Ecuador en 2005.  <\/p>\n\n\n\n<p><strong>Carrera pol\u00edtica<\/strong><br>En 2007, fue candidata al Congreso Nacional en representaci\u00f3n de la provincia de Pichincha por el derechista Partido Social Cristiano (PSC). En 2008, trabaj\u00f3 como consultora en la Secretar\u00eda de Comunicaci\u00f3n e Informaci\u00f3n de Ecuador y ese mismo a\u00f1o asumi\u00f3 la coordinaci\u00f3n general de recursos humanos, desarrollo institucional y capacitaci\u00f3n de la Superintendencia de Compa\u00f1\u00edas.<\/p>\n\n\n\n<p>En 2010, asumi\u00f3 el cargo de coordinadora general de la agenda estrat\u00e9gica presidencial. Luego, en 2011, fue nombrada c\u00f3nsul adjunta del Ecuador en Madrid. En 2014, Gonz\u00e1lez fue promovida a viceministra de Gesti\u00f3n Tur\u00edstica del Ministerio de Turismo. En 2015, fue nombrada subsecretaria encargada de la Agenda Presidencial y, posteriormente, secretaria general del Despacho Presidencial. Ese mismo a\u00f1o, Gonz\u00e1lez tambi\u00e9n ocup\u00f3 el cargo de c\u00f3nsul general del Ecuador en Madrid.<\/p>\n\n\n\n<p><strong>Gonz\u00e1lez en Mayo de 2022<\/strong><br>En 2016 asumi\u00f3 el cargo de Secretaria General Adjunta de la Administraci\u00f3n P\u00fablica. En 2017 ocup\u00f3 varios cargos, como asesora en la empresa Correos del Ecuador Secretaria Nacional de la Administraci\u00f3n P\u00fablica, Ministra de Trabajo encargada, Secretaria General de la Intendencia de Compa\u00f1\u00edas de Quito en la Superintendencia de Compa\u00f1\u00edas y C\u00f3nsul General del Ecuador en Alicante.<\/p>\n\n\n\n<p>En 2018 fue secretaria nacional del Parlamento Andino y en 2019 asesora parlamentaria.<\/p>\n\n\n\n<p><strong>Asamblea Nacional (2021-2023)<\/strong><br>Gonz\u00e1lez fue elegida diputada a la Asamblea Nacional en las Elecciones Legislativas de 2021, representando a la provincia de Manab\u00ed por la Circunscripci\u00f3n Primera, por la Alianza Uni\u00f3n por la Esperanza. En Febrero de 2022, durante un debate en la Asamblea Nacional sobre la despenalizaci\u00f3n del aborto en casos de violaci\u00f3n, asumi\u00f3 pol\u00e9micamente una posici\u00f3n provida y neg\u00f3 el aborto como un derecho. Gonz\u00e1lez tambi\u00e9n se opuso al proyecto de Ley de Salud e Higiene Menstrual, que, entre otras cosas, propon\u00eda la distribuci\u00f3n gratuita de toallas sanitarias. El 17 de Mayo de 2023, cuando el presidente Guillermo Lasso disolvi\u00f3 la Asamblea Nacional mediante el decreto muerte cruzada, el mandato de Gonz\u00e1lez como miembro de la asamblea termin\u00f3.<\/p>\n\n\n\n<p><strong>Gonz\u00e1lez en Marzo de 2023<\/strong><br>Acusaciones sobre para\u00edsos fiscales<br>Antes del anuncio de su campa\u00f1a presidencial en 2023, un examen especial demostr\u00f3 que Gonz\u00e1lez estaba entre los asamble\u00edstas que utilizaron aviones privados para viajar a varios pa\u00edses considerados para\u00edsos fiscales, como Emiratos \u00c1rabes Unidos, Luxemburgo, Panam\u00e1, Cabo Verde, Belice, Barbados y Trinidad y Tobago. La Contralor\u00eda la responsabiliz\u00f3 por un total de 880.473 d\u00f3lares por el uso irregular del avi\u00f3n presidencial para viajar a para\u00edsos fiscales.<\/p>\n\n\n\n<p><strong>Campa\u00f1a presidencial 2023<\/strong><br>Art\u00edculo principal: Elecciones generales ecuatorianas 2023<br>El 10 de Junio de 2023, Gonz\u00e1lez fue nominada como candidata presidencial por el Movimiento Revoluci\u00f3n Ciudadana para participar en las Elecciones Generales de 2023, despu\u00e9s de que el ex vicepresidente Jorge Glas rechazara la nominaci\u00f3n. El candidato presidencial de 2021, Andr\u00e9s Arauz, fue nombrado como su compa\u00f1ero de f\u00f3rmula. Si Gonz\u00e1lez fuera elegida presidenta, ser\u00eda la primera presidenta electa en la historia del pa\u00eds.<\/p>\n\n\n\n<p>El 13 de Junio, cuando Gonz\u00e1lez se dispon\u00eda a inscribir su candidatura presidencial en el Consejo Nacional Electoral con sus partidarios y la presidenta del movimiento Revoluci\u00f3n Ciudadana, Marcela Agui\u00f1aga, fueron atacados con gas pimienta y gases lacrim\u00f3genos por la Polic\u00eda Nacional. [Gonz\u00e1lez fue atendida en un centro m\u00e9dico de Quito despu\u00e9s de que sus ojos fueran enrojecidos con gas pimienta. La Polic\u00eda Nacional dijo que utiliz\u00f3 agentes qu\u00edmicos para proteger la seguridad y el orden p\u00fablico debido al comportamiento hostil de los partidarios de Gonz\u00e1lez. Gonz\u00e1lez pudo inscribir su candidatura al final del d\u00eda.<\/p>\n\n\n\n<p><strong>Logotipo de la campa\u00f1a de Gonz\u00e1lez para 2023<\/strong><br>El 16 de Junio, el Consejo Nacional Electoral (CNE) deneg\u00f3 la candidatura de Gonz\u00e1lez porque el partido no hab\u00eda presentado los documentos necesarios. El CNE dio un plazo de 48 horas para que Gonz\u00e1lez subsanara el problema y pudiera participar en la elecci\u00f3n. Sin embargo, al d\u00eda siguiente, el Movimiento Revoluci\u00f3n Ciudadana declar\u00f3 que el requisito faltante hab\u00eda sido subsanado y el 20 de Junio se acept\u00f3 la inscripci\u00f3n.<\/p>\n\n\n\n<p>Durante su campa\u00f1a, Gonz\u00e1lez prometi\u00f3 convertir al ex presidente Rafael Correa en una figura central de su administraci\u00f3n como &#8220;asesor principal&#8221;. Tambi\u00e9n insisti\u00f3 en que EEUU deber\u00eda respetar la &#8220;autodeterminaci\u00f3n&#8221; del pa\u00eds. Una encuesta realizada el 9 de Julio mostraba a Gonz\u00e1lez como favorito con casi el 34% y al ex vicepresidente Otto Sonnenholzner en segundo lugar con el 17,5%. Dos encuestas realizadas el 9 de Agosto, el d\u00eda del asesinato de Fernando Villavicencio, situaron a Gonz\u00e1lez en primer lugar con un 35,4% y un 24%, y a Villavicencio en segundo lugar con un 18,4% y un 12,5% respectivamente. El 12 de Agosto, una encuesta la situ\u00f3 en primer lugar con una estrecha ventaja sobre el empresario de derechas Jan Topi\u0107, con un 24,9% frente al 21,7% de Topi\u0107.<\/p>\n\n\n\n<p><small>Copyright \u00a9 2023 ElCanillita.info \/ SalaStampa.Eu, servicio mundial de prensa<\/small><\/p>\n","protected":false},"excerpt":{"rendered":"<p>En Junio, Luisa Gonz\u00e1lez anunci\u00f3 su candidatura a la presidencia en las elecciones de 2023, un mes despu\u00e9s del final de su mandato en la Asamblea Nacional cuando el actual presidente Guillermo Lasso, invoc\u00f3 una medida de la Constituci\u00f3n de Ecuador conocida como muerte cruzada.<\/p>\n","protected":false},"author":1,"featured_media":3632,"comment_status":"closed","ping_status":"closed","sticky":false,"template":"","format":"standard","meta":{"footnotes":"","_links_to":"","_links_to_target":""},"categories":[108,121,11,23,112],"tags":[53],"class_list":["post-3629","post","type-post","status-publish","format-standard","has-post-thumbnail","hentry","category-blogdiario","category-dc24","category-america-del-sur","category-politica","category-quien-es-quien","tag-ecuador","entry","double"],"yoast_head":"<!-- This site is optimized with the Yoast SEO plugin v27.4 - https:\/\/yoast.com\/product\/yoast-seo-wordpress\/ -->\n<title>Ecuador va al balotaje, desaf\u00edo entre Gonz\u00e1lez y Noboa - ElCanillita.Info<\/title>\n<meta name=\"description\" content=\"En Junio, Luisa Gonz\u00e1lez anunci\u00f3 su candidatura a la presidencia en las elecciones de 2023, un mes despu\u00e9s del final de su mandato en la Asamblea Nacional cuando el actual presidente Guillermo Lasso, invoc\u00f3 una medida de la Constituci\u00f3n de Ecuador conocida como muerte cruzada.\" \/>\n<meta name=\"robots\" content=\"index, follow, max-snippet:-1, max-image-preview:large, max-video-preview:-1\" \/>\n<link rel=\"canonical\" href=\"https:\/\/elcanillita.info\/press\/2023\/08\/21\/ecuador-va-al-balotaje-desafio-entre-gonzalez-y-noboa\/\" \/>\n<meta property=\"og:locale\" content=\"es_ES\" \/>\n<meta property=\"og:type\" content=\"article\" \/>\n<meta property=\"og:title\" content=\"Ecuador va al balotaje, desaf\u00edo entre Gonz\u00e1lez y Noboa - ElCanillita.Info\" \/>\n<meta property=\"og:description\" content=\"En Junio, Luisa Gonz\u00e1lez anunci\u00f3 su candidatura a la presidencia en las elecciones de 2023, un mes despu\u00e9s del final de su mandato en la Asamblea Nacional cuando el actual presidente Guillermo Lasso, invoc\u00f3 una medida de la Constituci\u00f3n de Ecuador conocida como muerte cruzada.\" \/>\n<meta property=\"og:url\" content=\"https:\/\/elcanillita.info\/press\/2023\/08\/21\/ecuador-va-al-balotaje-desafio-entre-gonzalez-y-noboa\/\" \/>\n<meta property=\"og:site_name\" content=\"ElCanillita.Info\" \/>\n<meta property=\"article:publisher\" content=\"https:\/\/ar-ar.facebook.com\/ElCanillitainfo-114249515285712\/\" \/>\n<meta property=\"article:published_time\" content=\"2023-08-21T06:13:00+00:00\" \/>\n<meta property=\"article:modified_time\" content=\"2023-08-21T21:21:50+00:00\" \/>\n<meta property=\"og:image\" content=\"https:\/\/elcanillita.info\/press\/images\/2023\/08\/gonza_2_20230821.jpg\" \/>\n\t<meta property=\"og:image:width\" content=\"600\" \/>\n\t<meta property=\"og:image:height\" content=\"400\" \/>\n\t<meta property=\"og:image:type\" content=\"image\/jpeg\" \/>\n<meta name=\"author\" content=\"SalaStampa.eu, world press service\" \/>\n<meta name=\"twitter:card\" content=\"summary_large_image\" \/>\n<meta name=\"twitter:label1\" content=\"Escrito por\" \/>\n\t<meta name=\"twitter:data1\" content=\"SalaStampa.eu, world press service\" \/>\n\t<meta name=\"twitter:label2\" content=\"Tiempo de lectura\" \/>\n\t<meta name=\"twitter:data2\" content=\"6 minutos\" \/>\n<script type=\"application\/ld+json\" class=\"yoast-schema-graph\">{\"@context\":\"https:\\\/\\\/schema.org\",\"@graph\":[{\"@type\":\"Article\",\"@id\":\"https:\\\/\\\/elcanillita.info\\\/press\\\/2023\\\/08\\\/21\\\/ecuador-va-al-balotaje-desafio-entre-gonzalez-y-noboa\\\/#article\",\"isPartOf\":{\"@id\":\"https:\\\/\\\/elcanillita.info\\\/press\\\/2023\\\/08\\\/21\\\/ecuador-va-al-balotaje-desafio-entre-gonzalez-y-noboa\\\/\"},\"author\":{\"name\":\"SalaStampa.eu, world press service\",\"@id\":\"https:\\\/\\\/elcanillita.info\\\/press\\\/#\\\/schema\\\/person\\\/7fcb79f38045700919f7da6d97e71ba0\"},\"headline\":\"Ecuador va al balotaje, desaf\u00edo entre Gonz\u00e1lez y Noboa\",\"datePublished\":\"2023-08-21T06:13:00+00:00\",\"dateModified\":\"2023-08-21T21:21:50+00:00\",\"mainEntityOfPage\":{\"@id\":\"https:\\\/\\\/elcanillita.info\\\/press\\\/2023\\\/08\\\/21\\\/ecuador-va-al-balotaje-desafio-entre-gonzalez-y-noboa\\\/\"},\"wordCount\":1139,\"publisher\":{\"@id\":\"https:\\\/\\\/elcanillita.info\\\/press\\\/#organization\"},\"image\":{\"@id\":\"https:\\\/\\\/elcanillita.info\\\/press\\\/2023\\\/08\\\/21\\\/ecuador-va-al-balotaje-desafio-entre-gonzalez-y-noboa\\\/#primaryimage\"},\"thumbnailUrl\":\"https:\\\/\\\/elcanillita.info\\\/press\\\/images\\\/2023\\\/08\\\/gonza_2_20230821.jpg\",\"keywords\":[\"Ecuador\"],\"articleSection\":[\".\",\".\",\"Am\u00e9rica del Sur\",\"Politica\",\"Quien es quien\"],\"inLanguage\":\"es-AR\"},{\"@type\":\"WebPage\",\"@id\":\"https:\\\/\\\/elcanillita.info\\\/press\\\/2023\\\/08\\\/21\\\/ecuador-va-al-balotaje-desafio-entre-gonzalez-y-noboa\\\/\",\"url\":\"https:\\\/\\\/elcanillita.info\\\/press\\\/2023\\\/08\\\/21\\\/ecuador-va-al-balotaje-desafio-entre-gonzalez-y-noboa\\\/\",\"name\":\"Ecuador va al balotaje, desaf\u00edo entre Gonz\u00e1lez y Noboa - ElCanillita.Info\",\"isPartOf\":{\"@id\":\"https:\\\/\\\/elcanillita.info\\\/press\\\/#website\"},\"primaryImageOfPage\":{\"@id\":\"https:\\\/\\\/elcanillita.info\\\/press\\\/2023\\\/08\\\/21\\\/ecuador-va-al-balotaje-desafio-entre-gonzalez-y-noboa\\\/#primaryimage\"},\"image\":{\"@id\":\"https:\\\/\\\/elcanillita.info\\\/press\\\/2023\\\/08\\\/21\\\/ecuador-va-al-balotaje-desafio-entre-gonzalez-y-noboa\\\/#primaryimage\"},\"thumbnailUrl\":\"https:\\\/\\\/elcanillita.info\\\/press\\\/images\\\/2023\\\/08\\\/gonza_2_20230821.jpg\",\"datePublished\":\"2023-08-21T06:13:00+00:00\",\"dateModified\":\"2023-08-21T21:21:50+00:00\",\"description\":\"En Junio, Luisa Gonz\u00e1lez anunci\u00f3 su candidatura a la presidencia en las elecciones de 2023, un mes despu\u00e9s del final de su mandato en la Asamblea Nacional cuando el actual presidente Guillermo Lasso, invoc\u00f3 una medida de la Constituci\u00f3n de Ecuador conocida como muerte cruzada.\",\"inLanguage\":\"es-AR\",\"potentialAction\":[{\"@type\":\"ReadAction\",\"target\":[\"https:\\\/\\\/elcanillita.info\\\/press\\\/2023\\\/08\\\/21\\\/ecuador-va-al-balotaje-desafio-entre-gonzalez-y-noboa\\\/\"]}]},{\"@type\":\"ImageObject\",\"inLanguage\":\"es-AR\",\"@id\":\"https:\\\/\\\/elcanillita.info\\\/press\\\/2023\\\/08\\\/21\\\/ecuador-va-al-balotaje-desafio-entre-gonzalez-y-noboa\\\/#primaryimage\",\"url\":\"https:\\\/\\\/elcanillita.info\\\/press\\\/images\\\/2023\\\/08\\\/gonza_2_20230821.jpg\",\"contentUrl\":\"https:\\\/\\\/elcanillita.info\\\/press\\\/images\\\/2023\\\/08\\\/gonza_2_20230821.jpg\",\"width\":600,\"height\":400},{\"@type\":\"WebSite\",\"@id\":\"https:\\\/\\\/elcanillita.info\\\/press\\\/#website\",\"url\":\"https:\\\/\\\/elcanillita.info\\\/press\\\/\",\"name\":\"ElCanillita.Info\",\"description\":\"desde los Apeninos a los Andes\",\"publisher\":{\"@id\":\"https:\\\/\\\/elcanillita.info\\\/press\\\/#organization\"},\"potentialAction\":[{\"@type\":\"SearchAction\",\"target\":{\"@type\":\"EntryPoint\",\"urlTemplate\":\"https:\\\/\\\/elcanillita.info\\\/press\\\/?s={search_term_string}\"},\"query-input\":{\"@type\":\"PropertyValueSpecification\",\"valueRequired\":true,\"valueName\":\"search_term_string\"}}],\"inLanguage\":\"es-AR\"},{\"@type\":\"Organization\",\"@id\":\"https:\\\/\\\/elcanillita.info\\\/press\\\/#organization\",\"name\":\"Guzzo Photos & Graphic Publications\",\"url\":\"https:\\\/\\\/elcanillita.info\\\/press\\\/\",\"logo\":{\"@type\":\"ImageObject\",\"inLanguage\":\"es-AR\",\"@id\":\"https:\\\/\\\/elcanillita.info\\\/press\\\/#\\\/schema\\\/logo\\\/image\\\/\",\"url\":\"https:\\\/\\\/elcanillita.info\\\/press\\\/images\\\/2020\\\/01\\\/cropped-cropped-cropped-elcanillitainfo.png\",\"contentUrl\":\"https:\\\/\\\/elcanillita.info\\\/press\\\/images\\\/2020\\\/01\\\/cropped-cropped-cropped-elcanillitainfo.png\",\"width\":460,\"height\":50,\"caption\":\"Guzzo Photos & Graphic Publications\"},\"image\":{\"@id\":\"https:\\\/\\\/elcanillita.info\\\/press\\\/#\\\/schema\\\/logo\\\/image\\\/\"},\"sameAs\":[\"https:\\\/\\\/ar-ar.facebook.com\\\/ElCanillitainfo-114249515285712\\\/\"]},{\"@type\":\"Person\",\"@id\":\"https:\\\/\\\/elcanillita.info\\\/press\\\/#\\\/schema\\\/person\\\/7fcb79f38045700919f7da6d97e71ba0\",\"name\":\"SalaStampa.eu, world press service\",\"image\":{\"@type\":\"ImageObject\",\"inLanguage\":\"es-AR\",\"@id\":\"https:\\\/\\\/secure.gravatar.com\\\/avatar\\\/c2f0e0d515a107624234994507816ca4724c7199cef73fc8bedebf6931d73888?s=96&d=mm&r=g\",\"url\":\"https:\\\/\\\/secure.gravatar.com\\\/avatar\\\/c2f0e0d515a107624234994507816ca4724c7199cef73fc8bedebf6931d73888?s=96&d=mm&r=g\",\"contentUrl\":\"https:\\\/\\\/secure.gravatar.com\\\/avatar\\\/c2f0e0d515a107624234994507816ca4724c7199cef73fc8bedebf6931d73888?s=96&d=mm&r=g\",\"caption\":\"SalaStampa.eu, world press service\"}}]}<\/script>\n<!-- \/ Yoast SEO plugin. -->","yoast_head_json":{"title":"Ecuador va al balotaje, desaf\u00edo entre Gonz\u00e1lez y Noboa - ElCanillita.Info","description":"En Junio, Luisa Gonz\u00e1lez anunci\u00f3 su candidatura a la presidencia en las elecciones de 2023, un mes despu\u00e9s del final de su mandato en la Asamblea Nacional cuando el actual presidente Guillermo Lasso, invoc\u00f3 una medida de la Constituci\u00f3n de Ecuador conocida como muerte cruzada.","robots":{"index":"index","follow":"follow","max-snippet":"max-snippet:-1","max-image-preview":"max-image-preview:large","max-video-preview":"max-video-preview:-1"},"canonical":"https:\/\/elcanillita.info\/press\/2023\/08\/21\/ecuador-va-al-balotaje-desafio-entre-gonzalez-y-noboa\/","og_locale":"es_ES","og_type":"article","og_title":"Ecuador va al balotaje, desaf\u00edo entre Gonz\u00e1lez y Noboa - ElCanillita.Info","og_description":"En Junio, Luisa Gonz\u00e1lez anunci\u00f3 su candidatura a la presidencia en las elecciones de 2023, un mes despu\u00e9s del final de su mandato en la Asamblea Nacional cuando el actual presidente Guillermo Lasso, invoc\u00f3 una medida de la Constituci\u00f3n de Ecuador conocida como muerte cruzada.","og_url":"https:\/\/elcanillita.info\/press\/2023\/08\/21\/ecuador-va-al-balotaje-desafio-entre-gonzalez-y-noboa\/","og_site_name":"ElCanillita.Info","article_publisher":"https:\/\/ar-ar.facebook.com\/ElCanillitainfo-114249515285712\/","article_published_time":"2023-08-21T06:13:00+00:00","article_modified_time":"2023-08-21T21:21:50+00:00","og_image":[{"width":600,"height":400,"url":"https:\/\/elcanillita.info\/press\/images\/2023\/08\/gonza_2_20230821.jpg","type":"image\/jpeg"}],"author":"SalaStampa.eu, world press service","twitter_card":"summary_large_image","twitter_misc":{"Escrito por":"SalaStampa.eu, world press service","Tiempo de lectura":"6 minutos"},"schema":{"@context":"https:\/\/schema.org","@graph":[{"@type":"Article","@id":"https:\/\/elcanillita.info\/press\/2023\/08\/21\/ecuador-va-al-balotaje-desafio-entre-gonzalez-y-noboa\/#article","isPartOf":{"@id":"https:\/\/elcanillita.info\/press\/2023\/08\/21\/ecuador-va-al-balotaje-desafio-entre-gonzalez-y-noboa\/"},"author":{"name":"SalaStampa.eu, world press service","@id":"https:\/\/elcanillita.info\/press\/#\/schema\/person\/7fcb79f38045700919f7da6d97e71ba0"},"headline":"Ecuador va al balotaje, desaf\u00edo entre Gonz\u00e1lez y Noboa","datePublished":"2023-08-21T06:13:00+00:00","dateModified":"2023-08-21T21:21:50+00:00","mainEntityOfPage":{"@id":"https:\/\/elcanillita.info\/press\/2023\/08\/21\/ecuador-va-al-balotaje-desafio-entre-gonzalez-y-noboa\/"},"wordCount":1139,"publisher":{"@id":"https:\/\/elcanillita.info\/press\/#organization"},"image":{"@id":"https:\/\/elcanillita.info\/press\/2023\/08\/21\/ecuador-va-al-balotaje-desafio-entre-gonzalez-y-noboa\/#primaryimage"},"thumbnailUrl":"https:\/\/elcanillita.info\/press\/images\/2023\/08\/gonza_2_20230821.jpg","keywords":["Ecuador"],"articleSection":[".",".","Am\u00e9rica del Sur","Politica","Quien es quien"],"inLanguage":"es-AR"},{"@type":"WebPage","@id":"https:\/\/elcanillita.info\/press\/2023\/08\/21\/ecuador-va-al-balotaje-desafio-entre-gonzalez-y-noboa\/","url":"https:\/\/elcanillita.info\/press\/2023\/08\/21\/ecuador-va-al-balotaje-desafio-entre-gonzalez-y-noboa\/","name":"Ecuador va al balotaje, desaf\u00edo entre Gonz\u00e1lez y Noboa - ElCanillita.Info","isPartOf":{"@id":"https:\/\/elcanillita.info\/press\/#website"},"primaryImageOfPage":{"@id":"https:\/\/elcanillita.info\/press\/2023\/08\/21\/ecuador-va-al-balotaje-desafio-entre-gonzalez-y-noboa\/#primaryimage"},"image":{"@id":"https:\/\/elcanillita.info\/press\/2023\/08\/21\/ecuador-va-al-balotaje-desafio-entre-gonzalez-y-noboa\/#primaryimage"},"thumbnailUrl":"https:\/\/elcanillita.info\/press\/images\/2023\/08\/gonza_2_20230821.jpg","datePublished":"2023-08-21T06:13:00+00:00","dateModified":"2023-08-21T21:21:50+00:00","description":"En Junio, Luisa Gonz\u00e1lez anunci\u00f3 su candidatura a la presidencia en las elecciones de 2023, un mes despu\u00e9s del final de su mandato en la Asamblea Nacional cuando el actual presidente Guillermo Lasso, invoc\u00f3 una medida de la Constituci\u00f3n de Ecuador conocida como muerte cruzada.","inLanguage":"es-AR","potentialAction":[{"@type":"ReadAction","target":["https:\/\/elcanillita.info\/press\/2023\/08\/21\/ecuador-va-al-balotaje-desafio-entre-gonzalez-y-noboa\/"]}]},{"@type":"ImageObject","inLanguage":"es-AR","@id":"https:\/\/elcanillita.info\/press\/2023\/08\/21\/ecuador-va-al-balotaje-desafio-entre-gonzalez-y-noboa\/#primaryimage","url":"https:\/\/elcanillita.info\/press\/images\/2023\/08\/gonza_2_20230821.jpg","contentUrl":"https:\/\/elcanillita.info\/press\/images\/2023\/08\/gonza_2_20230821.jpg","width":600,"height":400},{"@type":"WebSite","@id":"https:\/\/elcanillita.info\/press\/#website","url":"https:\/\/elcanillita.info\/press\/","name":"ElCanillita.Info","description":"desde los Apeninos a los Andes","publisher":{"@id":"https:\/\/elcanillita.info\/press\/#organization"},"potentialAction":[{"@type":"SearchAction","target":{"@type":"EntryPoint","urlTemplate":"https:\/\/elcanillita.info\/press\/?s={search_term_string}"},"query-input":{"@type":"PropertyValueSpecification","valueRequired":true,"valueName":"search_term_string"}}],"inLanguage":"es-AR"},{"@type":"Organization","@id":"https:\/\/elcanillita.info\/press\/#organization","name":"Guzzo Photos & Graphic Publications","url":"https:\/\/elcanillita.info\/press\/","logo":{"@type":"ImageObject","inLanguage":"es-AR","@id":"https:\/\/elcanillita.info\/press\/#\/schema\/logo\/image\/","url":"https:\/\/elcanillita.info\/press\/images\/2020\/01\/cropped-cropped-cropped-elcanillitainfo.png","contentUrl":"https:\/\/elcanillita.info\/press\/images\/2020\/01\/cropped-cropped-cropped-elcanillitainfo.png","width":460,"height":50,"caption":"Guzzo Photos & Graphic Publications"},"image":{"@id":"https:\/\/elcanillita.info\/press\/#\/schema\/logo\/image\/"},"sameAs":["https:\/\/ar-ar.facebook.com\/ElCanillitainfo-114249515285712\/"]},{"@type":"Person","@id":"https:\/\/elcanillita.info\/press\/#\/schema\/person\/7fcb79f38045700919f7da6d97e71ba0","name":"SalaStampa.eu, world press service","image":{"@type":"ImageObject","inLanguage":"es-AR","@id":"https:\/\/secure.gravatar.com\/avatar\/c2f0e0d515a107624234994507816ca4724c7199cef73fc8bedebf6931d73888?s=96&d=mm&r=g","url":"https:\/\/secure.gravatar.com\/avatar\/c2f0e0d515a107624234994507816ca4724c7199cef73fc8bedebf6931d73888?s=96&d=mm&r=g","contentUrl":"https:\/\/secure.gravatar.com\/avatar\/c2f0e0d515a107624234994507816ca4724c7199cef73fc8bedebf6931d73888?s=96&d=mm&r=g","caption":"SalaStampa.eu, world press service"}}]}},"views":415,"_links":{"self":[{"href":"https:\/\/elcanillita.info\/press\/wp-json\/wp\/v2\/posts\/3629","targetHints":{"allow":["GET"]}}],"collection":[{"href":"https:\/\/elcanillita.info\/press\/wp-json\/wp\/v2\/posts"}],"about":[{"href":"https:\/\/elcanillita.info\/press\/wp-json\/wp\/v2\/types\/post"}],"author":[{"embeddable":true,"href":"https:\/\/elcanillita.info\/press\/wp-json\/wp\/v2\/users\/1"}],"replies":[{"embeddable":true,"href":"https:\/\/elcanillita.info\/press\/wp-json\/wp\/v2\/comments?post=3629"}],"version-history":[{"count":0,"href":"https:\/\/elcanillita.info\/press\/wp-json\/wp\/v2\/posts\/3629\/revisions"}],"wp:featuredmedia":[{"embeddable":true,"href":"https:\/\/elcanillita.info\/press\/wp-json\/wp\/v2\/media\/3632"}],"wp:attachment":[{"href":"https:\/\/elcanillita.info\/press\/wp-json\/wp\/v2\/media?parent=3629"}],"wp:term":[{"taxonomy":"category","embeddable":true,"href":"https:\/\/elcanillita.info\/press\/wp-json\/wp\/v2\/categories?post=3629"},{"taxonomy":"post_tag","embeddable":true,"href":"https:\/\/elcanillita.info\/press\/wp-json\/wp\/v2\/tags?post=3629"}],"curies":[{"name":"wp","href":"https:\/\/api.w.org\/{rel}","templated":true}]}}