{"id":3624,"date":"2023-08-21T04:23:34","date_gmt":"2023-08-21T07:23:34","guid":{"rendered":"https:\/\/elcanillita.info\/press\/?p=3624"},"modified":"2023-08-21T18:18:42","modified_gmt":"2023-08-21T21:18:42","slug":"guatemala-elige-el-lider-del-centro-izquierda-en-la-segunda-vuelta","status":"publish","type":"post","link":"https:\/\/elcanillita.info\/press\/2023\/08\/21\/guatemala-elige-el-lider-del-centro-izquierda-en-la-segunda-vuelta\/","title":{"rendered":"Guatemala elige el lider del centro izquierda en la segunda vuelta"},"content":{"rendered":"\n<figure class=\"wp-block-image size-full\"><img loading=\"lazy\" decoding=\"async\" width=\"600\" height=\"400\" src=\"https:\/\/elcanillita.info\/press\/images\/2023\/08\/guatecov_20230821.jpg\" alt=\"\" class=\"wp-image-3625\" srcset=\"https:\/\/elcanillita.info\/press\/images\/2023\/08\/guatecov_20230821.jpg 600w, https:\/\/elcanillita.info\/press\/images\/2023\/08\/guatecov_20230821-300x200.jpg 300w\" sizes=\"auto, (max-width: 600px) 100vw, 600px\" \/><\/figure>\n\n\n\n<p><strong>ElCanillita.info, 21\/08\/2023<br><\/strong>El candidato de centro-izquierda, el soci\u00f3logo outsider Bernardo Ar\u00e9valo, gana la segunda vuelta presidencial en Guatemala, con el 59,5% de los votos, frente a su rival, la conservadora Sandra Torres, que obten\u00eda el 35,8%, cuando se ha escrutado el 95% de las papeletas.<br><br>El candidato de Semilla part\u00eda como favorito en las encuestas, en una campa\u00f1a marcada por los intentos de eliminarle de las elecciones.<br>&#8220;Estamos seguros de que quien ganar\u00e1 ser\u00e1 el pueblo de Guatemala&#8221;, hab\u00eda dicho hoy en una breve declaraci\u00f3n a la prensa tras votar en un colegio del centro hist\u00f3rico de Ciudad de Guatemala.<br><br><b>C\u00e9sar Bernardo Ar\u00e9valo de Le\u00f3n<\/b><br>Naci\u00f3 el 7 de octubre de 1958, es un diplom\u00e1tico, soci\u00f3logo, escritor y pol\u00edtico guatemalteco. Es el actual Presidente electo de Guatemala. Diputado en el Congreso de Guatemala desde 2020, anteriormente se desempe\u00f1\u00f3 como embajador de Guatemala en Espa\u00f1a de 1995 a 1996 y como viceministro de Relaciones Exteriores de 1994 a 1995. Candidato presidencial del partido pol\u00edtico Semilla, que cofund\u00f3 en 2017, Ar\u00e9valo pas\u00f3 inesperadamente en la segunda ronda de las elecciones presidenciales guatemaltecas de 2023, y obtuvo alrededor del 59 por ciento de los votos.<\/p>\n\n\n\n<p><strong>Vida temprana y educaci\u00f3n<\/strong><br>Ar\u00e9valo naci\u00f3 el 7 de octubre de 1958 en Montevideo, Uruguay, hijo de Juan Jos\u00e9 Ar\u00e9valo, primer Presidente de Guatemala entre 1945 y 1951, y de su segunda esposa, Margarita de Le\u00f3n. En el momento del nacimiento de Ar\u00e9valo, su padre viv\u00eda en el exilio pol\u00edtico sudamericano tras el golpe de Estado guatemalteco de 1954.<\/p>\n\n\n\n<p>La familia de Ar\u00e9valo abandon\u00f3 Uruguay cuando \u00e9l ten\u00eda menos de dos a\u00f1os y pas\u00f3 parte de su infancia viviendo en Venezuela, M\u00e9xico y Chile. A los 15 a\u00f1os viaj\u00f3 por primera vez a Guatemala para estudiar en el Liceo Guatemala, un colegio cat\u00f3lico privado de Ciudad de Guatemala.<\/p>\n\n\n\n<p>M\u00e1s tarde, Ar\u00e9valo se licenci\u00f3 en Sociolog\u00eda por la Universidad Hebrea de Jerusal\u00e9n (Israel) y se doctor\u00f3 en Filosof\u00eda y Antropolog\u00eda Social por la Universidad de Utrecht (Pa\u00edses Bajos).<\/p>\n\n\n\n<p><strong>Carrera diplom\u00e1tica<\/strong><br>Ar\u00e9valo ingres\u00f3 como diplom\u00e1tico en el Ministerio de Asuntos Exteriores en la d\u00e9cada de 1980. Entre 1984 y 1986, fue primer secretario y c\u00f3nsul de la embajada de Guatemala en Israel, y posteriormente ocup\u00f3 el cargo de asesor ministerial de 1987 a 1988.<\/p>\n\n\n\n<p>En 1988, Ar\u00e9valo regres\u00f3 a Guatemala, donde fue nombrado subdirector de Estudios Estrat\u00e9gicos y Planificaci\u00f3n, tambi\u00e9n dentro del Ministerio de Asuntos Exteriores. Continu\u00f3 como director de pol\u00edtica exterior bilateral de 1990 a 1991; de relaciones internacionales bilaterales de 1992 a 1993; y de relaciones econ\u00f3micas internacionales y multilaterales de 1993 a 1994.<\/p>\n\n\n\n<p>En 1994, el Presidente Ramiro de Le\u00f3n Carpio nombr\u00f3 a Ar\u00e9valo Subsecretario de Relaciones Exteriores, cargo que desempe\u00f1\u00f3 hasta 1995. Durante su gesti\u00f3n como Subsecretario, Ernesto Zedillo, Presidente de M\u00e9xico, condecor\u00f3 a Ar\u00e9valo con la Orden del \u00c1guila Azteca en 1995.<\/p>\n\n\n\n<p>En 1995, el Ministro de Asuntos Exteriores Alejandro Maldonado nombr\u00f3 a Ar\u00e9valo embajador de Guatemala en Espa\u00f1a; ese mismo a\u00f1o, present\u00f3 sus cartas credenciales al Rey Juan Carlos I. En 1996, Ar\u00e9valo renunci\u00f3 a su cargo de embajador y al Ministerio de Asuntos Exteriores.<\/p>\n\n\n\n<p><strong>Carrera profesional<\/strong><br>Tras abandonar su carrera como diplom\u00e1tico, Ar\u00e9valo form\u00f3 parte de la junta directiva y fue presidente del Centro de Investigaciones Regionales Mesoamericanas. Desde 1999, Ar\u00e9valo ha desempe\u00f1ado diversas funciones en Interpeace, entre ellas el asesoramiento en materia de consolidaci\u00f3n de la paz y resoluci\u00f3n de conflictos en \u00c1frica, Asia y Am\u00e9rica Latina.<\/p>\n\n\n\n<p>Adem\u00e1s de su labor de mantenimiento de la paz, Arr\u00e9valo tambi\u00e9n ha trabajado como consultor para organizaciones como las Naciones Unidas, el Instituto de la Paz de Estados Unidos y la Universidad de San Diego. Ha escrito numerosos libros y art\u00edculos sobre historia, pol\u00edtica, sociolog\u00eda y diplomacia.<\/p>\n\n\n\n<p><strong>Carrera pol\u00edtica<\/strong><br>En 2015, Ar\u00e9valo particip\u00f3 en las Protestas de Guatemala de 2015 que ped\u00edan la renuncia del entonces presidente Otto P\u00e9rez Molina Poco despu\u00e9s de las protestas, Ar\u00e9valo form\u00f3 parte de un grupo de intelectuales que formaron Semilla, un grupo de reflexi\u00f3n que m\u00e1s tarde se convirti\u00f3 en el partido pol\u00edtico Movimiento Semilla en 2017.<\/p>\n\n\n\n<p>Ar\u00e9valo fue anunciado como el candidato preferido de Semilla para las elecciones presidenciales guatemaltecas de 2019, pero finalmente declin\u00f3 la nominaci\u00f3n. Fue sucedido por Thelma Aldana, a quien finalmente se le prohibi\u00f3 presentarse. En su lugar, Ar\u00e9valo se present\u00f3 como candidato al Congreso de Guatemala en la lista nacional y fue elegido como miembro del Congreso, asumiendo el cargo el 14 de enero de 2020. Como miembro del Congreso, form\u00f3 parte de numerosas comisiones, incluidas las de asuntos exteriores, gobernanza, derechos humanos, seguridad nacional y defensa nacional. Tambi\u00e9n dirigi\u00f3 el bloque parlamentario de Semilla entre 2020 y 2022.<\/p>\n\n\n\n<p>En 2022, fue elegido Secretario General de Semilla, sucediendo a Samuel P\u00e9rez \u00c1lvarez.<\/p>\n\n\n\n<p><strong>Campa\u00f1a presidencial 2023<\/strong><br>El 22 de enero de 2023, Ar\u00e9valo fue anunciado como candidato presidencial por Semilla para las elecciones de 2023, postul\u00e1ndose junto a Karin Herrera como su compa\u00f1era de f\u00f3rmula vicepresidencial. Fue inscrito oficialmente por el Tribunal Supremo Electoral el 16 de febrero de 2023. Durante su campa\u00f1a, sus partidarios se refer\u00edan a \u00e9l como &#8220;T\u00edo Bernie&#8221;, en referencia tanto a su nombre como a su parecido con el pol\u00edtico estadounidense y ex candidato presidencial Bernie Sanders.<\/p>\n\n\n\n<p>La campa\u00f1a de Ar\u00e9valo se centr\u00f3 en combatir la corrupci\u00f3n estatal y la inseguridad en Guatemala, as\u00ed como en generar oportunidades de empleo y promover pol\u00edticas de cambio clim\u00e1tico.<\/p>\n\n\n\n<p>La encuesta inicial de Prensa Libre en abril de 2023 mostr\u00f3 que Ar\u00e9valo ocupaba el siguiente lugar entre los candidatos, con un 0,7 por ciento de las personas encuestadas que declararon su intenci\u00f3n de votar por \u00e9l. Las encuestas posteriores mostraron que el apoyo a Ar\u00e9valo rondaba el 2 por ciento en junio y mayo de 2023.<\/p>\n\n\n\n<p>Durante la primera vuelta de las elecciones de 2023, Ar\u00e9valo qued\u00f3 segundo entre los candidatos con m\u00e1s de 600.000 votos y entr\u00f3 en la segunda vuelta con Sandra Torres, Primera Dama de Guatemala y candidata de la Unidad Nacional del Partido Esperanza. El segundo lugar de Ar\u00e9valo fue descrito como una &#8220;sorpresa&#8221; por El Pa\u00eds y BBC News. Semilla tambi\u00e9n recibi\u00f3 una gran cantidad de votos, posicion\u00e1ndose como el tercer partido m\u00e1s grande en el Congreso de Guatemala, el Parlamento Centroamericano y la municipalidad de Ciudad de Guatemala.<\/p>\n\n\n\n<p>La certificaci\u00f3n de los resultados se retras\u00f3 debido a un controvertido recurso concedido por la Corte de Constitucionalidad a nueve partidos de derechas, incluido el partido gobernante, Vamos. Estos partidos impugnaron el resultado por &#8220;irregularidades&#8221; y &#8220;fraude electoral&#8221; a favor de Ar\u00e9valo, y llegaron a exigir la celebraci\u00f3n de nuevas elecciones. La Corte orden\u00f3 una nueva revisi\u00f3n de los resultados impugnados, que se llev\u00f3 a cabo durante la primera semana de julio. La nueva revisi\u00f3n no encontr\u00f3 cambios sustanciales en los resultados preliminares. Posteriormente, el Tribunal Supremo desestim\u00f3 el recurso presentado por los partidos y autoriz\u00f3 al Tribunal Supremo Electoral a formalizar los resultados de las elecciones.<\/p>\n\n\n\n<p>El 12 de julio, el TSE formaliz\u00f3 los resultados electorales; al mismo tiempo, el fiscal Rafael Curruchiche, del Ministerio P\u00fablico, anunci\u00f3, a petici\u00f3n de la jueza Fedy Orellana, la suspensi\u00f3n de Semilla por las denuncias de falsificaci\u00f3n de firmas para fundar el partido en 2017. Ar\u00e9valo en una entrevista en CNN afirm\u00f3 que impugnar\u00eda la suspensi\u00f3n, argumentando que el juzgado no ten\u00eda &#8220;sustento legal&#8221; para emitir la orden. De igual forma, juristas afirmaron que Orellana no actu\u00f3 conforme a las leyes electorales del pa\u00eds.<\/p>\n\n\n\n<p>El 13 de julio, el Tribunal Constitucional, m\u00e1ximo \u00f3rgano jurisdiccional en materia de derecho constitucional, revoc\u00f3 la suspensi\u00f3n de Semilla, permitiendo que continuara la segunda vuelta de las elecciones presidenciales. Sin embargo, se organizaron manifestaciones pidiendo la dimisi\u00f3n de la fiscal general Mar\u00eda Consuelo Porras, el fiscal Curruchiche y el juez Orellana. Ar\u00e9valo y su candidata a la vicepresidencia, Karin Herrera, estuvieron presentes en la manifestaci\u00f3n y presentaron una denuncia penal contra Curruchiche y Orellana.<\/p>\n\n\n\n<p>Miembros del Congreso estadounidense pidieron a Joe Biden que impusiera sanciones a los responsables de la &#8220;amenaza a la democracia&#8221; en Guatemala y expresaron su preocupaci\u00f3n por las acciones emprendidas contra la candidatura de Ar\u00e9valo. Veinte ex dirigentes de Espa\u00f1a y Am\u00e9rica Latina emitieron una declaraci\u00f3n conjunta condenando los intentos de inhabilitar a Ar\u00e9valo para las elecciones y lo compararon con la reciente inhabilitaci\u00f3n de la l\u00edder opositora venezolana Mar\u00eda Corina Machado.<\/p>\n\n\n\n<p><strong>Posiciones pol\u00edticas<\/strong><br>Ar\u00e9valo reivindica el legado pol\u00edtico de su padre Juan Jos\u00e9 Ar\u00e9valo y del ex presidente Jacobo \u00c1rbenz Se ha descrito a s\u00ed mismo como &#8220;socialdem\u00f3crata&#8221; y es partidario de un sistema republicano y democr\u00e1tico. Cree en un Estado que garantice la justicia social y la propiedad privada y manifiesta su inter\u00e9s por establecer un nuevo pacto fiscal y reforzar la seguridad social.<\/p>\n\n\n\n<p><strong>Educaci\u00f3n<\/strong><br>Una de las promesas electorales de Ar\u00e9valo es adoptar un sistema de educaci\u00f3n p\u00fablica &#8220;radicalmente distinto&#8221;. Pretende solucionar las malas condiciones de las escuelas primarias y secundarias invirtiendo Q110.000 millones que se destinar\u00edan a la creaci\u00f3n de 70.000 nuevas aulas, 29,5 millones de libros de texto, 36.000 nuevos ba\u00f1os para profesores y alumnos, y becas mensuales de Q3.600 para estudiantes.<\/p>\n\n\n\n<p><strong>Sanidad<\/strong><br>Favorece la sanidad universal Ar\u00e9valo Propone un presupuesto p\u00fablico de 61.000 millones de euros para dar cobertura a 7 millones de personas mediante la construcci\u00f3n de 400 nuevos puestos de salud y 50 centros de salud para regiones de m\u00e1s de 15.000 habitantes y zonas rurales aisladas.<\/p>\n\n\n\n<p>Ar\u00e9valo tambi\u00e9n se compromete a construir un hospital p\u00fablico especializado en el tratamiento del c\u00e1ncer.<\/p>\n\n\n\n<p><strong>Pol\u00edtica exterior<\/strong><br>Ar\u00e9valo es partidario de mejorar las relaciones comerciales con China y de mantener relaciones diplom\u00e1ticas con Taiw\u00e1n. El 20 de julio, en una entrevista concedida a. Rep\u00fablica, reafirm\u00f3 su inter\u00e9s en construir una relaci\u00f3n con China, haciendo hincapi\u00e9 en la relaci\u00f3n econ\u00f3mica &#8220;en desarrollo y expansi\u00f3n&#8221;.<\/p>\n\n\n\n<p>Ar\u00e9valo conden\u00f3 a los gobiernos de Nicaragua y Venezuela, y los calific\u00f3 de &#8220;sistemas dictatoriales&#8221;. En marzo de 2022, Ar\u00e9valo fue ponente de una propuesta legislativa que buscaba instar al presidente Alejandro Giammattei a actuar contra Rusia por su invasi\u00f3n a Ucrania. La propuesta inclu\u00eda la cancelaci\u00f3n de la licencia minera de la Compa\u00f1\u00eda Guatemalteca de N\u00edquel, propiedad de la empresa rusa Solway Investment Group. Adem\u00e1s, la legislaci\u00f3n preve\u00eda la cancelaci\u00f3n del contrato con el Gobierno ruso relativo a las vacunas Sputnik V. Vacunas Sputnik V.<\/p>\n\n\n\n<p><strong>Vida personal<\/strong><br>Ar\u00e9valo se ha casado tres veces. En 1983 se cas\u00f3 con la ciudadana argentina Teresa Lap\u00edn Ganman; se divorciaron en 1992. Al a\u00f1o siguiente, Ar\u00e9valo se cas\u00f3 con Eva Rivara Figueroa, compa\u00f1era diplom\u00e1tica, con la que tuvo dos hijas. Desde 2011, Ar\u00e9valo est\u00e1 casado con Lucrecia Peinado, con la que tiene seis hijos.<\/p>\n\n\n\n<p>Adem\u00e1s de su espa\u00f1ol nativo, Ar\u00e9valo habla ingl\u00e9s, hebreo, franc\u00e9s y portugu\u00e9s.<br><br><small>Copyright \u00a9 2023 ElCanillita.info \/ SalaStampa.Eu, servicio mundial de prensa<\/small><\/p>\n","protected":false},"excerpt":{"rendered":"<p>La campa\u00f1a de Ar\u00e9valo se centr\u00f3 en combatir la corrupci\u00f3n estatal y la inseguridad en Guatemala, as\u00ed como en generar oportunidades de empleo y promover pol\u00edticas de cambio clim\u00e1tico.<\/p>\n","protected":false},"author":1,"featured_media":3625,"comment_status":"closed","ping_status":"closed","sticky":false,"template":"","format":"standard","meta":{"footnotes":"","_links_to":"","_links_to_target":""},"categories":[108,121,70,10,23,112],"tags":[33],"class_list":["post-3624","post","type-post","status-publish","format-standard","has-post-thumbnail","hentry","category-blogdiario","category-dc24","category-actualidad","category-america-central","category-politica","category-quien-es-quien","tag-guatemala","entry","double"],"yoast_head":"<!-- This site is optimized with the Yoast SEO plugin v27.4 - https:\/\/yoast.com\/product\/yoast-seo-wordpress\/ -->\n<title>Guatemala elige el lider del centro izquierda en la segunda vuelta - ElCanillita.Info<\/title>\n<meta name=\"description\" content=\"La campa\u00f1a de Ar\u00e9valo se centr\u00f3 en combatir la corrupci\u00f3n estatal y la inseguridad en Guatemala, as\u00ed como en generar oportunidades de empleo y promover pol\u00edticas de cambio clim\u00e1tico.\" \/>\n<meta name=\"robots\" content=\"index, follow, max-snippet:-1, max-image-preview:large, max-video-preview:-1\" \/>\n<link rel=\"canonical\" href=\"https:\/\/elcanillita.info\/press\/2023\/08\/21\/guatemala-elige-el-lider-del-centro-izquierda-en-la-segunda-vuelta\/\" \/>\n<meta property=\"og:locale\" content=\"es_ES\" \/>\n<meta property=\"og:type\" content=\"article\" \/>\n<meta property=\"og:title\" content=\"Guatemala elige el lider del centro izquierda en la segunda vuelta - ElCanillita.Info\" \/>\n<meta property=\"og:description\" content=\"La campa\u00f1a de Ar\u00e9valo se centr\u00f3 en combatir la corrupci\u00f3n estatal y la inseguridad en Guatemala, as\u00ed como en generar oportunidades de empleo y promover pol\u00edticas de cambio clim\u00e1tico.\" \/>\n<meta property=\"og:url\" content=\"https:\/\/elcanillita.info\/press\/2023\/08\/21\/guatemala-elige-el-lider-del-centro-izquierda-en-la-segunda-vuelta\/\" \/>\n<meta property=\"og:site_name\" content=\"ElCanillita.Info\" \/>\n<meta property=\"article:publisher\" content=\"https:\/\/ar-ar.facebook.com\/ElCanillitainfo-114249515285712\/\" \/>\n<meta property=\"article:published_time\" content=\"2023-08-21T07:23:34+00:00\" \/>\n<meta property=\"article:modified_time\" content=\"2023-08-21T21:18:42+00:00\" \/>\n<meta property=\"og:image\" content=\"https:\/\/elcanillita.info\/press\/images\/2023\/08\/guatecov_20230821.jpg\" \/>\n\t<meta property=\"og:image:width\" content=\"600\" \/>\n\t<meta property=\"og:image:height\" content=\"400\" \/>\n\t<meta property=\"og:image:type\" content=\"image\/jpeg\" \/>\n<meta name=\"author\" content=\"SalaStampa.eu, world press service\" \/>\n<meta name=\"twitter:card\" content=\"summary_large_image\" \/>\n<meta name=\"twitter:label1\" content=\"Escrito por\" \/>\n\t<meta name=\"twitter:data1\" content=\"SalaStampa.eu, world press service\" \/>\n\t<meta name=\"twitter:label2\" content=\"Tiempo de lectura\" \/>\n\t<meta name=\"twitter:data2\" content=\"9 minutos\" \/>\n<script type=\"application\/ld+json\" class=\"yoast-schema-graph\">{\"@context\":\"https:\\\/\\\/schema.org\",\"@graph\":[{\"@type\":\"Article\",\"@id\":\"https:\\\/\\\/elcanillita.info\\\/press\\\/2023\\\/08\\\/21\\\/guatemala-elige-el-lider-del-centro-izquierda-en-la-segunda-vuelta\\\/#article\",\"isPartOf\":{\"@id\":\"https:\\\/\\\/elcanillita.info\\\/press\\\/2023\\\/08\\\/21\\\/guatemala-elige-el-lider-del-centro-izquierda-en-la-segunda-vuelta\\\/\"},\"author\":{\"name\":\"SalaStampa.eu, world press service\",\"@id\":\"https:\\\/\\\/elcanillita.info\\\/press\\\/#\\\/schema\\\/person\\\/7fcb79f38045700919f7da6d97e71ba0\"},\"headline\":\"Guatemala elige el lider del centro izquierda en la segunda vuelta\",\"datePublished\":\"2023-08-21T07:23:34+00:00\",\"dateModified\":\"2023-08-21T21:18:42+00:00\",\"mainEntityOfPage\":{\"@id\":\"https:\\\/\\\/elcanillita.info\\\/press\\\/2023\\\/08\\\/21\\\/guatemala-elige-el-lider-del-centro-izquierda-en-la-segunda-vuelta\\\/\"},\"wordCount\":1898,\"publisher\":{\"@id\":\"https:\\\/\\\/elcanillita.info\\\/press\\\/#organization\"},\"image\":{\"@id\":\"https:\\\/\\\/elcanillita.info\\\/press\\\/2023\\\/08\\\/21\\\/guatemala-elige-el-lider-del-centro-izquierda-en-la-segunda-vuelta\\\/#primaryimage\"},\"thumbnailUrl\":\"https:\\\/\\\/elcanillita.info\\\/press\\\/images\\\/2023\\\/08\\\/guatecov_20230821.jpg\",\"keywords\":[\"Guatemala\"],\"articleSection\":[\".\",\".\",\"Actualidad\",\"Am\u00e9rica Central\",\"Politica\",\"Quien es quien\"],\"inLanguage\":\"es-AR\"},{\"@type\":\"WebPage\",\"@id\":\"https:\\\/\\\/elcanillita.info\\\/press\\\/2023\\\/08\\\/21\\\/guatemala-elige-el-lider-del-centro-izquierda-en-la-segunda-vuelta\\\/\",\"url\":\"https:\\\/\\\/elcanillita.info\\\/press\\\/2023\\\/08\\\/21\\\/guatemala-elige-el-lider-del-centro-izquierda-en-la-segunda-vuelta\\\/\",\"name\":\"Guatemala elige el lider del centro izquierda en la segunda vuelta - ElCanillita.Info\",\"isPartOf\":{\"@id\":\"https:\\\/\\\/elcanillita.info\\\/press\\\/#website\"},\"primaryImageOfPage\":{\"@id\":\"https:\\\/\\\/elcanillita.info\\\/press\\\/2023\\\/08\\\/21\\\/guatemala-elige-el-lider-del-centro-izquierda-en-la-segunda-vuelta\\\/#primaryimage\"},\"image\":{\"@id\":\"https:\\\/\\\/elcanillita.info\\\/press\\\/2023\\\/08\\\/21\\\/guatemala-elige-el-lider-del-centro-izquierda-en-la-segunda-vuelta\\\/#primaryimage\"},\"thumbnailUrl\":\"https:\\\/\\\/elcanillita.info\\\/press\\\/images\\\/2023\\\/08\\\/guatecov_20230821.jpg\",\"datePublished\":\"2023-08-21T07:23:34+00:00\",\"dateModified\":\"2023-08-21T21:18:42+00:00\",\"description\":\"La campa\u00f1a de Ar\u00e9valo se centr\u00f3 en combatir la corrupci\u00f3n estatal y la inseguridad en Guatemala, as\u00ed como en generar oportunidades de empleo y promover pol\u00edticas de cambio clim\u00e1tico.\",\"inLanguage\":\"es-AR\",\"potentialAction\":[{\"@type\":\"ReadAction\",\"target\":[\"https:\\\/\\\/elcanillita.info\\\/press\\\/2023\\\/08\\\/21\\\/guatemala-elige-el-lider-del-centro-izquierda-en-la-segunda-vuelta\\\/\"]}]},{\"@type\":\"ImageObject\",\"inLanguage\":\"es-AR\",\"@id\":\"https:\\\/\\\/elcanillita.info\\\/press\\\/2023\\\/08\\\/21\\\/guatemala-elige-el-lider-del-centro-izquierda-en-la-segunda-vuelta\\\/#primaryimage\",\"url\":\"https:\\\/\\\/elcanillita.info\\\/press\\\/images\\\/2023\\\/08\\\/guatecov_20230821.jpg\",\"contentUrl\":\"https:\\\/\\\/elcanillita.info\\\/press\\\/images\\\/2023\\\/08\\\/guatecov_20230821.jpg\",\"width\":600,\"height\":400},{\"@type\":\"WebSite\",\"@id\":\"https:\\\/\\\/elcanillita.info\\\/press\\\/#website\",\"url\":\"https:\\\/\\\/elcanillita.info\\\/press\\\/\",\"name\":\"ElCanillita.Info\",\"description\":\"desde los Apeninos a los Andes\",\"publisher\":{\"@id\":\"https:\\\/\\\/elcanillita.info\\\/press\\\/#organization\"},\"potentialAction\":[{\"@type\":\"SearchAction\",\"target\":{\"@type\":\"EntryPoint\",\"urlTemplate\":\"https:\\\/\\\/elcanillita.info\\\/press\\\/?s={search_term_string}\"},\"query-input\":{\"@type\":\"PropertyValueSpecification\",\"valueRequired\":true,\"valueName\":\"search_term_string\"}}],\"inLanguage\":\"es-AR\"},{\"@type\":\"Organization\",\"@id\":\"https:\\\/\\\/elcanillita.info\\\/press\\\/#organization\",\"name\":\"Guzzo Photos & Graphic Publications\",\"url\":\"https:\\\/\\\/elcanillita.info\\\/press\\\/\",\"logo\":{\"@type\":\"ImageObject\",\"inLanguage\":\"es-AR\",\"@id\":\"https:\\\/\\\/elcanillita.info\\\/press\\\/#\\\/schema\\\/logo\\\/image\\\/\",\"url\":\"https:\\\/\\\/elcanillita.info\\\/press\\\/images\\\/2020\\\/01\\\/cropped-cropped-cropped-elcanillitainfo.png\",\"contentUrl\":\"https:\\\/\\\/elcanillita.info\\\/press\\\/images\\\/2020\\\/01\\\/cropped-cropped-cropped-elcanillitainfo.png\",\"width\":460,\"height\":50,\"caption\":\"Guzzo Photos & Graphic Publications\"},\"image\":{\"@id\":\"https:\\\/\\\/elcanillita.info\\\/press\\\/#\\\/schema\\\/logo\\\/image\\\/\"},\"sameAs\":[\"https:\\\/\\\/ar-ar.facebook.com\\\/ElCanillitainfo-114249515285712\\\/\"]},{\"@type\":\"Person\",\"@id\":\"https:\\\/\\\/elcanillita.info\\\/press\\\/#\\\/schema\\\/person\\\/7fcb79f38045700919f7da6d97e71ba0\",\"name\":\"SalaStampa.eu, world press service\",\"image\":{\"@type\":\"ImageObject\",\"inLanguage\":\"es-AR\",\"@id\":\"https:\\\/\\\/secure.gravatar.com\\\/avatar\\\/c2f0e0d515a107624234994507816ca4724c7199cef73fc8bedebf6931d73888?s=96&d=mm&r=g\",\"url\":\"https:\\\/\\\/secure.gravatar.com\\\/avatar\\\/c2f0e0d515a107624234994507816ca4724c7199cef73fc8bedebf6931d73888?s=96&d=mm&r=g\",\"contentUrl\":\"https:\\\/\\\/secure.gravatar.com\\\/avatar\\\/c2f0e0d515a107624234994507816ca4724c7199cef73fc8bedebf6931d73888?s=96&d=mm&r=g\",\"caption\":\"SalaStampa.eu, world press service\"}}]}<\/script>\n<!-- \/ Yoast SEO plugin. -->","yoast_head_json":{"title":"Guatemala elige el lider del centro izquierda en la segunda vuelta - ElCanillita.Info","description":"La campa\u00f1a de Ar\u00e9valo se centr\u00f3 en combatir la corrupci\u00f3n estatal y la inseguridad en Guatemala, as\u00ed como en generar oportunidades de empleo y promover pol\u00edticas de cambio clim\u00e1tico.","robots":{"index":"index","follow":"follow","max-snippet":"max-snippet:-1","max-image-preview":"max-image-preview:large","max-video-preview":"max-video-preview:-1"},"canonical":"https:\/\/elcanillita.info\/press\/2023\/08\/21\/guatemala-elige-el-lider-del-centro-izquierda-en-la-segunda-vuelta\/","og_locale":"es_ES","og_type":"article","og_title":"Guatemala elige el lider del centro izquierda en la segunda vuelta - ElCanillita.Info","og_description":"La campa\u00f1a de Ar\u00e9valo se centr\u00f3 en combatir la corrupci\u00f3n estatal y la inseguridad en Guatemala, as\u00ed como en generar oportunidades de empleo y promover pol\u00edticas de cambio clim\u00e1tico.","og_url":"https:\/\/elcanillita.info\/press\/2023\/08\/21\/guatemala-elige-el-lider-del-centro-izquierda-en-la-segunda-vuelta\/","og_site_name":"ElCanillita.Info","article_publisher":"https:\/\/ar-ar.facebook.com\/ElCanillitainfo-114249515285712\/","article_published_time":"2023-08-21T07:23:34+00:00","article_modified_time":"2023-08-21T21:18:42+00:00","og_image":[{"width":600,"height":400,"url":"https:\/\/elcanillita.info\/press\/images\/2023\/08\/guatecov_20230821.jpg","type":"image\/jpeg"}],"author":"SalaStampa.eu, world press service","twitter_card":"summary_large_image","twitter_misc":{"Escrito por":"SalaStampa.eu, world press service","Tiempo de lectura":"9 minutos"},"schema":{"@context":"https:\/\/schema.org","@graph":[{"@type":"Article","@id":"https:\/\/elcanillita.info\/press\/2023\/08\/21\/guatemala-elige-el-lider-del-centro-izquierda-en-la-segunda-vuelta\/#article","isPartOf":{"@id":"https:\/\/elcanillita.info\/press\/2023\/08\/21\/guatemala-elige-el-lider-del-centro-izquierda-en-la-segunda-vuelta\/"},"author":{"name":"SalaStampa.eu, world press service","@id":"https:\/\/elcanillita.info\/press\/#\/schema\/person\/7fcb79f38045700919f7da6d97e71ba0"},"headline":"Guatemala elige el lider del centro izquierda en la segunda vuelta","datePublished":"2023-08-21T07:23:34+00:00","dateModified":"2023-08-21T21:18:42+00:00","mainEntityOfPage":{"@id":"https:\/\/elcanillita.info\/press\/2023\/08\/21\/guatemala-elige-el-lider-del-centro-izquierda-en-la-segunda-vuelta\/"},"wordCount":1898,"publisher":{"@id":"https:\/\/elcanillita.info\/press\/#organization"},"image":{"@id":"https:\/\/elcanillita.info\/press\/2023\/08\/21\/guatemala-elige-el-lider-del-centro-izquierda-en-la-segunda-vuelta\/#primaryimage"},"thumbnailUrl":"https:\/\/elcanillita.info\/press\/images\/2023\/08\/guatecov_20230821.jpg","keywords":["Guatemala"],"articleSection":[".",".","Actualidad","Am\u00e9rica Central","Politica","Quien es quien"],"inLanguage":"es-AR"},{"@type":"WebPage","@id":"https:\/\/elcanillita.info\/press\/2023\/08\/21\/guatemala-elige-el-lider-del-centro-izquierda-en-la-segunda-vuelta\/","url":"https:\/\/elcanillita.info\/press\/2023\/08\/21\/guatemala-elige-el-lider-del-centro-izquierda-en-la-segunda-vuelta\/","name":"Guatemala elige el lider del centro izquierda en la segunda vuelta - ElCanillita.Info","isPartOf":{"@id":"https:\/\/elcanillita.info\/press\/#website"},"primaryImageOfPage":{"@id":"https:\/\/elcanillita.info\/press\/2023\/08\/21\/guatemala-elige-el-lider-del-centro-izquierda-en-la-segunda-vuelta\/#primaryimage"},"image":{"@id":"https:\/\/elcanillita.info\/press\/2023\/08\/21\/guatemala-elige-el-lider-del-centro-izquierda-en-la-segunda-vuelta\/#primaryimage"},"thumbnailUrl":"https:\/\/elcanillita.info\/press\/images\/2023\/08\/guatecov_20230821.jpg","datePublished":"2023-08-21T07:23:34+00:00","dateModified":"2023-08-21T21:18:42+00:00","description":"La campa\u00f1a de Ar\u00e9valo se centr\u00f3 en combatir la corrupci\u00f3n estatal y la inseguridad en Guatemala, as\u00ed como en generar oportunidades de empleo y promover pol\u00edticas de cambio clim\u00e1tico.","inLanguage":"es-AR","potentialAction":[{"@type":"ReadAction","target":["https:\/\/elcanillita.info\/press\/2023\/08\/21\/guatemala-elige-el-lider-del-centro-izquierda-en-la-segunda-vuelta\/"]}]},{"@type":"ImageObject","inLanguage":"es-AR","@id":"https:\/\/elcanillita.info\/press\/2023\/08\/21\/guatemala-elige-el-lider-del-centro-izquierda-en-la-segunda-vuelta\/#primaryimage","url":"https:\/\/elcanillita.info\/press\/images\/2023\/08\/guatecov_20230821.jpg","contentUrl":"https:\/\/elcanillita.info\/press\/images\/2023\/08\/guatecov_20230821.jpg","width":600,"height":400},{"@type":"WebSite","@id":"https:\/\/elcanillita.info\/press\/#website","url":"https:\/\/elcanillita.info\/press\/","name":"ElCanillita.Info","description":"desde los Apeninos a los Andes","publisher":{"@id":"https:\/\/elcanillita.info\/press\/#organization"},"potentialAction":[{"@type":"SearchAction","target":{"@type":"EntryPoint","urlTemplate":"https:\/\/elcanillita.info\/press\/?s={search_term_string}"},"query-input":{"@type":"PropertyValueSpecification","valueRequired":true,"valueName":"search_term_string"}}],"inLanguage":"es-AR"},{"@type":"Organization","@id":"https:\/\/elcanillita.info\/press\/#organization","name":"Guzzo Photos & Graphic Publications","url":"https:\/\/elcanillita.info\/press\/","logo":{"@type":"ImageObject","inLanguage":"es-AR","@id":"https:\/\/elcanillita.info\/press\/#\/schema\/logo\/image\/","url":"https:\/\/elcanillita.info\/press\/images\/2020\/01\/cropped-cropped-cropped-elcanillitainfo.png","contentUrl":"https:\/\/elcanillita.info\/press\/images\/2020\/01\/cropped-cropped-cropped-elcanillitainfo.png","width":460,"height":50,"caption":"Guzzo Photos & Graphic Publications"},"image":{"@id":"https:\/\/elcanillita.info\/press\/#\/schema\/logo\/image\/"},"sameAs":["https:\/\/ar-ar.facebook.com\/ElCanillitainfo-114249515285712\/"]},{"@type":"Person","@id":"https:\/\/elcanillita.info\/press\/#\/schema\/person\/7fcb79f38045700919f7da6d97e71ba0","name":"SalaStampa.eu, world press service","image":{"@type":"ImageObject","inLanguage":"es-AR","@id":"https:\/\/secure.gravatar.com\/avatar\/c2f0e0d515a107624234994507816ca4724c7199cef73fc8bedebf6931d73888?s=96&d=mm&r=g","url":"https:\/\/secure.gravatar.com\/avatar\/c2f0e0d515a107624234994507816ca4724c7199cef73fc8bedebf6931d73888?s=96&d=mm&r=g","contentUrl":"https:\/\/secure.gravatar.com\/avatar\/c2f0e0d515a107624234994507816ca4724c7199cef73fc8bedebf6931d73888?s=96&d=mm&r=g","caption":"SalaStampa.eu, world press service"}}]}},"views":435,"_links":{"self":[{"href":"https:\/\/elcanillita.info\/press\/wp-json\/wp\/v2\/posts\/3624","targetHints":{"allow":["GET"]}}],"collection":[{"href":"https:\/\/elcanillita.info\/press\/wp-json\/wp\/v2\/posts"}],"about":[{"href":"https:\/\/elcanillita.info\/press\/wp-json\/wp\/v2\/types\/post"}],"author":[{"embeddable":true,"href":"https:\/\/elcanillita.info\/press\/wp-json\/wp\/v2\/users\/1"}],"replies":[{"embeddable":true,"href":"https:\/\/elcanillita.info\/press\/wp-json\/wp\/v2\/comments?post=3624"}],"version-history":[{"count":0,"href":"https:\/\/elcanillita.info\/press\/wp-json\/wp\/v2\/posts\/3624\/revisions"}],"wp:featuredmedia":[{"embeddable":true,"href":"https:\/\/elcanillita.info\/press\/wp-json\/wp\/v2\/media\/3625"}],"wp:attachment":[{"href":"https:\/\/elcanillita.info\/press\/wp-json\/wp\/v2\/media?parent=3624"}],"wp:term":[{"taxonomy":"category","embeddable":true,"href":"https:\/\/elcanillita.info\/press\/wp-json\/wp\/v2\/categories?post=3624"},{"taxonomy":"post_tag","embeddable":true,"href":"https:\/\/elcanillita.info\/press\/wp-json\/wp\/v2\/tags?post=3624"}],"curies":[{"name":"wp","href":"https:\/\/api.w.org\/{rel}","templated":true}]}}