{"id":361,"date":"2020-02-06T09:39:01","date_gmt":"2020-02-06T12:39:01","guid":{"rendered":"https:\/\/elcanillita.info\/press\/?p=361"},"modified":"2021-09-10T10:00:31","modified_gmt":"2021-09-10T13:00:31","slug":"coronavirus-sigue-extendiendose-hay-peligro-pandemia","status":"publish","type":"post","link":"https:\/\/elcanillita.info\/press\/2020\/02\/06\/coronavirus-sigue-extendiendose-hay-peligro-pandemia\/","title":{"rendered":"Coronavirus sigue extendi\u00e9ndose y hay peligro de pandemia"},"content":{"rendered":"\n<p>Mundo, 06.02.2020 &#8211; La epidemia de coronavirus originada en la ciudad china de Wuhan continu\u00f3 este martes sumando casos, despu\u00e9s de anunciarse la segunda muerte en el exterior y un aumento de los fallecidos en China a 425.<\/p>\n\n\n\n<p>Hong Kong inform\u00f3 que un hombre de 39 a\u00f1os con una enfermedad cr\u00f3nica preexistentes muri\u00f3 de complicaciones tras haber contra\u00eddo el virus en Wuhan a principios de este mes. La \u00fanica muerte anterior fuera de China fue un filipino la semana pasada.<\/p>\n\n\n\n<p>La cifra m\u00e1s reciente de infectados en China subi\u00f3 a 20.438 y a 180 en el extranjero, pero segu\u00edan apareciendo casos. Tailandia y Singapur reportaron seis nuevos casos cada uno este martes.<\/p>\n\n\n\n<p>China ha quedado pr\u00e1cticamente aislada del mundo exterior, con decenas de millones de personas en cuarentena en varias ciudades, mientras el mundo cierra sus puertas a los viajeros chinos y los pa\u00edses toman cada d\u00eda nuevas medidas para impedir la llegada del virus a sus fronteras.<\/p>\n\n\n\n<p>Estados Unidos ha iniciado una cuarentena obligatoria de 14 d\u00edas para los ciudadanos estadounidenses que regresan de China, en especial de la provincia de Hubei donde se encuentra Wuhan.<\/p>\n\n\n\n<p>Los viajeros est\u00e1n siendo trasladados a 11 aeropuertos donde se someten a un examen adicional y, de tener s\u00edntomas, son transferidos para pruebas adicionales.<\/p>\n\n\n\n<p>M\u00e1s de 30 pa\u00edses est\u00e1n restringiendo los viajes desde China, entre ellos algunos de Latinoam\u00e9rica, como Guatemala y El Salvador.<\/p>\n\n\n\n<p>Muertes por coronavirus en China superan el medio centenar por d\u00eda<\/p>\n\n\n\n<p>Rusia, que tiene una frontera con China de 4.300 kil\u00f3metros, est\u00e1 cerrando y cancelando actos p\u00fablicos en algunas regiones, e incluso amenaz\u00f3 con deportar a quienes den positivo del virus en an\u00e1lisis m\u00e9dicos.<\/p>\n\n\n\n<p>Las aerol\u00edneas internacionales han reducido dr\u00e1sticamente o suspendido sus vuelos a China y muchas firmas globales, como Apple, cerraron sus negocios en China hasta nuevo aviso.<\/p>\n\n\n\n<p>Aunque la Organizaci\u00f3n Mundial de la Salud declar\u00f3 el virus como una emergencia global y los expertos dicen que mucho se desconoce de esta nueva variedad, incluso su tasa de mortalidad y sus rutas de transmisi\u00f3n.<\/p>\n\n\n\n<p>NY sin tapabocas durante sospechas de coronavirus<\/p>\n\n\n\n<p>En China<\/p>\n\n\n\n<p>El presidente de China, Xi Jinping, presidi\u00f3 el lunes la segunda reuni\u00f3n especial del m\u00e1ximo organismo del Partido Comunista desde el inicio de la crisis.<\/p>\n\n\n\n<p>\u201cHemos lanzado una guerra popular de prevenci\u00f3n de la epidemia\u201d, dijo Xi.<\/p>\n\n\n\n<p>En Wuhan, cuna del coronavirus, los pacientes est\u00e1n siendo trasladados a un nuevo hospital de 1.000 camas, construido la semana pasada en tiempo r\u00e9cord, y las autoridades esperaban abrir en los pr\u00f3ximos d\u00edas otro hospital de 1.500 plazas construido especialmente para pacientes del nuevo virus.<\/p>\n\n\n\n<p>Tambi\u00e9n trabajaban para convertir en hospitales un centro deportivo, una sala de convenciones y un centro cultural, con un total de 3.400 camas para atender a pacientes con s\u00edntomas leves del virus.<\/p>\n\n\n\n<p>Las estrictas medidas han golpeado duramente a la econom\u00eda de China, con comercios cerrados, el turismo cancelado, las actividades suspendidas y los \u00edndices burs\u00e1tiles tratando de adivinar qu\u00e9 nuevas malas noticias habr\u00e1 el pr\u00f3ximo d\u00eda.<\/p>\n\n\n\n<p>Una mujer con una mascarrilla protectora camina por un centro comercial casi vac\u00edo en Beijing, China, el 4 de febrero de 2020.<\/p>\n\n\n\n<p>El virus<\/p>\n\n\n\n<p>El nuevo coronavirus, ya llamado por algunos \u201cla neumon\u00eda de Wuhan\u201d, tiene s\u00edntomas parecido a una gripe com\u00fan, pero afecta los pulmones, y es m\u00e1s peligroso para las personas que ya sufren alguna enfermedad respiratoria, los fumadores y quienes tengan bajo su sistema inmunol\u00f3gico.<\/p>\n\n\n\n<p>En un cuadro de neumon\u00eda, los pulmones se inflaman y se llenan de agua, lo que dificulta la respiraci\u00f3n y el flujo de ox\u00edgeno hacia el cerebro y los \u00f3rganos.<\/p>\n\n\n\n<p>Sin embargo, no todos los afectados contraen una neumon\u00eda.<\/p>\n\n\n\n<p>El brote ha superado con creces a la epidemia de coronavirus SARS de 2002-2003, pero en aquella ocasi\u00f3n los infectados fueron muchos menos y la tasa de mortalidad fue superior.<\/p>\n\n\n\n<p>Los cient\u00edficos sospechan que este nuevo coronavirus surgi\u00f3 de murci\u00e9lagos. Un estudio del Instituto de Virolog\u00eda de Wuhan divulgado el lunes dijo que el virus es 96% gen\u00e9ticamente id\u00e9ntico a un virus encontrado en murci\u00e9lagos en la provincia china de Wuhan.<\/p>\n\n\n\n<p>El riesgo principal de este coronavirus es que se trata de un virus nuevo y el cuerpo humano no tiene defensas para atacarlo.<\/p>\n\n\n\n<p>Nueva tecnolog\u00eda podr\u00eda desarrollar vacuna contra el coronavirus en tiempo r\u00e9cord<\/p>\n\n\n\n<p>Nancy Messonnier, de los Centros para el Control y la Prevenci\u00f3n de Enfermedades, CDC por sus siglas en ingl\u00e9s, dice que Estados Unidos se est\u00e1 preparando para una posible pandemia.<\/p>\n\n\n\n<p>Una pandemia es una enfermedad epid\u00e9mica que se extiende a muchos pa\u00edses o que ataca a casi todos los individuos de una localidad o regi\u00f3n.<\/p>\n\n\n\n<p>\u201cEsta es la primera vez en m\u00e1s de 50 a\u00f1os que el CDC ha emitido una orden de cuarentena&#8221;, afirm\u00f3 Messonnier.<br><br><small>2020 voanoticias \u2013 salastampa.eu, afiliada a la red Broadcasting Board of Governors \u00a9 2020 BBG<\/small><\/p>\n\n\n\n<p><\/p>\n","protected":false},"excerpt":{"rendered":"<p>Pekin, 06.02.2020 &#8211; La epidemia de coronavirus originada en la ciudad china de Wuhan continu\u00f3 este martes sumando casos, despu\u00e9s de anunciarse la segunda muerte en el exterior y un aumento de los fallecidos en China a 425.<\/p>\n","protected":false},"author":1,"featured_media":0,"comment_status":"closed","ping_status":"closed","sticky":false,"template":"","format":"standard","meta":{"footnotes":"","_links_to":"","_links_to_target":""},"categories":[70,18,78,25],"tags":[35],"class_list":["post-361","post","type-post","status-publish","format-standard","hentry","category-actualidad","category-cosmo","category-sanidad","category-sociedad","tag-mundo","entry","double"],"yoast_head":"<!-- This site is optimized with the Yoast SEO plugin v27.4 - https:\/\/yoast.com\/product\/yoast-seo-wordpress\/ -->\n<title>Coronavirus sigue extendi\u00e9ndose y hay peligro de pandemia - ElCanillita.Info<\/title>\n<meta name=\"robots\" content=\"index, follow, max-snippet:-1, max-image-preview:large, max-video-preview:-1\" \/>\n<link rel=\"canonical\" href=\"https:\/\/elcanillita.info\/press\/2020\/02\/06\/coronavirus-sigue-extendiendose-hay-peligro-pandemia\/\" \/>\n<meta property=\"og:locale\" content=\"es_ES\" \/>\n<meta property=\"og:type\" content=\"article\" \/>\n<meta property=\"og:title\" content=\"Coronavirus sigue extendi\u00e9ndose y hay peligro de pandemia - ElCanillita.Info\" \/>\n<meta property=\"og:description\" content=\"Pekin, 06.02.2020 - La epidemia de coronavirus originada en la ciudad china de Wuhan continu\u00f3 este martes sumando casos, despu\u00e9s de anunciarse la segunda muerte en el exterior y un aumento de los fallecidos en China a 425.\" \/>\n<meta property=\"og:url\" content=\"https:\/\/elcanillita.info\/press\/2020\/02\/06\/coronavirus-sigue-extendiendose-hay-peligro-pandemia\/\" \/>\n<meta property=\"og:site_name\" content=\"ElCanillita.Info\" \/>\n<meta property=\"article:publisher\" content=\"https:\/\/ar-ar.facebook.com\/ElCanillitainfo-114249515285712\/\" \/>\n<meta property=\"article:published_time\" content=\"2020-02-06T12:39:01+00:00\" \/>\n<meta property=\"article:modified_time\" content=\"2021-09-10T13:00:31+00:00\" \/>\n<meta name=\"author\" content=\"SalaStampa.eu, world press service\" \/>\n<meta name=\"twitter:card\" content=\"summary_large_image\" \/>\n<meta name=\"twitter:label1\" content=\"Escrito por\" \/>\n\t<meta name=\"twitter:data1\" content=\"SalaStampa.eu, world press service\" \/>\n\t<meta name=\"twitter:label2\" content=\"Tiempo de lectura\" \/>\n\t<meta name=\"twitter:data2\" content=\"4 minutos\" \/>\n<script type=\"application\/ld+json\" class=\"yoast-schema-graph\">{\"@context\":\"https:\\\/\\\/schema.org\",\"@graph\":[{\"@type\":\"Article\",\"@id\":\"https:\\\/\\\/elcanillita.info\\\/press\\\/2020\\\/02\\\/06\\\/coronavirus-sigue-extendiendose-hay-peligro-pandemia\\\/#article\",\"isPartOf\":{\"@id\":\"https:\\\/\\\/elcanillita.info\\\/press\\\/2020\\\/02\\\/06\\\/coronavirus-sigue-extendiendose-hay-peligro-pandemia\\\/\"},\"author\":{\"name\":\"SalaStampa.eu, world press service\",\"@id\":\"https:\\\/\\\/elcanillita.info\\\/press\\\/#\\\/schema\\\/person\\\/7fcb79f38045700919f7da6d97e71ba0\"},\"headline\":\"Coronavirus sigue extendi\u00e9ndose y hay peligro de pandemia\",\"datePublished\":\"2020-02-06T12:39:01+00:00\",\"dateModified\":\"2021-09-10T13:00:31+00:00\",\"mainEntityOfPage\":{\"@id\":\"https:\\\/\\\/elcanillita.info\\\/press\\\/2020\\\/02\\\/06\\\/coronavirus-sigue-extendiendose-hay-peligro-pandemia\\\/\"},\"wordCount\":853,\"publisher\":{\"@id\":\"https:\\\/\\\/elcanillita.info\\\/press\\\/#organization\"},\"keywords\":[\"MUNDO\"],\"articleSection\":[\"Actualidad\",\"Cosmo\",\"Sanidad\",\"Sociedad\"],\"inLanguage\":\"es-AR\"},{\"@type\":\"WebPage\",\"@id\":\"https:\\\/\\\/elcanillita.info\\\/press\\\/2020\\\/02\\\/06\\\/coronavirus-sigue-extendiendose-hay-peligro-pandemia\\\/\",\"url\":\"https:\\\/\\\/elcanillita.info\\\/press\\\/2020\\\/02\\\/06\\\/coronavirus-sigue-extendiendose-hay-peligro-pandemia\\\/\",\"name\":\"Coronavirus sigue extendi\u00e9ndose y hay peligro de pandemia - ElCanillita.Info\",\"isPartOf\":{\"@id\":\"https:\\\/\\\/elcanillita.info\\\/press\\\/#website\"},\"datePublished\":\"2020-02-06T12:39:01+00:00\",\"dateModified\":\"2021-09-10T13:00:31+00:00\",\"inLanguage\":\"es-AR\",\"potentialAction\":[{\"@type\":\"ReadAction\",\"target\":[\"https:\\\/\\\/elcanillita.info\\\/press\\\/2020\\\/02\\\/06\\\/coronavirus-sigue-extendiendose-hay-peligro-pandemia\\\/\"]}]},{\"@type\":\"WebSite\",\"@id\":\"https:\\\/\\\/elcanillita.info\\\/press\\\/#website\",\"url\":\"https:\\\/\\\/elcanillita.info\\\/press\\\/\",\"name\":\"ElCanillita.Info\",\"description\":\"desde los Apeninos a los Andes\",\"publisher\":{\"@id\":\"https:\\\/\\\/elcanillita.info\\\/press\\\/#organization\"},\"potentialAction\":[{\"@type\":\"SearchAction\",\"target\":{\"@type\":\"EntryPoint\",\"urlTemplate\":\"https:\\\/\\\/elcanillita.info\\\/press\\\/?s={search_term_string}\"},\"query-input\":{\"@type\":\"PropertyValueSpecification\",\"valueRequired\":true,\"valueName\":\"search_term_string\"}}],\"inLanguage\":\"es-AR\"},{\"@type\":\"Organization\",\"@id\":\"https:\\\/\\\/elcanillita.info\\\/press\\\/#organization\",\"name\":\"Guzzo Photos & Graphic Publications\",\"url\":\"https:\\\/\\\/elcanillita.info\\\/press\\\/\",\"logo\":{\"@type\":\"ImageObject\",\"inLanguage\":\"es-AR\",\"@id\":\"https:\\\/\\\/elcanillita.info\\\/press\\\/#\\\/schema\\\/logo\\\/image\\\/\",\"url\":\"https:\\\/\\\/elcanillita.info\\\/press\\\/images\\\/2020\\\/01\\\/cropped-cropped-cropped-elcanillitainfo.png\",\"contentUrl\":\"https:\\\/\\\/elcanillita.info\\\/press\\\/images\\\/2020\\\/01\\\/cropped-cropped-cropped-elcanillitainfo.png\",\"width\":460,\"height\":50,\"caption\":\"Guzzo Photos & Graphic Publications\"},\"image\":{\"@id\":\"https:\\\/\\\/elcanillita.info\\\/press\\\/#\\\/schema\\\/logo\\\/image\\\/\"},\"sameAs\":[\"https:\\\/\\\/ar-ar.facebook.com\\\/ElCanillitainfo-114249515285712\\\/\"]},{\"@type\":\"Person\",\"@id\":\"https:\\\/\\\/elcanillita.info\\\/press\\\/#\\\/schema\\\/person\\\/7fcb79f38045700919f7da6d97e71ba0\",\"name\":\"SalaStampa.eu, world press service\",\"image\":{\"@type\":\"ImageObject\",\"inLanguage\":\"es-AR\",\"@id\":\"https:\\\/\\\/secure.gravatar.com\\\/avatar\\\/c2f0e0d515a107624234994507816ca4724c7199cef73fc8bedebf6931d73888?s=96&d=mm&r=g\",\"url\":\"https:\\\/\\\/secure.gravatar.com\\\/avatar\\\/c2f0e0d515a107624234994507816ca4724c7199cef73fc8bedebf6931d73888?s=96&d=mm&r=g\",\"contentUrl\":\"https:\\\/\\\/secure.gravatar.com\\\/avatar\\\/c2f0e0d515a107624234994507816ca4724c7199cef73fc8bedebf6931d73888?s=96&d=mm&r=g\",\"caption\":\"SalaStampa.eu, world press service\"}}]}<\/script>\n<!-- \/ Yoast SEO plugin. -->","yoast_head_json":{"title":"Coronavirus sigue extendi\u00e9ndose y hay peligro de pandemia - ElCanillita.Info","robots":{"index":"index","follow":"follow","max-snippet":"max-snippet:-1","max-image-preview":"max-image-preview:large","max-video-preview":"max-video-preview:-1"},"canonical":"https:\/\/elcanillita.info\/press\/2020\/02\/06\/coronavirus-sigue-extendiendose-hay-peligro-pandemia\/","og_locale":"es_ES","og_type":"article","og_title":"Coronavirus sigue extendi\u00e9ndose y hay peligro de pandemia - ElCanillita.Info","og_description":"Pekin, 06.02.2020 - La epidemia de coronavirus originada en la ciudad china de Wuhan continu\u00f3 este martes sumando casos, despu\u00e9s de anunciarse la segunda muerte en el exterior y un aumento de los fallecidos en China a 425.","og_url":"https:\/\/elcanillita.info\/press\/2020\/02\/06\/coronavirus-sigue-extendiendose-hay-peligro-pandemia\/","og_site_name":"ElCanillita.Info","article_publisher":"https:\/\/ar-ar.facebook.com\/ElCanillitainfo-114249515285712\/","article_published_time":"2020-02-06T12:39:01+00:00","article_modified_time":"2021-09-10T13:00:31+00:00","author":"SalaStampa.eu, world press service","twitter_card":"summary_large_image","twitter_misc":{"Escrito por":"SalaStampa.eu, world press service","Tiempo de lectura":"4 minutos"},"schema":{"@context":"https:\/\/schema.org","@graph":[{"@type":"Article","@id":"https:\/\/elcanillita.info\/press\/2020\/02\/06\/coronavirus-sigue-extendiendose-hay-peligro-pandemia\/#article","isPartOf":{"@id":"https:\/\/elcanillita.info\/press\/2020\/02\/06\/coronavirus-sigue-extendiendose-hay-peligro-pandemia\/"},"author":{"name":"SalaStampa.eu, world press service","@id":"https:\/\/elcanillita.info\/press\/#\/schema\/person\/7fcb79f38045700919f7da6d97e71ba0"},"headline":"Coronavirus sigue extendi\u00e9ndose y hay peligro de pandemia","datePublished":"2020-02-06T12:39:01+00:00","dateModified":"2021-09-10T13:00:31+00:00","mainEntityOfPage":{"@id":"https:\/\/elcanillita.info\/press\/2020\/02\/06\/coronavirus-sigue-extendiendose-hay-peligro-pandemia\/"},"wordCount":853,"publisher":{"@id":"https:\/\/elcanillita.info\/press\/#organization"},"keywords":["MUNDO"],"articleSection":["Actualidad","Cosmo","Sanidad","Sociedad"],"inLanguage":"es-AR"},{"@type":"WebPage","@id":"https:\/\/elcanillita.info\/press\/2020\/02\/06\/coronavirus-sigue-extendiendose-hay-peligro-pandemia\/","url":"https:\/\/elcanillita.info\/press\/2020\/02\/06\/coronavirus-sigue-extendiendose-hay-peligro-pandemia\/","name":"Coronavirus sigue extendi\u00e9ndose y hay peligro de pandemia - ElCanillita.Info","isPartOf":{"@id":"https:\/\/elcanillita.info\/press\/#website"},"datePublished":"2020-02-06T12:39:01+00:00","dateModified":"2021-09-10T13:00:31+00:00","inLanguage":"es-AR","potentialAction":[{"@type":"ReadAction","target":["https:\/\/elcanillita.info\/press\/2020\/02\/06\/coronavirus-sigue-extendiendose-hay-peligro-pandemia\/"]}]},{"@type":"WebSite","@id":"https:\/\/elcanillita.info\/press\/#website","url":"https:\/\/elcanillita.info\/press\/","name":"ElCanillita.Info","description":"desde los Apeninos a los Andes","publisher":{"@id":"https:\/\/elcanillita.info\/press\/#organization"},"potentialAction":[{"@type":"SearchAction","target":{"@type":"EntryPoint","urlTemplate":"https:\/\/elcanillita.info\/press\/?s={search_term_string}"},"query-input":{"@type":"PropertyValueSpecification","valueRequired":true,"valueName":"search_term_string"}}],"inLanguage":"es-AR"},{"@type":"Organization","@id":"https:\/\/elcanillita.info\/press\/#organization","name":"Guzzo Photos & Graphic Publications","url":"https:\/\/elcanillita.info\/press\/","logo":{"@type":"ImageObject","inLanguage":"es-AR","@id":"https:\/\/elcanillita.info\/press\/#\/schema\/logo\/image\/","url":"https:\/\/elcanillita.info\/press\/images\/2020\/01\/cropped-cropped-cropped-elcanillitainfo.png","contentUrl":"https:\/\/elcanillita.info\/press\/images\/2020\/01\/cropped-cropped-cropped-elcanillitainfo.png","width":460,"height":50,"caption":"Guzzo Photos & Graphic Publications"},"image":{"@id":"https:\/\/elcanillita.info\/press\/#\/schema\/logo\/image\/"},"sameAs":["https:\/\/ar-ar.facebook.com\/ElCanillitainfo-114249515285712\/"]},{"@type":"Person","@id":"https:\/\/elcanillita.info\/press\/#\/schema\/person\/7fcb79f38045700919f7da6d97e71ba0","name":"SalaStampa.eu, world press service","image":{"@type":"ImageObject","inLanguage":"es-AR","@id":"https:\/\/secure.gravatar.com\/avatar\/c2f0e0d515a107624234994507816ca4724c7199cef73fc8bedebf6931d73888?s=96&d=mm&r=g","url":"https:\/\/secure.gravatar.com\/avatar\/c2f0e0d515a107624234994507816ca4724c7199cef73fc8bedebf6931d73888?s=96&d=mm&r=g","contentUrl":"https:\/\/secure.gravatar.com\/avatar\/c2f0e0d515a107624234994507816ca4724c7199cef73fc8bedebf6931d73888?s=96&d=mm&r=g","caption":"SalaStampa.eu, world press service"}}]}},"views":749,"_links":{"self":[{"href":"https:\/\/elcanillita.info\/press\/wp-json\/wp\/v2\/posts\/361","targetHints":{"allow":["GET"]}}],"collection":[{"href":"https:\/\/elcanillita.info\/press\/wp-json\/wp\/v2\/posts"}],"about":[{"href":"https:\/\/elcanillita.info\/press\/wp-json\/wp\/v2\/types\/post"}],"author":[{"embeddable":true,"href":"https:\/\/elcanillita.info\/press\/wp-json\/wp\/v2\/users\/1"}],"replies":[{"embeddable":true,"href":"https:\/\/elcanillita.info\/press\/wp-json\/wp\/v2\/comments?post=361"}],"version-history":[{"count":0,"href":"https:\/\/elcanillita.info\/press\/wp-json\/wp\/v2\/posts\/361\/revisions"}],"wp:attachment":[{"href":"https:\/\/elcanillita.info\/press\/wp-json\/wp\/v2\/media?parent=361"}],"wp:term":[{"taxonomy":"category","embeddable":true,"href":"https:\/\/elcanillita.info\/press\/wp-json\/wp\/v2\/categories?post=361"},{"taxonomy":"post_tag","embeddable":true,"href":"https:\/\/elcanillita.info\/press\/wp-json\/wp\/v2\/tags?post=361"}],"curies":[{"name":"wp","href":"https:\/\/api.w.org\/{rel}","templated":true}]}}