{"id":359,"date":"2020-02-05T09:15:00","date_gmt":"2020-02-05T12:15:00","guid":{"rendered":"https:\/\/elcanillita.info\/press\/?p=359"},"modified":"2020-02-06T09:20:44","modified_gmt":"2020-02-06T12:20:44","slug":"bolivia-ocho-candidatos-aspiran-presidencia-elecciones-mayo","status":"publish","type":"post","link":"https:\/\/elcanillita.info\/press\/2020\/02\/05\/bolivia-ocho-candidatos-aspiran-presidencia-elecciones-mayo\/","title":{"rendered":"Bolivia: ocho candidatos aspiran a la presidencia en elecciones de mayo"},"content":{"rendered":"\n<p>La Paz, 05.02.2020 &#8211; El Tribunal Supremo Electoral de Bolivia (TSE) confirm\u00f3 la inscripci\u00f3n de ocho candidatos a la presidencia de cara a las&nbsp;elecciones previstas para mayo.<\/p>\n\n\n\n<p>El presidente del TSE, Salvador Romero, inform\u00f3 el lunes que el organismo revisar\u00e1 si los ocho candidatos cumplen con todos los requisitos, lo cual anunciar\u00e1 a m\u00e1s tardar en un plazo de dos semanas. Esto no impide a los aspirantes arrancar sus campa\u00f1as.<\/p>\n\n\n\n<p>Hasta la medianoche del lunes se pod\u00edan hacer nuevas inscripciones y la gran pregunta es si el expresidente Evo Morales, -que renuncio en noviembre por denuncias de fraude electoral y est\u00e1 refugiado en Argentina-,&nbsp; registrar\u00eda su candidatura a senador desde el extranjero.<\/p>\n\n\n\n<p>Hasta ahora el \u00f3rgano electoral no ha informado sobre su situaci\u00f3n. Morales ha dicho que hay una maniobra para impedirle su candidatura.<\/p>\n\n\n\n<p>Candidatos de oposici\u00f3n en Bolivia fracasan en formar frente \u00fanico<\/p>\n\n\n\n<p>A continuaci\u00f3n la lista de candidatos inscritos<\/p>\n\n\n\n<p>1.- La presidenta interina, Jeanine \u00c1\u00f1ez, est\u00e1 inscrita por la alianza Juntos.<\/p>\n\n\n\n<p>2.-El ex presidente Carlos Mesa, por Comunidad Ciudadana (CC).<\/p>\n\n\n\n<p>3.- El ex presidente Jorge &#8220;Tuto&#8221; Quiroga por Libre 21<\/p>\n\n\n\n<p>4.- El dirigente c\u00edvico de Santa Cruz, Luis Fernando Camacho, por Creemos.<\/p>\n\n\n\n<p>5.- El ex ministro de Econom\u00eda Luis Arce por el Movimiento Al Socialismo (MAS), de Evo Morales.<\/p>\n\n\n\n<p>6.- El gobernador de La Paz, F\u00e9lix Patzi, por el MTS.<\/p>\n\n\n\n<p>7.- La abogada y dirigente gremial y del transporte, Ruth Nina, por PAN-Bol.<\/p>\n\n\n\n<p>8.- El m\u00e9dico y pastor de origen coreano, Chi Hyun Chung, por el FPV.<\/p>\n\n\n\n<p>De los ocho candidatos, solo cinco tienen confirmados a sus compa\u00f1eros de f\u00f3rmula. Estos son: Samuel Doria Medina por Juntos; Gustavo Pedraza por CC; Marco Antonio Pumari por Creemos; David Choquehuanca por el Movimiento Al Socialismo (MAS); y Jasmine Barrientos por el Frente Para la Victoria (FPV)<\/p>\n\n\n\n<p>Voto \u00fatil<\/p>\n\n\n\n<p>Un primer sondeo de la consultora Mercados y Encuestas, publicado la semana pasada, daba a Arce del MAS, el 26% de intenci\u00f3n de voto; 17% a Mesa y el mismo porcentaje a Camacho. \u00c1\u00f1ez obtuvo 12%. El estudio, con un margen de error de m\u00e1s o menos 3.47%, fue realizado antes de que la mandataria interina confirmase su postulaci\u00f3n.<\/p>\n\n\n\n<p>Si esa tendencia persiste ninguna fuerza obtendr\u00eda la mayor\u00eda suficiente para ganar en primera instancia. El ganador debe obtener el 50% m\u00e1s uno o alcanzar el 40% siempre que lleve una ventaja de 10 puntos porcentuales al contrincante m\u00e1s cercano para evitar la segunda vuelta.<\/p>\n\n\n\n<p>Ante este escenario y dada la imposibilidad de la oposici\u00f3n para crear una alianza que enfrente al MAS, el abogado y analista pol\u00edtico, Rolando Ramos, manifest\u00f3 que solo el voto \u00fatil permitir\u00eda que alg\u00fan frente de oposici\u00f3n logre una victoria electoral.&nbsp;&nbsp;<\/p>\n\n\n\n<p>&#8220;En este estado de&nbsp;&nbsp;cosas lo que vemos es que de repente en funci\u00f3n a las encuestas ya vaya perfil\u00e1ndose la necesidad de un voto \u00fatil en los partidos opositores al Movimiento Al Socialismo para viabilizar una posibilidad de llevar a una segunda vuelta electoral al&nbsp;&nbsp;Movimiento Al Socialismo&#8221;, dijo.<\/p>\n\n\n\n<p>Despu\u00e9s del registro de candidaturas para la presidencia,&nbsp;vicepresidencia, senadores y diputados, el Tribunal Supremo Electoral\u2008iniciar\u00e1 la fase de evaluaci\u00f3n de documentaci\u00f3n de los postulantes por seis d\u00edas y posteriormente otra fase para que los candidatos tengan la posibilidad de subsanar las observaciones presentadas.&nbsp;<\/p>\n\n\n\n<p><small>-Con reporte de Joseph Arispe y Yuvinka G. Avil\u00e9s-<\/small><br><small>2020 voanoticias \u2013 salastampa.eu, afiliada a la red Broadcasting Board of Governors \u00a9 2020 BBG<\/small><\/p>\n\n\n\n<p><\/p>\n","protected":false},"excerpt":{"rendered":"<p>La Paz, 05.02.2020 &#8211; El Tribunal Supremo Electoral de Bolivia (TSE) confirm\u00f3 la inscripci\u00f3n de ocho candidatos a la presidencia de cara a las elecciones previstas para mayo.<\/p>\n","protected":false},"author":1,"featured_media":0,"comment_status":"closed","ping_status":"closed","sticky":false,"template":"","format":"standard","meta":{"footnotes":"","_links_to":"","_links_to_target":""},"categories":[70,11,23,25],"tags":[30],"class_list":["post-359","post","type-post","status-publish","format-standard","hentry","category-actualidad","category-america-del-sur","category-politica","category-sociedad","tag-bolivia","entry","double"],"yoast_head":"<!-- This site is optimized with the Yoast SEO plugin v27.5 - https:\/\/yoast.com\/product\/yoast-seo-wordpress\/ -->\n<title>Bolivia: ocho candidatos aspiran a la presidencia en elecciones de mayo - ElCanillita.Info<\/title>\n<meta name=\"robots\" content=\"index, follow, max-snippet:-1, max-image-preview:large, max-video-preview:-1\" \/>\n<link rel=\"canonical\" href=\"https:\/\/elcanillita.info\/press\/2020\/02\/05\/bolivia-ocho-candidatos-aspiran-presidencia-elecciones-mayo\/\" \/>\n<meta property=\"og:locale\" content=\"es_ES\" \/>\n<meta property=\"og:type\" content=\"article\" \/>\n<meta property=\"og:title\" content=\"Bolivia: ocho candidatos aspiran a la presidencia en elecciones de mayo - ElCanillita.Info\" \/>\n<meta property=\"og:description\" content=\"La Paz, 05.02.2020 - El Tribunal Supremo Electoral de Bolivia (TSE) confirm\u00f3 la inscripci\u00f3n de ocho candidatos a la presidencia de cara a las elecciones previstas para mayo.\" \/>\n<meta property=\"og:url\" content=\"https:\/\/elcanillita.info\/press\/2020\/02\/05\/bolivia-ocho-candidatos-aspiran-presidencia-elecciones-mayo\/\" \/>\n<meta property=\"og:site_name\" content=\"ElCanillita.Info\" \/>\n<meta property=\"article:publisher\" content=\"https:\/\/ar-ar.facebook.com\/ElCanillitainfo-114249515285712\/\" \/>\n<meta property=\"article:published_time\" content=\"2020-02-05T12:15:00+00:00\" \/>\n<meta property=\"article:modified_time\" content=\"2020-02-06T12:20:44+00:00\" \/>\n<meta name=\"author\" content=\"SalaStampa.eu, world press service\" \/>\n<meta name=\"twitter:card\" content=\"summary_large_image\" \/>\n<meta name=\"twitter:label1\" content=\"Escrito por\" \/>\n\t<meta name=\"twitter:data1\" content=\"SalaStampa.eu, world press service\" \/>\n\t<meta name=\"twitter:label2\" content=\"Tiempo de lectura\" \/>\n\t<meta name=\"twitter:data2\" content=\"3 minutos\" \/>\n<script type=\"application\/ld+json\" class=\"yoast-schema-graph\">{\"@context\":\"https:\\\/\\\/schema.org\",\"@graph\":[{\"@type\":\"Article\",\"@id\":\"https:\\\/\\\/elcanillita.info\\\/press\\\/2020\\\/02\\\/05\\\/bolivia-ocho-candidatos-aspiran-presidencia-elecciones-mayo\\\/#article\",\"isPartOf\":{\"@id\":\"https:\\\/\\\/elcanillita.info\\\/press\\\/2020\\\/02\\\/05\\\/bolivia-ocho-candidatos-aspiran-presidencia-elecciones-mayo\\\/\"},\"author\":{\"name\":\"SalaStampa.eu, world press service\",\"@id\":\"https:\\\/\\\/elcanillita.info\\\/press\\\/#\\\/schema\\\/person\\\/7fcb79f38045700919f7da6d97e71ba0\"},\"headline\":\"Bolivia: ocho candidatos aspiran a la presidencia en elecciones de mayo\",\"datePublished\":\"2020-02-05T12:15:00+00:00\",\"dateModified\":\"2020-02-06T12:20:44+00:00\",\"mainEntityOfPage\":{\"@id\":\"https:\\\/\\\/elcanillita.info\\\/press\\\/2020\\\/02\\\/05\\\/bolivia-ocho-candidatos-aspiran-presidencia-elecciones-mayo\\\/\"},\"wordCount\":605,\"publisher\":{\"@id\":\"https:\\\/\\\/elcanillita.info\\\/press\\\/#organization\"},\"keywords\":[\"Bolivia\"],\"articleSection\":[\"Actualidad\",\"Am\u00e9rica del Sur\",\"Politica\",\"Sociedad\"],\"inLanguage\":\"es-AR\"},{\"@type\":\"WebPage\",\"@id\":\"https:\\\/\\\/elcanillita.info\\\/press\\\/2020\\\/02\\\/05\\\/bolivia-ocho-candidatos-aspiran-presidencia-elecciones-mayo\\\/\",\"url\":\"https:\\\/\\\/elcanillita.info\\\/press\\\/2020\\\/02\\\/05\\\/bolivia-ocho-candidatos-aspiran-presidencia-elecciones-mayo\\\/\",\"name\":\"Bolivia: ocho candidatos aspiran a la presidencia en elecciones de mayo - ElCanillita.Info\",\"isPartOf\":{\"@id\":\"https:\\\/\\\/elcanillita.info\\\/press\\\/#website\"},\"datePublished\":\"2020-02-05T12:15:00+00:00\",\"dateModified\":\"2020-02-06T12:20:44+00:00\",\"inLanguage\":\"es-AR\",\"potentialAction\":[{\"@type\":\"ReadAction\",\"target\":[\"https:\\\/\\\/elcanillita.info\\\/press\\\/2020\\\/02\\\/05\\\/bolivia-ocho-candidatos-aspiran-presidencia-elecciones-mayo\\\/\"]}]},{\"@type\":\"WebSite\",\"@id\":\"https:\\\/\\\/elcanillita.info\\\/press\\\/#website\",\"url\":\"https:\\\/\\\/elcanillita.info\\\/press\\\/\",\"name\":\"ElCanillita.Info\",\"description\":\"desde los Apeninos a los Andes\",\"publisher\":{\"@id\":\"https:\\\/\\\/elcanillita.info\\\/press\\\/#organization\"},\"potentialAction\":[{\"@type\":\"SearchAction\",\"target\":{\"@type\":\"EntryPoint\",\"urlTemplate\":\"https:\\\/\\\/elcanillita.info\\\/press\\\/?s={search_term_string}\"},\"query-input\":{\"@type\":\"PropertyValueSpecification\",\"valueRequired\":true,\"valueName\":\"search_term_string\"}}],\"inLanguage\":\"es-AR\"},{\"@type\":\"Organization\",\"@id\":\"https:\\\/\\\/elcanillita.info\\\/press\\\/#organization\",\"name\":\"Guzzo Photos & Graphic Publications\",\"url\":\"https:\\\/\\\/elcanillita.info\\\/press\\\/\",\"logo\":{\"@type\":\"ImageObject\",\"inLanguage\":\"es-AR\",\"@id\":\"https:\\\/\\\/elcanillita.info\\\/press\\\/#\\\/schema\\\/logo\\\/image\\\/\",\"url\":\"https:\\\/\\\/elcanillita.info\\\/press\\\/images\\\/2020\\\/01\\\/cropped-cropped-cropped-elcanillitainfo.png\",\"contentUrl\":\"https:\\\/\\\/elcanillita.info\\\/press\\\/images\\\/2020\\\/01\\\/cropped-cropped-cropped-elcanillitainfo.png\",\"width\":460,\"height\":50,\"caption\":\"Guzzo Photos & Graphic Publications\"},\"image\":{\"@id\":\"https:\\\/\\\/elcanillita.info\\\/press\\\/#\\\/schema\\\/logo\\\/image\\\/\"},\"sameAs\":[\"https:\\\/\\\/ar-ar.facebook.com\\\/ElCanillitainfo-114249515285712\\\/\"]},{\"@type\":\"Person\",\"@id\":\"https:\\\/\\\/elcanillita.info\\\/press\\\/#\\\/schema\\\/person\\\/7fcb79f38045700919f7da6d97e71ba0\",\"name\":\"SalaStampa.eu, world press service\",\"image\":{\"@type\":\"ImageObject\",\"inLanguage\":\"es-AR\",\"@id\":\"https:\\\/\\\/secure.gravatar.com\\\/avatar\\\/c2f0e0d515a107624234994507816ca4724c7199cef73fc8bedebf6931d73888?s=96&d=mm&r=g\",\"url\":\"https:\\\/\\\/secure.gravatar.com\\\/avatar\\\/c2f0e0d515a107624234994507816ca4724c7199cef73fc8bedebf6931d73888?s=96&d=mm&r=g\",\"contentUrl\":\"https:\\\/\\\/secure.gravatar.com\\\/avatar\\\/c2f0e0d515a107624234994507816ca4724c7199cef73fc8bedebf6931d73888?s=96&d=mm&r=g\",\"caption\":\"SalaStampa.eu, world press service\"}}]}<\/script>\n<!-- \/ Yoast SEO plugin. -->","yoast_head_json":{"title":"Bolivia: ocho candidatos aspiran a la presidencia en elecciones de mayo - ElCanillita.Info","robots":{"index":"index","follow":"follow","max-snippet":"max-snippet:-1","max-image-preview":"max-image-preview:large","max-video-preview":"max-video-preview:-1"},"canonical":"https:\/\/elcanillita.info\/press\/2020\/02\/05\/bolivia-ocho-candidatos-aspiran-presidencia-elecciones-mayo\/","og_locale":"es_ES","og_type":"article","og_title":"Bolivia: ocho candidatos aspiran a la presidencia en elecciones de mayo - ElCanillita.Info","og_description":"La Paz, 05.02.2020 - El Tribunal Supremo Electoral de Bolivia (TSE) confirm\u00f3 la inscripci\u00f3n de ocho candidatos a la presidencia de cara a las elecciones previstas para mayo.","og_url":"https:\/\/elcanillita.info\/press\/2020\/02\/05\/bolivia-ocho-candidatos-aspiran-presidencia-elecciones-mayo\/","og_site_name":"ElCanillita.Info","article_publisher":"https:\/\/ar-ar.facebook.com\/ElCanillitainfo-114249515285712\/","article_published_time":"2020-02-05T12:15:00+00:00","article_modified_time":"2020-02-06T12:20:44+00:00","author":"SalaStampa.eu, world press service","twitter_card":"summary_large_image","twitter_misc":{"Escrito por":"SalaStampa.eu, world press service","Tiempo de lectura":"3 minutos"},"schema":{"@context":"https:\/\/schema.org","@graph":[{"@type":"Article","@id":"https:\/\/elcanillita.info\/press\/2020\/02\/05\/bolivia-ocho-candidatos-aspiran-presidencia-elecciones-mayo\/#article","isPartOf":{"@id":"https:\/\/elcanillita.info\/press\/2020\/02\/05\/bolivia-ocho-candidatos-aspiran-presidencia-elecciones-mayo\/"},"author":{"name":"SalaStampa.eu, world press service","@id":"https:\/\/elcanillita.info\/press\/#\/schema\/person\/7fcb79f38045700919f7da6d97e71ba0"},"headline":"Bolivia: ocho candidatos aspiran a la presidencia en elecciones de mayo","datePublished":"2020-02-05T12:15:00+00:00","dateModified":"2020-02-06T12:20:44+00:00","mainEntityOfPage":{"@id":"https:\/\/elcanillita.info\/press\/2020\/02\/05\/bolivia-ocho-candidatos-aspiran-presidencia-elecciones-mayo\/"},"wordCount":605,"publisher":{"@id":"https:\/\/elcanillita.info\/press\/#organization"},"keywords":["Bolivia"],"articleSection":["Actualidad","Am\u00e9rica del Sur","Politica","Sociedad"],"inLanguage":"es-AR"},{"@type":"WebPage","@id":"https:\/\/elcanillita.info\/press\/2020\/02\/05\/bolivia-ocho-candidatos-aspiran-presidencia-elecciones-mayo\/","url":"https:\/\/elcanillita.info\/press\/2020\/02\/05\/bolivia-ocho-candidatos-aspiran-presidencia-elecciones-mayo\/","name":"Bolivia: ocho candidatos aspiran a la presidencia en elecciones de mayo - ElCanillita.Info","isPartOf":{"@id":"https:\/\/elcanillita.info\/press\/#website"},"datePublished":"2020-02-05T12:15:00+00:00","dateModified":"2020-02-06T12:20:44+00:00","inLanguage":"es-AR","potentialAction":[{"@type":"ReadAction","target":["https:\/\/elcanillita.info\/press\/2020\/02\/05\/bolivia-ocho-candidatos-aspiran-presidencia-elecciones-mayo\/"]}]},{"@type":"WebSite","@id":"https:\/\/elcanillita.info\/press\/#website","url":"https:\/\/elcanillita.info\/press\/","name":"ElCanillita.Info","description":"desde los Apeninos a los Andes","publisher":{"@id":"https:\/\/elcanillita.info\/press\/#organization"},"potentialAction":[{"@type":"SearchAction","target":{"@type":"EntryPoint","urlTemplate":"https:\/\/elcanillita.info\/press\/?s={search_term_string}"},"query-input":{"@type":"PropertyValueSpecification","valueRequired":true,"valueName":"search_term_string"}}],"inLanguage":"es-AR"},{"@type":"Organization","@id":"https:\/\/elcanillita.info\/press\/#organization","name":"Guzzo Photos & Graphic Publications","url":"https:\/\/elcanillita.info\/press\/","logo":{"@type":"ImageObject","inLanguage":"es-AR","@id":"https:\/\/elcanillita.info\/press\/#\/schema\/logo\/image\/","url":"https:\/\/elcanillita.info\/press\/images\/2020\/01\/cropped-cropped-cropped-elcanillitainfo.png","contentUrl":"https:\/\/elcanillita.info\/press\/images\/2020\/01\/cropped-cropped-cropped-elcanillitainfo.png","width":460,"height":50,"caption":"Guzzo Photos & Graphic Publications"},"image":{"@id":"https:\/\/elcanillita.info\/press\/#\/schema\/logo\/image\/"},"sameAs":["https:\/\/ar-ar.facebook.com\/ElCanillitainfo-114249515285712\/"]},{"@type":"Person","@id":"https:\/\/elcanillita.info\/press\/#\/schema\/person\/7fcb79f38045700919f7da6d97e71ba0","name":"SalaStampa.eu, world press service","image":{"@type":"ImageObject","inLanguage":"es-AR","@id":"https:\/\/secure.gravatar.com\/avatar\/c2f0e0d515a107624234994507816ca4724c7199cef73fc8bedebf6931d73888?s=96&d=mm&r=g","url":"https:\/\/secure.gravatar.com\/avatar\/c2f0e0d515a107624234994507816ca4724c7199cef73fc8bedebf6931d73888?s=96&d=mm&r=g","contentUrl":"https:\/\/secure.gravatar.com\/avatar\/c2f0e0d515a107624234994507816ca4724c7199cef73fc8bedebf6931d73888?s=96&d=mm&r=g","caption":"SalaStampa.eu, world press service"}}]}},"views":798,"_links":{"self":[{"href":"https:\/\/elcanillita.info\/press\/wp-json\/wp\/v2\/posts\/359","targetHints":{"allow":["GET"]}}],"collection":[{"href":"https:\/\/elcanillita.info\/press\/wp-json\/wp\/v2\/posts"}],"about":[{"href":"https:\/\/elcanillita.info\/press\/wp-json\/wp\/v2\/types\/post"}],"author":[{"embeddable":true,"href":"https:\/\/elcanillita.info\/press\/wp-json\/wp\/v2\/users\/1"}],"replies":[{"embeddable":true,"href":"https:\/\/elcanillita.info\/press\/wp-json\/wp\/v2\/comments?post=359"}],"version-history":[{"count":0,"href":"https:\/\/elcanillita.info\/press\/wp-json\/wp\/v2\/posts\/359\/revisions"}],"wp:attachment":[{"href":"https:\/\/elcanillita.info\/press\/wp-json\/wp\/v2\/media?parent=359"}],"wp:term":[{"taxonomy":"category","embeddable":true,"href":"https:\/\/elcanillita.info\/press\/wp-json\/wp\/v2\/categories?post=359"},{"taxonomy":"post_tag","embeddable":true,"href":"https:\/\/elcanillita.info\/press\/wp-json\/wp\/v2\/tags?post=359"}],"curies":[{"name":"wp","href":"https:\/\/api.w.org\/{rel}","templated":true}]}}