{"id":3582,"date":"2023-08-01T10:37:50","date_gmt":"2023-08-01T13:37:50","guid":{"rendered":"https:\/\/elcanillita.info\/press\/?p=3582"},"modified":"2023-08-01T10:39:39","modified_gmt":"2023-08-01T13:39:39","slug":"guerra-en-ucrania-2","status":"publish","type":"post","link":"https:\/\/elcanillita.info\/press\/2023\/08\/01\/guerra-en-ucrania-2\/","title":{"rendered":"GUERRA EN UCRANIA"},"content":{"rendered":"\n<figure class=\"wp-block-image size-full is-resized\"><img loading=\"lazy\" decoding=\"async\" src=\"https:\/\/elcanillita.info\/press\/images\/2023\/08\/rus-1_20230801.jpg\" alt=\"\" class=\"wp-image-3583\" width=\"600\" height=\"400\" srcset=\"https:\/\/elcanillita.info\/press\/images\/2023\/08\/rus-1_20230801.jpg 600w, https:\/\/elcanillita.info\/press\/images\/2023\/08\/rus-1_20230801-300x200.jpg 300w\" sizes=\"auto, (max-width: 600px) 100vw, 600px\" \/><figcaption class=\"wp-element-caption\">Medv\u00e9dev: Rusia usar\u00e1 armas nucleares si Ucrania reclama tierras<\/figcaption><\/figure>\n\n\n\n<p> <\/p>\n\n\n\n<p>Dmitri Medv\u00e9dev, vicepresidente del Consejo de Seguridad ruso, ha advertido de que su pa\u00eds utilizar\u00e1 armas nucleares si las fuerzas ucranianas retoman el territorio ocupado.<\/p>\n\n\n\n<p>&#8220;Sencillamente, no habr\u00eda otra opci\u00f3n&#8221;, dijo Medv\u00e9dev, un ex presidente que se ha hecho conocido por su beligerancia sobre Ucrania.<\/p>\n\n\n\n<p>&#8220;As\u00ed que nuestros enemigos deben rezar por nuestros soldados que est\u00e1n impidiendo la ignici\u00f3n de una conflagraci\u00f3n nuclear mundial&#8221;, a\u00f1adi\u00f3, sugiriendo que las fuerzas rusas estaban sofocando un contraataque ucraniano que provocar\u00eda una respuesta nuclear si tuviera \u00e9xito.<\/p>\n\n\n\n<p>Se produjo despu\u00e9s de los ataques ucranianos contra objetivos dentro de Rusia, incluida una serie de ataques con aviones no tripulados sobre Mosc\u00fa, que el Presidente Zelensky calific\u00f3 de consecuencia &#8220;inevitable&#8221; de la invasi\u00f3n.<\/p>\n\n\n\n<p>Medv\u00e9dev afirm\u00f3 que el uso de armas nucleares estar\u00eda justificado en virtud de la pol\u00edtica de disuasi\u00f3n nuclear adoptada por el presidente Putin en 2020, que le permite utilizar armas at\u00f3micas en respuesta a un ataque convencional que &#8220;amenace la existencia misma del Estado&#8221;.<\/p>\n\n\n\n<p>Expertos militares creen que lo m\u00e1s probable es que Rusia utilice un arma nuclear t\u00e1ctica o de &#8220;campo de batalla&#8221; de corto alcance disparada desde Rusia, Bielorrusia o la parte ocupada de Ucrania, o desde un avi\u00f3n o submarino. Su potencia es inferior a la de las armas nucleares estrat\u00e9gicas, que pueden arrasar ciudades enteras.<\/p>\n\n\n\n<p>Rusia se anexion\u00f3 la pen\u00ednsula ucraniana de Crimea en 2014 y otras cuatro regiones del este y el sur del pa\u00eds el pasado septiembre, cuando Putin dijo que estaba dispuesto a utilizar &#8220;todos los medios&#8221; para defender la &#8220;integridad territorial&#8221; de las tierras ocupadas por Rusia y a su poblaci\u00f3n. En octubre, el Kremlin declar\u00f3 que los territorios anexionados estaban bajo su paraguas nuclear.<\/p>\n\n\n\n<p>Medv\u00e9dev, que fue presidente entre 2008 y 2012 y primer ministro entre 2012 y 2020, afirm\u00f3 en septiembre que podr\u00edan utilizarse armas nucleares estrat\u00e9gicas para defender esos territorios. En enero reiter\u00f3 la advertencia de que una derrota rusa contra Ucrania podr\u00eda desembocar en una guerra nuclear.<br><br>El lunes, un ataque con misiles rusos contra la ciudad de Kryvyi Rih, en el sur de Ucrania, caus\u00f3 la muerte de al menos cuatro personas, entre ellas una ni\u00f1a de diez a\u00f1os y su madre, seg\u00fan informaron las autoridades. Otras quedaron sepultadas bajo los escombros. Un v\u00eddeo publicado por Zelensky, que creci\u00f3 all\u00ed, mostraba humo saliendo de un agujero abierto en el lateral de un edificio residencial de nueve plantas. &#8220;Este terror no nos asustar\u00e1 ni nos doblegar\u00e1&#8221;, escribi\u00f3 en Telegram.<\/p>\n\n\n\n<p>El Ministerio de Defensa de Rusia dijo el domingo que tres aviones no tripulados ucranianos hab\u00edan sido derribados en ataques que da\u00f1aron dos torres de oficinas en la capital y cerraron brevemente un aeropuerto internacional.<\/p>\n\n\n\n<p>Un avi\u00f3n no tripulado que apuntaba a Mosc\u00fa fue derribado en las afueras de la ciudad y otros dos fueron &#8220;suprimidos por la guerra electr\u00f3nica&#8221; y se estrellaron contra un complejo de oficinas a primera hora del domingo, dijo el Ministerio de Defensa ruso, aunque afirm\u00f3 que no hubo heridos.<\/p>\n\n\n\n<p>Las im\u00e1genes de la explosi\u00f3n cerca de un edificio en Mosc\u00fa fueron captadas por testigos y por la c\u00e1mara del salpicadero de un coche. Las fotograf\u00edas del lugar de los hechos mostraban varias ventanas da\u00f1adas en la esquina de los bloques de oficinas y escombros esparcidos por el suelo.<\/p>\n\n\n\n<p><strong>Escombros del ataque de un dron en Mosc\u00fa<\/strong><br><\/p>\n\n\n\n<figure class=\"wp-block-image size-full\"><img loading=\"lazy\" decoding=\"async\" width=\"600\" height=\"374\" src=\"https:\/\/elcanillita.info\/press\/images\/2023\/08\/rus-3_20230801.jpg\" alt=\"\" class=\"wp-image-3585\" srcset=\"https:\/\/elcanillita.info\/press\/images\/2023\/08\/rus-3_20230801.jpg 600w, https:\/\/elcanillita.info\/press\/images\/2023\/08\/rus-3_20230801-300x187.jpg 300w\" sizes=\"auto, (max-width: 600px) 100vw, 600px\" \/><\/figure>\n\n\n\n<p>El ataque se produjo horas antes de que funcionarios ucranianos sugirieran que Arabia Saud\u00ed podr\u00eda acoger una cumbre internacional a principios de agosto en un esfuerzo por iniciar negociaciones para poner fin a la guerra, aunque Rusia no estar\u00eda invitada.<\/p>\n\n\n\n<p>Mosc\u00fa y sus alrededores, situados a unas 480 kilometros de la frontera ucraniana, rara vez hab\u00edan sido blanco de ataques durante la guerra hasta que se produjeron varios ataques con drones este a\u00f1o.<\/p>\n\n\n\n<p>El ej\u00e9rcito de Kiev se ha mostrado circunspecto a la hora de reivindicar la autor\u00eda directa de tales ataques, pero Zelensky afirm\u00f3 el domingo que la &#8220;guerra&#8221; estaba llegando a Rusia.<\/p>\n\n\n\n<p>&#8220;Hoy es el 522\u00ba d\u00eda de la llamada operaci\u00f3n militar especial, que los dirigentes rusos pensaban que durar\u00eda un par de semanas&#8221;, dijo en una visita a la ciudad de Ivano-Frankivsk, en el oeste de Ucrania.<\/p>\n\n\n\n<p>&#8220;Poco a poco, la guerra est\u00e1 volviendo al territorio de Rusia, a sus centros simb\u00f3licos y bases militares, y este es un proceso inevitable, natural y absolutamente justo&#8221;, a\u00f1adi\u00f3.<\/p>\n\n\n\n<p>El Ministerio de Defensa ruso denunci\u00f3 un &#8220;intento de atentado terrorista&#8221; que, seg\u00fan Sergei Lavrov, Ministro de Asuntos Exteriores, habr\u00eda sido &#8220;imposible sin la ayuda prestada al r\u00e9gimen de Kiev por Estados Unidos y sus aliados de la OTAN&#8221;.<br><br><small>Copyright \u00a9 2023 ElCanillita.info \/ BlogDiario.info &#8211; SalaStampa.Eu, servicio mundial de prensa<\/small><\/p>\n","protected":false},"excerpt":{"rendered":"<p>Dmitri Medv\u00e9dev, vicepresidente del Consejo de Seguridad ruso, ha advertido de que su pa\u00eds utilizar\u00e1 armas nucleares si las fuerzas ucranianas retoman el territorio ocupado.<\/p>\n","protected":false},"author":1,"featured_media":3586,"comment_status":"closed","ping_status":"closed","sticky":false,"template":"","format":"standard","meta":{"footnotes":"","_links_to":"","_links_to_target":""},"categories":[108,70,16,119,23],"tags":[49,52],"class_list":["post-3582","post","type-post","status-publish","format-standard","has-post-thumbnail","hentry","category-blogdiario","category-actualidad","category-asia","category-guerra","category-politica","tag-rusia","tag-ucrania","entry","double"],"yoast_head":"<!-- This site is optimized with the Yoast SEO plugin v27.4 - https:\/\/yoast.com\/product\/yoast-seo-wordpress\/ -->\n<title>GUERRA EN UCRANIA - ElCanillita.Info<\/title>\n<meta name=\"description\" content=\"Dmitri Medv\u00e9dev, vicepresidente del Consejo de Seguridad ruso, ha advertido de que su pa\u00eds utilizar\u00e1 armas nucleares si las fuerzas ucranianas retoman el territorio ocupado.\" \/>\n<meta name=\"robots\" content=\"index, follow, max-snippet:-1, max-image-preview:large, max-video-preview:-1\" \/>\n<link rel=\"canonical\" href=\"https:\/\/elcanillita.info\/press\/2023\/08\/01\/guerra-en-ucrania-2\/\" \/>\n<meta property=\"og:locale\" content=\"es_ES\" \/>\n<meta property=\"og:type\" content=\"article\" \/>\n<meta property=\"og:title\" content=\"GUERRA EN UCRANIA - ElCanillita.Info\" \/>\n<meta property=\"og:description\" content=\"Dmitri Medv\u00e9dev, vicepresidente del Consejo de Seguridad ruso, ha advertido de que su pa\u00eds utilizar\u00e1 armas nucleares si las fuerzas ucranianas retoman el territorio ocupado.\" \/>\n<meta property=\"og:url\" content=\"https:\/\/elcanillita.info\/press\/2023\/08\/01\/guerra-en-ucrania-2\/\" \/>\n<meta property=\"og:site_name\" content=\"ElCanillita.Info\" \/>\n<meta property=\"article:publisher\" content=\"https:\/\/ar-ar.facebook.com\/ElCanillitainfo-114249515285712\/\" \/>\n<meta property=\"article:published_time\" content=\"2023-08-01T13:37:50+00:00\" \/>\n<meta property=\"article:modified_time\" content=\"2023-08-01T13:39:39+00:00\" \/>\n<meta property=\"og:image\" content=\"https:\/\/elcanillita.info\/press\/images\/2023\/08\/rus-4_20230801.jpg\" \/>\n\t<meta property=\"og:image:width\" content=\"600\" \/>\n\t<meta property=\"og:image:height\" content=\"378\" \/>\n\t<meta property=\"og:image:type\" content=\"image\/jpeg\" \/>\n<meta name=\"author\" content=\"SalaStampa.eu, world press service\" \/>\n<meta name=\"twitter:card\" content=\"summary_large_image\" \/>\n<meta name=\"twitter:label1\" content=\"Escrito por\" \/>\n\t<meta name=\"twitter:data1\" content=\"SalaStampa.eu, world press service\" \/>\n\t<meta name=\"twitter:label2\" content=\"Tiempo de lectura\" \/>\n\t<meta name=\"twitter:data2\" content=\"4 minutos\" \/>\n<script type=\"application\/ld+json\" class=\"yoast-schema-graph\">{\"@context\":\"https:\\\/\\\/schema.org\",\"@graph\":[{\"@type\":\"Article\",\"@id\":\"https:\\\/\\\/elcanillita.info\\\/press\\\/2023\\\/08\\\/01\\\/guerra-en-ucrania-2\\\/#article\",\"isPartOf\":{\"@id\":\"https:\\\/\\\/elcanillita.info\\\/press\\\/2023\\\/08\\\/01\\\/guerra-en-ucrania-2\\\/\"},\"author\":{\"name\":\"SalaStampa.eu, world press service\",\"@id\":\"https:\\\/\\\/elcanillita.info\\\/press\\\/#\\\/schema\\\/person\\\/7fcb79f38045700919f7da6d97e71ba0\"},\"headline\":\"GUERRA EN UCRANIA\",\"datePublished\":\"2023-08-01T13:37:50+00:00\",\"dateModified\":\"2023-08-01T13:39:39+00:00\",\"mainEntityOfPage\":{\"@id\":\"https:\\\/\\\/elcanillita.info\\\/press\\\/2023\\\/08\\\/01\\\/guerra-en-ucrania-2\\\/\"},\"wordCount\":830,\"publisher\":{\"@id\":\"https:\\\/\\\/elcanillita.info\\\/press\\\/#organization\"},\"image\":{\"@id\":\"https:\\\/\\\/elcanillita.info\\\/press\\\/2023\\\/08\\\/01\\\/guerra-en-ucrania-2\\\/#primaryimage\"},\"thumbnailUrl\":\"https:\\\/\\\/elcanillita.info\\\/press\\\/images\\\/2023\\\/08\\\/rus-4_20230801.jpg\",\"keywords\":[\"Rusia\",\"Ucrania\"],\"articleSection\":[\".\",\"Actualidad\",\"Asia\",\"Guerra\",\"Politica\"],\"inLanguage\":\"es-AR\"},{\"@type\":\"WebPage\",\"@id\":\"https:\\\/\\\/elcanillita.info\\\/press\\\/2023\\\/08\\\/01\\\/guerra-en-ucrania-2\\\/\",\"url\":\"https:\\\/\\\/elcanillita.info\\\/press\\\/2023\\\/08\\\/01\\\/guerra-en-ucrania-2\\\/\",\"name\":\"GUERRA EN UCRANIA - ElCanillita.Info\",\"isPartOf\":{\"@id\":\"https:\\\/\\\/elcanillita.info\\\/press\\\/#website\"},\"primaryImageOfPage\":{\"@id\":\"https:\\\/\\\/elcanillita.info\\\/press\\\/2023\\\/08\\\/01\\\/guerra-en-ucrania-2\\\/#primaryimage\"},\"image\":{\"@id\":\"https:\\\/\\\/elcanillita.info\\\/press\\\/2023\\\/08\\\/01\\\/guerra-en-ucrania-2\\\/#primaryimage\"},\"thumbnailUrl\":\"https:\\\/\\\/elcanillita.info\\\/press\\\/images\\\/2023\\\/08\\\/rus-4_20230801.jpg\",\"datePublished\":\"2023-08-01T13:37:50+00:00\",\"dateModified\":\"2023-08-01T13:39:39+00:00\",\"description\":\"Dmitri Medv\u00e9dev, vicepresidente del Consejo de Seguridad ruso, ha advertido de que su pa\u00eds utilizar\u00e1 armas nucleares si las fuerzas ucranianas retoman el territorio ocupado.\",\"inLanguage\":\"es-AR\",\"potentialAction\":[{\"@type\":\"ReadAction\",\"target\":[\"https:\\\/\\\/elcanillita.info\\\/press\\\/2023\\\/08\\\/01\\\/guerra-en-ucrania-2\\\/\"]}]},{\"@type\":\"ImageObject\",\"inLanguage\":\"es-AR\",\"@id\":\"https:\\\/\\\/elcanillita.info\\\/press\\\/2023\\\/08\\\/01\\\/guerra-en-ucrania-2\\\/#primaryimage\",\"url\":\"https:\\\/\\\/elcanillita.info\\\/press\\\/images\\\/2023\\\/08\\\/rus-4_20230801.jpg\",\"contentUrl\":\"https:\\\/\\\/elcanillita.info\\\/press\\\/images\\\/2023\\\/08\\\/rus-4_20230801.jpg\",\"width\":600,\"height\":378},{\"@type\":\"WebSite\",\"@id\":\"https:\\\/\\\/elcanillita.info\\\/press\\\/#website\",\"url\":\"https:\\\/\\\/elcanillita.info\\\/press\\\/\",\"name\":\"ElCanillita.Info\",\"description\":\"desde los Apeninos a los Andes\",\"publisher\":{\"@id\":\"https:\\\/\\\/elcanillita.info\\\/press\\\/#organization\"},\"potentialAction\":[{\"@type\":\"SearchAction\",\"target\":{\"@type\":\"EntryPoint\",\"urlTemplate\":\"https:\\\/\\\/elcanillita.info\\\/press\\\/?s={search_term_string}\"},\"query-input\":{\"@type\":\"PropertyValueSpecification\",\"valueRequired\":true,\"valueName\":\"search_term_string\"}}],\"inLanguage\":\"es-AR\"},{\"@type\":\"Organization\",\"@id\":\"https:\\\/\\\/elcanillita.info\\\/press\\\/#organization\",\"name\":\"Guzzo Photos & Graphic Publications\",\"url\":\"https:\\\/\\\/elcanillita.info\\\/press\\\/\",\"logo\":{\"@type\":\"ImageObject\",\"inLanguage\":\"es-AR\",\"@id\":\"https:\\\/\\\/elcanillita.info\\\/press\\\/#\\\/schema\\\/logo\\\/image\\\/\",\"url\":\"https:\\\/\\\/elcanillita.info\\\/press\\\/images\\\/2020\\\/01\\\/cropped-cropped-cropped-elcanillitainfo.png\",\"contentUrl\":\"https:\\\/\\\/elcanillita.info\\\/press\\\/images\\\/2020\\\/01\\\/cropped-cropped-cropped-elcanillitainfo.png\",\"width\":460,\"height\":50,\"caption\":\"Guzzo Photos & Graphic Publications\"},\"image\":{\"@id\":\"https:\\\/\\\/elcanillita.info\\\/press\\\/#\\\/schema\\\/logo\\\/image\\\/\"},\"sameAs\":[\"https:\\\/\\\/ar-ar.facebook.com\\\/ElCanillitainfo-114249515285712\\\/\"]},{\"@type\":\"Person\",\"@id\":\"https:\\\/\\\/elcanillita.info\\\/press\\\/#\\\/schema\\\/person\\\/7fcb79f38045700919f7da6d97e71ba0\",\"name\":\"SalaStampa.eu, world press service\",\"image\":{\"@type\":\"ImageObject\",\"inLanguage\":\"es-AR\",\"@id\":\"https:\\\/\\\/secure.gravatar.com\\\/avatar\\\/c2f0e0d515a107624234994507816ca4724c7199cef73fc8bedebf6931d73888?s=96&d=mm&r=g\",\"url\":\"https:\\\/\\\/secure.gravatar.com\\\/avatar\\\/c2f0e0d515a107624234994507816ca4724c7199cef73fc8bedebf6931d73888?s=96&d=mm&r=g\",\"contentUrl\":\"https:\\\/\\\/secure.gravatar.com\\\/avatar\\\/c2f0e0d515a107624234994507816ca4724c7199cef73fc8bedebf6931d73888?s=96&d=mm&r=g\",\"caption\":\"SalaStampa.eu, world press service\"}}]}<\/script>\n<!-- \/ Yoast SEO plugin. -->","yoast_head_json":{"title":"GUERRA EN UCRANIA - ElCanillita.Info","description":"Dmitri Medv\u00e9dev, vicepresidente del Consejo de Seguridad ruso, ha advertido de que su pa\u00eds utilizar\u00e1 armas nucleares si las fuerzas ucranianas retoman el territorio ocupado.","robots":{"index":"index","follow":"follow","max-snippet":"max-snippet:-1","max-image-preview":"max-image-preview:large","max-video-preview":"max-video-preview:-1"},"canonical":"https:\/\/elcanillita.info\/press\/2023\/08\/01\/guerra-en-ucrania-2\/","og_locale":"es_ES","og_type":"article","og_title":"GUERRA EN UCRANIA - ElCanillita.Info","og_description":"Dmitri Medv\u00e9dev, vicepresidente del Consejo de Seguridad ruso, ha advertido de que su pa\u00eds utilizar\u00e1 armas nucleares si las fuerzas ucranianas retoman el territorio ocupado.","og_url":"https:\/\/elcanillita.info\/press\/2023\/08\/01\/guerra-en-ucrania-2\/","og_site_name":"ElCanillita.Info","article_publisher":"https:\/\/ar-ar.facebook.com\/ElCanillitainfo-114249515285712\/","article_published_time":"2023-08-01T13:37:50+00:00","article_modified_time":"2023-08-01T13:39:39+00:00","og_image":[{"width":600,"height":378,"url":"https:\/\/elcanillita.info\/press\/images\/2023\/08\/rus-4_20230801.jpg","type":"image\/jpeg"}],"author":"SalaStampa.eu, world press service","twitter_card":"summary_large_image","twitter_misc":{"Escrito por":"SalaStampa.eu, world press service","Tiempo de lectura":"4 minutos"},"schema":{"@context":"https:\/\/schema.org","@graph":[{"@type":"Article","@id":"https:\/\/elcanillita.info\/press\/2023\/08\/01\/guerra-en-ucrania-2\/#article","isPartOf":{"@id":"https:\/\/elcanillita.info\/press\/2023\/08\/01\/guerra-en-ucrania-2\/"},"author":{"name":"SalaStampa.eu, world press service","@id":"https:\/\/elcanillita.info\/press\/#\/schema\/person\/7fcb79f38045700919f7da6d97e71ba0"},"headline":"GUERRA EN UCRANIA","datePublished":"2023-08-01T13:37:50+00:00","dateModified":"2023-08-01T13:39:39+00:00","mainEntityOfPage":{"@id":"https:\/\/elcanillita.info\/press\/2023\/08\/01\/guerra-en-ucrania-2\/"},"wordCount":830,"publisher":{"@id":"https:\/\/elcanillita.info\/press\/#organization"},"image":{"@id":"https:\/\/elcanillita.info\/press\/2023\/08\/01\/guerra-en-ucrania-2\/#primaryimage"},"thumbnailUrl":"https:\/\/elcanillita.info\/press\/images\/2023\/08\/rus-4_20230801.jpg","keywords":["Rusia","Ucrania"],"articleSection":[".","Actualidad","Asia","Guerra","Politica"],"inLanguage":"es-AR"},{"@type":"WebPage","@id":"https:\/\/elcanillita.info\/press\/2023\/08\/01\/guerra-en-ucrania-2\/","url":"https:\/\/elcanillita.info\/press\/2023\/08\/01\/guerra-en-ucrania-2\/","name":"GUERRA EN UCRANIA - ElCanillita.Info","isPartOf":{"@id":"https:\/\/elcanillita.info\/press\/#website"},"primaryImageOfPage":{"@id":"https:\/\/elcanillita.info\/press\/2023\/08\/01\/guerra-en-ucrania-2\/#primaryimage"},"image":{"@id":"https:\/\/elcanillita.info\/press\/2023\/08\/01\/guerra-en-ucrania-2\/#primaryimage"},"thumbnailUrl":"https:\/\/elcanillita.info\/press\/images\/2023\/08\/rus-4_20230801.jpg","datePublished":"2023-08-01T13:37:50+00:00","dateModified":"2023-08-01T13:39:39+00:00","description":"Dmitri Medv\u00e9dev, vicepresidente del Consejo de Seguridad ruso, ha advertido de que su pa\u00eds utilizar\u00e1 armas nucleares si las fuerzas ucranianas retoman el territorio ocupado.","inLanguage":"es-AR","potentialAction":[{"@type":"ReadAction","target":["https:\/\/elcanillita.info\/press\/2023\/08\/01\/guerra-en-ucrania-2\/"]}]},{"@type":"ImageObject","inLanguage":"es-AR","@id":"https:\/\/elcanillita.info\/press\/2023\/08\/01\/guerra-en-ucrania-2\/#primaryimage","url":"https:\/\/elcanillita.info\/press\/images\/2023\/08\/rus-4_20230801.jpg","contentUrl":"https:\/\/elcanillita.info\/press\/images\/2023\/08\/rus-4_20230801.jpg","width":600,"height":378},{"@type":"WebSite","@id":"https:\/\/elcanillita.info\/press\/#website","url":"https:\/\/elcanillita.info\/press\/","name":"ElCanillita.Info","description":"desde los Apeninos a los Andes","publisher":{"@id":"https:\/\/elcanillita.info\/press\/#organization"},"potentialAction":[{"@type":"SearchAction","target":{"@type":"EntryPoint","urlTemplate":"https:\/\/elcanillita.info\/press\/?s={search_term_string}"},"query-input":{"@type":"PropertyValueSpecification","valueRequired":true,"valueName":"search_term_string"}}],"inLanguage":"es-AR"},{"@type":"Organization","@id":"https:\/\/elcanillita.info\/press\/#organization","name":"Guzzo Photos & Graphic Publications","url":"https:\/\/elcanillita.info\/press\/","logo":{"@type":"ImageObject","inLanguage":"es-AR","@id":"https:\/\/elcanillita.info\/press\/#\/schema\/logo\/image\/","url":"https:\/\/elcanillita.info\/press\/images\/2020\/01\/cropped-cropped-cropped-elcanillitainfo.png","contentUrl":"https:\/\/elcanillita.info\/press\/images\/2020\/01\/cropped-cropped-cropped-elcanillitainfo.png","width":460,"height":50,"caption":"Guzzo Photos & Graphic Publications"},"image":{"@id":"https:\/\/elcanillita.info\/press\/#\/schema\/logo\/image\/"},"sameAs":["https:\/\/ar-ar.facebook.com\/ElCanillitainfo-114249515285712\/"]},{"@type":"Person","@id":"https:\/\/elcanillita.info\/press\/#\/schema\/person\/7fcb79f38045700919f7da6d97e71ba0","name":"SalaStampa.eu, world press service","image":{"@type":"ImageObject","inLanguage":"es-AR","@id":"https:\/\/secure.gravatar.com\/avatar\/c2f0e0d515a107624234994507816ca4724c7199cef73fc8bedebf6931d73888?s=96&d=mm&r=g","url":"https:\/\/secure.gravatar.com\/avatar\/c2f0e0d515a107624234994507816ca4724c7199cef73fc8bedebf6931d73888?s=96&d=mm&r=g","contentUrl":"https:\/\/secure.gravatar.com\/avatar\/c2f0e0d515a107624234994507816ca4724c7199cef73fc8bedebf6931d73888?s=96&d=mm&r=g","caption":"SalaStampa.eu, world press service"}}]}},"views":341,"_links":{"self":[{"href":"https:\/\/elcanillita.info\/press\/wp-json\/wp\/v2\/posts\/3582","targetHints":{"allow":["GET"]}}],"collection":[{"href":"https:\/\/elcanillita.info\/press\/wp-json\/wp\/v2\/posts"}],"about":[{"href":"https:\/\/elcanillita.info\/press\/wp-json\/wp\/v2\/types\/post"}],"author":[{"embeddable":true,"href":"https:\/\/elcanillita.info\/press\/wp-json\/wp\/v2\/users\/1"}],"replies":[{"embeddable":true,"href":"https:\/\/elcanillita.info\/press\/wp-json\/wp\/v2\/comments?post=3582"}],"version-history":[{"count":0,"href":"https:\/\/elcanillita.info\/press\/wp-json\/wp\/v2\/posts\/3582\/revisions"}],"wp:featuredmedia":[{"embeddable":true,"href":"https:\/\/elcanillita.info\/press\/wp-json\/wp\/v2\/media\/3586"}],"wp:attachment":[{"href":"https:\/\/elcanillita.info\/press\/wp-json\/wp\/v2\/media?parent=3582"}],"wp:term":[{"taxonomy":"category","embeddable":true,"href":"https:\/\/elcanillita.info\/press\/wp-json\/wp\/v2\/categories?post=3582"},{"taxonomy":"post_tag","embeddable":true,"href":"https:\/\/elcanillita.info\/press\/wp-json\/wp\/v2\/tags?post=3582"}],"curies":[{"name":"wp","href":"https:\/\/api.w.org\/{rel}","templated":true}]}}