{"id":3572,"date":"2023-07-31T17:28:19","date_gmt":"2023-07-31T20:28:19","guid":{"rendered":"https:\/\/elcanillita.info\/press\/?p=3572"},"modified":"2023-07-31T17:51:36","modified_gmt":"2023-07-31T20:51:36","slug":"la-prohibicion-de-los-paises-europeos-sobre-la-importacion-de-granos-ucranianos-es-inaceptable-para-zelenskyi","status":"publish","type":"post","link":"https:\/\/elcanillita.info\/press\/2023\/07\/31\/la-prohibicion-de-los-paises-europeos-sobre-la-importacion-de-granos-ucranianos-es-inaceptable-para-zelenskyi\/","title":{"rendered":"La prohibici\u00f3n de los pa\u00edses europeos sobre la importaci\u00f3n de granos ucranianos es inaceptable para Zelenskyi"},"content":{"rendered":"\n<figure class=\"wp-block-image size-full\"><img loading=\"lazy\" decoding=\"async\" width=\"600\" height=\"400\" src=\"https:\/\/elcanillita.info\/press\/images\/2023\/07\/Zelenski_20230731.jpg\" alt=\"\" class=\"wp-image-3573\" srcset=\"https:\/\/elcanillita.info\/press\/images\/2023\/07\/Zelenski_20230731.jpg 600w, https:\/\/elcanillita.info\/press\/images\/2023\/07\/Zelenski_20230731-300x200.jpg 300w\" sizes=\"auto, (max-width: 600px) 100vw, 600px\" \/><\/figure>\n\n\n\n<p>El presidente de Ucrania, Volodymyr Zelenskyi, calific\u00f3 de inaceptable la pr\u00f3rroga de la prohibici\u00f3n de la Uni\u00f3n Europea sobre la importaci\u00f3n de cereales ucranianos, solicitada por cinco pa\u00edses de Europa Central. <br><br>Bulgaria, Hungr\u00eda, Rumania, Polonia y Eslovaquia quieren extender la prohibici\u00f3n al menos hasta finales de este a\u00f1o. Su vigencia vence el 15 de septiembre.<\/p>\n\n\n\n<p>\u201cNuestra posici\u00f3n es clara: bloquear las exportaciones terrestres despu\u00e9s del 15 de septiembre es inaceptable en todas las circunstancias\u201d, dijo Zelenskyy en un telegrama.<\/p>\n\n\n\n<p>En mayo, la Comisi\u00f3n Europea permiti\u00f3 a Bulgaria, Hungr\u00eda, Polonia, Rumania y Eslovaquia prohibir la venta de semillas de trigo, ma\u00edz, colza y girasol ucranianas en su mercado; pero sin limitar el tr\u00e1nsito de exportaci\u00f3n a otras partes del mundo. Los ministros de agricultura de estos pa\u00edses dijeron el mi\u00e9rcoles pasado que quer\u00edan extender la veda al menos hasta fin de a\u00f1o, argumentando la necesidad de proteger sus propios mercados. &#8220;No estamos en contra de Ucrania o la UE, es en inter\u00e9s de nuestros agricultores&#8221;.<br><br>&#8220;En caso de que no se ampl\u00ede la medida preventiva, esto tendr\u00e1 un profundo impacto en los Estados miembros de primera l\u00ednea sobre los precios y la capacidad de almacenamiento, que es esencial para que el grano pueda cosecharse&#8221;, escribieron en un comunicado conjunto.<\/p>\n\n\n\n<p>Mientras tanto, Lituania ha desvelado su propia propuesta: un plan para reforzar la ruta b\u00e1ltica simplificando los tr\u00e1mites administrativos en la frontera polaco-ucraniana y despachando aduanas directamente en el puerto de Klaip\u0117da para ahorrar tiempo y aumentar la capacidad de carga.<\/p>\n\n\n\n<p>&#8220;La infraestructura del B\u00e1ltico puede convertirse en una ruta de tr\u00e1nsito viable y fiable para los productos ucranianos. Los puertos mar\u00edtimos del B\u00e1ltico tienen una gran capacidad de manipulaci\u00f3n de productos agr\u00edcolas, con un total de 25 millones de toneladas anuales s\u00f3lo de cereales&#8221;, declar\u00f3 el gobierno lituano en una carta dirigida a la Comisi\u00f3n Europea.<\/p>\n\n\n\n<p>Al final de la reuni\u00f3n del martes, Janusz Wojciechowski, comisario europeo de Agricultura, ha expresado su apoyo al planteamiento lituano y ha dicho que requerir\u00eda financiaci\u00f3n adicional para que funcionara. Sobre la cuesti\u00f3n del grano ucraniano, Wojciechowski ha avanzado que el Ejecutivo presentar\u00eda un an\u00e1lisis de mercado antes de mediados de septiembre.<\/p>\n\n\n\n<p><strong>Guerra al pan<\/strong><\/p>\n\n\n\n<p>El nuevo debate se ha visto impulsado por la decisi\u00f3n del presidente de Rusia Vladimir Putin de retirarse del corredor del Mar Negro e iniciar una brutal campa\u00f1a de ataques contra las terminales de grano y los puertos mar\u00edtimos de Ucrania.<\/p>\n\n\n\n<p>Durante el a\u00f1o pasado, el acuerdo del Mar Negro, una iniciativa respaldada por Naciones Unidas y Turqu\u00eda, permiti\u00f3 el transporte de 33 millones de toneladas de grano y alimentos desde Ucrania a pa\u00edses de todo el mundo, incluidas naciones de bajos ingresos como Bangladesh, Egipto, T\u00fanez, Libia, Etiop\u00eda, Yemen, Afganist\u00e1n y Sud\u00e1n.<\/p>\n\n\n\n<p>El abrupto colapso de esta ruta comercial, cuyo funcionamiento se hab\u00eda vuelto cada vez m\u00e1s precario ante las especulaciones de que Mosc\u00fa se retirar\u00eda, ha vuelto a desorganizar las cadenas de suministro mundiales y ha empujado a\u00fan m\u00e1s al alza los precios de las materias primas.<\/p>\n\n\n\n<p>&#8220;Estamos muy preocupados por esta situaci\u00f3n, pero no nos sorprende. No es la primera vez que Rusia utiliza los alimentos como arma&#8221;, ha lamentado Wojciechowski.<\/p>\n\n\n\n<p>Las huelgas rusas tambi\u00e9n han renovado la atenci\u00f3n sobre los llamados &#8220;carriles de solidaridad&#8221; de la UE, los pasos terrestres y fluviales que el bloque ha facilitado para ayudar a Kiev a transportar sus suministros de grano en tiempos de guerra. La iniciativa se vio impulsada por un r\u00e9gimen comercial especial que exim\u00eda de aranceles y derechos a una amplia gama de exportaciones ucranianas.<\/p>\n\n\n\n<p>Los &#8220;carriles solidarios&#8221; han permitido hasta ahora transportar 41 millones de toneladas de alimentos y 36 millones de toneladas de productos no agr\u00edcolas, seg\u00fan datos publicados por la Comisi\u00f3n Europea.<\/p>\n\n\n\n<p>Pero la afluencia de cereales ucranianos a bajo precio ha provocado una intensa respuesta en Polonia, Hungr\u00eda, Eslovaquia, Ruman\u00eda y Bulgaria, que se quejan de que la superabundancia est\u00e1 llenando los almacenes, deprimiendo los precios para los agricultores locales y distorsionando sus mercados interiores.<\/p>\n\n\n\n<p>Ante las amenazas de restricciones nacionales descoordinadas, la Comisi\u00f3n Europea se apresur\u00f3 a negociar un acuerdo que impon\u00eda &#8220;medidas preventivas excepcionales y temporales&#8221; a cuatro cultivos ucranianos: trigo, ma\u00edz, colza y semillas de girasol, los considerados de mayor efecto perturbador.<\/p>\n\n\n\n<p>Desde mayo, estos productos s\u00f3lo pueden transitar por los cinco pa\u00edses del Este, lo que significa que no pueden almacenarse en su territorio ni comprarse para consumo interno. En su lugar, se env\u00edan directamente a otros Estados miembros, como Espa\u00f1a, Italia y los Pa\u00edses Bajos, o se env\u00edan a pa\u00edses en desarrollo de todo el mundo.<\/p>\n\n\n\n<p>A principios de junio, la Comisi\u00f3n Europea tom\u00f3 la decisi\u00f3n de prorrogar las prohibiciones hasta el 15 de septiembre, advirtiendo de que la eliminaci\u00f3n ser\u00eda definitiva. La pr\u00f3rroga se aprob\u00f3 a pesar de las objeciones expresadas por las autoridades de Kiev, incluido el propio presidente Volod\u00edmir Zelenski, y de las &#8220;serias preocupaciones&#8221; planteadas por Alemania, Francia y otros 10 Estados miembros en una carta conjunta.<\/p>\n\n\n\n<p>&#8220;Hoy tenemos esta prohibici\u00f3n temporal que es necesaria porque, de lo contrario, los agricultores de los pa\u00edses de primera l\u00ednea no habr\u00edan sobrevivido a esto&#8221;, ha dicho Wojciechowski. &#8220;Esperemos que encontremos una soluci\u00f3n y el corredor del Mar Negro vuelva a quedar libre&#8221;.<br><br><small>Copyright \u00a9 2023 ElCanillita.info \/ SalaStampa.Eu, servicio mundial de prensa<\/small><\/p>\n","protected":false},"excerpt":{"rendered":"<p>Durante el a\u00f1o pasado, el acuerdo del Mar Negro, una iniciativa respaldada por Naciones Unidas y Turqu\u00eda, permiti\u00f3 el transporte de 33 millones de toneladas de grano y alimentos desde Ucrania a pa\u00edses de todo el mundo. <\/p>\n","protected":false},"author":1,"featured_media":3573,"comment_status":"closed","ping_status":"closed","sticky":false,"template":"","format":"standard","meta":{"footnotes":"","_links_to":"","_links_to_target":""},"categories":[108,70,20,7,119],"tags":[52],"class_list":["post-3572","post","type-post","status-publish","format-standard","has-post-thumbnail","hentry","category-blogdiario","category-actualidad","category-economia","category-eurasia","category-guerra","tag-ucrania","entry","double"],"yoast_head":"<!-- This site is optimized with the Yoast SEO plugin v27.4 - https:\/\/yoast.com\/product\/yoast-seo-wordpress\/ -->\n<title>La prohibici\u00f3n de los pa\u00edses europeos sobre la importaci\u00f3n de granos ucranianos es inaceptable para Zelenskyi - ElCanillita.Info<\/title>\n<meta name=\"description\" content=\"Durante el a\u00f1o pasado, el acuerdo del Mar Negro, una iniciativa respaldada por Naciones Unidas y Turqu\u00eda, permiti\u00f3 el transporte de 33 millones de toneladas de grano y alimentos desde Ucrania a pa\u00edses de todo el mundo.\" \/>\n<meta name=\"robots\" content=\"index, follow, max-snippet:-1, max-image-preview:large, max-video-preview:-1\" \/>\n<link rel=\"canonical\" href=\"https:\/\/elcanillita.info\/press\/2023\/07\/31\/la-prohibicion-de-los-paises-europeos-sobre-la-importacion-de-granos-ucranianos-es-inaceptable-para-zelenskyi\/\" \/>\n<meta property=\"og:locale\" content=\"es_ES\" \/>\n<meta property=\"og:type\" content=\"article\" \/>\n<meta property=\"og:title\" content=\"La prohibici\u00f3n de los pa\u00edses europeos sobre la importaci\u00f3n de granos ucranianos es inaceptable para Zelenskyi - ElCanillita.Info\" \/>\n<meta property=\"og:description\" content=\"Durante el a\u00f1o pasado, el acuerdo del Mar Negro, una iniciativa respaldada por Naciones Unidas y Turqu\u00eda, permiti\u00f3 el transporte de 33 millones de toneladas de grano y alimentos desde Ucrania a pa\u00edses de todo el mundo.\" \/>\n<meta property=\"og:url\" content=\"https:\/\/elcanillita.info\/press\/2023\/07\/31\/la-prohibicion-de-los-paises-europeos-sobre-la-importacion-de-granos-ucranianos-es-inaceptable-para-zelenskyi\/\" \/>\n<meta property=\"og:site_name\" content=\"ElCanillita.Info\" \/>\n<meta property=\"article:publisher\" content=\"https:\/\/ar-ar.facebook.com\/ElCanillitainfo-114249515285712\/\" \/>\n<meta property=\"article:published_time\" content=\"2023-07-31T20:28:19+00:00\" \/>\n<meta property=\"article:modified_time\" content=\"2023-07-31T20:51:36+00:00\" \/>\n<meta property=\"og:image\" content=\"https:\/\/elcanillita.info\/press\/images\/2023\/07\/Zelenski_20230731.jpg\" \/>\n\t<meta property=\"og:image:width\" content=\"600\" \/>\n\t<meta property=\"og:image:height\" content=\"400\" \/>\n\t<meta property=\"og:image:type\" content=\"image\/jpeg\" \/>\n<meta name=\"author\" content=\"SalaStampa.eu, world press service\" \/>\n<meta name=\"twitter:card\" content=\"summary_large_image\" \/>\n<meta name=\"twitter:label1\" content=\"Escrito por\" \/>\n\t<meta name=\"twitter:data1\" content=\"SalaStampa.eu, world press service\" \/>\n\t<meta name=\"twitter:label2\" content=\"Tiempo de lectura\" \/>\n\t<meta name=\"twitter:data2\" content=\"5 minutos\" \/>\n<script type=\"application\/ld+json\" class=\"yoast-schema-graph\">{\"@context\":\"https:\\\/\\\/schema.org\",\"@graph\":[{\"@type\":\"Article\",\"@id\":\"https:\\\/\\\/elcanillita.info\\\/press\\\/2023\\\/07\\\/31\\\/la-prohibicion-de-los-paises-europeos-sobre-la-importacion-de-granos-ucranianos-es-inaceptable-para-zelenskyi\\\/#article\",\"isPartOf\":{\"@id\":\"https:\\\/\\\/elcanillita.info\\\/press\\\/2023\\\/07\\\/31\\\/la-prohibicion-de-los-paises-europeos-sobre-la-importacion-de-granos-ucranianos-es-inaceptable-para-zelenskyi\\\/\"},\"author\":{\"name\":\"SalaStampa.eu, world press service\",\"@id\":\"https:\\\/\\\/elcanillita.info\\\/press\\\/#\\\/schema\\\/person\\\/7fcb79f38045700919f7da6d97e71ba0\"},\"headline\":\"La prohibici\u00f3n de los pa\u00edses europeos sobre la importaci\u00f3n de granos ucranianos es inaceptable para Zelenskyi\",\"datePublished\":\"2023-07-31T20:28:19+00:00\",\"dateModified\":\"2023-07-31T20:51:36+00:00\",\"mainEntityOfPage\":{\"@id\":\"https:\\\/\\\/elcanillita.info\\\/press\\\/2023\\\/07\\\/31\\\/la-prohibicion-de-los-paises-europeos-sobre-la-importacion-de-granos-ucranianos-es-inaceptable-para-zelenskyi\\\/\"},\"wordCount\":971,\"publisher\":{\"@id\":\"https:\\\/\\\/elcanillita.info\\\/press\\\/#organization\"},\"image\":{\"@id\":\"https:\\\/\\\/elcanillita.info\\\/press\\\/2023\\\/07\\\/31\\\/la-prohibicion-de-los-paises-europeos-sobre-la-importacion-de-granos-ucranianos-es-inaceptable-para-zelenskyi\\\/#primaryimage\"},\"thumbnailUrl\":\"https:\\\/\\\/elcanillita.info\\\/press\\\/images\\\/2023\\\/07\\\/Zelenski_20230731.jpg\",\"keywords\":[\"Ucrania\"],\"articleSection\":[\".\",\"Actualidad\",\"Economia\",\"Eurasia\",\"Guerra\"],\"inLanguage\":\"es-AR\"},{\"@type\":\"WebPage\",\"@id\":\"https:\\\/\\\/elcanillita.info\\\/press\\\/2023\\\/07\\\/31\\\/la-prohibicion-de-los-paises-europeos-sobre-la-importacion-de-granos-ucranianos-es-inaceptable-para-zelenskyi\\\/\",\"url\":\"https:\\\/\\\/elcanillita.info\\\/press\\\/2023\\\/07\\\/31\\\/la-prohibicion-de-los-paises-europeos-sobre-la-importacion-de-granos-ucranianos-es-inaceptable-para-zelenskyi\\\/\",\"name\":\"La prohibici\u00f3n de los pa\u00edses europeos sobre la importaci\u00f3n de granos ucranianos es inaceptable para Zelenskyi - ElCanillita.Info\",\"isPartOf\":{\"@id\":\"https:\\\/\\\/elcanillita.info\\\/press\\\/#website\"},\"primaryImageOfPage\":{\"@id\":\"https:\\\/\\\/elcanillita.info\\\/press\\\/2023\\\/07\\\/31\\\/la-prohibicion-de-los-paises-europeos-sobre-la-importacion-de-granos-ucranianos-es-inaceptable-para-zelenskyi\\\/#primaryimage\"},\"image\":{\"@id\":\"https:\\\/\\\/elcanillita.info\\\/press\\\/2023\\\/07\\\/31\\\/la-prohibicion-de-los-paises-europeos-sobre-la-importacion-de-granos-ucranianos-es-inaceptable-para-zelenskyi\\\/#primaryimage\"},\"thumbnailUrl\":\"https:\\\/\\\/elcanillita.info\\\/press\\\/images\\\/2023\\\/07\\\/Zelenski_20230731.jpg\",\"datePublished\":\"2023-07-31T20:28:19+00:00\",\"dateModified\":\"2023-07-31T20:51:36+00:00\",\"description\":\"Durante el a\u00f1o pasado, el acuerdo del Mar Negro, una iniciativa respaldada por Naciones Unidas y Turqu\u00eda, permiti\u00f3 el transporte de 33 millones de toneladas de grano y alimentos desde Ucrania a pa\u00edses de todo el mundo.\",\"inLanguage\":\"es-AR\",\"potentialAction\":[{\"@type\":\"ReadAction\",\"target\":[\"https:\\\/\\\/elcanillita.info\\\/press\\\/2023\\\/07\\\/31\\\/la-prohibicion-de-los-paises-europeos-sobre-la-importacion-de-granos-ucranianos-es-inaceptable-para-zelenskyi\\\/\"]}]},{\"@type\":\"ImageObject\",\"inLanguage\":\"es-AR\",\"@id\":\"https:\\\/\\\/elcanillita.info\\\/press\\\/2023\\\/07\\\/31\\\/la-prohibicion-de-los-paises-europeos-sobre-la-importacion-de-granos-ucranianos-es-inaceptable-para-zelenskyi\\\/#primaryimage\",\"url\":\"https:\\\/\\\/elcanillita.info\\\/press\\\/images\\\/2023\\\/07\\\/Zelenski_20230731.jpg\",\"contentUrl\":\"https:\\\/\\\/elcanillita.info\\\/press\\\/images\\\/2023\\\/07\\\/Zelenski_20230731.jpg\",\"width\":600,\"height\":400},{\"@type\":\"WebSite\",\"@id\":\"https:\\\/\\\/elcanillita.info\\\/press\\\/#website\",\"url\":\"https:\\\/\\\/elcanillita.info\\\/press\\\/\",\"name\":\"ElCanillita.Info\",\"description\":\"desde los Apeninos a los Andes\",\"publisher\":{\"@id\":\"https:\\\/\\\/elcanillita.info\\\/press\\\/#organization\"},\"potentialAction\":[{\"@type\":\"SearchAction\",\"target\":{\"@type\":\"EntryPoint\",\"urlTemplate\":\"https:\\\/\\\/elcanillita.info\\\/press\\\/?s={search_term_string}\"},\"query-input\":{\"@type\":\"PropertyValueSpecification\",\"valueRequired\":true,\"valueName\":\"search_term_string\"}}],\"inLanguage\":\"es-AR\"},{\"@type\":\"Organization\",\"@id\":\"https:\\\/\\\/elcanillita.info\\\/press\\\/#organization\",\"name\":\"Guzzo Photos & Graphic Publications\",\"url\":\"https:\\\/\\\/elcanillita.info\\\/press\\\/\",\"logo\":{\"@type\":\"ImageObject\",\"inLanguage\":\"es-AR\",\"@id\":\"https:\\\/\\\/elcanillita.info\\\/press\\\/#\\\/schema\\\/logo\\\/image\\\/\",\"url\":\"https:\\\/\\\/elcanillita.info\\\/press\\\/images\\\/2020\\\/01\\\/cropped-cropped-cropped-elcanillitainfo.png\",\"contentUrl\":\"https:\\\/\\\/elcanillita.info\\\/press\\\/images\\\/2020\\\/01\\\/cropped-cropped-cropped-elcanillitainfo.png\",\"width\":460,\"height\":50,\"caption\":\"Guzzo Photos & Graphic Publications\"},\"image\":{\"@id\":\"https:\\\/\\\/elcanillita.info\\\/press\\\/#\\\/schema\\\/logo\\\/image\\\/\"},\"sameAs\":[\"https:\\\/\\\/ar-ar.facebook.com\\\/ElCanillitainfo-114249515285712\\\/\"]},{\"@type\":\"Person\",\"@id\":\"https:\\\/\\\/elcanillita.info\\\/press\\\/#\\\/schema\\\/person\\\/7fcb79f38045700919f7da6d97e71ba0\",\"name\":\"SalaStampa.eu, world press service\",\"image\":{\"@type\":\"ImageObject\",\"inLanguage\":\"es-AR\",\"@id\":\"https:\\\/\\\/secure.gravatar.com\\\/avatar\\\/c2f0e0d515a107624234994507816ca4724c7199cef73fc8bedebf6931d73888?s=96&d=mm&r=g\",\"url\":\"https:\\\/\\\/secure.gravatar.com\\\/avatar\\\/c2f0e0d515a107624234994507816ca4724c7199cef73fc8bedebf6931d73888?s=96&d=mm&r=g\",\"contentUrl\":\"https:\\\/\\\/secure.gravatar.com\\\/avatar\\\/c2f0e0d515a107624234994507816ca4724c7199cef73fc8bedebf6931d73888?s=96&d=mm&r=g\",\"caption\":\"SalaStampa.eu, world press service\"}}]}<\/script>\n<!-- \/ Yoast SEO plugin. -->","yoast_head_json":{"title":"La prohibici\u00f3n de los pa\u00edses europeos sobre la importaci\u00f3n de granos ucranianos es inaceptable para Zelenskyi - ElCanillita.Info","description":"Durante el a\u00f1o pasado, el acuerdo del Mar Negro, una iniciativa respaldada por Naciones Unidas y Turqu\u00eda, permiti\u00f3 el transporte de 33 millones de toneladas de grano y alimentos desde Ucrania a pa\u00edses de todo el mundo.","robots":{"index":"index","follow":"follow","max-snippet":"max-snippet:-1","max-image-preview":"max-image-preview:large","max-video-preview":"max-video-preview:-1"},"canonical":"https:\/\/elcanillita.info\/press\/2023\/07\/31\/la-prohibicion-de-los-paises-europeos-sobre-la-importacion-de-granos-ucranianos-es-inaceptable-para-zelenskyi\/","og_locale":"es_ES","og_type":"article","og_title":"La prohibici\u00f3n de los pa\u00edses europeos sobre la importaci\u00f3n de granos ucranianos es inaceptable para Zelenskyi - ElCanillita.Info","og_description":"Durante el a\u00f1o pasado, el acuerdo del Mar Negro, una iniciativa respaldada por Naciones Unidas y Turqu\u00eda, permiti\u00f3 el transporte de 33 millones de toneladas de grano y alimentos desde Ucrania a pa\u00edses de todo el mundo.","og_url":"https:\/\/elcanillita.info\/press\/2023\/07\/31\/la-prohibicion-de-los-paises-europeos-sobre-la-importacion-de-granos-ucranianos-es-inaceptable-para-zelenskyi\/","og_site_name":"ElCanillita.Info","article_publisher":"https:\/\/ar-ar.facebook.com\/ElCanillitainfo-114249515285712\/","article_published_time":"2023-07-31T20:28:19+00:00","article_modified_time":"2023-07-31T20:51:36+00:00","og_image":[{"width":600,"height":400,"url":"https:\/\/elcanillita.info\/press\/images\/2023\/07\/Zelenski_20230731.jpg","type":"image\/jpeg"}],"author":"SalaStampa.eu, world press service","twitter_card":"summary_large_image","twitter_misc":{"Escrito por":"SalaStampa.eu, world press service","Tiempo de lectura":"5 minutos"},"schema":{"@context":"https:\/\/schema.org","@graph":[{"@type":"Article","@id":"https:\/\/elcanillita.info\/press\/2023\/07\/31\/la-prohibicion-de-los-paises-europeos-sobre-la-importacion-de-granos-ucranianos-es-inaceptable-para-zelenskyi\/#article","isPartOf":{"@id":"https:\/\/elcanillita.info\/press\/2023\/07\/31\/la-prohibicion-de-los-paises-europeos-sobre-la-importacion-de-granos-ucranianos-es-inaceptable-para-zelenskyi\/"},"author":{"name":"SalaStampa.eu, world press service","@id":"https:\/\/elcanillita.info\/press\/#\/schema\/person\/7fcb79f38045700919f7da6d97e71ba0"},"headline":"La prohibici\u00f3n de los pa\u00edses europeos sobre la importaci\u00f3n de granos ucranianos es inaceptable para Zelenskyi","datePublished":"2023-07-31T20:28:19+00:00","dateModified":"2023-07-31T20:51:36+00:00","mainEntityOfPage":{"@id":"https:\/\/elcanillita.info\/press\/2023\/07\/31\/la-prohibicion-de-los-paises-europeos-sobre-la-importacion-de-granos-ucranianos-es-inaceptable-para-zelenskyi\/"},"wordCount":971,"publisher":{"@id":"https:\/\/elcanillita.info\/press\/#organization"},"image":{"@id":"https:\/\/elcanillita.info\/press\/2023\/07\/31\/la-prohibicion-de-los-paises-europeos-sobre-la-importacion-de-granos-ucranianos-es-inaceptable-para-zelenskyi\/#primaryimage"},"thumbnailUrl":"https:\/\/elcanillita.info\/press\/images\/2023\/07\/Zelenski_20230731.jpg","keywords":["Ucrania"],"articleSection":[".","Actualidad","Economia","Eurasia","Guerra"],"inLanguage":"es-AR"},{"@type":"WebPage","@id":"https:\/\/elcanillita.info\/press\/2023\/07\/31\/la-prohibicion-de-los-paises-europeos-sobre-la-importacion-de-granos-ucranianos-es-inaceptable-para-zelenskyi\/","url":"https:\/\/elcanillita.info\/press\/2023\/07\/31\/la-prohibicion-de-los-paises-europeos-sobre-la-importacion-de-granos-ucranianos-es-inaceptable-para-zelenskyi\/","name":"La prohibici\u00f3n de los pa\u00edses europeos sobre la importaci\u00f3n de granos ucranianos es inaceptable para Zelenskyi - ElCanillita.Info","isPartOf":{"@id":"https:\/\/elcanillita.info\/press\/#website"},"primaryImageOfPage":{"@id":"https:\/\/elcanillita.info\/press\/2023\/07\/31\/la-prohibicion-de-los-paises-europeos-sobre-la-importacion-de-granos-ucranianos-es-inaceptable-para-zelenskyi\/#primaryimage"},"image":{"@id":"https:\/\/elcanillita.info\/press\/2023\/07\/31\/la-prohibicion-de-los-paises-europeos-sobre-la-importacion-de-granos-ucranianos-es-inaceptable-para-zelenskyi\/#primaryimage"},"thumbnailUrl":"https:\/\/elcanillita.info\/press\/images\/2023\/07\/Zelenski_20230731.jpg","datePublished":"2023-07-31T20:28:19+00:00","dateModified":"2023-07-31T20:51:36+00:00","description":"Durante el a\u00f1o pasado, el acuerdo del Mar Negro, una iniciativa respaldada por Naciones Unidas y Turqu\u00eda, permiti\u00f3 el transporte de 33 millones de toneladas de grano y alimentos desde Ucrania a pa\u00edses de todo el mundo.","inLanguage":"es-AR","potentialAction":[{"@type":"ReadAction","target":["https:\/\/elcanillita.info\/press\/2023\/07\/31\/la-prohibicion-de-los-paises-europeos-sobre-la-importacion-de-granos-ucranianos-es-inaceptable-para-zelenskyi\/"]}]},{"@type":"ImageObject","inLanguage":"es-AR","@id":"https:\/\/elcanillita.info\/press\/2023\/07\/31\/la-prohibicion-de-los-paises-europeos-sobre-la-importacion-de-granos-ucranianos-es-inaceptable-para-zelenskyi\/#primaryimage","url":"https:\/\/elcanillita.info\/press\/images\/2023\/07\/Zelenski_20230731.jpg","contentUrl":"https:\/\/elcanillita.info\/press\/images\/2023\/07\/Zelenski_20230731.jpg","width":600,"height":400},{"@type":"WebSite","@id":"https:\/\/elcanillita.info\/press\/#website","url":"https:\/\/elcanillita.info\/press\/","name":"ElCanillita.Info","description":"desde los Apeninos a los Andes","publisher":{"@id":"https:\/\/elcanillita.info\/press\/#organization"},"potentialAction":[{"@type":"SearchAction","target":{"@type":"EntryPoint","urlTemplate":"https:\/\/elcanillita.info\/press\/?s={search_term_string}"},"query-input":{"@type":"PropertyValueSpecification","valueRequired":true,"valueName":"search_term_string"}}],"inLanguage":"es-AR"},{"@type":"Organization","@id":"https:\/\/elcanillita.info\/press\/#organization","name":"Guzzo Photos & Graphic Publications","url":"https:\/\/elcanillita.info\/press\/","logo":{"@type":"ImageObject","inLanguage":"es-AR","@id":"https:\/\/elcanillita.info\/press\/#\/schema\/logo\/image\/","url":"https:\/\/elcanillita.info\/press\/images\/2020\/01\/cropped-cropped-cropped-elcanillitainfo.png","contentUrl":"https:\/\/elcanillita.info\/press\/images\/2020\/01\/cropped-cropped-cropped-elcanillitainfo.png","width":460,"height":50,"caption":"Guzzo Photos & Graphic Publications"},"image":{"@id":"https:\/\/elcanillita.info\/press\/#\/schema\/logo\/image\/"},"sameAs":["https:\/\/ar-ar.facebook.com\/ElCanillitainfo-114249515285712\/"]},{"@type":"Person","@id":"https:\/\/elcanillita.info\/press\/#\/schema\/person\/7fcb79f38045700919f7da6d97e71ba0","name":"SalaStampa.eu, world press service","image":{"@type":"ImageObject","inLanguage":"es-AR","@id":"https:\/\/secure.gravatar.com\/avatar\/c2f0e0d515a107624234994507816ca4724c7199cef73fc8bedebf6931d73888?s=96&d=mm&r=g","url":"https:\/\/secure.gravatar.com\/avatar\/c2f0e0d515a107624234994507816ca4724c7199cef73fc8bedebf6931d73888?s=96&d=mm&r=g","contentUrl":"https:\/\/secure.gravatar.com\/avatar\/c2f0e0d515a107624234994507816ca4724c7199cef73fc8bedebf6931d73888?s=96&d=mm&r=g","caption":"SalaStampa.eu, world press service"}}]}},"views":367,"_links":{"self":[{"href":"https:\/\/elcanillita.info\/press\/wp-json\/wp\/v2\/posts\/3572","targetHints":{"allow":["GET"]}}],"collection":[{"href":"https:\/\/elcanillita.info\/press\/wp-json\/wp\/v2\/posts"}],"about":[{"href":"https:\/\/elcanillita.info\/press\/wp-json\/wp\/v2\/types\/post"}],"author":[{"embeddable":true,"href":"https:\/\/elcanillita.info\/press\/wp-json\/wp\/v2\/users\/1"}],"replies":[{"embeddable":true,"href":"https:\/\/elcanillita.info\/press\/wp-json\/wp\/v2\/comments?post=3572"}],"version-history":[{"count":0,"href":"https:\/\/elcanillita.info\/press\/wp-json\/wp\/v2\/posts\/3572\/revisions"}],"wp:featuredmedia":[{"embeddable":true,"href":"https:\/\/elcanillita.info\/press\/wp-json\/wp\/v2\/media\/3573"}],"wp:attachment":[{"href":"https:\/\/elcanillita.info\/press\/wp-json\/wp\/v2\/media?parent=3572"}],"wp:term":[{"taxonomy":"category","embeddable":true,"href":"https:\/\/elcanillita.info\/press\/wp-json\/wp\/v2\/categories?post=3572"},{"taxonomy":"post_tag","embeddable":true,"href":"https:\/\/elcanillita.info\/press\/wp-json\/wp\/v2\/tags?post=3572"}],"curies":[{"name":"wp","href":"https:\/\/api.w.org\/{rel}","templated":true}]}}