{"id":357,"date":"2020-02-05T09:10:00","date_gmt":"2020-02-05T12:10:00","guid":{"rendered":"https:\/\/elcanillita.info\/press\/?p=357"},"modified":"2020-02-06T09:14:37","modified_gmt":"2020-02-06T12:14:37","slug":"bloomberg-guaido-apoyaremos-reconstruccion-venezuela-libre-prospera-democratica","status":"publish","type":"post","link":"https:\/\/elcanillita.info\/press\/2020\/02\/05\/bloomberg-guaido-apoyaremos-reconstruccion-venezuela-libre-prospera-democratica\/","title":{"rendered":"Bloomberg a Guaid\u00f3: &#8220;Apoyaremos reconstrucci\u00f3n de una Venezuela libre, pr\u00f3spera y democr\u00e1tica&#8221;"},"content":{"rendered":"\n<p>Miami, 05.02.2020 &#8211; El candidato presidencial por el Partido Dem\u00f3crata y exalcalde de Nueva York, Michael Bloomberg, respald\u00f3 en una declaraci\u00f3n al presidente encargado de Venezuela, Juan Guaid\u00f3, y fustig\u00f3 &#8220;el despotismo&#8221; del gobierno en disputa de Nicol\u00e1s Maduro por &#8220;llevar a la ruina&#8221; a la naci\u00f3n sudamericana.<\/p>\n\n\n\n<p>La posici\u00f3n de Bloomberg llega despu\u00e9s de la visita de Guaid\u00f3 a Miami el fin de semana, donde fue aclamado por exiliados de su pa\u00eds durante un acto en el centro de convenciones del aeropuerto internacional de esa ciudad.<\/p>\n\n\n\n<p>&#8220;Una gran multitud de simpatizantes reunida este fin de semana en Miami en apoyo a Juan Guaid\u00f3, l\u00edder leg\u00edtimo de Venezuela, dej\u00f3 claro que el pueblo venezolano no est\u00e1 solo. Sepan que cuando caiga el gobierno de Maduro, apoyaremos sus esfuerzos por reconstruir una Venezuela libre, pr\u00f3spera y democr\u00e1tica&#8221;, expres\u00f3.<\/p>\n\n\n\n<p>Guaid\u00f3 en Miami: &#8220;Hagamos todo lo que est\u00e9 a nuestro alcance para recuperar a Venezuela&#8221;<\/p>\n\n\n\n<p>Adem\u00e1s dijo que &#8220;bajo el r\u00e9gimen de Nicol\u00e1s Maduro, Venezuela se ha convertido en un ejemplo de c\u00f3mo el despotismo puede llevar a un pa\u00eds a la ruina \u2013 y desestabilizar una regi\u00f3n entera en el proceso&#8221;.<br>\nAludi\u00f3 tambi\u00e9n en el breve y enf\u00e1tico texto a la escasez de alimento y medicinas y a la privaci\u00f3n&nbsp;de los m\u00e1s b\u00e1sicos derechos humanos en el pa\u00eds.<\/p>\n\n\n\n<p>&#8220;M\u00e1s de 4 millones (de venezolanos) han huido de su pa\u00eds, muchos hacia nuestras costas. Estados Unidos y sus aliados deben mantenerse firmes en nuestro apoyo a ellos, a elecciones libres y justas en Venezuela y a la restauraci\u00f3n de sus instituciones democr\u00e1ticas&#8221;, concluy\u00f3 Bloomberg.<br><br><small>2020 voanoticias \u2013 salastampa.eu, afiliada a la red Broadcasting Board of Governors \u00a9 2020 BBG<\/small><\/p>\n","protected":false},"excerpt":{"rendered":"<p>Miami, 05.02.2020 &#8211; El candidato presidencial por el Partido Dem\u00f3crata y exalcalde de Nueva York, Michael Bloomberg, respald\u00f3 en una declaraci\u00f3n al presidente encargado de Venezuela, Juan Guaid\u00f3, y fustig\u00f3 &#8220;el despotismo&#8221; del gobierno en disputa de Nicol\u00e1s Maduro por &#8220;llevar a la ruina&#8221; a la naci\u00f3n sudamericana.<\/p>\n","protected":false},"author":1,"featured_media":0,"comment_status":"closed","ping_status":"closed","sticky":false,"template":"","format":"standard","meta":{"footnotes":"","_links_to":"","_links_to_target":""},"categories":[70,9,11,23],"tags":[34],"class_list":["post-357","post","type-post","status-publish","format-standard","hentry","category-actualidad","category-america-del-norte","category-america-del-sur","category-politica","tag-estados-unidos","entry","double"],"yoast_head":"<!-- This site is optimized with the Yoast SEO plugin v27.5 - https:\/\/yoast.com\/product\/yoast-seo-wordpress\/ -->\n<title>Bloomberg a Guaid\u00f3: &quot;Apoyaremos reconstrucci\u00f3n de una Venezuela libre, pr\u00f3spera y democr\u00e1tica&quot; - ElCanillita.Info<\/title>\n<meta name=\"robots\" content=\"index, follow, max-snippet:-1, max-image-preview:large, max-video-preview:-1\" \/>\n<link rel=\"canonical\" href=\"https:\/\/elcanillita.info\/press\/2020\/02\/05\/bloomberg-guaido-apoyaremos-reconstruccion-venezuela-libre-prospera-democratica\/\" \/>\n<meta property=\"og:locale\" content=\"es_ES\" \/>\n<meta property=\"og:type\" content=\"article\" \/>\n<meta property=\"og:title\" content=\"Bloomberg a Guaid\u00f3: &quot;Apoyaremos reconstrucci\u00f3n de una Venezuela libre, pr\u00f3spera y democr\u00e1tica&quot; - ElCanillita.Info\" \/>\n<meta property=\"og:description\" content=\"Miami, 05.02.2020 - El candidato presidencial por el Partido Dem\u00f3crata y exalcalde de Nueva York, Michael Bloomberg, respald\u00f3 en una declaraci\u00f3n al presidente encargado de Venezuela, Juan Guaid\u00f3, y fustig\u00f3 &quot;el despotismo&quot; del gobierno en disputa de Nicol\u00e1s Maduro por &quot;llevar a la ruina&quot; a la naci\u00f3n sudamericana.\" \/>\n<meta property=\"og:url\" content=\"https:\/\/elcanillita.info\/press\/2020\/02\/05\/bloomberg-guaido-apoyaremos-reconstruccion-venezuela-libre-prospera-democratica\/\" \/>\n<meta property=\"og:site_name\" content=\"ElCanillita.Info\" \/>\n<meta property=\"article:publisher\" content=\"https:\/\/ar-ar.facebook.com\/ElCanillitainfo-114249515285712\/\" \/>\n<meta property=\"article:published_time\" content=\"2020-02-05T12:10:00+00:00\" \/>\n<meta property=\"article:modified_time\" content=\"2020-02-06T12:14:37+00:00\" \/>\n<meta name=\"author\" content=\"SalaStampa.eu, world press service\" \/>\n<meta name=\"twitter:card\" content=\"summary_large_image\" \/>\n<meta name=\"twitter:label1\" content=\"Escrito por\" \/>\n\t<meta name=\"twitter:data1\" content=\"SalaStampa.eu, world press service\" \/>\n\t<meta name=\"twitter:label2\" content=\"Tiempo de lectura\" \/>\n\t<meta name=\"twitter:data2\" content=\"1 minuto\" \/>\n<script type=\"application\/ld+json\" class=\"yoast-schema-graph\">{\"@context\":\"https:\\\/\\\/schema.org\",\"@graph\":[{\"@type\":\"Article\",\"@id\":\"https:\\\/\\\/elcanillita.info\\\/press\\\/2020\\\/02\\\/05\\\/bloomberg-guaido-apoyaremos-reconstruccion-venezuela-libre-prospera-democratica\\\/#article\",\"isPartOf\":{\"@id\":\"https:\\\/\\\/elcanillita.info\\\/press\\\/2020\\\/02\\\/05\\\/bloomberg-guaido-apoyaremos-reconstruccion-venezuela-libre-prospera-democratica\\\/\"},\"author\":{\"name\":\"SalaStampa.eu, world press service\",\"@id\":\"https:\\\/\\\/elcanillita.info\\\/press\\\/#\\\/schema\\\/person\\\/7fcb79f38045700919f7da6d97e71ba0\"},\"headline\":\"Bloomberg a Guaid\u00f3: &#8220;Apoyaremos reconstrucci\u00f3n de una Venezuela libre, pr\u00f3spera y democr\u00e1tica&#8221;\",\"datePublished\":\"2020-02-05T12:10:00+00:00\",\"dateModified\":\"2020-02-06T12:14:37+00:00\",\"mainEntityOfPage\":{\"@id\":\"https:\\\/\\\/elcanillita.info\\\/press\\\/2020\\\/02\\\/05\\\/bloomberg-guaido-apoyaremos-reconstruccion-venezuela-libre-prospera-democratica\\\/\"},\"wordCount\":314,\"publisher\":{\"@id\":\"https:\\\/\\\/elcanillita.info\\\/press\\\/#organization\"},\"keywords\":[\"Estados Unidos\"],\"articleSection\":[\"Actualidad\",\"Am\u00e9rica del Norte\",\"Am\u00e9rica del Sur\",\"Politica\"],\"inLanguage\":\"es-AR\"},{\"@type\":\"WebPage\",\"@id\":\"https:\\\/\\\/elcanillita.info\\\/press\\\/2020\\\/02\\\/05\\\/bloomberg-guaido-apoyaremos-reconstruccion-venezuela-libre-prospera-democratica\\\/\",\"url\":\"https:\\\/\\\/elcanillita.info\\\/press\\\/2020\\\/02\\\/05\\\/bloomberg-guaido-apoyaremos-reconstruccion-venezuela-libre-prospera-democratica\\\/\",\"name\":\"Bloomberg a Guaid\u00f3: \\\"Apoyaremos reconstrucci\u00f3n de una Venezuela libre, pr\u00f3spera y democr\u00e1tica\\\" - ElCanillita.Info\",\"isPartOf\":{\"@id\":\"https:\\\/\\\/elcanillita.info\\\/press\\\/#website\"},\"datePublished\":\"2020-02-05T12:10:00+00:00\",\"dateModified\":\"2020-02-06T12:14:37+00:00\",\"inLanguage\":\"es-AR\",\"potentialAction\":[{\"@type\":\"ReadAction\",\"target\":[\"https:\\\/\\\/elcanillita.info\\\/press\\\/2020\\\/02\\\/05\\\/bloomberg-guaido-apoyaremos-reconstruccion-venezuela-libre-prospera-democratica\\\/\"]}]},{\"@type\":\"WebSite\",\"@id\":\"https:\\\/\\\/elcanillita.info\\\/press\\\/#website\",\"url\":\"https:\\\/\\\/elcanillita.info\\\/press\\\/\",\"name\":\"ElCanillita.Info\",\"description\":\"desde los Apeninos a los Andes\",\"publisher\":{\"@id\":\"https:\\\/\\\/elcanillita.info\\\/press\\\/#organization\"},\"potentialAction\":[{\"@type\":\"SearchAction\",\"target\":{\"@type\":\"EntryPoint\",\"urlTemplate\":\"https:\\\/\\\/elcanillita.info\\\/press\\\/?s={search_term_string}\"},\"query-input\":{\"@type\":\"PropertyValueSpecification\",\"valueRequired\":true,\"valueName\":\"search_term_string\"}}],\"inLanguage\":\"es-AR\"},{\"@type\":\"Organization\",\"@id\":\"https:\\\/\\\/elcanillita.info\\\/press\\\/#organization\",\"name\":\"Guzzo Photos & Graphic Publications\",\"url\":\"https:\\\/\\\/elcanillita.info\\\/press\\\/\",\"logo\":{\"@type\":\"ImageObject\",\"inLanguage\":\"es-AR\",\"@id\":\"https:\\\/\\\/elcanillita.info\\\/press\\\/#\\\/schema\\\/logo\\\/image\\\/\",\"url\":\"https:\\\/\\\/elcanillita.info\\\/press\\\/images\\\/2020\\\/01\\\/cropped-cropped-cropped-elcanillitainfo.png\",\"contentUrl\":\"https:\\\/\\\/elcanillita.info\\\/press\\\/images\\\/2020\\\/01\\\/cropped-cropped-cropped-elcanillitainfo.png\",\"width\":460,\"height\":50,\"caption\":\"Guzzo Photos & Graphic Publications\"},\"image\":{\"@id\":\"https:\\\/\\\/elcanillita.info\\\/press\\\/#\\\/schema\\\/logo\\\/image\\\/\"},\"sameAs\":[\"https:\\\/\\\/ar-ar.facebook.com\\\/ElCanillitainfo-114249515285712\\\/\"]},{\"@type\":\"Person\",\"@id\":\"https:\\\/\\\/elcanillita.info\\\/press\\\/#\\\/schema\\\/person\\\/7fcb79f38045700919f7da6d97e71ba0\",\"name\":\"SalaStampa.eu, world press service\",\"image\":{\"@type\":\"ImageObject\",\"inLanguage\":\"es-AR\",\"@id\":\"https:\\\/\\\/secure.gravatar.com\\\/avatar\\\/c2f0e0d515a107624234994507816ca4724c7199cef73fc8bedebf6931d73888?s=96&d=mm&r=g\",\"url\":\"https:\\\/\\\/secure.gravatar.com\\\/avatar\\\/c2f0e0d515a107624234994507816ca4724c7199cef73fc8bedebf6931d73888?s=96&d=mm&r=g\",\"contentUrl\":\"https:\\\/\\\/secure.gravatar.com\\\/avatar\\\/c2f0e0d515a107624234994507816ca4724c7199cef73fc8bedebf6931d73888?s=96&d=mm&r=g\",\"caption\":\"SalaStampa.eu, world press service\"}}]}<\/script>\n<!-- \/ Yoast SEO plugin. -->","yoast_head_json":{"title":"Bloomberg a Guaid\u00f3: \"Apoyaremos reconstrucci\u00f3n de una Venezuela libre, pr\u00f3spera y democr\u00e1tica\" - ElCanillita.Info","robots":{"index":"index","follow":"follow","max-snippet":"max-snippet:-1","max-image-preview":"max-image-preview:large","max-video-preview":"max-video-preview:-1"},"canonical":"https:\/\/elcanillita.info\/press\/2020\/02\/05\/bloomberg-guaido-apoyaremos-reconstruccion-venezuela-libre-prospera-democratica\/","og_locale":"es_ES","og_type":"article","og_title":"Bloomberg a Guaid\u00f3: \"Apoyaremos reconstrucci\u00f3n de una Venezuela libre, pr\u00f3spera y democr\u00e1tica\" - ElCanillita.Info","og_description":"Miami, 05.02.2020 - El candidato presidencial por el Partido Dem\u00f3crata y exalcalde de Nueva York, Michael Bloomberg, respald\u00f3 en una declaraci\u00f3n al presidente encargado de Venezuela, Juan Guaid\u00f3, y fustig\u00f3 \"el despotismo\" del gobierno en disputa de Nicol\u00e1s Maduro por \"llevar a la ruina\" a la naci\u00f3n sudamericana.","og_url":"https:\/\/elcanillita.info\/press\/2020\/02\/05\/bloomberg-guaido-apoyaremos-reconstruccion-venezuela-libre-prospera-democratica\/","og_site_name":"ElCanillita.Info","article_publisher":"https:\/\/ar-ar.facebook.com\/ElCanillitainfo-114249515285712\/","article_published_time":"2020-02-05T12:10:00+00:00","article_modified_time":"2020-02-06T12:14:37+00:00","author":"SalaStampa.eu, world press service","twitter_card":"summary_large_image","twitter_misc":{"Escrito por":"SalaStampa.eu, world press service","Tiempo de lectura":"1 minuto"},"schema":{"@context":"https:\/\/schema.org","@graph":[{"@type":"Article","@id":"https:\/\/elcanillita.info\/press\/2020\/02\/05\/bloomberg-guaido-apoyaremos-reconstruccion-venezuela-libre-prospera-democratica\/#article","isPartOf":{"@id":"https:\/\/elcanillita.info\/press\/2020\/02\/05\/bloomberg-guaido-apoyaremos-reconstruccion-venezuela-libre-prospera-democratica\/"},"author":{"name":"SalaStampa.eu, world press service","@id":"https:\/\/elcanillita.info\/press\/#\/schema\/person\/7fcb79f38045700919f7da6d97e71ba0"},"headline":"Bloomberg a Guaid\u00f3: &#8220;Apoyaremos reconstrucci\u00f3n de una Venezuela libre, pr\u00f3spera y democr\u00e1tica&#8221;","datePublished":"2020-02-05T12:10:00+00:00","dateModified":"2020-02-06T12:14:37+00:00","mainEntityOfPage":{"@id":"https:\/\/elcanillita.info\/press\/2020\/02\/05\/bloomberg-guaido-apoyaremos-reconstruccion-venezuela-libre-prospera-democratica\/"},"wordCount":314,"publisher":{"@id":"https:\/\/elcanillita.info\/press\/#organization"},"keywords":["Estados Unidos"],"articleSection":["Actualidad","Am\u00e9rica del Norte","Am\u00e9rica del Sur","Politica"],"inLanguage":"es-AR"},{"@type":"WebPage","@id":"https:\/\/elcanillita.info\/press\/2020\/02\/05\/bloomberg-guaido-apoyaremos-reconstruccion-venezuela-libre-prospera-democratica\/","url":"https:\/\/elcanillita.info\/press\/2020\/02\/05\/bloomberg-guaido-apoyaremos-reconstruccion-venezuela-libre-prospera-democratica\/","name":"Bloomberg a Guaid\u00f3: \"Apoyaremos reconstrucci\u00f3n de una Venezuela libre, pr\u00f3spera y democr\u00e1tica\" - ElCanillita.Info","isPartOf":{"@id":"https:\/\/elcanillita.info\/press\/#website"},"datePublished":"2020-02-05T12:10:00+00:00","dateModified":"2020-02-06T12:14:37+00:00","inLanguage":"es-AR","potentialAction":[{"@type":"ReadAction","target":["https:\/\/elcanillita.info\/press\/2020\/02\/05\/bloomberg-guaido-apoyaremos-reconstruccion-venezuela-libre-prospera-democratica\/"]}]},{"@type":"WebSite","@id":"https:\/\/elcanillita.info\/press\/#website","url":"https:\/\/elcanillita.info\/press\/","name":"ElCanillita.Info","description":"desde los Apeninos a los Andes","publisher":{"@id":"https:\/\/elcanillita.info\/press\/#organization"},"potentialAction":[{"@type":"SearchAction","target":{"@type":"EntryPoint","urlTemplate":"https:\/\/elcanillita.info\/press\/?s={search_term_string}"},"query-input":{"@type":"PropertyValueSpecification","valueRequired":true,"valueName":"search_term_string"}}],"inLanguage":"es-AR"},{"@type":"Organization","@id":"https:\/\/elcanillita.info\/press\/#organization","name":"Guzzo Photos & Graphic Publications","url":"https:\/\/elcanillita.info\/press\/","logo":{"@type":"ImageObject","inLanguage":"es-AR","@id":"https:\/\/elcanillita.info\/press\/#\/schema\/logo\/image\/","url":"https:\/\/elcanillita.info\/press\/images\/2020\/01\/cropped-cropped-cropped-elcanillitainfo.png","contentUrl":"https:\/\/elcanillita.info\/press\/images\/2020\/01\/cropped-cropped-cropped-elcanillitainfo.png","width":460,"height":50,"caption":"Guzzo Photos & Graphic Publications"},"image":{"@id":"https:\/\/elcanillita.info\/press\/#\/schema\/logo\/image\/"},"sameAs":["https:\/\/ar-ar.facebook.com\/ElCanillitainfo-114249515285712\/"]},{"@type":"Person","@id":"https:\/\/elcanillita.info\/press\/#\/schema\/person\/7fcb79f38045700919f7da6d97e71ba0","name":"SalaStampa.eu, world press service","image":{"@type":"ImageObject","inLanguage":"es-AR","@id":"https:\/\/secure.gravatar.com\/avatar\/c2f0e0d515a107624234994507816ca4724c7199cef73fc8bedebf6931d73888?s=96&d=mm&r=g","url":"https:\/\/secure.gravatar.com\/avatar\/c2f0e0d515a107624234994507816ca4724c7199cef73fc8bedebf6931d73888?s=96&d=mm&r=g","contentUrl":"https:\/\/secure.gravatar.com\/avatar\/c2f0e0d515a107624234994507816ca4724c7199cef73fc8bedebf6931d73888?s=96&d=mm&r=g","caption":"SalaStampa.eu, world press service"}}]}},"views":682,"_links":{"self":[{"href":"https:\/\/elcanillita.info\/press\/wp-json\/wp\/v2\/posts\/357","targetHints":{"allow":["GET"]}}],"collection":[{"href":"https:\/\/elcanillita.info\/press\/wp-json\/wp\/v2\/posts"}],"about":[{"href":"https:\/\/elcanillita.info\/press\/wp-json\/wp\/v2\/types\/post"}],"author":[{"embeddable":true,"href":"https:\/\/elcanillita.info\/press\/wp-json\/wp\/v2\/users\/1"}],"replies":[{"embeddable":true,"href":"https:\/\/elcanillita.info\/press\/wp-json\/wp\/v2\/comments?post=357"}],"version-history":[{"count":0,"href":"https:\/\/elcanillita.info\/press\/wp-json\/wp\/v2\/posts\/357\/revisions"}],"wp:attachment":[{"href":"https:\/\/elcanillita.info\/press\/wp-json\/wp\/v2\/media?parent=357"}],"wp:term":[{"taxonomy":"category","embeddable":true,"href":"https:\/\/elcanillita.info\/press\/wp-json\/wp\/v2\/categories?post=357"},{"taxonomy":"post_tag","embeddable":true,"href":"https:\/\/elcanillita.info\/press\/wp-json\/wp\/v2\/tags?post=357"}],"curies":[{"name":"wp","href":"https:\/\/api.w.org\/{rel}","templated":true}]}}