{"id":3566,"date":"2023-07-15T06:21:24","date_gmt":"2023-07-15T09:21:24","guid":{"rendered":"https:\/\/elcanillita.info\/press\/?p=3566"},"modified":"2023-07-15T06:28:30","modified_gmt":"2023-07-15T09:28:30","slug":"diezmos-aceitosos","status":"publish","type":"post","link":"https:\/\/elcanillita.info\/press\/2023\/07\/15\/diezmos-aceitosos\/","title":{"rendered":"Diezmos Aceitosos"},"content":{"rendered":"\n<p><small>por Enrique Guillermo Avogadro<br><\/small><br><small><small>\u201cSiendo mediocre, a fuerza de saber humillarse se alcanza todo\u201d<\/small><br><small>Pierre Auguste Caron de Beaumarchais<\/small><br><br>Buenos Aires, 15\/07\/2023<br><\/small><\/p>\n\n\n\n<p>Sergio Massa sabe que Patricia Bullrich es su peor enemigo y, para esmerilarla, no duda en recurrir a los muchos recursos estatales, como ha sido la intervenci\u00f3n de su ONG, ordenada por su lacayo, Ricardo Nissen, respaldado por el inefable Mart\u00edn Soria, Ministro de in-Justicia. Pero su \u00faltima intervenci\u00f3n verbal contra la <em>Piba <\/em>caus\u00f3 fuerte escozor en las filas de la \u201cgeneraci\u00f3n diezmada\u201d ya que, como un insulto, la acus\u00f3 (es falso) de haber integrado Montoneros. El desplazado Eduardo <em>Wado <\/em>de Pedro hab\u00eda sido escogido para competir por Cristina Fern\u00e1ndez precisamente por ser hijo de dos asesinos de esa agrupaci\u00f3n, que murieron combatiendo en la guerra civil que asol\u00f3 nuestro pa\u00eds entre los 60\u2019s y los 90\u2019s, provocada por la sanguinaria actuaci\u00f3n de terroristas adoctrinados, armados y financiados por Cuba, Argelia, Vietnam, China y L\u00edbano; o sea, el <em>Aceitoso<\/em> toc\u00f3 una dram\u00e1tica cuerda en la guitarra que templ\u00f3 el kirchnerismo desde 2003.<br><\/p>\n\n\n\n<figure class=\"wp-block-image size-full\"><img loading=\"lazy\" decoding=\"async\" width=\"600\" height=\"400\" src=\"https:\/\/elcanillita.info\/press\/images\/2023\/07\/tarragona20230715.jpg\" alt=\"\" class=\"wp-image-3567\" srcset=\"https:\/\/elcanillita.info\/press\/images\/2023\/07\/tarragona20230715.jpg 600w, https:\/\/elcanillita.info\/press\/images\/2023\/07\/tarragona20230715-300x200.jpg 300w\" sizes=\"auto, (max-width: 600px) 100vw, 600px\" \/><\/figure>\n\n\n\n<p>La pantomima que protagoniz\u00f3 el Gobierno el 9 de Julio result\u00f3 vomitiva. Asistimos a una nueva payasada de los integrantes de ese triunvirato compuesto por un don nadie que tard\u00edamente se calz\u00f3 las botas, por una envejecida reina que ve el poder escurr\u00edrsele entre los dedos y s\u00f3lo aspira a la resistencia, y por el personaje m\u00e1s inescrupuloso de cuantos ha producido esta tierra, tan fecunda para engendrarlos como proclive a ser sometida por estos cr\u00e1pulas. No s\u00f3lo usaron una obra p\u00fablica para hacer ilegal campa\u00f1a pol\u00edtica sino que, sin ponerse colorados, \u201cinauguraron\u201d un tramo no terminado de un gasoducto, abriendo una falsa canilla. Realmente, dan verg\u00fcenza ajena, aunque deber\u00eda ser de todos nosotros ya que, por acci\u00f3n de unos y omisi\u00f3n de otros, el kirchnerismo conserva un volumen electoral inexplicable pero no desde\u00f1able.<\/p>\n\n\n\n<p>Esta semana, pese a ello, sufri\u00f3 dos derrotas estruendosas. No logr\u00f3 cerrar el anunciado acuerdo con el FMI lo cual nos pone al borde del precipicio, ni consigui\u00f3 reunir al Senado para prolongar hasta los 80 a\u00f1os la estad\u00eda de Ana Mar\u00eda Figueroa, tan creyente de su relato, en la C\u00e1mara Federal de Casaci\u00f3n y, adem\u00e1s, designar a un mont\u00f3n de jueces adeptos, como pretend\u00eda la emperatriz del Calafate.<\/p>\n\n\n\n<p>La perenne pulsi\u00f3n por el poder del peronismo obliga a sus m\u00e1s encumbrados actores a tragar muchos sapos. Hoy, cuando necesita de la solidaridad de otros integrantes de esa estafa monumental llamada \u201cPatria Grande\u201d, bajo cuya carpa se acomodan el Foro de S\u00e3o Paulo, el Grupo de Puebla y dem\u00e1s vociferantes del \u201cSocialismo del Siglo XXI\u201d, no duda en apoyar sin fisuras a las dictaduras m\u00e1s sangrientas de la regi\u00f3n, ampar\u00e1ndose c\u00ednicamente en el principio de no intervenci\u00f3n en los asuntos internos de otros pa\u00edses. Pretende que olvidemos, impulsados por su tan eficiente aparato de propaganda, que esos aliados fueron actores principales en los recientes dramas terroristas de Per\u00fa y Bolivia, como antes lo hicieron en Chile, Colombia y Ecuador.<\/p>\n\n\n\n<p>\u00bfO no vimos sus largas manos en los disturbios que destruyeron Lima, Santiago, Quito, Bogot\u00e1 o La Paz? \u00bfQui\u00e9n, sino ellos mismos, llevaron a la c\u00e1rcel a Jeanine A\u00f1\u00e9z Ch\u00e1vez despu\u00e9s de los ataques de los cocaleros de Evo Morales? \u00bfQui\u00e9nes suspendieron al Paraguay como miembro del Mercosur porque se opon\u00eda al ingreso de Venezuela y as\u00ed lo lograron? \u00bfQui\u00e9nes usan la teor\u00eda del <em>lawfare <\/em>para proteger a Luiz In\u00e1cio Lula da Silva, Cristina Fern\u00e1ndez, Pedro Castillo y Rafael Correa? \u00bfQui\u00e9nes callan, c\u00f3mplices, ante los asesinatos, las torturas, la expulsi\u00f3n de sus propios ciudadanos m\u00e1s all\u00e1 de sus fronteras y las proscripciones de adversarios de Daniel Ortega, Nicol\u00e1s Maduro o Miguel D\u00edaz-Canel? \u00bfQui\u00e9nes se asocian internacionalmente con los reg\u00edmenes sanguinarios de Rusia, China e Ir\u00e1n, capaces de exterminar a sus enemigos, a\u00fan en el exterior? \u00bfQui\u00e9nes, mientras montan movimientos feministas para destruir desde adentro a las sociedades, callan cuando se impide a Corina Machado participar en las elecciones venezolanas o cuando el poder mata a mujeres que saben demasiado en el Chaco, en Tucum\u00e1n, en Caracas o en La Habana? \u00bfQui\u00e9nes han amasado inmensas fortunas, han saqueado los recursos naturales y llevado a sus sociedades al infierno de la pobreza y la marginalidad?<\/p>\n\n\n\n<p>Pero no hay impostura que dure eternamente, y los mitos ya no son vendidos tan f\u00e1cilmente a la ciudadan\u00eda latinoamericana que, en todas partes, como sucede en Italia o Espa\u00f1a, comienza a despertar y obliga a sus pol\u00edticos \u2013ha pasado con Gabriel Boric y Gustavo Petro- a privilegiar sus compromisos \u00e9ticos sobre el alineamiento autom\u00e1tico con los canallas dictadores de la regi\u00f3n.<\/p>\n\n\n\n<p>Por falta de espacio en \u00e9sta, en otra nota hablar\u00e9 de los otros muchos diezmos que recibe el <em>Aceitoso<\/em>, esos que le han permitido ser tan rico. Por hoy, s\u00f3lo me resta afirmar que Sergio Massa y su feliz c\u00f3nyuge\/socia Malena Galmarini, si llegaran al poder, convertir\u00e1n a N\u00e9stor y Cristina Kirchner en aprendices del saqueo y del autoritarismo; sin duda, ser\u00e1n mucho peores que sus maestros.<\/p>\n\n\n\n<p>Faltan 29 d\u00edas para que se sustancien las PASO, que, no lo dudo, llevar\u00e1n a la oposici\u00f3n al gobierno. Las terribles circunstancias socio-econ\u00f3micas que atraviesa la Argentina obligar\u00e1n a actuar de forma bien distinta al gradualismo, y la resistencia en la calle, fogoneada por el peronismo y su aliado estrat\u00e9gico, el trotskismo, ser\u00e1 inevitable; es por eso que, cuando votemos, deberemos pensar muy bien qui\u00e9n creemos que tiene el simple coraje de imponer la ley, toda ella, para controlarla y reducirla.<br><br> <small> \u00a9 Copyright 2023 Enrique Guillermo Avogadro<br> \u00a9 2023 ElCanillita.info \/ SalaStampa.Eu, servicio mundial de prensa<\/small><\/p>\n","protected":false},"excerpt":{"rendered":"<p>El 8 de mayo de 2012, Argentina decidi\u00f3 nacionalizar el 51% de YPF. Tras las amenazas del gobierno argentino contra inversores extranjeros que pudieran invertir en exploraci\u00f3n petrolera en las Islas Malvinas, Repsol, a su vez, propuso acciones legales contra empresas que pudieran tener participaciones con YPF en operaciones similares en la zona, en particular a trav\u00e9s de una empresa conjunta con empresas venezolanas,lo que provoc\u00f3 comentarios cautelosos y advertencias de Rafael Ram\u00edrez Carre\u00f1o, presidente de la petrolera estatal venezolana PDVSA.  En 2021 la empresa abandon\u00f3 el mercado italiano vendiendo sus 275 plantas a Tamoil,marca comercial de Oilinvest, una empresa petrolera con sede en los Pa\u00edses Bajos y sitios de extracci\u00f3n en Libia. Oilinvest opera principalmente en Europa y \u00c1frica.<\/p>\n","protected":false},"author":1,"featured_media":3567,"comment_status":"closed","ping_status":"closed","sticky":false,"template":"","format":"standard","meta":{"footnotes":"","_links_to":"","_links_to_target":""},"categories":[108,70,118,23],"tags":[29],"class_list":["post-3566","post","type-post","status-publish","format-standard","has-post-thumbnail","hentry","category-blogdiario","category-actualidad","category-corrupcion","category-politica","tag-argentina","entry","double"],"yoast_head":"<!-- This site is optimized with the Yoast SEO plugin v27.5 - https:\/\/yoast.com\/product\/yoast-seo-wordpress\/ -->\n<title>Diezmos Aceitosos - ElCanillita.Info<\/title>\n<meta name=\"description\" content=\"El 8 de mayo de 2012, Argentina decidi\u00f3 nacionalizar el 51% de YPF. Tras las amenazas del gobierno argentino contra inversores extranjeros que pudieran invertir en exploraci\u00f3n petrolera en las Islas Malvinas, Repsol, a su vez, propuso acciones legales contra empresas que pudieran tener participaciones con YPF en operaciones similares en la zona, en particular a trav\u00e9s de una empresa conjunta con empresas venezolanas,lo que provoc\u00f3 comentarios cautelosos y advertencias de Rafael Ram\u00edrez Carre\u00f1o, presidente de la petrolera estatal venezolana PDVSA. En 2021 la empresa abandon\u00f3 el mercado italiano vendiendo sus 275 plantas a Tamoil,marca comercial de Oilinvest, una empresa petrolera con sede en los Pa\u00edses Bajos y sitios de extracci\u00f3n en Libia. Oilinvest opera principalmente en Europa y \u00c1frica.\" \/>\n<meta name=\"robots\" content=\"index, follow, max-snippet:-1, max-image-preview:large, max-video-preview:-1\" \/>\n<link rel=\"canonical\" href=\"https:\/\/elcanillita.info\/press\/2023\/07\/15\/diezmos-aceitosos\/\" \/>\n<meta property=\"og:locale\" content=\"es_ES\" \/>\n<meta property=\"og:type\" content=\"article\" \/>\n<meta property=\"og:title\" content=\"Diezmos Aceitosos - ElCanillita.Info\" \/>\n<meta property=\"og:description\" content=\"El 8 de mayo de 2012, Argentina decidi\u00f3 nacionalizar el 51% de YPF. Tras las amenazas del gobierno argentino contra inversores extranjeros que pudieran invertir en exploraci\u00f3n petrolera en las Islas Malvinas, Repsol, a su vez, propuso acciones legales contra empresas que pudieran tener participaciones con YPF en operaciones similares en la zona, en particular a trav\u00e9s de una empresa conjunta con empresas venezolanas,lo que provoc\u00f3 comentarios cautelosos y advertencias de Rafael Ram\u00edrez Carre\u00f1o, presidente de la petrolera estatal venezolana PDVSA. En 2021 la empresa abandon\u00f3 el mercado italiano vendiendo sus 275 plantas a Tamoil,marca comercial de Oilinvest, una empresa petrolera con sede en los Pa\u00edses Bajos y sitios de extracci\u00f3n en Libia. Oilinvest opera principalmente en Europa y \u00c1frica.\" \/>\n<meta property=\"og:url\" content=\"https:\/\/elcanillita.info\/press\/2023\/07\/15\/diezmos-aceitosos\/\" \/>\n<meta property=\"og:site_name\" content=\"ElCanillita.Info\" \/>\n<meta property=\"article:publisher\" content=\"https:\/\/ar-ar.facebook.com\/ElCanillitainfo-114249515285712\/\" \/>\n<meta property=\"article:published_time\" content=\"2023-07-15T09:21:24+00:00\" \/>\n<meta property=\"article:modified_time\" content=\"2023-07-15T09:28:30+00:00\" \/>\n<meta property=\"og:image\" content=\"https:\/\/elcanillita.info\/press\/images\/2023\/07\/tarragona20230715.jpg\" \/>\n\t<meta property=\"og:image:width\" content=\"600\" \/>\n\t<meta property=\"og:image:height\" content=\"400\" \/>\n\t<meta property=\"og:image:type\" content=\"image\/jpeg\" \/>\n<meta name=\"author\" content=\"SalaStampa.eu, world press service\" \/>\n<meta name=\"twitter:card\" content=\"summary_large_image\" \/>\n<meta name=\"twitter:label1\" content=\"Escrito por\" \/>\n\t<meta name=\"twitter:data1\" content=\"SalaStampa.eu, world press service\" \/>\n\t<meta name=\"twitter:label2\" content=\"Tiempo de lectura\" \/>\n\t<meta name=\"twitter:data2\" content=\"5 minutos\" \/>\n<script type=\"application\/ld+json\" class=\"yoast-schema-graph\">{\"@context\":\"https:\\\/\\\/schema.org\",\"@graph\":[{\"@type\":\"Article\",\"@id\":\"https:\\\/\\\/elcanillita.info\\\/press\\\/2023\\\/07\\\/15\\\/diezmos-aceitosos\\\/#article\",\"isPartOf\":{\"@id\":\"https:\\\/\\\/elcanillita.info\\\/press\\\/2023\\\/07\\\/15\\\/diezmos-aceitosos\\\/\"},\"author\":{\"name\":\"SalaStampa.eu, world press service\",\"@id\":\"https:\\\/\\\/elcanillita.info\\\/press\\\/#\\\/schema\\\/person\\\/7fcb79f38045700919f7da6d97e71ba0\"},\"headline\":\"Diezmos Aceitosos\",\"datePublished\":\"2023-07-15T09:21:24+00:00\",\"dateModified\":\"2023-07-15T09:28:30+00:00\",\"mainEntityOfPage\":{\"@id\":\"https:\\\/\\\/elcanillita.info\\\/press\\\/2023\\\/07\\\/15\\\/diezmos-aceitosos\\\/\"},\"wordCount\":1005,\"publisher\":{\"@id\":\"https:\\\/\\\/elcanillita.info\\\/press\\\/#organization\"},\"image\":{\"@id\":\"https:\\\/\\\/elcanillita.info\\\/press\\\/2023\\\/07\\\/15\\\/diezmos-aceitosos\\\/#primaryimage\"},\"thumbnailUrl\":\"https:\\\/\\\/elcanillita.info\\\/press\\\/images\\\/2023\\\/07\\\/tarragona20230715.jpg\",\"keywords\":[\"Argentina\"],\"articleSection\":[\".\",\"Actualidad\",\"Corrupci\u00f3n\",\"Politica\"],\"inLanguage\":\"es-AR\"},{\"@type\":\"WebPage\",\"@id\":\"https:\\\/\\\/elcanillita.info\\\/press\\\/2023\\\/07\\\/15\\\/diezmos-aceitosos\\\/\",\"url\":\"https:\\\/\\\/elcanillita.info\\\/press\\\/2023\\\/07\\\/15\\\/diezmos-aceitosos\\\/\",\"name\":\"Diezmos Aceitosos - ElCanillita.Info\",\"isPartOf\":{\"@id\":\"https:\\\/\\\/elcanillita.info\\\/press\\\/#website\"},\"primaryImageOfPage\":{\"@id\":\"https:\\\/\\\/elcanillita.info\\\/press\\\/2023\\\/07\\\/15\\\/diezmos-aceitosos\\\/#primaryimage\"},\"image\":{\"@id\":\"https:\\\/\\\/elcanillita.info\\\/press\\\/2023\\\/07\\\/15\\\/diezmos-aceitosos\\\/#primaryimage\"},\"thumbnailUrl\":\"https:\\\/\\\/elcanillita.info\\\/press\\\/images\\\/2023\\\/07\\\/tarragona20230715.jpg\",\"datePublished\":\"2023-07-15T09:21:24+00:00\",\"dateModified\":\"2023-07-15T09:28:30+00:00\",\"description\":\"El 8 de mayo de 2012, Argentina decidi\u00f3 nacionalizar el 51% de YPF. Tras las amenazas del gobierno argentino contra inversores extranjeros que pudieran invertir en exploraci\u00f3n petrolera en las Islas Malvinas, Repsol, a su vez, propuso acciones legales contra empresas que pudieran tener participaciones con YPF en operaciones similares en la zona, en particular a trav\u00e9s de una empresa conjunta con empresas venezolanas,lo que provoc\u00f3 comentarios cautelosos y advertencias de Rafael Ram\u00edrez Carre\u00f1o, presidente de la petrolera estatal venezolana PDVSA. En 2021 la empresa abandon\u00f3 el mercado italiano vendiendo sus 275 plantas a Tamoil,marca comercial de Oilinvest, una empresa petrolera con sede en los Pa\u00edses Bajos y sitios de extracci\u00f3n en Libia. Oilinvest opera principalmente en Europa y \u00c1frica.\",\"inLanguage\":\"es-AR\",\"potentialAction\":[{\"@type\":\"ReadAction\",\"target\":[\"https:\\\/\\\/elcanillita.info\\\/press\\\/2023\\\/07\\\/15\\\/diezmos-aceitosos\\\/\"]}]},{\"@type\":\"ImageObject\",\"inLanguage\":\"es-AR\",\"@id\":\"https:\\\/\\\/elcanillita.info\\\/press\\\/2023\\\/07\\\/15\\\/diezmos-aceitosos\\\/#primaryimage\",\"url\":\"https:\\\/\\\/elcanillita.info\\\/press\\\/images\\\/2023\\\/07\\\/tarragona20230715.jpg\",\"contentUrl\":\"https:\\\/\\\/elcanillita.info\\\/press\\\/images\\\/2023\\\/07\\\/tarragona20230715.jpg\",\"width\":600,\"height\":400},{\"@type\":\"WebSite\",\"@id\":\"https:\\\/\\\/elcanillita.info\\\/press\\\/#website\",\"url\":\"https:\\\/\\\/elcanillita.info\\\/press\\\/\",\"name\":\"ElCanillita.Info\",\"description\":\"desde los Apeninos a los Andes\",\"publisher\":{\"@id\":\"https:\\\/\\\/elcanillita.info\\\/press\\\/#organization\"},\"potentialAction\":[{\"@type\":\"SearchAction\",\"target\":{\"@type\":\"EntryPoint\",\"urlTemplate\":\"https:\\\/\\\/elcanillita.info\\\/press\\\/?s={search_term_string}\"},\"query-input\":{\"@type\":\"PropertyValueSpecification\",\"valueRequired\":true,\"valueName\":\"search_term_string\"}}],\"inLanguage\":\"es-AR\"},{\"@type\":\"Organization\",\"@id\":\"https:\\\/\\\/elcanillita.info\\\/press\\\/#organization\",\"name\":\"Guzzo Photos & Graphic Publications\",\"url\":\"https:\\\/\\\/elcanillita.info\\\/press\\\/\",\"logo\":{\"@type\":\"ImageObject\",\"inLanguage\":\"es-AR\",\"@id\":\"https:\\\/\\\/elcanillita.info\\\/press\\\/#\\\/schema\\\/logo\\\/image\\\/\",\"url\":\"https:\\\/\\\/elcanillita.info\\\/press\\\/images\\\/2020\\\/01\\\/cropped-cropped-cropped-elcanillitainfo.png\",\"contentUrl\":\"https:\\\/\\\/elcanillita.info\\\/press\\\/images\\\/2020\\\/01\\\/cropped-cropped-cropped-elcanillitainfo.png\",\"width\":460,\"height\":50,\"caption\":\"Guzzo Photos & Graphic Publications\"},\"image\":{\"@id\":\"https:\\\/\\\/elcanillita.info\\\/press\\\/#\\\/schema\\\/logo\\\/image\\\/\"},\"sameAs\":[\"https:\\\/\\\/ar-ar.facebook.com\\\/ElCanillitainfo-114249515285712\\\/\"]},{\"@type\":\"Person\",\"@id\":\"https:\\\/\\\/elcanillita.info\\\/press\\\/#\\\/schema\\\/person\\\/7fcb79f38045700919f7da6d97e71ba0\",\"name\":\"SalaStampa.eu, world press service\",\"image\":{\"@type\":\"ImageObject\",\"inLanguage\":\"es-AR\",\"@id\":\"https:\\\/\\\/secure.gravatar.com\\\/avatar\\\/c2f0e0d515a107624234994507816ca4724c7199cef73fc8bedebf6931d73888?s=96&d=mm&r=g\",\"url\":\"https:\\\/\\\/secure.gravatar.com\\\/avatar\\\/c2f0e0d515a107624234994507816ca4724c7199cef73fc8bedebf6931d73888?s=96&d=mm&r=g\",\"contentUrl\":\"https:\\\/\\\/secure.gravatar.com\\\/avatar\\\/c2f0e0d515a107624234994507816ca4724c7199cef73fc8bedebf6931d73888?s=96&d=mm&r=g\",\"caption\":\"SalaStampa.eu, world press service\"}}]}<\/script>\n<!-- \/ Yoast SEO plugin. -->","yoast_head_json":{"title":"Diezmos Aceitosos - ElCanillita.Info","description":"El 8 de mayo de 2012, Argentina decidi\u00f3 nacionalizar el 51% de YPF. Tras las amenazas del gobierno argentino contra inversores extranjeros que pudieran invertir en exploraci\u00f3n petrolera en las Islas Malvinas, Repsol, a su vez, propuso acciones legales contra empresas que pudieran tener participaciones con YPF en operaciones similares en la zona, en particular a trav\u00e9s de una empresa conjunta con empresas venezolanas,lo que provoc\u00f3 comentarios cautelosos y advertencias de Rafael Ram\u00edrez Carre\u00f1o, presidente de la petrolera estatal venezolana PDVSA. En 2021 la empresa abandon\u00f3 el mercado italiano vendiendo sus 275 plantas a Tamoil,marca comercial de Oilinvest, una empresa petrolera con sede en los Pa\u00edses Bajos y sitios de extracci\u00f3n en Libia. Oilinvest opera principalmente en Europa y \u00c1frica.","robots":{"index":"index","follow":"follow","max-snippet":"max-snippet:-1","max-image-preview":"max-image-preview:large","max-video-preview":"max-video-preview:-1"},"canonical":"https:\/\/elcanillita.info\/press\/2023\/07\/15\/diezmos-aceitosos\/","og_locale":"es_ES","og_type":"article","og_title":"Diezmos Aceitosos - ElCanillita.Info","og_description":"El 8 de mayo de 2012, Argentina decidi\u00f3 nacionalizar el 51% de YPF. Tras las amenazas del gobierno argentino contra inversores extranjeros que pudieran invertir en exploraci\u00f3n petrolera en las Islas Malvinas, Repsol, a su vez, propuso acciones legales contra empresas que pudieran tener participaciones con YPF en operaciones similares en la zona, en particular a trav\u00e9s de una empresa conjunta con empresas venezolanas,lo que provoc\u00f3 comentarios cautelosos y advertencias de Rafael Ram\u00edrez Carre\u00f1o, presidente de la petrolera estatal venezolana PDVSA. En 2021 la empresa abandon\u00f3 el mercado italiano vendiendo sus 275 plantas a Tamoil,marca comercial de Oilinvest, una empresa petrolera con sede en los Pa\u00edses Bajos y sitios de extracci\u00f3n en Libia. Oilinvest opera principalmente en Europa y \u00c1frica.","og_url":"https:\/\/elcanillita.info\/press\/2023\/07\/15\/diezmos-aceitosos\/","og_site_name":"ElCanillita.Info","article_publisher":"https:\/\/ar-ar.facebook.com\/ElCanillitainfo-114249515285712\/","article_published_time":"2023-07-15T09:21:24+00:00","article_modified_time":"2023-07-15T09:28:30+00:00","og_image":[{"width":600,"height":400,"url":"https:\/\/elcanillita.info\/press\/images\/2023\/07\/tarragona20230715.jpg","type":"image\/jpeg"}],"author":"SalaStampa.eu, world press service","twitter_card":"summary_large_image","twitter_misc":{"Escrito por":"SalaStampa.eu, world press service","Tiempo de lectura":"5 minutos"},"schema":{"@context":"https:\/\/schema.org","@graph":[{"@type":"Article","@id":"https:\/\/elcanillita.info\/press\/2023\/07\/15\/diezmos-aceitosos\/#article","isPartOf":{"@id":"https:\/\/elcanillita.info\/press\/2023\/07\/15\/diezmos-aceitosos\/"},"author":{"name":"SalaStampa.eu, world press service","@id":"https:\/\/elcanillita.info\/press\/#\/schema\/person\/7fcb79f38045700919f7da6d97e71ba0"},"headline":"Diezmos Aceitosos","datePublished":"2023-07-15T09:21:24+00:00","dateModified":"2023-07-15T09:28:30+00:00","mainEntityOfPage":{"@id":"https:\/\/elcanillita.info\/press\/2023\/07\/15\/diezmos-aceitosos\/"},"wordCount":1005,"publisher":{"@id":"https:\/\/elcanillita.info\/press\/#organization"},"image":{"@id":"https:\/\/elcanillita.info\/press\/2023\/07\/15\/diezmos-aceitosos\/#primaryimage"},"thumbnailUrl":"https:\/\/elcanillita.info\/press\/images\/2023\/07\/tarragona20230715.jpg","keywords":["Argentina"],"articleSection":[".","Actualidad","Corrupci\u00f3n","Politica"],"inLanguage":"es-AR"},{"@type":"WebPage","@id":"https:\/\/elcanillita.info\/press\/2023\/07\/15\/diezmos-aceitosos\/","url":"https:\/\/elcanillita.info\/press\/2023\/07\/15\/diezmos-aceitosos\/","name":"Diezmos Aceitosos - ElCanillita.Info","isPartOf":{"@id":"https:\/\/elcanillita.info\/press\/#website"},"primaryImageOfPage":{"@id":"https:\/\/elcanillita.info\/press\/2023\/07\/15\/diezmos-aceitosos\/#primaryimage"},"image":{"@id":"https:\/\/elcanillita.info\/press\/2023\/07\/15\/diezmos-aceitosos\/#primaryimage"},"thumbnailUrl":"https:\/\/elcanillita.info\/press\/images\/2023\/07\/tarragona20230715.jpg","datePublished":"2023-07-15T09:21:24+00:00","dateModified":"2023-07-15T09:28:30+00:00","description":"El 8 de mayo de 2012, Argentina decidi\u00f3 nacionalizar el 51% de YPF. Tras las amenazas del gobierno argentino contra inversores extranjeros que pudieran invertir en exploraci\u00f3n petrolera en las Islas Malvinas, Repsol, a su vez, propuso acciones legales contra empresas que pudieran tener participaciones con YPF en operaciones similares en la zona, en particular a trav\u00e9s de una empresa conjunta con empresas venezolanas,lo que provoc\u00f3 comentarios cautelosos y advertencias de Rafael Ram\u00edrez Carre\u00f1o, presidente de la petrolera estatal venezolana PDVSA. En 2021 la empresa abandon\u00f3 el mercado italiano vendiendo sus 275 plantas a Tamoil,marca comercial de Oilinvest, una empresa petrolera con sede en los Pa\u00edses Bajos y sitios de extracci\u00f3n en Libia. Oilinvest opera principalmente en Europa y \u00c1frica.","inLanguage":"es-AR","potentialAction":[{"@type":"ReadAction","target":["https:\/\/elcanillita.info\/press\/2023\/07\/15\/diezmos-aceitosos\/"]}]},{"@type":"ImageObject","inLanguage":"es-AR","@id":"https:\/\/elcanillita.info\/press\/2023\/07\/15\/diezmos-aceitosos\/#primaryimage","url":"https:\/\/elcanillita.info\/press\/images\/2023\/07\/tarragona20230715.jpg","contentUrl":"https:\/\/elcanillita.info\/press\/images\/2023\/07\/tarragona20230715.jpg","width":600,"height":400},{"@type":"WebSite","@id":"https:\/\/elcanillita.info\/press\/#website","url":"https:\/\/elcanillita.info\/press\/","name":"ElCanillita.Info","description":"desde los Apeninos a los Andes","publisher":{"@id":"https:\/\/elcanillita.info\/press\/#organization"},"potentialAction":[{"@type":"SearchAction","target":{"@type":"EntryPoint","urlTemplate":"https:\/\/elcanillita.info\/press\/?s={search_term_string}"},"query-input":{"@type":"PropertyValueSpecification","valueRequired":true,"valueName":"search_term_string"}}],"inLanguage":"es-AR"},{"@type":"Organization","@id":"https:\/\/elcanillita.info\/press\/#organization","name":"Guzzo Photos & Graphic Publications","url":"https:\/\/elcanillita.info\/press\/","logo":{"@type":"ImageObject","inLanguage":"es-AR","@id":"https:\/\/elcanillita.info\/press\/#\/schema\/logo\/image\/","url":"https:\/\/elcanillita.info\/press\/images\/2020\/01\/cropped-cropped-cropped-elcanillitainfo.png","contentUrl":"https:\/\/elcanillita.info\/press\/images\/2020\/01\/cropped-cropped-cropped-elcanillitainfo.png","width":460,"height":50,"caption":"Guzzo Photos & Graphic Publications"},"image":{"@id":"https:\/\/elcanillita.info\/press\/#\/schema\/logo\/image\/"},"sameAs":["https:\/\/ar-ar.facebook.com\/ElCanillitainfo-114249515285712\/"]},{"@type":"Person","@id":"https:\/\/elcanillita.info\/press\/#\/schema\/person\/7fcb79f38045700919f7da6d97e71ba0","name":"SalaStampa.eu, world press service","image":{"@type":"ImageObject","inLanguage":"es-AR","@id":"https:\/\/secure.gravatar.com\/avatar\/c2f0e0d515a107624234994507816ca4724c7199cef73fc8bedebf6931d73888?s=96&d=mm&r=g","url":"https:\/\/secure.gravatar.com\/avatar\/c2f0e0d515a107624234994507816ca4724c7199cef73fc8bedebf6931d73888?s=96&d=mm&r=g","contentUrl":"https:\/\/secure.gravatar.com\/avatar\/c2f0e0d515a107624234994507816ca4724c7199cef73fc8bedebf6931d73888?s=96&d=mm&r=g","caption":"SalaStampa.eu, world press service"}}]}},"views":332,"_links":{"self":[{"href":"https:\/\/elcanillita.info\/press\/wp-json\/wp\/v2\/posts\/3566","targetHints":{"allow":["GET"]}}],"collection":[{"href":"https:\/\/elcanillita.info\/press\/wp-json\/wp\/v2\/posts"}],"about":[{"href":"https:\/\/elcanillita.info\/press\/wp-json\/wp\/v2\/types\/post"}],"author":[{"embeddable":true,"href":"https:\/\/elcanillita.info\/press\/wp-json\/wp\/v2\/users\/1"}],"replies":[{"embeddable":true,"href":"https:\/\/elcanillita.info\/press\/wp-json\/wp\/v2\/comments?post=3566"}],"version-history":[{"count":0,"href":"https:\/\/elcanillita.info\/press\/wp-json\/wp\/v2\/posts\/3566\/revisions"}],"wp:featuredmedia":[{"embeddable":true,"href":"https:\/\/elcanillita.info\/press\/wp-json\/wp\/v2\/media\/3567"}],"wp:attachment":[{"href":"https:\/\/elcanillita.info\/press\/wp-json\/wp\/v2\/media?parent=3566"}],"wp:term":[{"taxonomy":"category","embeddable":true,"href":"https:\/\/elcanillita.info\/press\/wp-json\/wp\/v2\/categories?post=3566"},{"taxonomy":"post_tag","embeddable":true,"href":"https:\/\/elcanillita.info\/press\/wp-json\/wp\/v2\/tags?post=3566"}],"curies":[{"name":"wp","href":"https:\/\/api.w.org\/{rel}","templated":true}]}}