{"id":355,"date":"2020-02-06T09:08:06","date_gmt":"2020-02-06T12:08:06","guid":{"rendered":"https:\/\/elcanillita.info\/press\/?p=355"},"modified":"2020-02-06T09:08:08","modified_gmt":"2020-02-06T12:08:08","slug":"cardenal-nicaragua-insta-gobierno-ortega-liberar-insumos-diario-prensa","status":"publish","type":"post","link":"https:\/\/elcanillita.info\/press\/2020\/02\/06\/cardenal-nicaragua-insta-gobierno-ortega-liberar-insumos-diario-prensa\/","title":{"rendered":"Cardenal de Nicaragua insta al gobierno de Ortega a liberar insumos del diario La Prensa"},"content":{"rendered":"\n<p>Managua, 06.02.2020 &#8211; El cardenal de Nicaragua, Leopoldo Jos\u00e9 Brenes, advirti\u00f3 al&nbsp;gobierno de Daniel Ortega que la liberaci\u00f3n de papel y otras materias primas que pertenecen al diario La Prensa es un pedido nacional.<\/p>\n\n\n\n<p>Hasta el momento la Direcci\u00f3n General de Servicios Aduaneros retiene sin otras explicaciones 92 toneladas de papel peri\u00f3dico, 49 de papel para imprenta, planchas, gomas, revelador para rotativa, correas, tintas, repuesto, que han entrado al pa\u00eds por medio de diez embarques destinados al diario La Prensa.<\/p>\n\n\n\n<p>Brenes en nombre de la Iglesia Cat\u00f3lica de su pa\u00eds se une de ese modo al reclamo de diversos sectores sociales en Nicaragua, que exigen a Ortega que entregue al importante diario el material retenido por m\u00e1s de 18 meses.<\/p>\n\n\n\n<p>La Prensa, el diario m\u00e1s antiguo de Nicaragua, es el \u00fanico medio impreso de circulaci\u00f3n nacional que ha sobrevivido en el pa\u00eds. Otros han cerrado por falta de materias primas.&nbsp;<\/p>\n\n\n\n<p>&#8220;Ha sido el clamor no solamente de la poblaci\u00f3n, en muchas ocasiones tambi\u00e9n la conferencia episcopal ha manifestado que puedan verdaderamente liberarse y que La Prensa pueda salir con su n\u00famero de p\u00e1ginas, para que La Prensa pueda ejercer un periodismo objetivo&#8221;, dijo la m\u00e1xima autoridad de la iglesia cat\u00f3lica en Nicaragua.<\/p>\n\n\n\n<p>El cardenal de Nicaragua, Leopoldo Jos\u00e9 Brenes, ha dicho que muchos en Nicaragua reclaman la devoluci\u00f3n de las materias primas al diario La Prensa para que pueda seguir circulando.\u00f3n de papel y otras materias primas que pertenecen al diario La Prensa es un pedido nacional.<\/p>\n\n\n\n<p>El emblem\u00e1tico medio de Nicaragua tuvo que&nbsp;reducir el n\u00famero de p\u00e1ginas en su edici\u00f3n diaria y salir en formato tabloide los fines de semana, para tratar de alargar la publicaci\u00f3n en papel. El jerarca cat\u00f3lico considera que pese a la censura, el diario La Prensa seguir\u00e1 en pie.<\/p>\n\n\n\n<p>&#8220;No hay duda de que es importante la circulaci\u00f3n de este peri\u00f3dico. Es La Prensa. De una u otra forma siempre se hace presente\u201d, afirm\u00f3.<\/p>\n\n\n\n<p>EE.UU. denuncia que Ortega quiere &#8220;silenciar&#8221; al diario La Prensa de Nicaragua<\/p>\n\n\n\n<p>M\u00e1s reclamos<\/p>\n\n\n\n<p>El sector empresarial de Nicaragua tambi\u00e9n ha reclamado al gobierno la devoluci\u00f3n de los insumos al rotativo que consideran fundamental para la democracia y la libertad de expresi\u00f3n.<\/p>\n\n\n\n<p>En una entrevista con la Voz de Am\u00e9rica el presidente del diario La Prensa, Jaime Chamorro, volvi\u00f3 a denunciar la&nbsp;censura que tiene en vilo al medio.&nbsp;<\/p>\n\n\n\n<p>&#8220;Est\u00e1 hablando de una censura indirecta, que es totalmente en contra de los derechos humanos, de la libertad de prensa, de la misma Constituci\u00f3n de Nicaragua, que dice espec\u00edficamente no solo que todo ciudadano tiene derecho a dar y recibir informaci\u00f3n, sino que dice que todos los medios tienen derecho a recibir papel, tinta y todo sin impuestos\u201d, dijo.<\/p>\n\n\n\n<p>El presidente del diario La Prensa, Jaime Chamorro, convers\u00f3 con la VOA sobre la crisis por falta de insumos retenidos por el gobierno de Daniel Ortega.<\/p>\n\n\n\n<p>Directivos y empleados del peri\u00f3dico han denunciado de diversas maneras en los \u00faltimos&nbsp;meses la censura de parte de las autoridades del pa\u00eds. El 18 de enero de 2019, por primera vez en sus 93 a\u00f1os de historia, public\u00f3 su portada en blanco, solo con una interrogante al final de la p\u00e1gina: \u00bfSe ha imaginado vivir sin informaci\u00f3n?.<\/p>\n\n\n\n<p>Otras publicaciones posteriores han pretendido dejar en evidencia la importancia de este medio escrito para la democracia del pa\u00eds.<\/p>\n\n\n\n<p>La posici\u00f3n del gobierno<\/p>\n\n\n\n<p>El diputado sandinista Wilfredo Navarro&nbsp;manifest\u00f3 que el material se encuentra retenido porque los due\u00f1os del medio cometieron defraudaci\u00f3n fiscal.<\/p>\n\n\n\n<p>&#8220;Se les han hecho auditor\u00edas y muchos de esos materiales y equipos, ellos los est\u00e1n usando no para los fines de los peri\u00f3dicos sino para hacer negocios en sus imprentas y sus editoriales\u201d, manifest\u00f3.<\/p>\n\n\n\n<p>El costo del papel y los insumos retenidos por el gobierno ascienden a 225,352 d\u00f3lares. La medida fue tomada por el gobierno luego de iniciada la crisis que vive el pa\u00eds tras las protestas de mayo de 2018 que dejaron muertos y heridos.<\/p>\n\n\n\n<p>Periodistas han salido del pa\u00eds, como parte del \u00e9xodo, desatado tras la crisis.<br><br><small>2020 voanoticias \u2013 salastampa.eu, afiliada a la red Broadcasting Board of Governors \u00a9 2020 BBG<\/small><\/p>\n\n\n\n<p> <\/p>\n\n\n\n<p><\/p>\n","protected":false},"excerpt":{"rendered":"<p>Managua, 06.02.2020 &#8211; El cardenal de Nicaragua, Leopoldo Jos\u00e9 Brenes, advirti\u00f3 al gobierno de Daniel Ortega que la liberaci\u00f3n de papel y otras materias primas que pertenecen al diario La Prensa es un pedido nacional.<\/p>\n","protected":false},"author":1,"featured_media":0,"comment_status":"closed","ping_status":"closed","sticky":false,"template":"","format":"standard","meta":{"footnotes":"","_links_to":"","_links_to_target":""},"categories":[70,10,20,22,23],"tags":[32],"class_list":["post-355","post","type-post","status-publish","format-standard","hentry","category-actualidad","category-america-central","category-economia","category-justicia","category-politica","tag-nicaragua","entry","double"],"yoast_head":"<!-- This site is optimized with the Yoast SEO plugin v27.4 - https:\/\/yoast.com\/product\/yoast-seo-wordpress\/ -->\n<title>Cardenal de Nicaragua insta al gobierno de Ortega a liberar insumos del diario La Prensa - ElCanillita.Info<\/title>\n<meta name=\"robots\" content=\"index, follow, max-snippet:-1, max-image-preview:large, max-video-preview:-1\" \/>\n<link rel=\"canonical\" href=\"https:\/\/elcanillita.info\/press\/2020\/02\/06\/cardenal-nicaragua-insta-gobierno-ortega-liberar-insumos-diario-prensa\/\" \/>\n<meta property=\"og:locale\" content=\"es_ES\" \/>\n<meta property=\"og:type\" content=\"article\" \/>\n<meta property=\"og:title\" content=\"Cardenal de Nicaragua insta al gobierno de Ortega a liberar insumos del diario La Prensa - ElCanillita.Info\" \/>\n<meta property=\"og:description\" content=\"Managua, 06.02.2020 - El cardenal de Nicaragua, Leopoldo Jos\u00e9 Brenes, advirti\u00f3 al gobierno de Daniel Ortega que la liberaci\u00f3n de papel y otras materias primas que pertenecen al diario La Prensa es un pedido nacional.\" \/>\n<meta property=\"og:url\" content=\"https:\/\/elcanillita.info\/press\/2020\/02\/06\/cardenal-nicaragua-insta-gobierno-ortega-liberar-insumos-diario-prensa\/\" \/>\n<meta property=\"og:site_name\" content=\"ElCanillita.Info\" \/>\n<meta property=\"article:publisher\" content=\"https:\/\/ar-ar.facebook.com\/ElCanillitainfo-114249515285712\/\" \/>\n<meta property=\"article:published_time\" content=\"2020-02-06T12:08:06+00:00\" \/>\n<meta property=\"article:modified_time\" content=\"2020-02-06T12:08:08+00:00\" \/>\n<meta name=\"author\" content=\"SalaStampa.eu, world press service\" \/>\n<meta name=\"twitter:card\" content=\"summary_large_image\" \/>\n<meta name=\"twitter:label1\" content=\"Escrito por\" \/>\n\t<meta name=\"twitter:data1\" content=\"SalaStampa.eu, world press service\" \/>\n\t<meta name=\"twitter:label2\" content=\"Tiempo de lectura\" \/>\n\t<meta name=\"twitter:data2\" content=\"4 minutos\" \/>\n<script type=\"application\/ld+json\" class=\"yoast-schema-graph\">{\"@context\":\"https:\\\/\\\/schema.org\",\"@graph\":[{\"@type\":\"Article\",\"@id\":\"https:\\\/\\\/elcanillita.info\\\/press\\\/2020\\\/02\\\/06\\\/cardenal-nicaragua-insta-gobierno-ortega-liberar-insumos-diario-prensa\\\/#article\",\"isPartOf\":{\"@id\":\"https:\\\/\\\/elcanillita.info\\\/press\\\/2020\\\/02\\\/06\\\/cardenal-nicaragua-insta-gobierno-ortega-liberar-insumos-diario-prensa\\\/\"},\"author\":{\"name\":\"SalaStampa.eu, world press service\",\"@id\":\"https:\\\/\\\/elcanillita.info\\\/press\\\/#\\\/schema\\\/person\\\/7fcb79f38045700919f7da6d97e71ba0\"},\"headline\":\"Cardenal de Nicaragua insta al gobierno de Ortega a liberar insumos del diario La Prensa\",\"datePublished\":\"2020-02-06T12:08:06+00:00\",\"dateModified\":\"2020-02-06T12:08:08+00:00\",\"mainEntityOfPage\":{\"@id\":\"https:\\\/\\\/elcanillita.info\\\/press\\\/2020\\\/02\\\/06\\\/cardenal-nicaragua-insta-gobierno-ortega-liberar-insumos-diario-prensa\\\/\"},\"wordCount\":742,\"publisher\":{\"@id\":\"https:\\\/\\\/elcanillita.info\\\/press\\\/#organization\"},\"keywords\":[\"Nicaragua\"],\"articleSection\":[\"Actualidad\",\"Am\u00e9rica Central\",\"Economia\",\"Justicia\",\"Politica\"],\"inLanguage\":\"es-AR\"},{\"@type\":\"WebPage\",\"@id\":\"https:\\\/\\\/elcanillita.info\\\/press\\\/2020\\\/02\\\/06\\\/cardenal-nicaragua-insta-gobierno-ortega-liberar-insumos-diario-prensa\\\/\",\"url\":\"https:\\\/\\\/elcanillita.info\\\/press\\\/2020\\\/02\\\/06\\\/cardenal-nicaragua-insta-gobierno-ortega-liberar-insumos-diario-prensa\\\/\",\"name\":\"Cardenal de Nicaragua insta al gobierno de Ortega a liberar insumos del diario La Prensa - ElCanillita.Info\",\"isPartOf\":{\"@id\":\"https:\\\/\\\/elcanillita.info\\\/press\\\/#website\"},\"datePublished\":\"2020-02-06T12:08:06+00:00\",\"dateModified\":\"2020-02-06T12:08:08+00:00\",\"inLanguage\":\"es-AR\",\"potentialAction\":[{\"@type\":\"ReadAction\",\"target\":[\"https:\\\/\\\/elcanillita.info\\\/press\\\/2020\\\/02\\\/06\\\/cardenal-nicaragua-insta-gobierno-ortega-liberar-insumos-diario-prensa\\\/\"]}]},{\"@type\":\"WebSite\",\"@id\":\"https:\\\/\\\/elcanillita.info\\\/press\\\/#website\",\"url\":\"https:\\\/\\\/elcanillita.info\\\/press\\\/\",\"name\":\"ElCanillita.Info\",\"description\":\"desde los Apeninos a los Andes\",\"publisher\":{\"@id\":\"https:\\\/\\\/elcanillita.info\\\/press\\\/#organization\"},\"potentialAction\":[{\"@type\":\"SearchAction\",\"target\":{\"@type\":\"EntryPoint\",\"urlTemplate\":\"https:\\\/\\\/elcanillita.info\\\/press\\\/?s={search_term_string}\"},\"query-input\":{\"@type\":\"PropertyValueSpecification\",\"valueRequired\":true,\"valueName\":\"search_term_string\"}}],\"inLanguage\":\"es-AR\"},{\"@type\":\"Organization\",\"@id\":\"https:\\\/\\\/elcanillita.info\\\/press\\\/#organization\",\"name\":\"Guzzo Photos & Graphic Publications\",\"url\":\"https:\\\/\\\/elcanillita.info\\\/press\\\/\",\"logo\":{\"@type\":\"ImageObject\",\"inLanguage\":\"es-AR\",\"@id\":\"https:\\\/\\\/elcanillita.info\\\/press\\\/#\\\/schema\\\/logo\\\/image\\\/\",\"url\":\"https:\\\/\\\/elcanillita.info\\\/press\\\/images\\\/2020\\\/01\\\/cropped-cropped-cropped-elcanillitainfo.png\",\"contentUrl\":\"https:\\\/\\\/elcanillita.info\\\/press\\\/images\\\/2020\\\/01\\\/cropped-cropped-cropped-elcanillitainfo.png\",\"width\":460,\"height\":50,\"caption\":\"Guzzo Photos & Graphic Publications\"},\"image\":{\"@id\":\"https:\\\/\\\/elcanillita.info\\\/press\\\/#\\\/schema\\\/logo\\\/image\\\/\"},\"sameAs\":[\"https:\\\/\\\/ar-ar.facebook.com\\\/ElCanillitainfo-114249515285712\\\/\"]},{\"@type\":\"Person\",\"@id\":\"https:\\\/\\\/elcanillita.info\\\/press\\\/#\\\/schema\\\/person\\\/7fcb79f38045700919f7da6d97e71ba0\",\"name\":\"SalaStampa.eu, world press service\",\"image\":{\"@type\":\"ImageObject\",\"inLanguage\":\"es-AR\",\"@id\":\"https:\\\/\\\/secure.gravatar.com\\\/avatar\\\/c2f0e0d515a107624234994507816ca4724c7199cef73fc8bedebf6931d73888?s=96&d=mm&r=g\",\"url\":\"https:\\\/\\\/secure.gravatar.com\\\/avatar\\\/c2f0e0d515a107624234994507816ca4724c7199cef73fc8bedebf6931d73888?s=96&d=mm&r=g\",\"contentUrl\":\"https:\\\/\\\/secure.gravatar.com\\\/avatar\\\/c2f0e0d515a107624234994507816ca4724c7199cef73fc8bedebf6931d73888?s=96&d=mm&r=g\",\"caption\":\"SalaStampa.eu, world press service\"}}]}<\/script>\n<!-- \/ Yoast SEO plugin. -->","yoast_head_json":{"title":"Cardenal de Nicaragua insta al gobierno de Ortega a liberar insumos del diario La Prensa - ElCanillita.Info","robots":{"index":"index","follow":"follow","max-snippet":"max-snippet:-1","max-image-preview":"max-image-preview:large","max-video-preview":"max-video-preview:-1"},"canonical":"https:\/\/elcanillita.info\/press\/2020\/02\/06\/cardenal-nicaragua-insta-gobierno-ortega-liberar-insumos-diario-prensa\/","og_locale":"es_ES","og_type":"article","og_title":"Cardenal de Nicaragua insta al gobierno de Ortega a liberar insumos del diario La Prensa - ElCanillita.Info","og_description":"Managua, 06.02.2020 - El cardenal de Nicaragua, Leopoldo Jos\u00e9 Brenes, advirti\u00f3 al gobierno de Daniel Ortega que la liberaci\u00f3n de papel y otras materias primas que pertenecen al diario La Prensa es un pedido nacional.","og_url":"https:\/\/elcanillita.info\/press\/2020\/02\/06\/cardenal-nicaragua-insta-gobierno-ortega-liberar-insumos-diario-prensa\/","og_site_name":"ElCanillita.Info","article_publisher":"https:\/\/ar-ar.facebook.com\/ElCanillitainfo-114249515285712\/","article_published_time":"2020-02-06T12:08:06+00:00","article_modified_time":"2020-02-06T12:08:08+00:00","author":"SalaStampa.eu, world press service","twitter_card":"summary_large_image","twitter_misc":{"Escrito por":"SalaStampa.eu, world press service","Tiempo de lectura":"4 minutos"},"schema":{"@context":"https:\/\/schema.org","@graph":[{"@type":"Article","@id":"https:\/\/elcanillita.info\/press\/2020\/02\/06\/cardenal-nicaragua-insta-gobierno-ortega-liberar-insumos-diario-prensa\/#article","isPartOf":{"@id":"https:\/\/elcanillita.info\/press\/2020\/02\/06\/cardenal-nicaragua-insta-gobierno-ortega-liberar-insumos-diario-prensa\/"},"author":{"name":"SalaStampa.eu, world press service","@id":"https:\/\/elcanillita.info\/press\/#\/schema\/person\/7fcb79f38045700919f7da6d97e71ba0"},"headline":"Cardenal de Nicaragua insta al gobierno de Ortega a liberar insumos del diario La Prensa","datePublished":"2020-02-06T12:08:06+00:00","dateModified":"2020-02-06T12:08:08+00:00","mainEntityOfPage":{"@id":"https:\/\/elcanillita.info\/press\/2020\/02\/06\/cardenal-nicaragua-insta-gobierno-ortega-liberar-insumos-diario-prensa\/"},"wordCount":742,"publisher":{"@id":"https:\/\/elcanillita.info\/press\/#organization"},"keywords":["Nicaragua"],"articleSection":["Actualidad","Am\u00e9rica Central","Economia","Justicia","Politica"],"inLanguage":"es-AR"},{"@type":"WebPage","@id":"https:\/\/elcanillita.info\/press\/2020\/02\/06\/cardenal-nicaragua-insta-gobierno-ortega-liberar-insumos-diario-prensa\/","url":"https:\/\/elcanillita.info\/press\/2020\/02\/06\/cardenal-nicaragua-insta-gobierno-ortega-liberar-insumos-diario-prensa\/","name":"Cardenal de Nicaragua insta al gobierno de Ortega a liberar insumos del diario La Prensa - ElCanillita.Info","isPartOf":{"@id":"https:\/\/elcanillita.info\/press\/#website"},"datePublished":"2020-02-06T12:08:06+00:00","dateModified":"2020-02-06T12:08:08+00:00","inLanguage":"es-AR","potentialAction":[{"@type":"ReadAction","target":["https:\/\/elcanillita.info\/press\/2020\/02\/06\/cardenal-nicaragua-insta-gobierno-ortega-liberar-insumos-diario-prensa\/"]}]},{"@type":"WebSite","@id":"https:\/\/elcanillita.info\/press\/#website","url":"https:\/\/elcanillita.info\/press\/","name":"ElCanillita.Info","description":"desde los Apeninos a los Andes","publisher":{"@id":"https:\/\/elcanillita.info\/press\/#organization"},"potentialAction":[{"@type":"SearchAction","target":{"@type":"EntryPoint","urlTemplate":"https:\/\/elcanillita.info\/press\/?s={search_term_string}"},"query-input":{"@type":"PropertyValueSpecification","valueRequired":true,"valueName":"search_term_string"}}],"inLanguage":"es-AR"},{"@type":"Organization","@id":"https:\/\/elcanillita.info\/press\/#organization","name":"Guzzo Photos & Graphic Publications","url":"https:\/\/elcanillita.info\/press\/","logo":{"@type":"ImageObject","inLanguage":"es-AR","@id":"https:\/\/elcanillita.info\/press\/#\/schema\/logo\/image\/","url":"https:\/\/elcanillita.info\/press\/images\/2020\/01\/cropped-cropped-cropped-elcanillitainfo.png","contentUrl":"https:\/\/elcanillita.info\/press\/images\/2020\/01\/cropped-cropped-cropped-elcanillitainfo.png","width":460,"height":50,"caption":"Guzzo Photos & Graphic Publications"},"image":{"@id":"https:\/\/elcanillita.info\/press\/#\/schema\/logo\/image\/"},"sameAs":["https:\/\/ar-ar.facebook.com\/ElCanillitainfo-114249515285712\/"]},{"@type":"Person","@id":"https:\/\/elcanillita.info\/press\/#\/schema\/person\/7fcb79f38045700919f7da6d97e71ba0","name":"SalaStampa.eu, world press service","image":{"@type":"ImageObject","inLanguage":"es-AR","@id":"https:\/\/secure.gravatar.com\/avatar\/c2f0e0d515a107624234994507816ca4724c7199cef73fc8bedebf6931d73888?s=96&d=mm&r=g","url":"https:\/\/secure.gravatar.com\/avatar\/c2f0e0d515a107624234994507816ca4724c7199cef73fc8bedebf6931d73888?s=96&d=mm&r=g","contentUrl":"https:\/\/secure.gravatar.com\/avatar\/c2f0e0d515a107624234994507816ca4724c7199cef73fc8bedebf6931d73888?s=96&d=mm&r=g","caption":"SalaStampa.eu, world press service"}}]}},"views":788,"_links":{"self":[{"href":"https:\/\/elcanillita.info\/press\/wp-json\/wp\/v2\/posts\/355","targetHints":{"allow":["GET"]}}],"collection":[{"href":"https:\/\/elcanillita.info\/press\/wp-json\/wp\/v2\/posts"}],"about":[{"href":"https:\/\/elcanillita.info\/press\/wp-json\/wp\/v2\/types\/post"}],"author":[{"embeddable":true,"href":"https:\/\/elcanillita.info\/press\/wp-json\/wp\/v2\/users\/1"}],"replies":[{"embeddable":true,"href":"https:\/\/elcanillita.info\/press\/wp-json\/wp\/v2\/comments?post=355"}],"version-history":[{"count":0,"href":"https:\/\/elcanillita.info\/press\/wp-json\/wp\/v2\/posts\/355\/revisions"}],"wp:attachment":[{"href":"https:\/\/elcanillita.info\/press\/wp-json\/wp\/v2\/media?parent=355"}],"wp:term":[{"taxonomy":"category","embeddable":true,"href":"https:\/\/elcanillita.info\/press\/wp-json\/wp\/v2\/categories?post=355"},{"taxonomy":"post_tag","embeddable":true,"href":"https:\/\/elcanillita.info\/press\/wp-json\/wp\/v2\/tags?post=355"}],"curies":[{"name":"wp","href":"https:\/\/api.w.org\/{rel}","templated":true}]}}