{"id":3531,"date":"2023-06-15T02:42:00","date_gmt":"2023-06-15T05:42:00","guid":{"rendered":"https:\/\/elcanillita.info\/press\/?p=3531"},"modified":"2023-06-16T03:18:03","modified_gmt":"2023-06-16T06:18:03","slug":"al-funeral-de-berlusconi-asisten-sus-amantes-y-su-ex-mujer","status":"publish","type":"post","link":"https:\/\/elcanillita.info\/press\/2023\/06\/15\/al-funeral-de-berlusconi-asisten-sus-amantes-y-su-ex-mujer\/","title":{"rendered":"Al funeral de Berlusconi asisten sus amantes y su ex mujer"},"content":{"rendered":"\n<figure class=\"wp-block-image size-full\"><img loading=\"lazy\" decoding=\"async\" width=\"600\" height=\"376\" src=\"https:\/\/elcanillita.info\/press\/images\/2023\/06\/Berli1_20230615.jpg\" alt=\"\" class=\"wp-image-3532\" srcset=\"https:\/\/elcanillita.info\/press\/images\/2023\/06\/Berli1_20230615.jpg 600w, https:\/\/elcanillita.info\/press\/images\/2023\/06\/Berli1_20230615-300x188.jpg 300w\" sizes=\"auto, (max-width: 600px) 100vw, 600px\" \/><\/figure>\n\n\n\n<p>Silvio Berlusconi fue despedido este mi\u00e9rcoles en la catedral de Mil\u00e1n, en un funeral de Estado al que asistieron sus amantes y una exmujer.<\/p>\n\n\n\n<p>El f\u00e9retro del ex primer ministro fue transportado hasta el Duomo por seis portadores del f\u00e9retro, flanqueados por seis oficiales de Carabinieri vestidos con los tradicionales uniformes azul oscuro y sombreros de tricornio.<\/p>\n\n\n\n<p>Algunas de las muchas mujeres que han formado parte de la larga vida de Berlusconi estaban en el primer banco, incluida su novia, Marta Fascina, 53 a\u00f1os m\u00e1s joven que \u00e9l.<\/p>\n\n\n\n<p>Con el pelo platino recogido hacia atr\u00e1s, Fascina, de 33 a\u00f1os, llor\u00f3 en silencio mientras se agitaba incienso sobre el ata\u00fad de madera del ex primer ministro, decorado con rosas rojas y crema.<\/p>\n\n\n\n<p>Junto a ella se sentaron tres de las hijas adultas de Berlusconi, entre ellas Marina, de 56 a\u00f1os, que supervisa el holding del multimillonario empresario de los medios de comunicaci\u00f3n, la construcci\u00f3n y del imperio bancario.<\/p>\n\n\n\n<p>Tambi\u00e9n estaba en primera fila su segunda esposa, Veronica Lario, una actriz a la que conoci\u00f3 cuando apareci\u00f3 en el escenario en topless. Se divorci\u00f3 de \u00e9l en 2009, tras acusarle de coquetear con mujeres j\u00f3venes.<\/p>\n\n\n\n<p>Entre los dolientes estaba Francesca Pascale, una antigua novia con la que pas\u00f3 cerca de una d\u00e9cada antes de que ella declarara que era lesbiana y se casara con una mujer.<\/p>\n\n\n\n<figure class=\"wp-block-image size-full\"><img loading=\"lazy\" decoding=\"async\" width=\"617\" height=\"385\" src=\"https:\/\/elcanillita.info\/press\/images\/2023\/06\/2023-06-16-07-06-08.jpg\" alt=\"\" class=\"wp-image-3533\" srcset=\"https:\/\/elcanillita.info\/press\/images\/2023\/06\/2023-06-16-07-06-08.jpg 617w, https:\/\/elcanillita.info\/press\/images\/2023\/06\/2023-06-16-07-06-08-300x187.jpg 300w\" sizes=\"auto, (max-width: 617px) 100vw, 617px\" \/><\/figure>\n\n\n\n<p>Al otro lado del pasillo tambi\u00e9n estaba Giorgia Meloni, la primera ministra, de quien Berlusconi fue mentora durante muchos a\u00f1os en su ascenso por las filas de la derecha, lo que la convirti\u00f3 en la ministra m\u00e1s joven de la historia de Italia en un gobierno anterior.<\/p>\n\n\n\n<p>El arzobispo de Mil\u00e1n, Mario Delpini, dirigi\u00f3 la misa y dijo durante la homil\u00eda que Berlusconi fue &#8220;ciertamente una figura que adquiri\u00f3 notoriedad&#8221;.<\/p>\n\n\n\n<p>&#8220;Pero en este momento de despedida, de oraci\u00f3n, \u00bfqu\u00e9 podemos decir de Silvio Berlusconi? Era un hombre con ganas de vivir, ganas de amar, ganas de alegr\u00eda&#8221;.<\/p>\n\n\n\n<p>Para los italianos, Berlusconi sigue siendo tan divisivo y polarizador en la muerte como lo fue en vida.<\/p>\n\n\n\n<p>Mientras algunos lo aclamaban como un tit\u00e1n de los negocios y un estadista internacional, otros lo tachaban de mujeriego, sexista y sinverg\u00fcenza.<\/p>\n\n\n\n<p>Durante tres d\u00e9cadas fue una de las figuras m\u00e1s conocidas y notorias de la escena internacional.<\/p>\n\n\n\n<p>Fuera de la catedral, donde miles de personas se reunieron para ver el funeral en pantallas gigantes bajo un sol abrasador, las opiniones estaban muy divididas.<\/p>\n\n\n\n<p>&#8220;Era un mis\u00f3gino, un s\u00edmbolo de la masculinidad t\u00f3xica y del abuso de poder&#8221;, dijo Isabella, una romana de 25 a\u00f1os.<\/p>\n\n\n\n<p>&#8220;Forma parte de esa cultura machista que muchos italianos glorifican. No quieren hablar de sus fiestas sexuales en las que hab\u00eda chicas menores de edad. \u00c9l es la raz\u00f3n de que Italia est\u00e9 en el l\u00edo econ\u00f3mico y social en el que est\u00e1 ahora&#8221;.<\/p>\n\n\n\n<p>Una mujer italiana llevaba una camiseta con el lema &#8220;No estoy de luto&#8221;. Fue abucheada por los partidarios de Berlusconi.<\/p>\n\n\n\n<p>Pero hab\u00eda otros, ondeando las banderas de Italia y de Forza Italia, el partido de centro-derecha de Berlusconi, que lo consideran un h\u00e9roe.<\/p>\n\n\n\n<p>&#8220;Es como si hubiera muerto un pariente, era un padre para todos, para toda Italia&#8221;, dijo Stefano De Caro, de 61 a\u00f1os, concejal de Forza Italia cerca de B\u00e9rgamo, en el norte de Italia.<\/p>\n\n\n\n<p>&#8220;No sigo mucho la pol\u00edtica, pero gracias a \u00e9l ahora tenemos tantos canales de televisi\u00f3n en Italia&#8221;, dijo Giulia, una estudiante de 15 a\u00f1os.<\/p>\n\n\n\n<p>Andrea, un hombre de negocios de 28 a\u00f1os, cat\u00f3lico devoto, que ondeaba una bandera italiana, lo describi\u00f3 como &#8220;un d\u00eda importante para la historia de Italia&#8221;.<br><br>&#8220;Berlusconi salv\u00f3 a Italia de los comunistas tras la ca\u00edda de la Uni\u00f3n Sovi\u00e9tica. Ten\u00edamos el mayor Partido Comunista de Europa occidental&#8221;.<\/p>\n\n\n\n<p>Las banderas de Italia y de la UE ondeaban a media asta en la gran plaza frente a la catedral, mientras la gente se sub\u00eda a una estatua del siglo XIX para ver mejor las pantallas gigantes.<\/p>\n\n\n\n<p>Los seguidores del AC Milan, el club de f\u00fatbol propiedad de Berlusconi entre 1986 y 2017, ondeaban enormes banderas rojinegras al frente de la multitud.<\/p>\n\n\n\n<p>Otros seguidores ondeaban una enorme pancarta en la que se le\u00eda &#8220;Silvio Per Sempre&#8221;, Silvio para siempre.<\/p>\n\n\n\n<p>Riccardo, propietario de un restaurante, dijo: &#8220;Se puede discutir si era bueno o malo, pero hay que admirar lo que consigui\u00f3 en el mundo de los negocios, el deporte y la pol\u00edtica. Ten\u00eda pelotas de acero. Era \u00fanico en su especie&#8221;.<\/p>\n\n\n\n<p>Eva, de 24 a\u00f1os, admiradora de Berlusconi, dijo que no le importaban sus esc\u00e1ndalos sexuales ni sus fiestas &#8220;bunga bunga&#8221;. &#8220;Cada persona es libre de hacer lo que quiera en el dormitorio&#8221;, dijo. &#8220;Es un asunto privado&#8221;.<\/p>\n\n\n\n<p>Al funeral asisti\u00f3 una modesta salpicadura de dignatarios internacionales, desde Viktor Orban, de Hungr\u00eda, a Edi Rama, primer ministro de Albania. Gran Breta\u00f1a estuvo representada por Lord Llewellyn, embajador brit\u00e1nico en Roma.<\/p>\n\n\n\n<p>El f\u00e9retro de Berlusconi fue trasladado en coche f\u00fanebre desde su mansi\u00f3n de Arcore, a unos 30 kil\u00f3metros de Mil\u00e1n.<\/p>\n\n\n\n<p>Entre los ramos de flores que se dejaron fuera de la propiedad hab\u00eda uno de una agencia de acompa\u00f1antes. Fue retirado r\u00e1pidamente cuando los asistentes se dieron cuenta de qui\u00e9n lo hab\u00eda enviado.<\/p>\n\n\n\n<p>En un comunicado, la agencia, llamada Escort Advisor, dijo que hab\u00eda querido enviar un homenaje a Berlusconi y le felicit\u00f3 por &#8220;normalizar&#8221; la industria del sexo, que sigue siendo &#8220;controvertida y rodeada de hipocres\u00eda&#8221;. Una nota adjunta al ramo dec\u00eda simplemente: &#8220;Ciao Silvio. Escort Advisor&#8221;.<\/p>\n\n\n\n<p>Los pol\u00edticos de la oposici\u00f3n y otros cr\u00edticos se mostraron furiosos por el hecho de que Berlusconi, fallecido el lunes a los 86 a\u00f1os de edad a causa de una leucemia, no s\u00f3lo recibiera un funeral de Estado, sino tambi\u00e9n un d\u00eda de luto nacional.<\/p>\n\n\n\n<p>Dijeron que era inapropiado dado que el ex primer ministro ten\u00eda una condena por fraude fiscal, avergonzaba con frecuencia a Italia en la escena internacional con sus ocurrencias y chistes, no logr\u00f3 dinamizar la escler\u00f3tica econom\u00eda italiana durante cuatro mandatos y fue apologista de la invasi\u00f3n rusa de Ucrania.<\/p>\n\n\n\n<p>Muchos le ven como un machista y un mis\u00f3gino, una impresi\u00f3n que confirm\u00f3 hace unos meses cuando dijo a un equipo de f\u00fatbol de su propiedad que les enviar\u00eda un &#8220;autob\u00fas lleno de putas&#8221; si ganaban un partido clave.<\/p>\n\n\n\n<p>En Liguria, en el norte de Italia, el gobernador de centro-derecha fue criticado por proyectar en la fachada de la sede administrativa una enorme imagen de Berlusconi y las palabras &#8220;Liguria saluda a Silvio Berlusconi, ciao primer ministro&#8221;.<\/p>\n\n\n\n<p>&#8220;Estoy en desacuerdo con esta santificaci\u00f3n de Berlusconi y con la decisi\u00f3n de declarar un d\u00eda de luto nacional&#8221;, declar\u00f3 Rosy Bindi, pol\u00edtica del Partido Democr\u00e1tico de centro-izquierda y antigua adversaria de Berlusconi.<\/p>\n\n\n\n<p>&#8220;Berlusconi sedujo a muchos italianos, pero no a la mayor\u00eda. La decisi\u00f3n de decretar un d\u00eda de luto nacional es una falta de respeto a la mayor\u00eda&#8221;, declar\u00f3 a La Stampa Bindi, que fue insultada personalmente por Berlusconi por su aspecto.<\/p>\n\n\n\n<p>&#8220;Dividi\u00f3 al pa\u00eds en cuestiones fundamentales: en el respeto a la democracia y a la Constituci\u00f3n, en el ejercicio del poder, en la obligaci\u00f3n de pagar impuestos, en sus relaciones con el poder judicial&#8221;.<\/p>\n\n\n\n<p>En su opini\u00f3n, durante la etapa de Berlusconi en el poder se produjeron numerosos conflictos de intereses.<\/p>\n\n\n\n<p>&#8220;N\u00f3mbreme otra democracia occidental en la que el propietario de un vasto imperio de peri\u00f3dicos y canales de televisi\u00f3n sea tambi\u00e9n Primer Ministro&#8221;, dijo.<\/p>\n\n\n\n<p>Bindi record\u00f3 que Berlusconi hab\u00eda descrito a Angela Merkel, cuando era Canciller de Alemania, como &#8220;una vaga unf&#8212;-able&#8221;.<\/p>\n\n\n\n<p>Las banderas ondearon a media asta ante todos los edificios p\u00fablicos.<\/p>\n\n\n\n<p>Riccardo Ricciardi, del opositor Movimiento Cinco Estrellas, dijo que era extra\u00f1o ver la bandera nacional ondeando a media asta ante el cuartel de la Guardia di Finanza, la polic\u00eda fiscal y aduanera, dado que Berlusconi hab\u00eda sido condenado por fraude fiscal.<\/p>\n\n\n\n<p>Tommaso Montanari, rector de la Universidad para Extranjeros de Siena (Toscana), dijo que no &#8220;odiaba&#8221; a Berlusconi, pero que le molestaba la &#8220;santificaci\u00f3n hip\u00f3crita&#8221; del difunto magnate de los medios de comunicaci\u00f3n.<\/p>\n\n\n\n<p>&#8220;Es nuestro deber c\u00edvico recordar qui\u00e9n era Berlusconi. Era todo lo contrario a un hombre de Estado&#8221;, afirm\u00f3.<\/p>\n\n\n\n<p>Las actividades normales de las dos c\u00e1maras del Parlamento se han suspendido durante una semana. Muchos diputados dijeron que era excesivo.<\/p>\n\n\n\n<p>&#8220;Con el debido respeto\u2026 me parece exagerado congelar el trabajo parlamentario durante siete d\u00edas&#8221;, dijo Alessandra Moretti, del Partido Democr\u00e1tico de centro-izquierda.<\/p>\n\n\n\n<p>&#8220;Creo que a los italianos les cuesta entender esta decisi\u00f3n, sobre todo teniendo en cuenta que hay numerosos expedientes que esperan respuestas urgentes, en primer lugar el Plan de Recuperaci\u00f3n (post-pandemia, 200.000 millones de euros)&#8221;.<\/p>\n\n\n\n<p>Con la muerte del carism\u00e1tico ex primer ministro, se especula con que Forza Italia, el partido que fund\u00f3, podr\u00eda empezar a desintegrarse.<\/p>\n\n\n\n<p>Eso podr\u00eda provocar inestabilidad en el gobierno de coalici\u00f3n, formado por Forza Italia, la Liga y Hermanos de Italia.<\/p>\n\n\n\n<p>&#8220;Silvio Berlusconi impuso su visi\u00f3n pol\u00edtica como un gran espect\u00e1culo unipersonal, con un elenco de apoyo que cambiaba con frecuencia. Nunca nombr\u00f3 a un sucesor&#8221;, escribi\u00f3 Alan Friedman, bi\u00f3grafo de Berlusconi, en el diario La Stampa.<\/p>\n\n\n\n<p>Seg\u00fan \u00e9l, es probable que Forza Italia empiece a fracturarse.<\/p>\n\n\n\n<p>&#8220;Pero esto no representa necesariamente una amenaza para la mayor\u00eda del Gobierno, porque es muy probable que quien abandone Forza Italia acabe en Hermanos de Italia o en la Liga&#8221;.<br><br><small>Copyright \u00a9 2023 ElCanillita.info \/ SalaStampa.Eu &#8211; Informaci\u00f3n de dominio p\u00fablico<\/small><\/p>\n","protected":false},"excerpt":{"rendered":"<p>Antiguas parejas de Berlusconi y su \u00faltima novia le lloran en Mil\u00e1n pero pol\u00edticos rivales atacan el d\u00eda de luto nacional.<\/p>\n","protected":false},"author":1,"featured_media":3534,"comment_status":"closed","ping_status":"closed","sticky":false,"template":"","format":"standard","meta":{"footnotes":"","_links_to":"","_links_to_target":""},"categories":[108,70,23],"tags":[60],"class_list":["post-3531","post","type-post","status-publish","format-standard","has-post-thumbnail","hentry","category-blogdiario","category-actualidad","category-politica","tag-italia","entry","double"],"yoast_head":"<!-- This site is optimized with the Yoast SEO plugin v27.5 - https:\/\/yoast.com\/product\/yoast-seo-wordpress\/ -->\n<title>Al funeral de Berlusconi asisten sus amantes y su ex mujer - ElCanillita.Info<\/title>\n<meta name=\"description\" content=\"Antiguas parejas de Berlusconi y su \u00faltima novia le lloran en Mil\u00e1n pero pol\u00edticos rivales atacan el d\u00eda de luto nacional.\" \/>\n<meta name=\"robots\" content=\"index, follow, max-snippet:-1, max-image-preview:large, max-video-preview:-1\" \/>\n<link rel=\"canonical\" href=\"https:\/\/elcanillita.info\/press\/2023\/06\/15\/al-funeral-de-berlusconi-asisten-sus-amantes-y-su-ex-mujer\/\" \/>\n<meta property=\"og:locale\" content=\"es_ES\" \/>\n<meta property=\"og:type\" content=\"article\" \/>\n<meta property=\"og:title\" content=\"Al funeral de Berlusconi asisten sus amantes y su ex mujer - ElCanillita.Info\" \/>\n<meta property=\"og:description\" content=\"Antiguas parejas de Berlusconi y su \u00faltima novia le lloran en Mil\u00e1n pero pol\u00edticos rivales atacan el d\u00eda de luto nacional.\" \/>\n<meta property=\"og:url\" content=\"https:\/\/elcanillita.info\/press\/2023\/06\/15\/al-funeral-de-berlusconi-asisten-sus-amantes-y-su-ex-mujer\/\" \/>\n<meta property=\"og:site_name\" content=\"ElCanillita.Info\" \/>\n<meta property=\"article:publisher\" content=\"https:\/\/ar-ar.facebook.com\/ElCanillitainfo-114249515285712\/\" \/>\n<meta property=\"article:published_time\" content=\"2023-06-15T05:42:00+00:00\" \/>\n<meta property=\"article:modified_time\" content=\"2023-06-16T06:18:03+00:00\" \/>\n<meta property=\"og:image\" content=\"https:\/\/elcanillita.info\/press\/images\/2023\/06\/Berli0_20230615.jpg\" \/>\n\t<meta property=\"og:image:width\" content=\"600\" \/>\n\t<meta property=\"og:image:height\" content=\"376\" \/>\n\t<meta property=\"og:image:type\" content=\"image\/jpeg\" \/>\n<meta name=\"author\" content=\"SalaStampa.eu, world press service\" \/>\n<meta name=\"twitter:card\" content=\"summary_large_image\" \/>\n<meta name=\"twitter:label1\" content=\"Escrito por\" \/>\n\t<meta name=\"twitter:data1\" content=\"SalaStampa.eu, world press service\" \/>\n\t<meta name=\"twitter:label2\" content=\"Tiempo de lectura\" \/>\n\t<meta name=\"twitter:data2\" content=\"8 minutos\" \/>\n<script type=\"application\/ld+json\" class=\"yoast-schema-graph\">{\"@context\":\"https:\\\/\\\/schema.org\",\"@graph\":[{\"@type\":\"Article\",\"@id\":\"https:\\\/\\\/elcanillita.info\\\/press\\\/2023\\\/06\\\/15\\\/al-funeral-de-berlusconi-asisten-sus-amantes-y-su-ex-mujer\\\/#article\",\"isPartOf\":{\"@id\":\"https:\\\/\\\/elcanillita.info\\\/press\\\/2023\\\/06\\\/15\\\/al-funeral-de-berlusconi-asisten-sus-amantes-y-su-ex-mujer\\\/\"},\"author\":{\"name\":\"SalaStampa.eu, world press service\",\"@id\":\"https:\\\/\\\/elcanillita.info\\\/press\\\/#\\\/schema\\\/person\\\/7fcb79f38045700919f7da6d97e71ba0\"},\"headline\":\"Al funeral de Berlusconi asisten sus amantes y su ex mujer\",\"datePublished\":\"2023-06-15T05:42:00+00:00\",\"dateModified\":\"2023-06-16T06:18:03+00:00\",\"mainEntityOfPage\":{\"@id\":\"https:\\\/\\\/elcanillita.info\\\/press\\\/2023\\\/06\\\/15\\\/al-funeral-de-berlusconi-asisten-sus-amantes-y-su-ex-mujer\\\/\"},\"wordCount\":1677,\"publisher\":{\"@id\":\"https:\\\/\\\/elcanillita.info\\\/press\\\/#organization\"},\"image\":{\"@id\":\"https:\\\/\\\/elcanillita.info\\\/press\\\/2023\\\/06\\\/15\\\/al-funeral-de-berlusconi-asisten-sus-amantes-y-su-ex-mujer\\\/#primaryimage\"},\"thumbnailUrl\":\"https:\\\/\\\/elcanillita.info\\\/press\\\/images\\\/2023\\\/06\\\/Berli0_20230615.jpg\",\"keywords\":[\"Italia\"],\"articleSection\":[\".\",\"Actualidad\",\"Politica\"],\"inLanguage\":\"es-AR\"},{\"@type\":\"WebPage\",\"@id\":\"https:\\\/\\\/elcanillita.info\\\/press\\\/2023\\\/06\\\/15\\\/al-funeral-de-berlusconi-asisten-sus-amantes-y-su-ex-mujer\\\/\",\"url\":\"https:\\\/\\\/elcanillita.info\\\/press\\\/2023\\\/06\\\/15\\\/al-funeral-de-berlusconi-asisten-sus-amantes-y-su-ex-mujer\\\/\",\"name\":\"Al funeral de Berlusconi asisten sus amantes y su ex mujer - ElCanillita.Info\",\"isPartOf\":{\"@id\":\"https:\\\/\\\/elcanillita.info\\\/press\\\/#website\"},\"primaryImageOfPage\":{\"@id\":\"https:\\\/\\\/elcanillita.info\\\/press\\\/2023\\\/06\\\/15\\\/al-funeral-de-berlusconi-asisten-sus-amantes-y-su-ex-mujer\\\/#primaryimage\"},\"image\":{\"@id\":\"https:\\\/\\\/elcanillita.info\\\/press\\\/2023\\\/06\\\/15\\\/al-funeral-de-berlusconi-asisten-sus-amantes-y-su-ex-mujer\\\/#primaryimage\"},\"thumbnailUrl\":\"https:\\\/\\\/elcanillita.info\\\/press\\\/images\\\/2023\\\/06\\\/Berli0_20230615.jpg\",\"datePublished\":\"2023-06-15T05:42:00+00:00\",\"dateModified\":\"2023-06-16T06:18:03+00:00\",\"description\":\"Antiguas parejas de Berlusconi y su \u00faltima novia le lloran en Mil\u00e1n pero pol\u00edticos rivales atacan el d\u00eda de luto nacional.\",\"inLanguage\":\"es-AR\",\"potentialAction\":[{\"@type\":\"ReadAction\",\"target\":[\"https:\\\/\\\/elcanillita.info\\\/press\\\/2023\\\/06\\\/15\\\/al-funeral-de-berlusconi-asisten-sus-amantes-y-su-ex-mujer\\\/\"]}]},{\"@type\":\"ImageObject\",\"inLanguage\":\"es-AR\",\"@id\":\"https:\\\/\\\/elcanillita.info\\\/press\\\/2023\\\/06\\\/15\\\/al-funeral-de-berlusconi-asisten-sus-amantes-y-su-ex-mujer\\\/#primaryimage\",\"url\":\"https:\\\/\\\/elcanillita.info\\\/press\\\/images\\\/2023\\\/06\\\/Berli0_20230615.jpg\",\"contentUrl\":\"https:\\\/\\\/elcanillita.info\\\/press\\\/images\\\/2023\\\/06\\\/Berli0_20230615.jpg\",\"width\":600,\"height\":376},{\"@type\":\"WebSite\",\"@id\":\"https:\\\/\\\/elcanillita.info\\\/press\\\/#website\",\"url\":\"https:\\\/\\\/elcanillita.info\\\/press\\\/\",\"name\":\"ElCanillita.Info\",\"description\":\"desde los Apeninos a los Andes\",\"publisher\":{\"@id\":\"https:\\\/\\\/elcanillita.info\\\/press\\\/#organization\"},\"potentialAction\":[{\"@type\":\"SearchAction\",\"target\":{\"@type\":\"EntryPoint\",\"urlTemplate\":\"https:\\\/\\\/elcanillita.info\\\/press\\\/?s={search_term_string}\"},\"query-input\":{\"@type\":\"PropertyValueSpecification\",\"valueRequired\":true,\"valueName\":\"search_term_string\"}}],\"inLanguage\":\"es-AR\"},{\"@type\":\"Organization\",\"@id\":\"https:\\\/\\\/elcanillita.info\\\/press\\\/#organization\",\"name\":\"Guzzo Photos & Graphic Publications\",\"url\":\"https:\\\/\\\/elcanillita.info\\\/press\\\/\",\"logo\":{\"@type\":\"ImageObject\",\"inLanguage\":\"es-AR\",\"@id\":\"https:\\\/\\\/elcanillita.info\\\/press\\\/#\\\/schema\\\/logo\\\/image\\\/\",\"url\":\"https:\\\/\\\/elcanillita.info\\\/press\\\/images\\\/2020\\\/01\\\/cropped-cropped-cropped-elcanillitainfo.png\",\"contentUrl\":\"https:\\\/\\\/elcanillita.info\\\/press\\\/images\\\/2020\\\/01\\\/cropped-cropped-cropped-elcanillitainfo.png\",\"width\":460,\"height\":50,\"caption\":\"Guzzo Photos & Graphic Publications\"},\"image\":{\"@id\":\"https:\\\/\\\/elcanillita.info\\\/press\\\/#\\\/schema\\\/logo\\\/image\\\/\"},\"sameAs\":[\"https:\\\/\\\/ar-ar.facebook.com\\\/ElCanillitainfo-114249515285712\\\/\"]},{\"@type\":\"Person\",\"@id\":\"https:\\\/\\\/elcanillita.info\\\/press\\\/#\\\/schema\\\/person\\\/7fcb79f38045700919f7da6d97e71ba0\",\"name\":\"SalaStampa.eu, world press service\",\"image\":{\"@type\":\"ImageObject\",\"inLanguage\":\"es-AR\",\"@id\":\"https:\\\/\\\/secure.gravatar.com\\\/avatar\\\/c2f0e0d515a107624234994507816ca4724c7199cef73fc8bedebf6931d73888?s=96&d=mm&r=g\",\"url\":\"https:\\\/\\\/secure.gravatar.com\\\/avatar\\\/c2f0e0d515a107624234994507816ca4724c7199cef73fc8bedebf6931d73888?s=96&d=mm&r=g\",\"contentUrl\":\"https:\\\/\\\/secure.gravatar.com\\\/avatar\\\/c2f0e0d515a107624234994507816ca4724c7199cef73fc8bedebf6931d73888?s=96&d=mm&r=g\",\"caption\":\"SalaStampa.eu, world press service\"}}]}<\/script>\n<!-- \/ Yoast SEO plugin. -->","yoast_head_json":{"title":"Al funeral de Berlusconi asisten sus amantes y su ex mujer - ElCanillita.Info","description":"Antiguas parejas de Berlusconi y su \u00faltima novia le lloran en Mil\u00e1n pero pol\u00edticos rivales atacan el d\u00eda de luto nacional.","robots":{"index":"index","follow":"follow","max-snippet":"max-snippet:-1","max-image-preview":"max-image-preview:large","max-video-preview":"max-video-preview:-1"},"canonical":"https:\/\/elcanillita.info\/press\/2023\/06\/15\/al-funeral-de-berlusconi-asisten-sus-amantes-y-su-ex-mujer\/","og_locale":"es_ES","og_type":"article","og_title":"Al funeral de Berlusconi asisten sus amantes y su ex mujer - ElCanillita.Info","og_description":"Antiguas parejas de Berlusconi y su \u00faltima novia le lloran en Mil\u00e1n pero pol\u00edticos rivales atacan el d\u00eda de luto nacional.","og_url":"https:\/\/elcanillita.info\/press\/2023\/06\/15\/al-funeral-de-berlusconi-asisten-sus-amantes-y-su-ex-mujer\/","og_site_name":"ElCanillita.Info","article_publisher":"https:\/\/ar-ar.facebook.com\/ElCanillitainfo-114249515285712\/","article_published_time":"2023-06-15T05:42:00+00:00","article_modified_time":"2023-06-16T06:18:03+00:00","og_image":[{"width":600,"height":376,"url":"https:\/\/elcanillita.info\/press\/images\/2023\/06\/Berli0_20230615.jpg","type":"image\/jpeg"}],"author":"SalaStampa.eu, world press service","twitter_card":"summary_large_image","twitter_misc":{"Escrito por":"SalaStampa.eu, world press service","Tiempo de lectura":"8 minutos"},"schema":{"@context":"https:\/\/schema.org","@graph":[{"@type":"Article","@id":"https:\/\/elcanillita.info\/press\/2023\/06\/15\/al-funeral-de-berlusconi-asisten-sus-amantes-y-su-ex-mujer\/#article","isPartOf":{"@id":"https:\/\/elcanillita.info\/press\/2023\/06\/15\/al-funeral-de-berlusconi-asisten-sus-amantes-y-su-ex-mujer\/"},"author":{"name":"SalaStampa.eu, world press service","@id":"https:\/\/elcanillita.info\/press\/#\/schema\/person\/7fcb79f38045700919f7da6d97e71ba0"},"headline":"Al funeral de Berlusconi asisten sus amantes y su ex mujer","datePublished":"2023-06-15T05:42:00+00:00","dateModified":"2023-06-16T06:18:03+00:00","mainEntityOfPage":{"@id":"https:\/\/elcanillita.info\/press\/2023\/06\/15\/al-funeral-de-berlusconi-asisten-sus-amantes-y-su-ex-mujer\/"},"wordCount":1677,"publisher":{"@id":"https:\/\/elcanillita.info\/press\/#organization"},"image":{"@id":"https:\/\/elcanillita.info\/press\/2023\/06\/15\/al-funeral-de-berlusconi-asisten-sus-amantes-y-su-ex-mujer\/#primaryimage"},"thumbnailUrl":"https:\/\/elcanillita.info\/press\/images\/2023\/06\/Berli0_20230615.jpg","keywords":["Italia"],"articleSection":[".","Actualidad","Politica"],"inLanguage":"es-AR"},{"@type":"WebPage","@id":"https:\/\/elcanillita.info\/press\/2023\/06\/15\/al-funeral-de-berlusconi-asisten-sus-amantes-y-su-ex-mujer\/","url":"https:\/\/elcanillita.info\/press\/2023\/06\/15\/al-funeral-de-berlusconi-asisten-sus-amantes-y-su-ex-mujer\/","name":"Al funeral de Berlusconi asisten sus amantes y su ex mujer - ElCanillita.Info","isPartOf":{"@id":"https:\/\/elcanillita.info\/press\/#website"},"primaryImageOfPage":{"@id":"https:\/\/elcanillita.info\/press\/2023\/06\/15\/al-funeral-de-berlusconi-asisten-sus-amantes-y-su-ex-mujer\/#primaryimage"},"image":{"@id":"https:\/\/elcanillita.info\/press\/2023\/06\/15\/al-funeral-de-berlusconi-asisten-sus-amantes-y-su-ex-mujer\/#primaryimage"},"thumbnailUrl":"https:\/\/elcanillita.info\/press\/images\/2023\/06\/Berli0_20230615.jpg","datePublished":"2023-06-15T05:42:00+00:00","dateModified":"2023-06-16T06:18:03+00:00","description":"Antiguas parejas de Berlusconi y su \u00faltima novia le lloran en Mil\u00e1n pero pol\u00edticos rivales atacan el d\u00eda de luto nacional.","inLanguage":"es-AR","potentialAction":[{"@type":"ReadAction","target":["https:\/\/elcanillita.info\/press\/2023\/06\/15\/al-funeral-de-berlusconi-asisten-sus-amantes-y-su-ex-mujer\/"]}]},{"@type":"ImageObject","inLanguage":"es-AR","@id":"https:\/\/elcanillita.info\/press\/2023\/06\/15\/al-funeral-de-berlusconi-asisten-sus-amantes-y-su-ex-mujer\/#primaryimage","url":"https:\/\/elcanillita.info\/press\/images\/2023\/06\/Berli0_20230615.jpg","contentUrl":"https:\/\/elcanillita.info\/press\/images\/2023\/06\/Berli0_20230615.jpg","width":600,"height":376},{"@type":"WebSite","@id":"https:\/\/elcanillita.info\/press\/#website","url":"https:\/\/elcanillita.info\/press\/","name":"ElCanillita.Info","description":"desde los Apeninos a los Andes","publisher":{"@id":"https:\/\/elcanillita.info\/press\/#organization"},"potentialAction":[{"@type":"SearchAction","target":{"@type":"EntryPoint","urlTemplate":"https:\/\/elcanillita.info\/press\/?s={search_term_string}"},"query-input":{"@type":"PropertyValueSpecification","valueRequired":true,"valueName":"search_term_string"}}],"inLanguage":"es-AR"},{"@type":"Organization","@id":"https:\/\/elcanillita.info\/press\/#organization","name":"Guzzo Photos & Graphic Publications","url":"https:\/\/elcanillita.info\/press\/","logo":{"@type":"ImageObject","inLanguage":"es-AR","@id":"https:\/\/elcanillita.info\/press\/#\/schema\/logo\/image\/","url":"https:\/\/elcanillita.info\/press\/images\/2020\/01\/cropped-cropped-cropped-elcanillitainfo.png","contentUrl":"https:\/\/elcanillita.info\/press\/images\/2020\/01\/cropped-cropped-cropped-elcanillitainfo.png","width":460,"height":50,"caption":"Guzzo Photos & Graphic Publications"},"image":{"@id":"https:\/\/elcanillita.info\/press\/#\/schema\/logo\/image\/"},"sameAs":["https:\/\/ar-ar.facebook.com\/ElCanillitainfo-114249515285712\/"]},{"@type":"Person","@id":"https:\/\/elcanillita.info\/press\/#\/schema\/person\/7fcb79f38045700919f7da6d97e71ba0","name":"SalaStampa.eu, world press service","image":{"@type":"ImageObject","inLanguage":"es-AR","@id":"https:\/\/secure.gravatar.com\/avatar\/c2f0e0d515a107624234994507816ca4724c7199cef73fc8bedebf6931d73888?s=96&d=mm&r=g","url":"https:\/\/secure.gravatar.com\/avatar\/c2f0e0d515a107624234994507816ca4724c7199cef73fc8bedebf6931d73888?s=96&d=mm&r=g","contentUrl":"https:\/\/secure.gravatar.com\/avatar\/c2f0e0d515a107624234994507816ca4724c7199cef73fc8bedebf6931d73888?s=96&d=mm&r=g","caption":"SalaStampa.eu, world press service"}}]}},"views":365,"_links":{"self":[{"href":"https:\/\/elcanillita.info\/press\/wp-json\/wp\/v2\/posts\/3531","targetHints":{"allow":["GET"]}}],"collection":[{"href":"https:\/\/elcanillita.info\/press\/wp-json\/wp\/v2\/posts"}],"about":[{"href":"https:\/\/elcanillita.info\/press\/wp-json\/wp\/v2\/types\/post"}],"author":[{"embeddable":true,"href":"https:\/\/elcanillita.info\/press\/wp-json\/wp\/v2\/users\/1"}],"replies":[{"embeddable":true,"href":"https:\/\/elcanillita.info\/press\/wp-json\/wp\/v2\/comments?post=3531"}],"version-history":[{"count":0,"href":"https:\/\/elcanillita.info\/press\/wp-json\/wp\/v2\/posts\/3531\/revisions"}],"wp:featuredmedia":[{"embeddable":true,"href":"https:\/\/elcanillita.info\/press\/wp-json\/wp\/v2\/media\/3534"}],"wp:attachment":[{"href":"https:\/\/elcanillita.info\/press\/wp-json\/wp\/v2\/media?parent=3531"}],"wp:term":[{"taxonomy":"category","embeddable":true,"href":"https:\/\/elcanillita.info\/press\/wp-json\/wp\/v2\/categories?post=3531"},{"taxonomy":"post_tag","embeddable":true,"href":"https:\/\/elcanillita.info\/press\/wp-json\/wp\/v2\/tags?post=3531"}],"curies":[{"name":"wp","href":"https:\/\/api.w.org\/{rel}","templated":true}]}}