{"id":353,"date":"2020-02-06T09:01:32","date_gmt":"2020-02-06T12:01:32","guid":{"rendered":"https:\/\/elcanillita.info\/press\/?p=353"},"modified":"2020-02-06T09:02:02","modified_gmt":"2020-02-06T12:02:02","slug":"presidente-bolsonaro-critica-severamente-directora-petra-costa","status":"publish","type":"post","link":"https:\/\/elcanillita.info\/press\/2020\/02\/06\/presidente-bolsonaro-critica-severamente-directora-petra-costa\/","title":{"rendered":"Presidente Bolsonaro critica severamente a directora Petra Costa"},"content":{"rendered":"\n<p>Los Angeles, 06.02.2020 &#8211; Una nominaci\u00f3n al Oscar suele ser motivo de orgullo para el gobierno de cualquier pa\u00eds, pero ese no el caso del documental de Netflix \u201cAl filo de la democracia\u201d, cuya directora Petra Costa recibi\u00f3 duras cr\u00edticas del presidente brasile\u00f1o Jair Bolsonaro.<\/p>\n\n\n\n<p>El documental de Costa, de 36 a\u00f1os, aborda las disputas pol\u00edticas que polarizaron al pa\u00eds en los \u00faltimos a\u00f1os, trazando una l\u00ednea entre la llegada al poder de Luiz In\u00e1cio Lula da Silva en 2003, las grandes protestas callejeras de 2013, la destituci\u00f3n de la exmandataria Dilma Rousseff y la elecci\u00f3n como presidente de Bolsonaro.<\/p>\n\n\n\n<p>En una entrevista con el periodista estadounidense Hari Sreenivasan en PBS la semana pasada, Costa dijo que Bolsonaro representa un riesgo para la democracia del pa\u00eds, adem\u00e1s de acusarlo de atacar los derechos de las minor\u00edas y de convertir el Amazonas en una sabana, lo que desat\u00f3 cr\u00edticas del gobierno.<\/p>\n\n\n\n<p>Costa, quien se convirti\u00f3 en una figura polarizadora en Brasil, tambi\u00e9n apunt\u00f3 a los asesinatos de personas a manos de la polic\u00eda, que dijo aumentaron un 20% en R\u00edo de Janeiro desde la elecci\u00f3n del presidente.<\/p>\n\n\n\n<p>THE IRISHMAN<\/p>\n\n\n\n<p>Netflix llegar\u00e1 el domingo a la ceremonia de los premios de la Academia con m\u00e1s nominaciones que cualquier otro distribuidor de pel\u00edculas, pero \u00bfpodr\u00e1 el servicio de streaming finalmente ganar el mayor premio de la industria del cine?<\/p>\n\n\n\n<p>La pel\u00edcula \u00e9pica de la mafia de Netflix \u201cThe Irishman\u201d tiene posibilidades de ganar un Oscar a mejor pel\u00edcula, seg\u00fan expertos en los premios.<\/p>\n\n\n\n<p>No obstante, se enfrenta a la dura competencia del drama de la Primera Guerra Mundial \u201c1917\u201d de Warner Bros, el filme de Quentin Tarantino \u201cHab\u00eda una vez en Hollywood\u201d de Sony Corp y la pel\u00edcula surcoreana \u201cParasitos\u201d de la compa\u00f1\u00eda privada Neon.<\/p>\n\n\n\n<p>Ganar la estatuilla a mejor pel\u00edcula por primera vez har\u00eda crecer la reputaci\u00f3n de Netflix en el negocio del cine y le dar\u00eda nuevos derechos para presumir en la lucha cada vez m\u00e1s competitiva por los espectadores de video por streaming.<\/p>\n\n\n\n<p>\u201cThe Irishman\u201d, que se exhibe en cines y v\u00eda streaming por Netflix, presenta un equipo creativo de primer nivel integrado por ganadores anteriores del Oscar.<\/p>\n\n\n\n<p>El filme fue dirigido por Martin Scorsese y est\u00e1 protagonizado por Robert De Niro, Al Pacino y Joe Pesci, adem\u00e1s de ser una de las pel\u00edculas m\u00e1s caras de Netflix hasta la fecha con un presupuesto de producci\u00f3n de unos 160 millones de d\u00f3lares.<\/p>\n\n\n\n<p>Las cr\u00edticas elogiaron el filme, que fue lanzado en noviembre. Su elecci\u00f3n este a\u00f1o como mejor pel\u00edcula depende de unos 8.000 miembros con derecho a voto de la Academia de Artes y Ciencias Cinematogr\u00e1ficas.<\/p>\n\n\n\n<p>Expertos encuestados por el sitio de premios Gold Derby hasta el lunes favorec\u00edan a \u201c1917\u201d, con un 11-2 de posibilidades de ganar, mientras \u201cThe Irishman\u201d estaba en 17-2.<\/p>\n\n\n\n<p>\u201cThe Irishman\u201d consigui\u00f3 pocos premios de grupos como Screen Actors Guild y Producers Guild of America, que funcionan como indicadores de los favoritos a ganar el Oscar a mejor pel\u00edcula.<br><br><small>2020 voanoticias \u2013 salastampa.eu, afiliada a la red Broadcasting Board of Governors \u00a9 2020 BBG<\/small><\/p>\n","protected":false},"excerpt":{"rendered":"<p>Los Angeles, 06.02.2020 &#8211; Una nominaci\u00f3n al Oscar suele ser motivo de orgullo para el gobierno de cualquier pa\u00eds, pero ese no el caso del documental de Netflix \u201cAl filo de la democracia\u201d, cuya directora Petra Costa recibi\u00f3 duras cr\u00edticas del presidente brasile\u00f1o Jair Bolsonaro.<\/p>\n","protected":false},"author":1,"featured_media":0,"comment_status":"closed","ping_status":"closed","sticky":false,"template":"","format":"standard","meta":{"footnotes":"","_links_to":"","_links_to_target":""},"categories":[70,9,11,19,23,25],"tags":[34],"class_list":["post-353","post","type-post","status-publish","format-standard","hentry","category-actualidad","category-america-del-norte","category-america-del-sur","category-cultura","category-politica","category-sociedad","tag-estados-unidos","entry","double"],"yoast_head":"<!-- This site is optimized with the Yoast SEO plugin v27.5 - https:\/\/yoast.com\/product\/yoast-seo-wordpress\/ -->\n<title>Presidente Bolsonaro critica severamente a directora Petra Costa - ElCanillita.Info<\/title>\n<meta name=\"robots\" content=\"index, follow, max-snippet:-1, max-image-preview:large, max-video-preview:-1\" \/>\n<link rel=\"canonical\" href=\"https:\/\/elcanillita.info\/press\/2020\/02\/06\/presidente-bolsonaro-critica-severamente-directora-petra-costa\/\" \/>\n<meta property=\"og:locale\" content=\"es_ES\" \/>\n<meta property=\"og:type\" content=\"article\" \/>\n<meta property=\"og:title\" content=\"Presidente Bolsonaro critica severamente a directora Petra Costa - ElCanillita.Info\" \/>\n<meta property=\"og:description\" content=\"Los Angeles, 06.02.2020 - Una nominaci\u00f3n al Oscar suele ser motivo de orgullo para el gobierno de cualquier pa\u00eds, pero ese no el caso del documental de Netflix \u201cAl filo de la democracia\u201d, cuya directora Petra Costa recibi\u00f3 duras cr\u00edticas del presidente brasile\u00f1o Jair Bolsonaro.\" \/>\n<meta property=\"og:url\" content=\"https:\/\/elcanillita.info\/press\/2020\/02\/06\/presidente-bolsonaro-critica-severamente-directora-petra-costa\/\" \/>\n<meta property=\"og:site_name\" content=\"ElCanillita.Info\" \/>\n<meta property=\"article:publisher\" content=\"https:\/\/ar-ar.facebook.com\/ElCanillitainfo-114249515285712\/\" \/>\n<meta property=\"article:published_time\" content=\"2020-02-06T12:01:32+00:00\" \/>\n<meta property=\"article:modified_time\" content=\"2020-02-06T12:02:02+00:00\" \/>\n<meta name=\"author\" content=\"SalaStampa.eu, world press service\" \/>\n<meta name=\"twitter:card\" content=\"summary_large_image\" \/>\n<meta name=\"twitter:label1\" content=\"Escrito por\" \/>\n\t<meta name=\"twitter:data1\" content=\"SalaStampa.eu, world press service\" \/>\n\t<meta name=\"twitter:label2\" content=\"Tiempo de lectura\" \/>\n\t<meta name=\"twitter:data2\" content=\"3 minutos\" \/>\n<script type=\"application\/ld+json\" class=\"yoast-schema-graph\">{\"@context\":\"https:\\\/\\\/schema.org\",\"@graph\":[{\"@type\":\"Article\",\"@id\":\"https:\\\/\\\/elcanillita.info\\\/press\\\/2020\\\/02\\\/06\\\/presidente-bolsonaro-critica-severamente-directora-petra-costa\\\/#article\",\"isPartOf\":{\"@id\":\"https:\\\/\\\/elcanillita.info\\\/press\\\/2020\\\/02\\\/06\\\/presidente-bolsonaro-critica-severamente-directora-petra-costa\\\/\"},\"author\":{\"name\":\"SalaStampa.eu, world press service\",\"@id\":\"https:\\\/\\\/elcanillita.info\\\/press\\\/#\\\/schema\\\/person\\\/7fcb79f38045700919f7da6d97e71ba0\"},\"headline\":\"Presidente Bolsonaro critica severamente a directora Petra Costa\",\"datePublished\":\"2020-02-06T12:01:32+00:00\",\"dateModified\":\"2020-02-06T12:02:02+00:00\",\"mainEntityOfPage\":{\"@id\":\"https:\\\/\\\/elcanillita.info\\\/press\\\/2020\\\/02\\\/06\\\/presidente-bolsonaro-critica-severamente-directora-petra-costa\\\/\"},\"wordCount\":551,\"publisher\":{\"@id\":\"https:\\\/\\\/elcanillita.info\\\/press\\\/#organization\"},\"keywords\":[\"Estados Unidos\"],\"articleSection\":[\"Actualidad\",\"Am\u00e9rica del Norte\",\"Am\u00e9rica del Sur\",\"Cultura\",\"Politica\",\"Sociedad\"],\"inLanguage\":\"es-AR\"},{\"@type\":\"WebPage\",\"@id\":\"https:\\\/\\\/elcanillita.info\\\/press\\\/2020\\\/02\\\/06\\\/presidente-bolsonaro-critica-severamente-directora-petra-costa\\\/\",\"url\":\"https:\\\/\\\/elcanillita.info\\\/press\\\/2020\\\/02\\\/06\\\/presidente-bolsonaro-critica-severamente-directora-petra-costa\\\/\",\"name\":\"Presidente Bolsonaro critica severamente a directora Petra Costa - ElCanillita.Info\",\"isPartOf\":{\"@id\":\"https:\\\/\\\/elcanillita.info\\\/press\\\/#website\"},\"datePublished\":\"2020-02-06T12:01:32+00:00\",\"dateModified\":\"2020-02-06T12:02:02+00:00\",\"inLanguage\":\"es-AR\",\"potentialAction\":[{\"@type\":\"ReadAction\",\"target\":[\"https:\\\/\\\/elcanillita.info\\\/press\\\/2020\\\/02\\\/06\\\/presidente-bolsonaro-critica-severamente-directora-petra-costa\\\/\"]}]},{\"@type\":\"WebSite\",\"@id\":\"https:\\\/\\\/elcanillita.info\\\/press\\\/#website\",\"url\":\"https:\\\/\\\/elcanillita.info\\\/press\\\/\",\"name\":\"ElCanillita.Info\",\"description\":\"desde los Apeninos a los Andes\",\"publisher\":{\"@id\":\"https:\\\/\\\/elcanillita.info\\\/press\\\/#organization\"},\"potentialAction\":[{\"@type\":\"SearchAction\",\"target\":{\"@type\":\"EntryPoint\",\"urlTemplate\":\"https:\\\/\\\/elcanillita.info\\\/press\\\/?s={search_term_string}\"},\"query-input\":{\"@type\":\"PropertyValueSpecification\",\"valueRequired\":true,\"valueName\":\"search_term_string\"}}],\"inLanguage\":\"es-AR\"},{\"@type\":\"Organization\",\"@id\":\"https:\\\/\\\/elcanillita.info\\\/press\\\/#organization\",\"name\":\"Guzzo Photos & Graphic Publications\",\"url\":\"https:\\\/\\\/elcanillita.info\\\/press\\\/\",\"logo\":{\"@type\":\"ImageObject\",\"inLanguage\":\"es-AR\",\"@id\":\"https:\\\/\\\/elcanillita.info\\\/press\\\/#\\\/schema\\\/logo\\\/image\\\/\",\"url\":\"https:\\\/\\\/elcanillita.info\\\/press\\\/images\\\/2020\\\/01\\\/cropped-cropped-cropped-elcanillitainfo.png\",\"contentUrl\":\"https:\\\/\\\/elcanillita.info\\\/press\\\/images\\\/2020\\\/01\\\/cropped-cropped-cropped-elcanillitainfo.png\",\"width\":460,\"height\":50,\"caption\":\"Guzzo Photos & Graphic Publications\"},\"image\":{\"@id\":\"https:\\\/\\\/elcanillita.info\\\/press\\\/#\\\/schema\\\/logo\\\/image\\\/\"},\"sameAs\":[\"https:\\\/\\\/ar-ar.facebook.com\\\/ElCanillitainfo-114249515285712\\\/\"]},{\"@type\":\"Person\",\"@id\":\"https:\\\/\\\/elcanillita.info\\\/press\\\/#\\\/schema\\\/person\\\/7fcb79f38045700919f7da6d97e71ba0\",\"name\":\"SalaStampa.eu, world press service\",\"image\":{\"@type\":\"ImageObject\",\"inLanguage\":\"es-AR\",\"@id\":\"https:\\\/\\\/secure.gravatar.com\\\/avatar\\\/c2f0e0d515a107624234994507816ca4724c7199cef73fc8bedebf6931d73888?s=96&d=mm&r=g\",\"url\":\"https:\\\/\\\/secure.gravatar.com\\\/avatar\\\/c2f0e0d515a107624234994507816ca4724c7199cef73fc8bedebf6931d73888?s=96&d=mm&r=g\",\"contentUrl\":\"https:\\\/\\\/secure.gravatar.com\\\/avatar\\\/c2f0e0d515a107624234994507816ca4724c7199cef73fc8bedebf6931d73888?s=96&d=mm&r=g\",\"caption\":\"SalaStampa.eu, world press service\"}}]}<\/script>\n<!-- \/ Yoast SEO plugin. -->","yoast_head_json":{"title":"Presidente Bolsonaro critica severamente a directora Petra Costa - ElCanillita.Info","robots":{"index":"index","follow":"follow","max-snippet":"max-snippet:-1","max-image-preview":"max-image-preview:large","max-video-preview":"max-video-preview:-1"},"canonical":"https:\/\/elcanillita.info\/press\/2020\/02\/06\/presidente-bolsonaro-critica-severamente-directora-petra-costa\/","og_locale":"es_ES","og_type":"article","og_title":"Presidente Bolsonaro critica severamente a directora Petra Costa - ElCanillita.Info","og_description":"Los Angeles, 06.02.2020 - Una nominaci\u00f3n al Oscar suele ser motivo de orgullo para el gobierno de cualquier pa\u00eds, pero ese no el caso del documental de Netflix \u201cAl filo de la democracia\u201d, cuya directora Petra Costa recibi\u00f3 duras cr\u00edticas del presidente brasile\u00f1o Jair Bolsonaro.","og_url":"https:\/\/elcanillita.info\/press\/2020\/02\/06\/presidente-bolsonaro-critica-severamente-directora-petra-costa\/","og_site_name":"ElCanillita.Info","article_publisher":"https:\/\/ar-ar.facebook.com\/ElCanillitainfo-114249515285712\/","article_published_time":"2020-02-06T12:01:32+00:00","article_modified_time":"2020-02-06T12:02:02+00:00","author":"SalaStampa.eu, world press service","twitter_card":"summary_large_image","twitter_misc":{"Escrito por":"SalaStampa.eu, world press service","Tiempo de lectura":"3 minutos"},"schema":{"@context":"https:\/\/schema.org","@graph":[{"@type":"Article","@id":"https:\/\/elcanillita.info\/press\/2020\/02\/06\/presidente-bolsonaro-critica-severamente-directora-petra-costa\/#article","isPartOf":{"@id":"https:\/\/elcanillita.info\/press\/2020\/02\/06\/presidente-bolsonaro-critica-severamente-directora-petra-costa\/"},"author":{"name":"SalaStampa.eu, world press service","@id":"https:\/\/elcanillita.info\/press\/#\/schema\/person\/7fcb79f38045700919f7da6d97e71ba0"},"headline":"Presidente Bolsonaro critica severamente a directora Petra Costa","datePublished":"2020-02-06T12:01:32+00:00","dateModified":"2020-02-06T12:02:02+00:00","mainEntityOfPage":{"@id":"https:\/\/elcanillita.info\/press\/2020\/02\/06\/presidente-bolsonaro-critica-severamente-directora-petra-costa\/"},"wordCount":551,"publisher":{"@id":"https:\/\/elcanillita.info\/press\/#organization"},"keywords":["Estados Unidos"],"articleSection":["Actualidad","Am\u00e9rica del Norte","Am\u00e9rica del Sur","Cultura","Politica","Sociedad"],"inLanguage":"es-AR"},{"@type":"WebPage","@id":"https:\/\/elcanillita.info\/press\/2020\/02\/06\/presidente-bolsonaro-critica-severamente-directora-petra-costa\/","url":"https:\/\/elcanillita.info\/press\/2020\/02\/06\/presidente-bolsonaro-critica-severamente-directora-petra-costa\/","name":"Presidente Bolsonaro critica severamente a directora Petra Costa - ElCanillita.Info","isPartOf":{"@id":"https:\/\/elcanillita.info\/press\/#website"},"datePublished":"2020-02-06T12:01:32+00:00","dateModified":"2020-02-06T12:02:02+00:00","inLanguage":"es-AR","potentialAction":[{"@type":"ReadAction","target":["https:\/\/elcanillita.info\/press\/2020\/02\/06\/presidente-bolsonaro-critica-severamente-directora-petra-costa\/"]}]},{"@type":"WebSite","@id":"https:\/\/elcanillita.info\/press\/#website","url":"https:\/\/elcanillita.info\/press\/","name":"ElCanillita.Info","description":"desde los Apeninos a los Andes","publisher":{"@id":"https:\/\/elcanillita.info\/press\/#organization"},"potentialAction":[{"@type":"SearchAction","target":{"@type":"EntryPoint","urlTemplate":"https:\/\/elcanillita.info\/press\/?s={search_term_string}"},"query-input":{"@type":"PropertyValueSpecification","valueRequired":true,"valueName":"search_term_string"}}],"inLanguage":"es-AR"},{"@type":"Organization","@id":"https:\/\/elcanillita.info\/press\/#organization","name":"Guzzo Photos & Graphic Publications","url":"https:\/\/elcanillita.info\/press\/","logo":{"@type":"ImageObject","inLanguage":"es-AR","@id":"https:\/\/elcanillita.info\/press\/#\/schema\/logo\/image\/","url":"https:\/\/elcanillita.info\/press\/images\/2020\/01\/cropped-cropped-cropped-elcanillitainfo.png","contentUrl":"https:\/\/elcanillita.info\/press\/images\/2020\/01\/cropped-cropped-cropped-elcanillitainfo.png","width":460,"height":50,"caption":"Guzzo Photos & Graphic Publications"},"image":{"@id":"https:\/\/elcanillita.info\/press\/#\/schema\/logo\/image\/"},"sameAs":["https:\/\/ar-ar.facebook.com\/ElCanillitainfo-114249515285712\/"]},{"@type":"Person","@id":"https:\/\/elcanillita.info\/press\/#\/schema\/person\/7fcb79f38045700919f7da6d97e71ba0","name":"SalaStampa.eu, world press service","image":{"@type":"ImageObject","inLanguage":"es-AR","@id":"https:\/\/secure.gravatar.com\/avatar\/c2f0e0d515a107624234994507816ca4724c7199cef73fc8bedebf6931d73888?s=96&d=mm&r=g","url":"https:\/\/secure.gravatar.com\/avatar\/c2f0e0d515a107624234994507816ca4724c7199cef73fc8bedebf6931d73888?s=96&d=mm&r=g","contentUrl":"https:\/\/secure.gravatar.com\/avatar\/c2f0e0d515a107624234994507816ca4724c7199cef73fc8bedebf6931d73888?s=96&d=mm&r=g","caption":"SalaStampa.eu, world press service"}}]}},"views":753,"_links":{"self":[{"href":"https:\/\/elcanillita.info\/press\/wp-json\/wp\/v2\/posts\/353","targetHints":{"allow":["GET"]}}],"collection":[{"href":"https:\/\/elcanillita.info\/press\/wp-json\/wp\/v2\/posts"}],"about":[{"href":"https:\/\/elcanillita.info\/press\/wp-json\/wp\/v2\/types\/post"}],"author":[{"embeddable":true,"href":"https:\/\/elcanillita.info\/press\/wp-json\/wp\/v2\/users\/1"}],"replies":[{"embeddable":true,"href":"https:\/\/elcanillita.info\/press\/wp-json\/wp\/v2\/comments?post=353"}],"version-history":[{"count":0,"href":"https:\/\/elcanillita.info\/press\/wp-json\/wp\/v2\/posts\/353\/revisions"}],"wp:attachment":[{"href":"https:\/\/elcanillita.info\/press\/wp-json\/wp\/v2\/media?parent=353"}],"wp:term":[{"taxonomy":"category","embeddable":true,"href":"https:\/\/elcanillita.info\/press\/wp-json\/wp\/v2\/categories?post=353"},{"taxonomy":"post_tag","embeddable":true,"href":"https:\/\/elcanillita.info\/press\/wp-json\/wp\/v2\/tags?post=353"}],"curies":[{"name":"wp","href":"https:\/\/api.w.org\/{rel}","templated":true}]}}