{"id":352,"date":"2020-02-06T08:44:19","date_gmt":"2020-02-06T11:44:19","guid":{"rendered":"https:\/\/elcanillita.info\/press\/?p=352"},"modified":"2020-02-06T08:47:59","modified_gmt":"2020-02-06T11:47:59","slug":"fallece-actor-kirk-douglas-103-anos-edad","status":"publish","type":"post","link":"https:\/\/elcanillita.info\/press\/2020\/02\/06\/fallece-actor-kirk-douglas-103-anos-edad\/","title":{"rendered":"Fallece el actor Kirk Douglas a los 103 a\u00f1os de edad"},"content":{"rendered":"\n<p>California, 06.02.2020 &#8211; Kirk Douglas, la estrella de cine de barbilla hendida que luch\u00f3 desde la pantalla en Hollywood contra gladiadores, vaqueros y boxeadores, muri\u00f3 el mi\u00e9rcoles a la edad de 103 a\u00f1os, dijo su hijo Michael Douglas.<\/p>\n\n\n\n<p>&#8220;Con gran tristeza, mis hermanos y yo anunciamos que Kirk Douglas nos dej\u00f3 hoy a la edad de 103 a\u00f1os&#8221;, dijo Michael en un comunicado a la revista People y en su p\u00e1gina de Facebook.<br>\n&#8220;Para el mundo, era una leyenda, un actor de la \u00e9poca dorada de las pel\u00edculas que vivi\u00f3 bien en sus a\u00f1os dorados, un humanitario cuyo compromiso con la justicia y las causas en las que cre\u00eda establecieron un est\u00e1ndar al que todos aspiramos&#8221;, agreg\u00f3 el hijo de la estrella cinematogr\u00e1fica.<\/p>\n\n\n\n<p>&#8220;La vida de Kirk fue bien vivida, y deja un legado en el cine que perdurar\u00e1 por las generaciones venideras, y una historia como un reconocido fil\u00e1ntropo que trabaj\u00f3 para ayudar al p\u00fablico y traer la paz al planeta&#8221;, agreg\u00f3 Michael, diciendo que estaba &#8220;tan orgulloso de ser el hijo de su padre&#8221;.<\/p>\n\n\n\n<p>Douglas hizo m\u00e1s de 90 pel\u00edculas en una carrera que se extendi\u00f3 a lo largo de siete d\u00e9cadas en obras como &#8220;Spartacus&#8221; y &#8220;The Vikings&#8221;, y lo convirtieron en una de las mayores estrellas taquilleras de los a\u00f1os 50 y 60.<\/p>\n\n\n\n<p>Tambi\u00e9n jug\u00f3 un papel importante en romper la lista negra de Hollywood: actores, directores y escritores que fueron rechazados profesionalmente debido a los v\u00ednculos con el movimiento comunista en la d\u00e9cada de 1950. Douglas dijo que estaba m\u00e1s orgulloso de eso que de cualquier pel\u00edcula que hizo.<br><br><small>2020 voanoticias \u2013 salastampa.eu, afiliada a la red Broadcasting Board of Governors \u00a9 2020 BBG<\/small><\/p>\n","protected":false},"excerpt":{"rendered":"<p>California, 06.02.2020 &#8211; Kirk Douglas, la estrella de cine de barbilla hendida que luch\u00f3 desde la pantalla en Hollywood contra gladiadores, vaqueros y boxeadores, muri\u00f3 el mi\u00e9rcoles a la edad de 103 a\u00f1os, dijo su hijo Michael Douglas.<\/p>\n","protected":false},"author":1,"featured_media":0,"comment_status":"closed","ping_status":"closed","sticky":false,"template":"","format":"standard","meta":{"footnotes":"","_links_to":"","_links_to_target":""},"categories":[70,9,19,25],"tags":[34],"class_list":["post-352","post","type-post","status-publish","format-standard","hentry","category-actualidad","category-america-del-norte","category-cultura","category-sociedad","tag-estados-unidos","entry","double"],"yoast_head":"<!-- This site is optimized with the Yoast SEO plugin v27.5 - https:\/\/yoast.com\/product\/yoast-seo-wordpress\/ -->\n<title>Fallece el actor Kirk Douglas a los 103 a\u00f1os de edad - ElCanillita.Info<\/title>\n<meta name=\"robots\" content=\"index, follow, max-snippet:-1, max-image-preview:large, max-video-preview:-1\" \/>\n<link rel=\"canonical\" href=\"https:\/\/elcanillita.info\/press\/2020\/02\/06\/fallece-actor-kirk-douglas-103-anos-edad\/\" \/>\n<meta property=\"og:locale\" content=\"es_ES\" \/>\n<meta property=\"og:type\" content=\"article\" \/>\n<meta property=\"og:title\" content=\"Fallece el actor Kirk Douglas a los 103 a\u00f1os de edad - ElCanillita.Info\" \/>\n<meta property=\"og:description\" content=\"California, 06.02.2020 - Kirk Douglas, la estrella de cine de barbilla hendida que luch\u00f3 desde la pantalla en Hollywood contra gladiadores, vaqueros y boxeadores, muri\u00f3 el mi\u00e9rcoles a la edad de 103 a\u00f1os, dijo su hijo Michael Douglas.\" \/>\n<meta property=\"og:url\" content=\"https:\/\/elcanillita.info\/press\/2020\/02\/06\/fallece-actor-kirk-douglas-103-anos-edad\/\" \/>\n<meta property=\"og:site_name\" content=\"ElCanillita.Info\" \/>\n<meta property=\"article:publisher\" content=\"https:\/\/ar-ar.facebook.com\/ElCanillitainfo-114249515285712\/\" \/>\n<meta property=\"article:published_time\" content=\"2020-02-06T11:44:19+00:00\" \/>\n<meta property=\"article:modified_time\" content=\"2020-02-06T11:47:59+00:00\" \/>\n<meta name=\"author\" content=\"SalaStampa.eu, world press service\" \/>\n<meta name=\"twitter:card\" content=\"summary_large_image\" \/>\n<meta name=\"twitter:label1\" content=\"Escrito por\" \/>\n\t<meta name=\"twitter:data1\" content=\"SalaStampa.eu, world press service\" \/>\n\t<meta name=\"twitter:label2\" content=\"Tiempo de lectura\" \/>\n\t<meta name=\"twitter:data2\" content=\"1 minuto\" \/>\n<script type=\"application\/ld+json\" class=\"yoast-schema-graph\">{\"@context\":\"https:\\\/\\\/schema.org\",\"@graph\":[{\"@type\":\"Article\",\"@id\":\"https:\\\/\\\/elcanillita.info\\\/press\\\/2020\\\/02\\\/06\\\/fallece-actor-kirk-douglas-103-anos-edad\\\/#article\",\"isPartOf\":{\"@id\":\"https:\\\/\\\/elcanillita.info\\\/press\\\/2020\\\/02\\\/06\\\/fallece-actor-kirk-douglas-103-anos-edad\\\/\"},\"author\":{\"name\":\"SalaStampa.eu, world press service\",\"@id\":\"https:\\\/\\\/elcanillita.info\\\/press\\\/#\\\/schema\\\/person\\\/7fcb79f38045700919f7da6d97e71ba0\"},\"headline\":\"Fallece el actor Kirk Douglas a los 103 a\u00f1os de edad\",\"datePublished\":\"2020-02-06T11:44:19+00:00\",\"dateModified\":\"2020-02-06T11:47:59+00:00\",\"mainEntityOfPage\":{\"@id\":\"https:\\\/\\\/elcanillita.info\\\/press\\\/2020\\\/02\\\/06\\\/fallece-actor-kirk-douglas-103-anos-edad\\\/\"},\"wordCount\":300,\"publisher\":{\"@id\":\"https:\\\/\\\/elcanillita.info\\\/press\\\/#organization\"},\"keywords\":[\"Estados Unidos\"],\"articleSection\":[\"Actualidad\",\"Am\u00e9rica del Norte\",\"Cultura\",\"Sociedad\"],\"inLanguage\":\"es-AR\"},{\"@type\":\"WebPage\",\"@id\":\"https:\\\/\\\/elcanillita.info\\\/press\\\/2020\\\/02\\\/06\\\/fallece-actor-kirk-douglas-103-anos-edad\\\/\",\"url\":\"https:\\\/\\\/elcanillita.info\\\/press\\\/2020\\\/02\\\/06\\\/fallece-actor-kirk-douglas-103-anos-edad\\\/\",\"name\":\"Fallece el actor Kirk Douglas a los 103 a\u00f1os de edad - ElCanillita.Info\",\"isPartOf\":{\"@id\":\"https:\\\/\\\/elcanillita.info\\\/press\\\/#website\"},\"datePublished\":\"2020-02-06T11:44:19+00:00\",\"dateModified\":\"2020-02-06T11:47:59+00:00\",\"inLanguage\":\"es-AR\",\"potentialAction\":[{\"@type\":\"ReadAction\",\"target\":[\"https:\\\/\\\/elcanillita.info\\\/press\\\/2020\\\/02\\\/06\\\/fallece-actor-kirk-douglas-103-anos-edad\\\/\"]}]},{\"@type\":\"WebSite\",\"@id\":\"https:\\\/\\\/elcanillita.info\\\/press\\\/#website\",\"url\":\"https:\\\/\\\/elcanillita.info\\\/press\\\/\",\"name\":\"ElCanillita.Info\",\"description\":\"desde los Apeninos a los Andes\",\"publisher\":{\"@id\":\"https:\\\/\\\/elcanillita.info\\\/press\\\/#organization\"},\"potentialAction\":[{\"@type\":\"SearchAction\",\"target\":{\"@type\":\"EntryPoint\",\"urlTemplate\":\"https:\\\/\\\/elcanillita.info\\\/press\\\/?s={search_term_string}\"},\"query-input\":{\"@type\":\"PropertyValueSpecification\",\"valueRequired\":true,\"valueName\":\"search_term_string\"}}],\"inLanguage\":\"es-AR\"},{\"@type\":\"Organization\",\"@id\":\"https:\\\/\\\/elcanillita.info\\\/press\\\/#organization\",\"name\":\"Guzzo Photos & Graphic Publications\",\"url\":\"https:\\\/\\\/elcanillita.info\\\/press\\\/\",\"logo\":{\"@type\":\"ImageObject\",\"inLanguage\":\"es-AR\",\"@id\":\"https:\\\/\\\/elcanillita.info\\\/press\\\/#\\\/schema\\\/logo\\\/image\\\/\",\"url\":\"https:\\\/\\\/elcanillita.info\\\/press\\\/images\\\/2020\\\/01\\\/cropped-cropped-cropped-elcanillitainfo.png\",\"contentUrl\":\"https:\\\/\\\/elcanillita.info\\\/press\\\/images\\\/2020\\\/01\\\/cropped-cropped-cropped-elcanillitainfo.png\",\"width\":460,\"height\":50,\"caption\":\"Guzzo Photos & Graphic Publications\"},\"image\":{\"@id\":\"https:\\\/\\\/elcanillita.info\\\/press\\\/#\\\/schema\\\/logo\\\/image\\\/\"},\"sameAs\":[\"https:\\\/\\\/ar-ar.facebook.com\\\/ElCanillitainfo-114249515285712\\\/\"]},{\"@type\":\"Person\",\"@id\":\"https:\\\/\\\/elcanillita.info\\\/press\\\/#\\\/schema\\\/person\\\/7fcb79f38045700919f7da6d97e71ba0\",\"name\":\"SalaStampa.eu, world press service\",\"image\":{\"@type\":\"ImageObject\",\"inLanguage\":\"es-AR\",\"@id\":\"https:\\\/\\\/secure.gravatar.com\\\/avatar\\\/c2f0e0d515a107624234994507816ca4724c7199cef73fc8bedebf6931d73888?s=96&d=mm&r=g\",\"url\":\"https:\\\/\\\/secure.gravatar.com\\\/avatar\\\/c2f0e0d515a107624234994507816ca4724c7199cef73fc8bedebf6931d73888?s=96&d=mm&r=g\",\"contentUrl\":\"https:\\\/\\\/secure.gravatar.com\\\/avatar\\\/c2f0e0d515a107624234994507816ca4724c7199cef73fc8bedebf6931d73888?s=96&d=mm&r=g\",\"caption\":\"SalaStampa.eu, world press service\"}}]}<\/script>\n<!-- \/ Yoast SEO plugin. -->","yoast_head_json":{"title":"Fallece el actor Kirk Douglas a los 103 a\u00f1os de edad - ElCanillita.Info","robots":{"index":"index","follow":"follow","max-snippet":"max-snippet:-1","max-image-preview":"max-image-preview:large","max-video-preview":"max-video-preview:-1"},"canonical":"https:\/\/elcanillita.info\/press\/2020\/02\/06\/fallece-actor-kirk-douglas-103-anos-edad\/","og_locale":"es_ES","og_type":"article","og_title":"Fallece el actor Kirk Douglas a los 103 a\u00f1os de edad - ElCanillita.Info","og_description":"California, 06.02.2020 - Kirk Douglas, la estrella de cine de barbilla hendida que luch\u00f3 desde la pantalla en Hollywood contra gladiadores, vaqueros y boxeadores, muri\u00f3 el mi\u00e9rcoles a la edad de 103 a\u00f1os, dijo su hijo Michael Douglas.","og_url":"https:\/\/elcanillita.info\/press\/2020\/02\/06\/fallece-actor-kirk-douglas-103-anos-edad\/","og_site_name":"ElCanillita.Info","article_publisher":"https:\/\/ar-ar.facebook.com\/ElCanillitainfo-114249515285712\/","article_published_time":"2020-02-06T11:44:19+00:00","article_modified_time":"2020-02-06T11:47:59+00:00","author":"SalaStampa.eu, world press service","twitter_card":"summary_large_image","twitter_misc":{"Escrito por":"SalaStampa.eu, world press service","Tiempo de lectura":"1 minuto"},"schema":{"@context":"https:\/\/schema.org","@graph":[{"@type":"Article","@id":"https:\/\/elcanillita.info\/press\/2020\/02\/06\/fallece-actor-kirk-douglas-103-anos-edad\/#article","isPartOf":{"@id":"https:\/\/elcanillita.info\/press\/2020\/02\/06\/fallece-actor-kirk-douglas-103-anos-edad\/"},"author":{"name":"SalaStampa.eu, world press service","@id":"https:\/\/elcanillita.info\/press\/#\/schema\/person\/7fcb79f38045700919f7da6d97e71ba0"},"headline":"Fallece el actor Kirk Douglas a los 103 a\u00f1os de edad","datePublished":"2020-02-06T11:44:19+00:00","dateModified":"2020-02-06T11:47:59+00:00","mainEntityOfPage":{"@id":"https:\/\/elcanillita.info\/press\/2020\/02\/06\/fallece-actor-kirk-douglas-103-anos-edad\/"},"wordCount":300,"publisher":{"@id":"https:\/\/elcanillita.info\/press\/#organization"},"keywords":["Estados Unidos"],"articleSection":["Actualidad","Am\u00e9rica del Norte","Cultura","Sociedad"],"inLanguage":"es-AR"},{"@type":"WebPage","@id":"https:\/\/elcanillita.info\/press\/2020\/02\/06\/fallece-actor-kirk-douglas-103-anos-edad\/","url":"https:\/\/elcanillita.info\/press\/2020\/02\/06\/fallece-actor-kirk-douglas-103-anos-edad\/","name":"Fallece el actor Kirk Douglas a los 103 a\u00f1os de edad - ElCanillita.Info","isPartOf":{"@id":"https:\/\/elcanillita.info\/press\/#website"},"datePublished":"2020-02-06T11:44:19+00:00","dateModified":"2020-02-06T11:47:59+00:00","inLanguage":"es-AR","potentialAction":[{"@type":"ReadAction","target":["https:\/\/elcanillita.info\/press\/2020\/02\/06\/fallece-actor-kirk-douglas-103-anos-edad\/"]}]},{"@type":"WebSite","@id":"https:\/\/elcanillita.info\/press\/#website","url":"https:\/\/elcanillita.info\/press\/","name":"ElCanillita.Info","description":"desde los Apeninos a los Andes","publisher":{"@id":"https:\/\/elcanillita.info\/press\/#organization"},"potentialAction":[{"@type":"SearchAction","target":{"@type":"EntryPoint","urlTemplate":"https:\/\/elcanillita.info\/press\/?s={search_term_string}"},"query-input":{"@type":"PropertyValueSpecification","valueRequired":true,"valueName":"search_term_string"}}],"inLanguage":"es-AR"},{"@type":"Organization","@id":"https:\/\/elcanillita.info\/press\/#organization","name":"Guzzo Photos & Graphic Publications","url":"https:\/\/elcanillita.info\/press\/","logo":{"@type":"ImageObject","inLanguage":"es-AR","@id":"https:\/\/elcanillita.info\/press\/#\/schema\/logo\/image\/","url":"https:\/\/elcanillita.info\/press\/images\/2020\/01\/cropped-cropped-cropped-elcanillitainfo.png","contentUrl":"https:\/\/elcanillita.info\/press\/images\/2020\/01\/cropped-cropped-cropped-elcanillitainfo.png","width":460,"height":50,"caption":"Guzzo Photos & Graphic Publications"},"image":{"@id":"https:\/\/elcanillita.info\/press\/#\/schema\/logo\/image\/"},"sameAs":["https:\/\/ar-ar.facebook.com\/ElCanillitainfo-114249515285712\/"]},{"@type":"Person","@id":"https:\/\/elcanillita.info\/press\/#\/schema\/person\/7fcb79f38045700919f7da6d97e71ba0","name":"SalaStampa.eu, world press service","image":{"@type":"ImageObject","inLanguage":"es-AR","@id":"https:\/\/secure.gravatar.com\/avatar\/c2f0e0d515a107624234994507816ca4724c7199cef73fc8bedebf6931d73888?s=96&d=mm&r=g","url":"https:\/\/secure.gravatar.com\/avatar\/c2f0e0d515a107624234994507816ca4724c7199cef73fc8bedebf6931d73888?s=96&d=mm&r=g","contentUrl":"https:\/\/secure.gravatar.com\/avatar\/c2f0e0d515a107624234994507816ca4724c7199cef73fc8bedebf6931d73888?s=96&d=mm&r=g","caption":"SalaStampa.eu, world press service"}}]}},"views":737,"_links":{"self":[{"href":"https:\/\/elcanillita.info\/press\/wp-json\/wp\/v2\/posts\/352","targetHints":{"allow":["GET"]}}],"collection":[{"href":"https:\/\/elcanillita.info\/press\/wp-json\/wp\/v2\/posts"}],"about":[{"href":"https:\/\/elcanillita.info\/press\/wp-json\/wp\/v2\/types\/post"}],"author":[{"embeddable":true,"href":"https:\/\/elcanillita.info\/press\/wp-json\/wp\/v2\/users\/1"}],"replies":[{"embeddable":true,"href":"https:\/\/elcanillita.info\/press\/wp-json\/wp\/v2\/comments?post=352"}],"version-history":[{"count":0,"href":"https:\/\/elcanillita.info\/press\/wp-json\/wp\/v2\/posts\/352\/revisions"}],"wp:attachment":[{"href":"https:\/\/elcanillita.info\/press\/wp-json\/wp\/v2\/media?parent=352"}],"wp:term":[{"taxonomy":"category","embeddable":true,"href":"https:\/\/elcanillita.info\/press\/wp-json\/wp\/v2\/categories?post=352"},{"taxonomy":"post_tag","embeddable":true,"href":"https:\/\/elcanillita.info\/press\/wp-json\/wp\/v2\/tags?post=352"}],"curies":[{"name":"wp","href":"https:\/\/api.w.org\/{rel}","templated":true}]}}