{"id":3506,"date":"2023-05-09T01:13:00","date_gmt":"2023-05-09T04:13:00","guid":{"rendered":"https:\/\/elcanillita.info\/press\/?p=3506"},"modified":"2023-05-21T10:43:30","modified_gmt":"2023-05-21T13:43:30","slug":"merecer-bien","status":"publish","type":"post","link":"https:\/\/elcanillita.info\/press\/2023\/05\/09\/merecer-bien\/","title":{"rendered":"Merecer Bien"},"content":{"rendered":"\n<p><\/p>\n\n\n\n<p>Mendoza,  Rep\u00fablica Argentina 9\/05\/2023<br><br>Hay oportunidades en que la ley contradice a la raz\u00f3n y, con ello, se torna ileg\u00edtima a\u00fan cuando haya sido aprobada por los \u00f3rganos legislativos correspondientes y hasta convalidada por la Justicia.<br><br>En la Provincia de Mendoza se da un caso paradigm\u00e1tico con los salarios de los profesionales de la salud quienes, pese a su profunda vocaci\u00f3n de servicio, deben optar entre caer en la pobreza o emigrar, sea a otras provincias, sea al exterior, donde son reconocidos y remunerados como corresponde.<br><br>Y la situaci\u00f3n se torna m\u00e1s indignante cuando es de p\u00fablico y notorio que los pol\u00edticos, o sea, quienes dictaron esa ley injusta e ileg\u00edtima, perciben emolumentos escondidos bajo distintas sombras, tan frecuentes en la burocracia, tales como sobresueldos, pagos por trasladarse fuera de su domicilio habitual, combustibles gratuitos y otras prebendas.<br><br><strong>Enrique Guillermo Avogadro<\/strong><br><br><\/p>\n\n\n\n<figure class=\"wp-block-image size-full\"><img loading=\"lazy\" decoding=\"async\" width=\"600\" height=\"748\" src=\"https:\/\/elcanillita.info\/press\/images\/2023\/05\/cover2_mza.jpg\" alt=\"\" class=\"wp-image-3509\" srcset=\"https:\/\/elcanillita.info\/press\/images\/2023\/05\/cover2_mza.jpg 600w, https:\/\/elcanillita.info\/press\/images\/2023\/05\/cover2_mza-241x300.jpg 241w\" sizes=\"auto, (max-width: 600px) 100vw, 600px\" \/><\/figure>\n\n\n\n<p><br><\/p>\n\n\n\n<div style=\"width:90%; padding-left:50px; font-size:0.8em; text-align: justify;\">\n<b>Solicitada 8\/05\/2023<\/b><br><br>\nMendoza es la \u00fanica provincia del pa\u00eds que tiene una ley en la que ning\u00fan empleado del Estado puede ganar m\u00e1s que el Gobernador. AMProS solicit\u00f3 la inconstitucionalidad de la norma sancionada durante el gobierno de Francisco P\u00e9rez y defendida por los gobernadores que lo sucedieron y elev\u00f3 una queja a la OIT, a la que el organismo contest\u00f3 que modifica convenios colectivos de trabajo y es contraria a la negociaci\u00f3n colectiva.<br>\n<br>\nPero en el terreno emp\u00edrico, las consecuencias son mucho peores y propician un desmantelamiento de la Salud P\u00fablica de la provincia, con profesionales calificados abandonando sus cargos en Mendoza y buscando mejores salarios en otras provincias y en otros pa\u00edses donde s\u00ed se reconoce su trabajo, su capacitaci\u00f3n y su compromiso por la poblaci\u00f3n m\u00e1s vulnerada.<br>\n<br> \nPor eso decidimos comparar la formaci\u00f3n profesional, el trabajo diario y los beneficios que tiene el actual titular del Ejecutivo Provincial con una profesional de la salud que trabaja de manera exclusiva para el Estado. Esta comparaci\u00f3n ser\u00eda igual de impactante si comparamos a cualquier funcionario de cualquier color pol\u00edtico con cualquier profesional de la salud encargado de salvar vidas humanas.<br><br>\nY hay m\u00e1s injusticias. Curiosamente la ley contiene excepciones de empleados p\u00fablicos que s\u00ed pueden ganar m\u00e1s que el gobernador, como los jueces, el fiscal de Estado (quien en su momento redact\u00f3 la ley), el asesor de Gobierno, el presidente y vocales del Tribunal de Cuentas, el contador y tesorero de Mendoza y el superintendente y los consejeros de Irrigaci\u00f3n.<br><br>\nHoy le preguntamos a los mendocinos, al Gobierno actual y sobre a todo a los jueces Julio G\u00f3mez, Pedro Llorente y Jos\u00e9 Valerio de la Corte Suprema de Justicia, quienes ganan m\u00e1s que el gobernador y hoy resolvieron que la norma es constitucional, qu\u00e9 tipo de provincia queremos tener. Una provincia que siga beneficiando a la clase pol\u00edtica que, enriquecida, empobrece a los ciudadanos o una provincia que reconozca la formaci\u00f3n profesional y el trabajo incansable de quienes, en este caso, se dedican a salvar vidas y a brindar salud a la poblaci\u00f3n m\u00e1s postergada de Mendoza.\n<br><br>\n<\/div>\n\n\n\n<p><small>\u00a9 2023 SalaStampa.Eu affiliated with VOA <\/small><br><small> Edited in Spanish by Guzzo Photos &amp; Graphic Publications. <\/small><br><small>Copyright \u00a9 1998-2023 Reprinted by ElCanillita.info with permission from USAGM \u2013 Washington DC 20036<\/small><\/p>\n","protected":false},"excerpt":{"rendered":"<p>En la Provincia de Mendoza se da un caso paradigm\u00e1tico con los salarios de los profesionales de la salud quienes, pese a su profunda vocaci\u00f3n de servicio, deben optar entre caer en la pobreza o emigrar.<\/p>\n","protected":false},"author":1,"featured_media":3510,"comment_status":"closed","ping_status":"closed","sticky":false,"template":"","format":"standard","meta":{"footnotes":"","_links_to":"","_links_to_target":""},"categories":[108,70,11,22,78],"tags":[29],"class_list":["post-3506","post","type-post","status-publish","format-standard","has-post-thumbnail","hentry","category-blogdiario","category-actualidad","category-america-del-sur","category-justicia","category-sanidad","tag-argentina","entry","double"],"yoast_head":"<!-- This site is optimized with the Yoast SEO plugin v27.4 - https:\/\/yoast.com\/product\/yoast-seo-wordpress\/ -->\n<title>Merecer Bien - ElCanillita.Info<\/title>\n<meta name=\"description\" content=\"En la Provincia de Mendoza se da un caso paradigm\u00e1tico con los salarios de los profesionales de la salud quienes, pese a su profunda vocaci\u00f3n de servicio, deben optar entre caer en la pobreza o emigrar\" \/>\n<meta name=\"robots\" content=\"index, follow, max-snippet:-1, max-image-preview:large, max-video-preview:-1\" \/>\n<link rel=\"canonical\" href=\"https:\/\/elcanillita.info\/press\/2023\/05\/09\/merecer-bien\/\" \/>\n<meta property=\"og:locale\" content=\"es_ES\" \/>\n<meta property=\"og:type\" content=\"article\" \/>\n<meta property=\"og:title\" content=\"Merecer Bien - ElCanillita.Info\" \/>\n<meta property=\"og:description\" content=\"En la Provincia de Mendoza se da un caso paradigm\u00e1tico con los salarios de los profesionales de la salud quienes, pese a su profunda vocaci\u00f3n de servicio, deben optar entre caer en la pobreza o emigrar\" \/>\n<meta property=\"og:url\" content=\"https:\/\/elcanillita.info\/press\/2023\/05\/09\/merecer-bien\/\" \/>\n<meta property=\"og:site_name\" content=\"ElCanillita.Info\" \/>\n<meta property=\"article:publisher\" content=\"https:\/\/ar-ar.facebook.com\/ElCanillitainfo-114249515285712\/\" \/>\n<meta property=\"article:published_time\" content=\"2023-05-09T04:13:00+00:00\" \/>\n<meta property=\"article:modified_time\" content=\"2023-05-21T13:43:30+00:00\" \/>\n<meta property=\"og:image\" content=\"https:\/\/elcanillita.info\/press\/images\/2023\/05\/cover1_mza.jpg\" \/>\n\t<meta property=\"og:image:width\" content=\"600\" \/>\n\t<meta property=\"og:image:height\" content=\"400\" \/>\n\t<meta property=\"og:image:type\" content=\"image\/jpeg\" \/>\n<meta name=\"author\" content=\"SalaStampa.eu, world press service\" \/>\n<meta name=\"twitter:card\" content=\"summary_large_image\" \/>\n<meta name=\"twitter:label1\" content=\"Escrito por\" \/>\n\t<meta name=\"twitter:data1\" content=\"SalaStampa.eu, world press service\" \/>\n\t<meta name=\"twitter:label2\" content=\"Tiempo de lectura\" \/>\n\t<meta name=\"twitter:data2\" content=\"3 minutos\" \/>\n<script type=\"application\/ld+json\" class=\"yoast-schema-graph\">{\"@context\":\"https:\\\/\\\/schema.org\",\"@graph\":[{\"@type\":\"Article\",\"@id\":\"https:\\\/\\\/elcanillita.info\\\/press\\\/2023\\\/05\\\/09\\\/merecer-bien\\\/#article\",\"isPartOf\":{\"@id\":\"https:\\\/\\\/elcanillita.info\\\/press\\\/2023\\\/05\\\/09\\\/merecer-bien\\\/\"},\"author\":{\"name\":\"SalaStampa.eu, world press service\",\"@id\":\"https:\\\/\\\/elcanillita.info\\\/press\\\/#\\\/schema\\\/person\\\/7fcb79f38045700919f7da6d97e71ba0\"},\"headline\":\"Merecer Bien\",\"datePublished\":\"2023-05-09T04:13:00+00:00\",\"dateModified\":\"2023-05-21T13:43:30+00:00\",\"mainEntityOfPage\":{\"@id\":\"https:\\\/\\\/elcanillita.info\\\/press\\\/2023\\\/05\\\/09\\\/merecer-bien\\\/\"},\"wordCount\":551,\"publisher\":{\"@id\":\"https:\\\/\\\/elcanillita.info\\\/press\\\/#organization\"},\"image\":{\"@id\":\"https:\\\/\\\/elcanillita.info\\\/press\\\/2023\\\/05\\\/09\\\/merecer-bien\\\/#primaryimage\"},\"thumbnailUrl\":\"https:\\\/\\\/elcanillita.info\\\/press\\\/images\\\/2023\\\/05\\\/cover1_mza.jpg\",\"keywords\":[\"Argentina\"],\"articleSection\":[\".\",\"Actualidad\",\"Am\u00e9rica del Sur\",\"Justicia\",\"Sanidad\"],\"inLanguage\":\"es-AR\"},{\"@type\":\"WebPage\",\"@id\":\"https:\\\/\\\/elcanillita.info\\\/press\\\/2023\\\/05\\\/09\\\/merecer-bien\\\/\",\"url\":\"https:\\\/\\\/elcanillita.info\\\/press\\\/2023\\\/05\\\/09\\\/merecer-bien\\\/\",\"name\":\"Merecer Bien - ElCanillita.Info\",\"isPartOf\":{\"@id\":\"https:\\\/\\\/elcanillita.info\\\/press\\\/#website\"},\"primaryImageOfPage\":{\"@id\":\"https:\\\/\\\/elcanillita.info\\\/press\\\/2023\\\/05\\\/09\\\/merecer-bien\\\/#primaryimage\"},\"image\":{\"@id\":\"https:\\\/\\\/elcanillita.info\\\/press\\\/2023\\\/05\\\/09\\\/merecer-bien\\\/#primaryimage\"},\"thumbnailUrl\":\"https:\\\/\\\/elcanillita.info\\\/press\\\/images\\\/2023\\\/05\\\/cover1_mza.jpg\",\"datePublished\":\"2023-05-09T04:13:00+00:00\",\"dateModified\":\"2023-05-21T13:43:30+00:00\",\"description\":\"En la Provincia de Mendoza se da un caso paradigm\u00e1tico con los salarios de los profesionales de la salud quienes, pese a su profunda vocaci\u00f3n de servicio, deben optar entre caer en la pobreza o emigrar\",\"inLanguage\":\"es-AR\",\"potentialAction\":[{\"@type\":\"ReadAction\",\"target\":[\"https:\\\/\\\/elcanillita.info\\\/press\\\/2023\\\/05\\\/09\\\/merecer-bien\\\/\"]}]},{\"@type\":\"ImageObject\",\"inLanguage\":\"es-AR\",\"@id\":\"https:\\\/\\\/elcanillita.info\\\/press\\\/2023\\\/05\\\/09\\\/merecer-bien\\\/#primaryimage\",\"url\":\"https:\\\/\\\/elcanillita.info\\\/press\\\/images\\\/2023\\\/05\\\/cover1_mza.jpg\",\"contentUrl\":\"https:\\\/\\\/elcanillita.info\\\/press\\\/images\\\/2023\\\/05\\\/cover1_mza.jpg\",\"width\":600,\"height\":400},{\"@type\":\"WebSite\",\"@id\":\"https:\\\/\\\/elcanillita.info\\\/press\\\/#website\",\"url\":\"https:\\\/\\\/elcanillita.info\\\/press\\\/\",\"name\":\"ElCanillita.Info\",\"description\":\"desde los Apeninos a los Andes\",\"publisher\":{\"@id\":\"https:\\\/\\\/elcanillita.info\\\/press\\\/#organization\"},\"potentialAction\":[{\"@type\":\"SearchAction\",\"target\":{\"@type\":\"EntryPoint\",\"urlTemplate\":\"https:\\\/\\\/elcanillita.info\\\/press\\\/?s={search_term_string}\"},\"query-input\":{\"@type\":\"PropertyValueSpecification\",\"valueRequired\":true,\"valueName\":\"search_term_string\"}}],\"inLanguage\":\"es-AR\"},{\"@type\":\"Organization\",\"@id\":\"https:\\\/\\\/elcanillita.info\\\/press\\\/#organization\",\"name\":\"Guzzo Photos & Graphic Publications\",\"url\":\"https:\\\/\\\/elcanillita.info\\\/press\\\/\",\"logo\":{\"@type\":\"ImageObject\",\"inLanguage\":\"es-AR\",\"@id\":\"https:\\\/\\\/elcanillita.info\\\/press\\\/#\\\/schema\\\/logo\\\/image\\\/\",\"url\":\"https:\\\/\\\/elcanillita.info\\\/press\\\/images\\\/2020\\\/01\\\/cropped-cropped-cropped-elcanillitainfo.png\",\"contentUrl\":\"https:\\\/\\\/elcanillita.info\\\/press\\\/images\\\/2020\\\/01\\\/cropped-cropped-cropped-elcanillitainfo.png\",\"width\":460,\"height\":50,\"caption\":\"Guzzo Photos & Graphic Publications\"},\"image\":{\"@id\":\"https:\\\/\\\/elcanillita.info\\\/press\\\/#\\\/schema\\\/logo\\\/image\\\/\"},\"sameAs\":[\"https:\\\/\\\/ar-ar.facebook.com\\\/ElCanillitainfo-114249515285712\\\/\"]},{\"@type\":\"Person\",\"@id\":\"https:\\\/\\\/elcanillita.info\\\/press\\\/#\\\/schema\\\/person\\\/7fcb79f38045700919f7da6d97e71ba0\",\"name\":\"SalaStampa.eu, world press service\",\"image\":{\"@type\":\"ImageObject\",\"inLanguage\":\"es-AR\",\"@id\":\"https:\\\/\\\/secure.gravatar.com\\\/avatar\\\/c2f0e0d515a107624234994507816ca4724c7199cef73fc8bedebf6931d73888?s=96&d=mm&r=g\",\"url\":\"https:\\\/\\\/secure.gravatar.com\\\/avatar\\\/c2f0e0d515a107624234994507816ca4724c7199cef73fc8bedebf6931d73888?s=96&d=mm&r=g\",\"contentUrl\":\"https:\\\/\\\/secure.gravatar.com\\\/avatar\\\/c2f0e0d515a107624234994507816ca4724c7199cef73fc8bedebf6931d73888?s=96&d=mm&r=g\",\"caption\":\"SalaStampa.eu, world press service\"}}]}<\/script>\n<!-- \/ Yoast SEO plugin. -->","yoast_head_json":{"title":"Merecer Bien - ElCanillita.Info","description":"En la Provincia de Mendoza se da un caso paradigm\u00e1tico con los salarios de los profesionales de la salud quienes, pese a su profunda vocaci\u00f3n de servicio, deben optar entre caer en la pobreza o emigrar","robots":{"index":"index","follow":"follow","max-snippet":"max-snippet:-1","max-image-preview":"max-image-preview:large","max-video-preview":"max-video-preview:-1"},"canonical":"https:\/\/elcanillita.info\/press\/2023\/05\/09\/merecer-bien\/","og_locale":"es_ES","og_type":"article","og_title":"Merecer Bien - ElCanillita.Info","og_description":"En la Provincia de Mendoza se da un caso paradigm\u00e1tico con los salarios de los profesionales de la salud quienes, pese a su profunda vocaci\u00f3n de servicio, deben optar entre caer en la pobreza o emigrar","og_url":"https:\/\/elcanillita.info\/press\/2023\/05\/09\/merecer-bien\/","og_site_name":"ElCanillita.Info","article_publisher":"https:\/\/ar-ar.facebook.com\/ElCanillitainfo-114249515285712\/","article_published_time":"2023-05-09T04:13:00+00:00","article_modified_time":"2023-05-21T13:43:30+00:00","og_image":[{"width":600,"height":400,"url":"https:\/\/elcanillita.info\/press\/images\/2023\/05\/cover1_mza.jpg","type":"image\/jpeg"}],"author":"SalaStampa.eu, world press service","twitter_card":"summary_large_image","twitter_misc":{"Escrito por":"SalaStampa.eu, world press service","Tiempo de lectura":"3 minutos"},"schema":{"@context":"https:\/\/schema.org","@graph":[{"@type":"Article","@id":"https:\/\/elcanillita.info\/press\/2023\/05\/09\/merecer-bien\/#article","isPartOf":{"@id":"https:\/\/elcanillita.info\/press\/2023\/05\/09\/merecer-bien\/"},"author":{"name":"SalaStampa.eu, world press service","@id":"https:\/\/elcanillita.info\/press\/#\/schema\/person\/7fcb79f38045700919f7da6d97e71ba0"},"headline":"Merecer Bien","datePublished":"2023-05-09T04:13:00+00:00","dateModified":"2023-05-21T13:43:30+00:00","mainEntityOfPage":{"@id":"https:\/\/elcanillita.info\/press\/2023\/05\/09\/merecer-bien\/"},"wordCount":551,"publisher":{"@id":"https:\/\/elcanillita.info\/press\/#organization"},"image":{"@id":"https:\/\/elcanillita.info\/press\/2023\/05\/09\/merecer-bien\/#primaryimage"},"thumbnailUrl":"https:\/\/elcanillita.info\/press\/images\/2023\/05\/cover1_mza.jpg","keywords":["Argentina"],"articleSection":[".","Actualidad","Am\u00e9rica del Sur","Justicia","Sanidad"],"inLanguage":"es-AR"},{"@type":"WebPage","@id":"https:\/\/elcanillita.info\/press\/2023\/05\/09\/merecer-bien\/","url":"https:\/\/elcanillita.info\/press\/2023\/05\/09\/merecer-bien\/","name":"Merecer Bien - ElCanillita.Info","isPartOf":{"@id":"https:\/\/elcanillita.info\/press\/#website"},"primaryImageOfPage":{"@id":"https:\/\/elcanillita.info\/press\/2023\/05\/09\/merecer-bien\/#primaryimage"},"image":{"@id":"https:\/\/elcanillita.info\/press\/2023\/05\/09\/merecer-bien\/#primaryimage"},"thumbnailUrl":"https:\/\/elcanillita.info\/press\/images\/2023\/05\/cover1_mza.jpg","datePublished":"2023-05-09T04:13:00+00:00","dateModified":"2023-05-21T13:43:30+00:00","description":"En la Provincia de Mendoza se da un caso paradigm\u00e1tico con los salarios de los profesionales de la salud quienes, pese a su profunda vocaci\u00f3n de servicio, deben optar entre caer en la pobreza o emigrar","inLanguage":"es-AR","potentialAction":[{"@type":"ReadAction","target":["https:\/\/elcanillita.info\/press\/2023\/05\/09\/merecer-bien\/"]}]},{"@type":"ImageObject","inLanguage":"es-AR","@id":"https:\/\/elcanillita.info\/press\/2023\/05\/09\/merecer-bien\/#primaryimage","url":"https:\/\/elcanillita.info\/press\/images\/2023\/05\/cover1_mza.jpg","contentUrl":"https:\/\/elcanillita.info\/press\/images\/2023\/05\/cover1_mza.jpg","width":600,"height":400},{"@type":"WebSite","@id":"https:\/\/elcanillita.info\/press\/#website","url":"https:\/\/elcanillita.info\/press\/","name":"ElCanillita.Info","description":"desde los Apeninos a los Andes","publisher":{"@id":"https:\/\/elcanillita.info\/press\/#organization"},"potentialAction":[{"@type":"SearchAction","target":{"@type":"EntryPoint","urlTemplate":"https:\/\/elcanillita.info\/press\/?s={search_term_string}"},"query-input":{"@type":"PropertyValueSpecification","valueRequired":true,"valueName":"search_term_string"}}],"inLanguage":"es-AR"},{"@type":"Organization","@id":"https:\/\/elcanillita.info\/press\/#organization","name":"Guzzo Photos & Graphic Publications","url":"https:\/\/elcanillita.info\/press\/","logo":{"@type":"ImageObject","inLanguage":"es-AR","@id":"https:\/\/elcanillita.info\/press\/#\/schema\/logo\/image\/","url":"https:\/\/elcanillita.info\/press\/images\/2020\/01\/cropped-cropped-cropped-elcanillitainfo.png","contentUrl":"https:\/\/elcanillita.info\/press\/images\/2020\/01\/cropped-cropped-cropped-elcanillitainfo.png","width":460,"height":50,"caption":"Guzzo Photos & Graphic Publications"},"image":{"@id":"https:\/\/elcanillita.info\/press\/#\/schema\/logo\/image\/"},"sameAs":["https:\/\/ar-ar.facebook.com\/ElCanillitainfo-114249515285712\/"]},{"@type":"Person","@id":"https:\/\/elcanillita.info\/press\/#\/schema\/person\/7fcb79f38045700919f7da6d97e71ba0","name":"SalaStampa.eu, world press service","image":{"@type":"ImageObject","inLanguage":"es-AR","@id":"https:\/\/secure.gravatar.com\/avatar\/c2f0e0d515a107624234994507816ca4724c7199cef73fc8bedebf6931d73888?s=96&d=mm&r=g","url":"https:\/\/secure.gravatar.com\/avatar\/c2f0e0d515a107624234994507816ca4724c7199cef73fc8bedebf6931d73888?s=96&d=mm&r=g","contentUrl":"https:\/\/secure.gravatar.com\/avatar\/c2f0e0d515a107624234994507816ca4724c7199cef73fc8bedebf6931d73888?s=96&d=mm&r=g","caption":"SalaStampa.eu, world press service"}}]}},"views":554,"_links":{"self":[{"href":"https:\/\/elcanillita.info\/press\/wp-json\/wp\/v2\/posts\/3506","targetHints":{"allow":["GET"]}}],"collection":[{"href":"https:\/\/elcanillita.info\/press\/wp-json\/wp\/v2\/posts"}],"about":[{"href":"https:\/\/elcanillita.info\/press\/wp-json\/wp\/v2\/types\/post"}],"author":[{"embeddable":true,"href":"https:\/\/elcanillita.info\/press\/wp-json\/wp\/v2\/users\/1"}],"replies":[{"embeddable":true,"href":"https:\/\/elcanillita.info\/press\/wp-json\/wp\/v2\/comments?post=3506"}],"version-history":[{"count":0,"href":"https:\/\/elcanillita.info\/press\/wp-json\/wp\/v2\/posts\/3506\/revisions"}],"wp:featuredmedia":[{"embeddable":true,"href":"https:\/\/elcanillita.info\/press\/wp-json\/wp\/v2\/media\/3510"}],"wp:attachment":[{"href":"https:\/\/elcanillita.info\/press\/wp-json\/wp\/v2\/media?parent=3506"}],"wp:term":[{"taxonomy":"category","embeddable":true,"href":"https:\/\/elcanillita.info\/press\/wp-json\/wp\/v2\/categories?post=3506"},{"taxonomy":"post_tag","embeddable":true,"href":"https:\/\/elcanillita.info\/press\/wp-json\/wp\/v2\/tags?post=3506"}],"curies":[{"name":"wp","href":"https:\/\/api.w.org\/{rel}","templated":true}]}}