{"id":3483,"date":"2023-04-27T19:39:03","date_gmt":"2023-04-27T22:39:03","guid":{"rendered":"https:\/\/elcanillita.info\/press\/?p=3483"},"modified":"2023-04-27T19:39:04","modified_gmt":"2023-04-27T22:39:04","slug":"hiperinflacion-en-la-republica-de-weimar","status":"publish","type":"post","link":"https:\/\/elcanillita.info\/press\/2023\/04\/27\/hiperinflacion-en-la-republica-de-weimar\/","title":{"rendered":"Hiperinflaci\u00f3n en la Rep\u00fablica de Weimar"},"content":{"rendered":"\n<figure class=\"wp-block-image size-full\"><img loading=\"lazy\" decoding=\"async\" width=\"600\" height=\"296\" src=\"https:\/\/elcanillita.info\/press\/images\/2023\/04\/500_Billion_Mark_1923.jpg\" alt=\"\" class=\"wp-image-3488\" srcset=\"https:\/\/elcanillita.info\/press\/images\/2023\/04\/500_Billion_Mark_1923.jpg 600w, https:\/\/elcanillita.info\/press\/images\/2023\/04\/500_Billion_Mark_1923-300x148.jpg 300w\" sizes=\"auto, (max-width: 600px) 100vw, 600px\" \/><\/figure>\n\n\n\n<p>Para sufragar los elevados costes de la Primera Guerra Mundial, Alemania suspendi\u00f3 el patr\u00f3n oro (la convertibilidad de su moneda en oro) cuando estall\u00f3 la guerra. A diferencia de Francia, que impuso su primer impuesto sobre la renta para pagar la guerra, el emperador alem\u00e1n Guillermo II y el Reichstag decidieron por unanimidad financiar la guerra enteramente mediante pr\u00e9stamos.<\/p>\n\n\n\n<p>El gobierno cre\u00eda que podr\u00eda pagar la deuda ganando la guerra e imponiendo reparaciones de guerra a los Aliados derrotados. Esto deb\u00eda hacerse anexionando territorios industriales ricos en recursos en el oeste y el este e imponiendo pagos en met\u00e1lico a Alemania, similares a la indemnizaci\u00f3n francesa que sigui\u00f3 a la victoria alemana sobre Francia en 1870. As\u00ed, el tipo de cambio del marco frente al d\u00f3lar se devalu\u00f3 constantemente de 4,2 a 7,9 marcos por d\u00f3lar entre 1914 y 1918, una advertencia previa a la extrema inflaci\u00f3n de la posguerra.<\/p>\n\n\n\n<p>Esta estrategia fracas\u00f3, porque Alemania perdi\u00f3 la guerra, lo que dej\u00f3 a la nueva Rep\u00fablica de Weimar cargada con enormes deudas que no pod\u00eda afrontar, por un total de 132.000 millones de marcos oro (33.000 millones de d\u00f3lares, tipo de cambio de 1914), revisadas posteriormente bajo el Plan Young a 112.000 millones de marcos (26.300 millones de d\u00f3lares, tipo de cambio de 1914). El problema de la deuda se vio agravado por la impresi\u00f3n de dinero sin recursos econ\u00f3micos que lo respaldaran. La exigencia de reparaciones en el Tratado de Versalles aceler\u00f3 a\u00fan m\u00e1s la p\u00e9rdida de valor del marco, siendo necesarios 48 marcos para comprar un d\u00f3lar estadounidense a finales de 1919.<\/p>\n\n\n\n<p>Posteriormente, la moneda alemana se mantuvo relativamente estable en torno a los 90 marcos por d\u00f3lar durante la primera mitad de 1921. Dado que el frente occidental de la guerra se hab\u00eda librado principalmente en Francia y B\u00e9lgica, Alemania sali\u00f3 de la guerra con la mayor parte de su infraestructura industrial intacta, lo que la dej\u00f3 en mejor posici\u00f3n para convertirse en la fuerza econ\u00f3mica dominante del continente europeo tras un ultim\u00e1tum aliado para imponer sanciones econ\u00f3micas que obligaran a Alemania a hacer frente a los pagos.<\/p>\n\n\n\n<p>El primer pago se efectu\u00f3 al vencimiento, en junio de 1921, y marc\u00f3 el inicio de una devaluaci\u00f3n cada vez m\u00e1s r\u00e1pida del marco, cuyo valor cay\u00f3 hasta aproximadamente 330 marcos por d\u00f3lar. El total de las reparaciones exigidas ascend\u00eda a 132.000 millones de marcos de oro, pero Alemania s\u00f3lo tuvo que pagar 50.000 millones de marcos en aquel momento, ya que las reparaciones deb\u00edan reembolsarse en moneda fuerte, y no en el Papiermark, que se depreciaba r\u00e1pidamente.<\/p>\n\n\n\n<p>A partir de agosto de 1921, el presidente del Reichsbank, Rudolf Havenstein, inici\u00f3 una estrategia de compra de divisas con marcos a cualquier precio, sin tener en cuenta la inflaci\u00f3n, que no hizo sino aumentar la velocidad del desplome del valor del marco, por lo que cada vez se necesitaban m\u00e1s marcos para comprar las divisas que exig\u00eda la Comisi\u00f3n de Reparaciones.<\/p>\n\n\n\n<p>En la primera mitad de 1922, el marco se estabiliz\u00f3 en unos 320 marcos por d\u00f3lar. Se estaban celebrando conferencias internacionales sobre reparaciones. Una de ellas, en junio de 1922, fue organizada por el banquero de inversiones estadounidense J. P. Morgan, Jr. Las reuniones no produjeron ninguna soluci\u00f3n viable, y la inflaci\u00f3n estall\u00f3 en hiperinflaci\u00f3n, cayendo el marco a 7.400 marcos por d\u00f3lar en diciembre de 1922. El \u00edndice del coste de la vida era de 41 en junio de 1922 y de 685 en diciembre, un aumento de casi 17 veces. En oto\u00f1o de 1922, el Reichsbank de Havenstein se vio incapaz de hacer frente a los pagos de las reparaciones.<\/p>\n\n\n\n<p>La estrategia que Havenstein hab\u00eda estado utilizando para pagar las reparaciones de guerra era la impresi\u00f3n masiva de billetes de banco para comprar divisas, que luego se utilizaban para pagar las reparaciones, pero esta estrategia exacerb\u00f3 enormemente la inflaci\u00f3n del marco de papel. Dado que el marco, en oto\u00f1o de 1922, pr\u00e1cticamente no val\u00eda nada, a Havenstein le resultaba imposible comprar divisas u oro utilizando marcos de papel. A finales de 1922, Alemania no pag\u00f3 a tiempo a Francia el pago de las reparaciones. En enero de 1923, tropas francesas y belgas ocuparon la cuenca del Ruhr, principal regi\u00f3n industrial de Alemania. Las reparaciones deb\u00edan pagarse en bienes, como carb\u00f3n, y se supon\u00eda que la ocupaci\u00f3n garantizar\u00eda el pago de las reparaciones.<\/p>\n\n\n\n<p>La respuesta del gobierno alem\u00e1n fue ordenar una pol\u00edtica de resistencia pasiva en el Ruhr, en la que se ordenaba a los trabajadores que no hicieran nada que pudiera ayudar a los invasores. Aunque en la pr\u00e1ctica esta pol\u00edtica equivale a una huelga general para protestar contra la ocupaci\u00f3n, los trabajadores en huelga necesitaban recibir ayuda econ\u00f3mica. El gobierno pag\u00f3 a estos trabajadores imprimiendo m\u00e1s y m\u00e1s billetes, con lo que Alemania pronto se vio inundada de papel moneda, exacerbando a\u00fan m\u00e1s la hiperinflaci\u00f3n.<br><br>Una barra de pan en Berl\u00edn que costaba unos 160 marcos a finales de 1922,  a finales de 1923 costaba 200.000.000.000 de marcos. En noviembre de 1923, un d\u00f3lar estadounidense val\u00eda 4.210.500.000.000 marcos alemanes.<br><br>La causa de la inmensa aceleraci\u00f3n de los precios parec\u00eda poco clara e impredecible para quienes la vivieron, pero en retrospectiva, fue relativamente sencilla. El Tratado de Versalles impuso a Alemania una enorme deuda que s\u00f3lo pod\u00eda pagarse en oro o divisas. Con su oro agotado, el gobierno alem\u00e1n intent\u00f3 comprar moneda extranjera con moneda alemana, lo que equival\u00eda a vender moneda alemana a cambio de un pago en moneda extranjera, pero el consiguiente aumento de la oferta de marcos alemanes en el mercado hizo que el valor del marco alem\u00e1n cayera r\u00e1pidamente, lo que aument\u00f3 enormemente el n\u00famero de marcos necesarios para comprar m\u00e1s moneda extranjera.<\/p>\n\n\n\n<p>Esto provoc\u00f3 una r\u00e1pida subida de los precios de los productos alemanes, lo que increment\u00f3 el coste de funcionamiento del gobierno alem\u00e1n, que no pod\u00eda financiarse aumentando los impuestos porque \u00e9stos se pagar\u00edan en la moneda alemana, en constante ca\u00edda. El d\u00e9ficit resultante se financi\u00f3 mediante una combinaci\u00f3n de emisi\u00f3n de bonos y creaci\u00f3n de m\u00e1s dinero, lo que aument\u00f3 la oferta de activos financieros denominados en marcos alemanes en el mercado y redujo a\u00fan m\u00e1s el precio de la moneda. Cuando los alemanes se dieron cuenta de que su dinero perd\u00eda valor r\u00e1pidamente, intentaron gastarlo con rapidez. Esa mayor velocidad monetaria provoc\u00f3 un aumento cada vez m\u00e1s r\u00e1pido de los precios, creando un c\u00edrculo vicioso.<\/p>\n\n\n\n<p>El gobierno y los bancos ten\u00edan dos alternativas inaceptables. Si deten\u00edan la inflaci\u00f3n, habr\u00eda quiebras inmediatas, desempleo, huelgas, hambre, violencia, colapso del orden civil, insurrecci\u00f3n y posiblemente incluso revoluci\u00f3n. Si continuaban con la inflaci\u00f3n, dejar\u00edan de pagar su deuda externa.<\/p>\n\n\n\n<p>Sin embargo, intentar evitar tanto el desempleo como la insolvencia acab\u00f3 fracasando cuando Alemania tuvo ambos.<br><br><small>Copyright \u00a9 2023 ElCanillita.info \/ SalaStampa.Eu &#8211; All rights reserved<\/small><\/p>\n","protected":false},"excerpt":{"rendered":"<p>La hiperinflaci\u00f3n afect\u00f3 al Papiermark alem\u00e1n, la moneda de la Rep\u00fablica de Weimar, entre 1921 y 1923, principalmente en 1923. Provoc\u00f3 una considerable inestabilidad pol\u00edtica interna en el pa\u00eds, la ocupaci\u00f3n del Ruhr por Francia y B\u00e9lgica y la miseria de la poblaci\u00f3n en general.<\/p>\n","protected":false},"author":1,"featured_media":3487,"comment_status":"closed","ping_status":"closed","sticky":false,"template":"","format":"standard","meta":{"footnotes":"","_links_to":"","_links_to_target":""},"categories":[108,20,47,5],"tags":[69],"class_list":["post-3483","post","type-post","status-publish","format-standard","has-post-thumbnail","hentry","category-blogdiario","category-economia","category-etiologia","category-europa","tag-alemania","entry","double"],"yoast_head":"<!-- This site is optimized with the Yoast SEO plugin v27.4 - https:\/\/yoast.com\/product\/yoast-seo-wordpress\/ -->\n<title>Hiperinflaci\u00f3n en la Rep\u00fablica de Weimar - ElCanillita.Info<\/title>\n<meta name=\"description\" content=\"La hiperinflaci\u00f3n afect\u00f3 al Papiermark alem\u00e1n, la moneda de la Rep\u00fablica de Weimar, entre 1921 y 1923, principalmente en 1923. Provoc\u00f3 una considerable inestabilidad pol\u00edtica interna en el pa\u00eds, la ocupaci\u00f3n del Ruhr por Francia y B\u00e9lgica y la miseria de la poblaci\u00f3n en general.\" \/>\n<meta name=\"robots\" content=\"index, follow, max-snippet:-1, max-image-preview:large, max-video-preview:-1\" \/>\n<link rel=\"canonical\" href=\"https:\/\/elcanillita.info\/press\/2023\/04\/27\/hiperinflacion-en-la-republica-de-weimar\/\" \/>\n<meta property=\"og:locale\" content=\"es_ES\" \/>\n<meta property=\"og:type\" content=\"article\" \/>\n<meta property=\"og:title\" content=\"Hiperinflaci\u00f3n en la Rep\u00fablica de Weimar - ElCanillita.Info\" \/>\n<meta property=\"og:description\" content=\"La hiperinflaci\u00f3n afect\u00f3 al Papiermark alem\u00e1n, la moneda de la Rep\u00fablica de Weimar, entre 1921 y 1923, principalmente en 1923. Provoc\u00f3 una considerable inestabilidad pol\u00edtica interna en el pa\u00eds, la ocupaci\u00f3n del Ruhr por Francia y B\u00e9lgica y la miseria de la poblaci\u00f3n en general.\" \/>\n<meta property=\"og:url\" content=\"https:\/\/elcanillita.info\/press\/2023\/04\/27\/hiperinflacion-en-la-republica-de-weimar\/\" \/>\n<meta property=\"og:site_name\" content=\"ElCanillita.Info\" \/>\n<meta property=\"article:publisher\" content=\"https:\/\/ar-ar.facebook.com\/ElCanillitainfo-114249515285712\/\" \/>\n<meta property=\"article:published_time\" content=\"2023-04-27T22:39:03+00:00\" \/>\n<meta property=\"article:modified_time\" content=\"2023-04-27T22:39:04+00:00\" \/>\n<meta property=\"og:image\" content=\"https:\/\/elcanillita.info\/press\/images\/2023\/04\/500000_Mark_Leipzig_1923_front-1.jpg\" \/>\n\t<meta property=\"og:image:width\" content=\"600\" \/>\n\t<meta property=\"og:image:height\" content=\"371\" \/>\n\t<meta property=\"og:image:type\" content=\"image\/jpeg\" \/>\n<meta name=\"author\" content=\"SalaStampa.eu, world press service\" \/>\n<meta name=\"twitter:card\" content=\"summary_large_image\" \/>\n<meta name=\"twitter:label1\" content=\"Escrito por\" \/>\n\t<meta name=\"twitter:data1\" content=\"SalaStampa.eu, world press service\" \/>\n\t<meta name=\"twitter:label2\" content=\"Tiempo de lectura\" \/>\n\t<meta name=\"twitter:data2\" content=\"6 minutos\" \/>\n<script type=\"application\/ld+json\" class=\"yoast-schema-graph\">{\"@context\":\"https:\\\/\\\/schema.org\",\"@graph\":[{\"@type\":\"Article\",\"@id\":\"https:\\\/\\\/elcanillita.info\\\/press\\\/2023\\\/04\\\/27\\\/hiperinflacion-en-la-republica-de-weimar\\\/#article\",\"isPartOf\":{\"@id\":\"https:\\\/\\\/elcanillita.info\\\/press\\\/2023\\\/04\\\/27\\\/hiperinflacion-en-la-republica-de-weimar\\\/\"},\"author\":{\"name\":\"SalaStampa.eu, world press service\",\"@id\":\"https:\\\/\\\/elcanillita.info\\\/press\\\/#\\\/schema\\\/person\\\/7fcb79f38045700919f7da6d97e71ba0\"},\"headline\":\"Hiperinflaci\u00f3n en la Rep\u00fablica de Weimar\",\"datePublished\":\"2023-04-27T22:39:03+00:00\",\"dateModified\":\"2023-04-27T22:39:04+00:00\",\"mainEntityOfPage\":{\"@id\":\"https:\\\/\\\/elcanillita.info\\\/press\\\/2023\\\/04\\\/27\\\/hiperinflacion-en-la-republica-de-weimar\\\/\"},\"wordCount\":1206,\"publisher\":{\"@id\":\"https:\\\/\\\/elcanillita.info\\\/press\\\/#organization\"},\"image\":{\"@id\":\"https:\\\/\\\/elcanillita.info\\\/press\\\/2023\\\/04\\\/27\\\/hiperinflacion-en-la-republica-de-weimar\\\/#primaryimage\"},\"thumbnailUrl\":\"https:\\\/\\\/elcanillita.info\\\/press\\\/images\\\/2023\\\/04\\\/500000_Mark_Leipzig_1923_front-1.jpg\",\"keywords\":[\"Alemania\"],\"articleSection\":[\".\",\"Economia\",\"Etiologia\",\"Europa\"],\"inLanguage\":\"es-AR\"},{\"@type\":\"WebPage\",\"@id\":\"https:\\\/\\\/elcanillita.info\\\/press\\\/2023\\\/04\\\/27\\\/hiperinflacion-en-la-republica-de-weimar\\\/\",\"url\":\"https:\\\/\\\/elcanillita.info\\\/press\\\/2023\\\/04\\\/27\\\/hiperinflacion-en-la-republica-de-weimar\\\/\",\"name\":\"Hiperinflaci\u00f3n en la Rep\u00fablica de Weimar - ElCanillita.Info\",\"isPartOf\":{\"@id\":\"https:\\\/\\\/elcanillita.info\\\/press\\\/#website\"},\"primaryImageOfPage\":{\"@id\":\"https:\\\/\\\/elcanillita.info\\\/press\\\/2023\\\/04\\\/27\\\/hiperinflacion-en-la-republica-de-weimar\\\/#primaryimage\"},\"image\":{\"@id\":\"https:\\\/\\\/elcanillita.info\\\/press\\\/2023\\\/04\\\/27\\\/hiperinflacion-en-la-republica-de-weimar\\\/#primaryimage\"},\"thumbnailUrl\":\"https:\\\/\\\/elcanillita.info\\\/press\\\/images\\\/2023\\\/04\\\/500000_Mark_Leipzig_1923_front-1.jpg\",\"datePublished\":\"2023-04-27T22:39:03+00:00\",\"dateModified\":\"2023-04-27T22:39:04+00:00\",\"description\":\"La hiperinflaci\u00f3n afect\u00f3 al Papiermark alem\u00e1n, la moneda de la Rep\u00fablica de Weimar, entre 1921 y 1923, principalmente en 1923. Provoc\u00f3 una considerable inestabilidad pol\u00edtica interna en el pa\u00eds, la ocupaci\u00f3n del Ruhr por Francia y B\u00e9lgica y la miseria de la poblaci\u00f3n en general.\",\"inLanguage\":\"es-AR\",\"potentialAction\":[{\"@type\":\"ReadAction\",\"target\":[\"https:\\\/\\\/elcanillita.info\\\/press\\\/2023\\\/04\\\/27\\\/hiperinflacion-en-la-republica-de-weimar\\\/\"]}]},{\"@type\":\"ImageObject\",\"inLanguage\":\"es-AR\",\"@id\":\"https:\\\/\\\/elcanillita.info\\\/press\\\/2023\\\/04\\\/27\\\/hiperinflacion-en-la-republica-de-weimar\\\/#primaryimage\",\"url\":\"https:\\\/\\\/elcanillita.info\\\/press\\\/images\\\/2023\\\/04\\\/500000_Mark_Leipzig_1923_front-1.jpg\",\"contentUrl\":\"https:\\\/\\\/elcanillita.info\\\/press\\\/images\\\/2023\\\/04\\\/500000_Mark_Leipzig_1923_front-1.jpg\",\"width\":600,\"height\":371},{\"@type\":\"WebSite\",\"@id\":\"https:\\\/\\\/elcanillita.info\\\/press\\\/#website\",\"url\":\"https:\\\/\\\/elcanillita.info\\\/press\\\/\",\"name\":\"ElCanillita.Info\",\"description\":\"desde los Apeninos a los Andes\",\"publisher\":{\"@id\":\"https:\\\/\\\/elcanillita.info\\\/press\\\/#organization\"},\"potentialAction\":[{\"@type\":\"SearchAction\",\"target\":{\"@type\":\"EntryPoint\",\"urlTemplate\":\"https:\\\/\\\/elcanillita.info\\\/press\\\/?s={search_term_string}\"},\"query-input\":{\"@type\":\"PropertyValueSpecification\",\"valueRequired\":true,\"valueName\":\"search_term_string\"}}],\"inLanguage\":\"es-AR\"},{\"@type\":\"Organization\",\"@id\":\"https:\\\/\\\/elcanillita.info\\\/press\\\/#organization\",\"name\":\"Guzzo Photos & Graphic Publications\",\"url\":\"https:\\\/\\\/elcanillita.info\\\/press\\\/\",\"logo\":{\"@type\":\"ImageObject\",\"inLanguage\":\"es-AR\",\"@id\":\"https:\\\/\\\/elcanillita.info\\\/press\\\/#\\\/schema\\\/logo\\\/image\\\/\",\"url\":\"https:\\\/\\\/elcanillita.info\\\/press\\\/images\\\/2020\\\/01\\\/cropped-cropped-cropped-elcanillitainfo.png\",\"contentUrl\":\"https:\\\/\\\/elcanillita.info\\\/press\\\/images\\\/2020\\\/01\\\/cropped-cropped-cropped-elcanillitainfo.png\",\"width\":460,\"height\":50,\"caption\":\"Guzzo Photos & Graphic Publications\"},\"image\":{\"@id\":\"https:\\\/\\\/elcanillita.info\\\/press\\\/#\\\/schema\\\/logo\\\/image\\\/\"},\"sameAs\":[\"https:\\\/\\\/ar-ar.facebook.com\\\/ElCanillitainfo-114249515285712\\\/\"]},{\"@type\":\"Person\",\"@id\":\"https:\\\/\\\/elcanillita.info\\\/press\\\/#\\\/schema\\\/person\\\/7fcb79f38045700919f7da6d97e71ba0\",\"name\":\"SalaStampa.eu, world press service\",\"image\":{\"@type\":\"ImageObject\",\"inLanguage\":\"es-AR\",\"@id\":\"https:\\\/\\\/secure.gravatar.com\\\/avatar\\\/c2f0e0d515a107624234994507816ca4724c7199cef73fc8bedebf6931d73888?s=96&d=mm&r=g\",\"url\":\"https:\\\/\\\/secure.gravatar.com\\\/avatar\\\/c2f0e0d515a107624234994507816ca4724c7199cef73fc8bedebf6931d73888?s=96&d=mm&r=g\",\"contentUrl\":\"https:\\\/\\\/secure.gravatar.com\\\/avatar\\\/c2f0e0d515a107624234994507816ca4724c7199cef73fc8bedebf6931d73888?s=96&d=mm&r=g\",\"caption\":\"SalaStampa.eu, world press service\"}}]}<\/script>\n<!-- \/ Yoast SEO plugin. -->","yoast_head_json":{"title":"Hiperinflaci\u00f3n en la Rep\u00fablica de Weimar - ElCanillita.Info","description":"La hiperinflaci\u00f3n afect\u00f3 al Papiermark alem\u00e1n, la moneda de la Rep\u00fablica de Weimar, entre 1921 y 1923, principalmente en 1923. Provoc\u00f3 una considerable inestabilidad pol\u00edtica interna en el pa\u00eds, la ocupaci\u00f3n del Ruhr por Francia y B\u00e9lgica y la miseria de la poblaci\u00f3n en general.","robots":{"index":"index","follow":"follow","max-snippet":"max-snippet:-1","max-image-preview":"max-image-preview:large","max-video-preview":"max-video-preview:-1"},"canonical":"https:\/\/elcanillita.info\/press\/2023\/04\/27\/hiperinflacion-en-la-republica-de-weimar\/","og_locale":"es_ES","og_type":"article","og_title":"Hiperinflaci\u00f3n en la Rep\u00fablica de Weimar - ElCanillita.Info","og_description":"La hiperinflaci\u00f3n afect\u00f3 al Papiermark alem\u00e1n, la moneda de la Rep\u00fablica de Weimar, entre 1921 y 1923, principalmente en 1923. Provoc\u00f3 una considerable inestabilidad pol\u00edtica interna en el pa\u00eds, la ocupaci\u00f3n del Ruhr por Francia y B\u00e9lgica y la miseria de la poblaci\u00f3n en general.","og_url":"https:\/\/elcanillita.info\/press\/2023\/04\/27\/hiperinflacion-en-la-republica-de-weimar\/","og_site_name":"ElCanillita.Info","article_publisher":"https:\/\/ar-ar.facebook.com\/ElCanillitainfo-114249515285712\/","article_published_time":"2023-04-27T22:39:03+00:00","article_modified_time":"2023-04-27T22:39:04+00:00","og_image":[{"width":600,"height":371,"url":"https:\/\/elcanillita.info\/press\/images\/2023\/04\/500000_Mark_Leipzig_1923_front-1.jpg","type":"image\/jpeg"}],"author":"SalaStampa.eu, world press service","twitter_card":"summary_large_image","twitter_misc":{"Escrito por":"SalaStampa.eu, world press service","Tiempo de lectura":"6 minutos"},"schema":{"@context":"https:\/\/schema.org","@graph":[{"@type":"Article","@id":"https:\/\/elcanillita.info\/press\/2023\/04\/27\/hiperinflacion-en-la-republica-de-weimar\/#article","isPartOf":{"@id":"https:\/\/elcanillita.info\/press\/2023\/04\/27\/hiperinflacion-en-la-republica-de-weimar\/"},"author":{"name":"SalaStampa.eu, world press service","@id":"https:\/\/elcanillita.info\/press\/#\/schema\/person\/7fcb79f38045700919f7da6d97e71ba0"},"headline":"Hiperinflaci\u00f3n en la Rep\u00fablica de Weimar","datePublished":"2023-04-27T22:39:03+00:00","dateModified":"2023-04-27T22:39:04+00:00","mainEntityOfPage":{"@id":"https:\/\/elcanillita.info\/press\/2023\/04\/27\/hiperinflacion-en-la-republica-de-weimar\/"},"wordCount":1206,"publisher":{"@id":"https:\/\/elcanillita.info\/press\/#organization"},"image":{"@id":"https:\/\/elcanillita.info\/press\/2023\/04\/27\/hiperinflacion-en-la-republica-de-weimar\/#primaryimage"},"thumbnailUrl":"https:\/\/elcanillita.info\/press\/images\/2023\/04\/500000_Mark_Leipzig_1923_front-1.jpg","keywords":["Alemania"],"articleSection":[".","Economia","Etiologia","Europa"],"inLanguage":"es-AR"},{"@type":"WebPage","@id":"https:\/\/elcanillita.info\/press\/2023\/04\/27\/hiperinflacion-en-la-republica-de-weimar\/","url":"https:\/\/elcanillita.info\/press\/2023\/04\/27\/hiperinflacion-en-la-republica-de-weimar\/","name":"Hiperinflaci\u00f3n en la Rep\u00fablica de Weimar - ElCanillita.Info","isPartOf":{"@id":"https:\/\/elcanillita.info\/press\/#website"},"primaryImageOfPage":{"@id":"https:\/\/elcanillita.info\/press\/2023\/04\/27\/hiperinflacion-en-la-republica-de-weimar\/#primaryimage"},"image":{"@id":"https:\/\/elcanillita.info\/press\/2023\/04\/27\/hiperinflacion-en-la-republica-de-weimar\/#primaryimage"},"thumbnailUrl":"https:\/\/elcanillita.info\/press\/images\/2023\/04\/500000_Mark_Leipzig_1923_front-1.jpg","datePublished":"2023-04-27T22:39:03+00:00","dateModified":"2023-04-27T22:39:04+00:00","description":"La hiperinflaci\u00f3n afect\u00f3 al Papiermark alem\u00e1n, la moneda de la Rep\u00fablica de Weimar, entre 1921 y 1923, principalmente en 1923. Provoc\u00f3 una considerable inestabilidad pol\u00edtica interna en el pa\u00eds, la ocupaci\u00f3n del Ruhr por Francia y B\u00e9lgica y la miseria de la poblaci\u00f3n en general.","inLanguage":"es-AR","potentialAction":[{"@type":"ReadAction","target":["https:\/\/elcanillita.info\/press\/2023\/04\/27\/hiperinflacion-en-la-republica-de-weimar\/"]}]},{"@type":"ImageObject","inLanguage":"es-AR","@id":"https:\/\/elcanillita.info\/press\/2023\/04\/27\/hiperinflacion-en-la-republica-de-weimar\/#primaryimage","url":"https:\/\/elcanillita.info\/press\/images\/2023\/04\/500000_Mark_Leipzig_1923_front-1.jpg","contentUrl":"https:\/\/elcanillita.info\/press\/images\/2023\/04\/500000_Mark_Leipzig_1923_front-1.jpg","width":600,"height":371},{"@type":"WebSite","@id":"https:\/\/elcanillita.info\/press\/#website","url":"https:\/\/elcanillita.info\/press\/","name":"ElCanillita.Info","description":"desde los Apeninos a los Andes","publisher":{"@id":"https:\/\/elcanillita.info\/press\/#organization"},"potentialAction":[{"@type":"SearchAction","target":{"@type":"EntryPoint","urlTemplate":"https:\/\/elcanillita.info\/press\/?s={search_term_string}"},"query-input":{"@type":"PropertyValueSpecification","valueRequired":true,"valueName":"search_term_string"}}],"inLanguage":"es-AR"},{"@type":"Organization","@id":"https:\/\/elcanillita.info\/press\/#organization","name":"Guzzo Photos & Graphic Publications","url":"https:\/\/elcanillita.info\/press\/","logo":{"@type":"ImageObject","inLanguage":"es-AR","@id":"https:\/\/elcanillita.info\/press\/#\/schema\/logo\/image\/","url":"https:\/\/elcanillita.info\/press\/images\/2020\/01\/cropped-cropped-cropped-elcanillitainfo.png","contentUrl":"https:\/\/elcanillita.info\/press\/images\/2020\/01\/cropped-cropped-cropped-elcanillitainfo.png","width":460,"height":50,"caption":"Guzzo Photos & Graphic Publications"},"image":{"@id":"https:\/\/elcanillita.info\/press\/#\/schema\/logo\/image\/"},"sameAs":["https:\/\/ar-ar.facebook.com\/ElCanillitainfo-114249515285712\/"]},{"@type":"Person","@id":"https:\/\/elcanillita.info\/press\/#\/schema\/person\/7fcb79f38045700919f7da6d97e71ba0","name":"SalaStampa.eu, world press service","image":{"@type":"ImageObject","inLanguage":"es-AR","@id":"https:\/\/secure.gravatar.com\/avatar\/c2f0e0d515a107624234994507816ca4724c7199cef73fc8bedebf6931d73888?s=96&d=mm&r=g","url":"https:\/\/secure.gravatar.com\/avatar\/c2f0e0d515a107624234994507816ca4724c7199cef73fc8bedebf6931d73888?s=96&d=mm&r=g","contentUrl":"https:\/\/secure.gravatar.com\/avatar\/c2f0e0d515a107624234994507816ca4724c7199cef73fc8bedebf6931d73888?s=96&d=mm&r=g","caption":"SalaStampa.eu, world press service"}}]}},"views":451,"_links":{"self":[{"href":"https:\/\/elcanillita.info\/press\/wp-json\/wp\/v2\/posts\/3483","targetHints":{"allow":["GET"]}}],"collection":[{"href":"https:\/\/elcanillita.info\/press\/wp-json\/wp\/v2\/posts"}],"about":[{"href":"https:\/\/elcanillita.info\/press\/wp-json\/wp\/v2\/types\/post"}],"author":[{"embeddable":true,"href":"https:\/\/elcanillita.info\/press\/wp-json\/wp\/v2\/users\/1"}],"replies":[{"embeddable":true,"href":"https:\/\/elcanillita.info\/press\/wp-json\/wp\/v2\/comments?post=3483"}],"version-history":[{"count":0,"href":"https:\/\/elcanillita.info\/press\/wp-json\/wp\/v2\/posts\/3483\/revisions"}],"wp:featuredmedia":[{"embeddable":true,"href":"https:\/\/elcanillita.info\/press\/wp-json\/wp\/v2\/media\/3487"}],"wp:attachment":[{"href":"https:\/\/elcanillita.info\/press\/wp-json\/wp\/v2\/media?parent=3483"}],"wp:term":[{"taxonomy":"category","embeddable":true,"href":"https:\/\/elcanillita.info\/press\/wp-json\/wp\/v2\/categories?post=3483"},{"taxonomy":"post_tag","embeddable":true,"href":"https:\/\/elcanillita.info\/press\/wp-json\/wp\/v2\/tags?post=3483"}],"curies":[{"name":"wp","href":"https:\/\/api.w.org\/{rel}","templated":true}]}}