{"id":3471,"date":"2023-04-17T18:11:03","date_gmt":"2023-04-17T21:11:03","guid":{"rendered":"https:\/\/elcanillita.info\/press\/?p=3471"},"modified":"2023-04-18T13:12:12","modified_gmt":"2023-04-18T16:12:12","slug":"la-guerra-de-vladimir-putin-encendio-el-fuego-en-sudan","status":"publish","type":"post","link":"https:\/\/elcanillita.info\/press\/2023\/04\/17\/la-guerra-de-vladimir-putin-encendio-el-fuego-en-sudan\/","title":{"rendered":"La guerra de Vladimir Putin encendi\u00f3 el fuego en Sud\u00e1n"},"content":{"rendered":"\n<figure class=\"wp-block-image size-full\"><img loading=\"lazy\" decoding=\"async\" width=\"600\" height=\"337\" src=\"https:\/\/elcanillita.info\/press\/images\/2023\/04\/jak_20230417_1.jpg\" alt=\"\" class=\"wp-image-3472\" srcset=\"https:\/\/elcanillita.info\/press\/images\/2023\/04\/jak_20230417_1.jpg 600w, https:\/\/elcanillita.info\/press\/images\/2023\/04\/jak_20230417_1-300x169.jpg 300w\" sizes=\"auto, (max-width: 600px) 100vw, 600px\" \/><\/figure>\n\n\n\n<p> Khartum 17\/04\/2023, 18:30 CET<\/p>\n\n\n\n<p>Con m\u00e1s de 50 civiles y muchos m\u00e1s militares muertos ya en la lucha por el poder entre facciones gobernantes rivales que estall\u00f3 en Sud\u00e1n el fin de semana, no hay ning\u00fan bando bueno en esta batalla. Como en tantos otros conflictos en \u00c1frica y Oriente Medio en los \u00faltimos a\u00f1os, una cosa que s\u00ed sabemos es que los alborotadores rusos est\u00e1n muy cerca de la acci\u00f3n.<\/p>\n\n\n\n<p>Los combates en  Khartum y otros puntos del pa\u00eds se desencadenaron por los enfrentamientos entre el general Abdel Fattah al-Burhan, jefe de las fuerzas armadas sudanesas, y el general Mohamed Hamdan Dagalo, o &#8220;Hemedti&#8221; (apodo con el que se le conoce). Burhan y Hemedti dieron un golpe de Estado en 2021, arrebatando el poder al consejo de transici\u00f3n establecido tras el derrocamiento del dictador islamista Omar al-Bashir. Hemedti es comandante de las Fuerzas de Apoyo R\u00e1pido (RSF), un grupo paramilitar formado a partir de las milicias Janjaweed que ayudaron a llevar a cabo, bajo el mandato de Bashir, el genocidio de Darfur, que se estima que mat\u00f3 a cientos de miles de personas en el oeste de Sud\u00e1n.<\/p>\n\n\n\n<p>El RSF ha sido vinculado al <a href=\"#Grupo Wagner de Yevgeny Prigozhin\"> Grupo Wagner de Yevgeny Prigozhin<\/a>, que al parecer ha ayudado a entrenarlos y equiparlos. Se cree que Bashir llev\u00f3 a Wagner a Sud\u00e1n para que le ayudara a apuntalar su tambaleante r\u00e9gimen en 2017, tras una reuni\u00f3n con Putin en la que Bashir prometi\u00f3 convertir el pa\u00eds en la &#8220;llave de Rusia en \u00c1frica&#8221;. Entre sus planes estaba una base en el Mar Rojo para la armada rusa en Puerto Sudan, un proyecto apoyado por Wagner.<\/p>\n\n\n\n<p>Desde entonces, Wagner ha suministrado grandes cantidades de armas y equipos a Sud\u00e1n, incluidos camiones militares, veh\u00edculos anfibios y dos helic\u00f3pteros de transporte. Y tras la ca\u00edda de Bashir, el grupo mercenario ruso se realine\u00f3 con Burhan y especialmente con Hemedti. Sigue operando la empresa Meroe Gold, que supuestamente explota las minas de Sud\u00e1n y saca de contrabando grandes cantidades de oro del pa\u00eds, llenando supuestamente los bolsillos de Prigozhin y negando a Sud\u00e1n ingresos muy necesarios. Para Putin, esto ayudar\u00eda a eludir las sanciones occidentales, permiti\u00e9ndole alimentar su guerra en Ucrania.<\/p>\n\n\n\n<p>Ahora, la adinerada y fuertemente armada RSF podr\u00eda estar a punto de causar estragos en la regi\u00f3n del norte de \u00c1frica. El presidente egipcio El Sisi considera que un r\u00e9gimen estable en Khartum es de vital inter\u00e9s para su pa\u00eds. Probablemente mirar\u00e1 con recelo la captura de tropas egipcias ocurrido el s\u00e1bado pasado por parte de la RSF en Sud\u00e1n para ejercicios conjuntos, a\u00fan cuando Hemedti ha asegurado su regreso seguro en un futuro pr\u00f3ximo. Tambi\u00e9n habr\u00e1 gran alarma en El Cairo por las posibles repercusiones de esta lucha de poder sobre el proyecto de la presa del Gran Renacimiento Et\u00edope, para el cual se necesita el apoyo de Jartum para hacer frente a los temores de Egipto sobre el suministro de agua a trav\u00e9s del Nilo.<\/p>\n\n\n\n<p>En \u00faltima instancia, se trata de una cuesti\u00f3n estrat\u00e9gica tan importante que, si el conflicto se descontrola, Egipto podr\u00eda sentir la necesidad de imponerse con m\u00e1s fuerza, al igual que Etiop\u00eda.<\/p>\n\n\n\n<p>Adem\u00e1s, Chad, Eritrea y Sud\u00e1n del Sur podr\u00edan enfrentarse a una avalancha de refugiados, que se sumar\u00eda a sus propias luchas internas, y un vac\u00edo de poder permitir\u00eda a los grupos extremistas de toda la regi\u00f3n aprovecharse de lo que est\u00e1 ocurriendo. Despu\u00e9s de todo, Osama Bin Laden vivi\u00f3 cinco a\u00f1os en Sud\u00e1n, entre 1991 y 1996. Abrir vastas extensiones del desierto al pr\u00f3ximo Bin Laden es algo que, obviamente, socavar\u00eda tambi\u00e9n la seguridad brit\u00e1nica y estadounidense.<\/p>\n\n\n\n<p>As\u00ed, Vladimir Putin, ya sea por accidente o a prop\u00f3sito, ha contribuido a desatar una ola de violencia que podr\u00eda tener consecuencias desastrosas no s\u00f3lo para Sud\u00e1n y el norte de \u00c1frica, sino para todo el mundo. Su fallida invasi\u00f3n de Ucrania ha dado poder al Grupo Wagner, que utiliza esa influencia para saquear naciones africanas y provocar problemas. Su desesperaci\u00f3n por conseguir dinero desde que Occidente aplic\u00f3 severas sanciones ha hecho que el apoyo estatal ruso a estas acciones il\u00edcitas sea una necesidad. Todo esto tendr\u00e1 un alto precio.<\/p>\n\n\n\n<p>De hecho, Sud\u00e1n puede ser s\u00f3lo la primera naci\u00f3n africana que implosione bajo la influencia rusa. En la Rep\u00fablica Centroafricana, Mozambique, Libia y Mali, los mercenarios rusos han trabajado para reforzar los conflictos existentes, apuntalar reg\u00edmenes desp\u00f3ticos, suprimir los esfuerzos hacia la democracia, saquear los recursos naturales, asegurar ventajas estrat\u00e9gicas para Mosc\u00fa y expulsar la influencia occidental. Las fuerzas desatadas por sus esfuerzos no ser\u00e1n f\u00e1ciles de contener.<br><br>c<small>opyright \u00a9 2023 ElCanillita.info \/ SalaStampa.Eu, servicio mundial de prensa &#8211; All rights reserved<\/small><br><\/p>\n\n\n\n<div style=\"width:90%; padding-left:50px; font-size:0.8em; text-align: justify;\">\n<b><a name=\"Grupo Wagner de Yevgeny Prigozhin\"> Grupo Wagner de Yevgeny Prigozhin<\/a><\/b><br><br>\nYevgeny Viktorovich Prigozhin (foto: a derecha) naci\u00f3 el 1\/06\/1961 en Leningrado, es un empresario y oligarca ruso, con estrechos v\u00ednculos con el presidente ruso Vladimir Putin.\n<br><br> \n<img decoding=\"async\" src=\"https:\/\/elcanillita.info\/press\/images\/2023\/04\/Putin_Yevgeny_Prigozhin.jpg\">\n<br><br>Fue mencionado como el cocinero de Putin en un art\u00edculo de Associated Press debido a que los restaurantes y sus empresas de catering organizaban cenas a las que Vladimir Putin asist\u00eda con dignatarios extranjeros. Controla una red de empresas, incluidas tres acusadas de interferir en las elecciones estadounidenses de 2016. Tambi\u00e9n est\u00e1 acusado de tratar de influir en las elecciones de mitad de per\u00edodo de EE. UU. de 2018. \u00c9l, junto con sus empresas y asociados, fue multado con sanciones econ\u00f3micas y cargos penales en los Estados Unidos..<br>\n<br> \nSeg\u00fan una investigaci\u00f3n de Bellingcat, The Insider y Der Spiegel, sus operaciones &#8220;est\u00e1n estrechamente integradas con el Ministerio de Defensa ruso y su brazo de inteligencia, el GRU&#8221;. A fines de septiembre de 2022, admiti\u00f3 p\u00fablicamente, por primera vez, su participaci\u00f3n en la fundaci\u00f3n de la empresa militar privada y organizaci\u00f3n paramilitar conocida como Grupo Wagner.\n<br><br>\nPrigozhin se gradu\u00f3 de una universidad de atletismo en 1977 y practic\u00f3 esqu\u00ed de fondo. Su padre y su padrastro eran descendientes de jud\u00edos rusos, mientras que su madre es de ascendencia \u00e9tnica rusa. El 29 de noviembre de 1979 se le impuso una sentencia suspendida por robo. En 1981 fue condenado a doce a\u00f1os de prisi\u00f3n por robo, estafa y participaci\u00f3n de adolescentes en la prostituci\u00f3n, y luego cumpli\u00f3 nueve.\n<br><br><br>\ncopyright \u00a9 2023 ElCanillita.info \/ SalaStampa.Eu &#8211; All rights reserved<br><br>\n\n<\/div>\n","protected":false},"excerpt":{"rendered":"<p>Sud\u00e1n se resquebraja bajo la influencia de los mercenarios rusos, y otras naciones africanas podr\u00edan seguirle pronto.<\/p>\n","protected":false},"author":1,"featured_media":3473,"comment_status":"closed","ping_status":"closed","sticky":false,"template":"","format":"standard","meta":{"footnotes":"","_links_to":"","_links_to_target":""},"categories":[108,70,14,118,119],"tags":[117],"class_list":["post-3471","post","type-post","status-publish","format-standard","has-post-thumbnail","hentry","category-blogdiario","category-actualidad","category-africa","category-corrupcion","category-guerra","tag-sudan","entry","double"],"yoast_head":"<!-- This site is optimized with the Yoast SEO plugin v27.4 - https:\/\/yoast.com\/product\/yoast-seo-wordpress\/ -->\n<title>La guerra de Vladimir Putin encendi\u00f3 el fuego en Sud\u00e1n - ElCanillita.Info<\/title>\n<meta name=\"description\" content=\"Sud\u00e1n se resquebraja bajo la influencia de los mercenarios rusos, y otras naciones africanas podr\u00edan seguirle pronto\" \/>\n<meta name=\"robots\" content=\"index, follow, max-snippet:-1, max-image-preview:large, max-video-preview:-1\" \/>\n<link rel=\"canonical\" href=\"https:\/\/elcanillita.info\/press\/2023\/04\/17\/la-guerra-de-vladimir-putin-encendio-el-fuego-en-sudan\/\" \/>\n<meta property=\"og:locale\" content=\"es_ES\" \/>\n<meta property=\"og:type\" content=\"article\" \/>\n<meta property=\"og:title\" content=\"La guerra de Vladimir Putin encendi\u00f3 el fuego en Sud\u00e1n - ElCanillita.Info\" \/>\n<meta property=\"og:description\" content=\"Sud\u00e1n se resquebraja bajo la influencia de los mercenarios rusos, y otras naciones africanas podr\u00edan seguirle pronto\" \/>\n<meta property=\"og:url\" content=\"https:\/\/elcanillita.info\/press\/2023\/04\/17\/la-guerra-de-vladimir-putin-encendio-el-fuego-en-sudan\/\" \/>\n<meta property=\"og:site_name\" content=\"ElCanillita.Info\" \/>\n<meta property=\"article:publisher\" content=\"https:\/\/ar-ar.facebook.com\/ElCanillitainfo-114249515285712\/\" \/>\n<meta property=\"article:published_time\" content=\"2023-04-17T21:11:03+00:00\" \/>\n<meta property=\"article:modified_time\" content=\"2023-04-18T16:12:12+00:00\" \/>\n<meta property=\"og:image\" content=\"https:\/\/elcanillita.info\/press\/images\/2023\/04\/Khartum.jpg\" \/>\n\t<meta property=\"og:image:width\" content=\"600\" \/>\n\t<meta property=\"og:image:height\" content=\"500\" \/>\n\t<meta property=\"og:image:type\" content=\"image\/jpeg\" \/>\n<meta name=\"author\" content=\"SalaStampa.eu, world press service\" \/>\n<meta name=\"twitter:card\" content=\"summary_large_image\" \/>\n<meta name=\"twitter:label1\" content=\"Escrito por\" \/>\n\t<meta name=\"twitter:data1\" content=\"SalaStampa.eu, world press service\" \/>\n\t<meta name=\"twitter:label2\" content=\"Tiempo de lectura\" \/>\n\t<meta name=\"twitter:data2\" content=\"6 minutos\" \/>\n<script type=\"application\/ld+json\" class=\"yoast-schema-graph\">{\"@context\":\"https:\\\/\\\/schema.org\",\"@graph\":[{\"@type\":\"Article\",\"@id\":\"https:\\\/\\\/elcanillita.info\\\/press\\\/2023\\\/04\\\/17\\\/la-guerra-de-vladimir-putin-encendio-el-fuego-en-sudan\\\/#article\",\"isPartOf\":{\"@id\":\"https:\\\/\\\/elcanillita.info\\\/press\\\/2023\\\/04\\\/17\\\/la-guerra-de-vladimir-putin-encendio-el-fuego-en-sudan\\\/\"},\"author\":{\"name\":\"SalaStampa.eu, world press service\",\"@id\":\"https:\\\/\\\/elcanillita.info\\\/press\\\/#\\\/schema\\\/person\\\/7fcb79f38045700919f7da6d97e71ba0\"},\"headline\":\"La guerra de Vladimir Putin encendi\u00f3 el fuego en Sud\u00e1n\",\"datePublished\":\"2023-04-17T21:11:03+00:00\",\"dateModified\":\"2023-04-18T16:12:12+00:00\",\"mainEntityOfPage\":{\"@id\":\"https:\\\/\\\/elcanillita.info\\\/press\\\/2023\\\/04\\\/17\\\/la-guerra-de-vladimir-putin-encendio-el-fuego-en-sudan\\\/\"},\"wordCount\":1109,\"publisher\":{\"@id\":\"https:\\\/\\\/elcanillita.info\\\/press\\\/#organization\"},\"image\":{\"@id\":\"https:\\\/\\\/elcanillita.info\\\/press\\\/2023\\\/04\\\/17\\\/la-guerra-de-vladimir-putin-encendio-el-fuego-en-sudan\\\/#primaryimage\"},\"thumbnailUrl\":\"https:\\\/\\\/elcanillita.info\\\/press\\\/images\\\/2023\\\/04\\\/Khartum.jpg\",\"keywords\":[\"Sud\u00e1n\"],\"articleSection\":[\".\",\"Actualidad\",\"Africa\",\"Corrupci\u00f3n\",\"Guerra\"],\"inLanguage\":\"es-AR\"},{\"@type\":\"WebPage\",\"@id\":\"https:\\\/\\\/elcanillita.info\\\/press\\\/2023\\\/04\\\/17\\\/la-guerra-de-vladimir-putin-encendio-el-fuego-en-sudan\\\/\",\"url\":\"https:\\\/\\\/elcanillita.info\\\/press\\\/2023\\\/04\\\/17\\\/la-guerra-de-vladimir-putin-encendio-el-fuego-en-sudan\\\/\",\"name\":\"La guerra de Vladimir Putin encendi\u00f3 el fuego en Sud\u00e1n - ElCanillita.Info\",\"isPartOf\":{\"@id\":\"https:\\\/\\\/elcanillita.info\\\/press\\\/#website\"},\"primaryImageOfPage\":{\"@id\":\"https:\\\/\\\/elcanillita.info\\\/press\\\/2023\\\/04\\\/17\\\/la-guerra-de-vladimir-putin-encendio-el-fuego-en-sudan\\\/#primaryimage\"},\"image\":{\"@id\":\"https:\\\/\\\/elcanillita.info\\\/press\\\/2023\\\/04\\\/17\\\/la-guerra-de-vladimir-putin-encendio-el-fuego-en-sudan\\\/#primaryimage\"},\"thumbnailUrl\":\"https:\\\/\\\/elcanillita.info\\\/press\\\/images\\\/2023\\\/04\\\/Khartum.jpg\",\"datePublished\":\"2023-04-17T21:11:03+00:00\",\"dateModified\":\"2023-04-18T16:12:12+00:00\",\"description\":\"Sud\u00e1n se resquebraja bajo la influencia de los mercenarios rusos, y otras naciones africanas podr\u00edan seguirle pronto\",\"inLanguage\":\"es-AR\",\"potentialAction\":[{\"@type\":\"ReadAction\",\"target\":[\"https:\\\/\\\/elcanillita.info\\\/press\\\/2023\\\/04\\\/17\\\/la-guerra-de-vladimir-putin-encendio-el-fuego-en-sudan\\\/\"]}]},{\"@type\":\"ImageObject\",\"inLanguage\":\"es-AR\",\"@id\":\"https:\\\/\\\/elcanillita.info\\\/press\\\/2023\\\/04\\\/17\\\/la-guerra-de-vladimir-putin-encendio-el-fuego-en-sudan\\\/#primaryimage\",\"url\":\"https:\\\/\\\/elcanillita.info\\\/press\\\/images\\\/2023\\\/04\\\/Khartum.jpg\",\"contentUrl\":\"https:\\\/\\\/elcanillita.info\\\/press\\\/images\\\/2023\\\/04\\\/Khartum.jpg\",\"width\":600,\"height\":500},{\"@type\":\"WebSite\",\"@id\":\"https:\\\/\\\/elcanillita.info\\\/press\\\/#website\",\"url\":\"https:\\\/\\\/elcanillita.info\\\/press\\\/\",\"name\":\"ElCanillita.Info\",\"description\":\"desde los Apeninos a los Andes\",\"publisher\":{\"@id\":\"https:\\\/\\\/elcanillita.info\\\/press\\\/#organization\"},\"potentialAction\":[{\"@type\":\"SearchAction\",\"target\":{\"@type\":\"EntryPoint\",\"urlTemplate\":\"https:\\\/\\\/elcanillita.info\\\/press\\\/?s={search_term_string}\"},\"query-input\":{\"@type\":\"PropertyValueSpecification\",\"valueRequired\":true,\"valueName\":\"search_term_string\"}}],\"inLanguage\":\"es-AR\"},{\"@type\":\"Organization\",\"@id\":\"https:\\\/\\\/elcanillita.info\\\/press\\\/#organization\",\"name\":\"Guzzo Photos & Graphic Publications\",\"url\":\"https:\\\/\\\/elcanillita.info\\\/press\\\/\",\"logo\":{\"@type\":\"ImageObject\",\"inLanguage\":\"es-AR\",\"@id\":\"https:\\\/\\\/elcanillita.info\\\/press\\\/#\\\/schema\\\/logo\\\/image\\\/\",\"url\":\"https:\\\/\\\/elcanillita.info\\\/press\\\/images\\\/2020\\\/01\\\/cropped-cropped-cropped-elcanillitainfo.png\",\"contentUrl\":\"https:\\\/\\\/elcanillita.info\\\/press\\\/images\\\/2020\\\/01\\\/cropped-cropped-cropped-elcanillitainfo.png\",\"width\":460,\"height\":50,\"caption\":\"Guzzo Photos & Graphic Publications\"},\"image\":{\"@id\":\"https:\\\/\\\/elcanillita.info\\\/press\\\/#\\\/schema\\\/logo\\\/image\\\/\"},\"sameAs\":[\"https:\\\/\\\/ar-ar.facebook.com\\\/ElCanillitainfo-114249515285712\\\/\"]},{\"@type\":\"Person\",\"@id\":\"https:\\\/\\\/elcanillita.info\\\/press\\\/#\\\/schema\\\/person\\\/7fcb79f38045700919f7da6d97e71ba0\",\"name\":\"SalaStampa.eu, world press service\",\"image\":{\"@type\":\"ImageObject\",\"inLanguage\":\"es-AR\",\"@id\":\"https:\\\/\\\/secure.gravatar.com\\\/avatar\\\/c2f0e0d515a107624234994507816ca4724c7199cef73fc8bedebf6931d73888?s=96&d=mm&r=g\",\"url\":\"https:\\\/\\\/secure.gravatar.com\\\/avatar\\\/c2f0e0d515a107624234994507816ca4724c7199cef73fc8bedebf6931d73888?s=96&d=mm&r=g\",\"contentUrl\":\"https:\\\/\\\/secure.gravatar.com\\\/avatar\\\/c2f0e0d515a107624234994507816ca4724c7199cef73fc8bedebf6931d73888?s=96&d=mm&r=g\",\"caption\":\"SalaStampa.eu, world press service\"}}]}<\/script>\n<!-- \/ Yoast SEO plugin. -->","yoast_head_json":{"title":"La guerra de Vladimir Putin encendi\u00f3 el fuego en Sud\u00e1n - ElCanillita.Info","description":"Sud\u00e1n se resquebraja bajo la influencia de los mercenarios rusos, y otras naciones africanas podr\u00edan seguirle pronto","robots":{"index":"index","follow":"follow","max-snippet":"max-snippet:-1","max-image-preview":"max-image-preview:large","max-video-preview":"max-video-preview:-1"},"canonical":"https:\/\/elcanillita.info\/press\/2023\/04\/17\/la-guerra-de-vladimir-putin-encendio-el-fuego-en-sudan\/","og_locale":"es_ES","og_type":"article","og_title":"La guerra de Vladimir Putin encendi\u00f3 el fuego en Sud\u00e1n - ElCanillita.Info","og_description":"Sud\u00e1n se resquebraja bajo la influencia de los mercenarios rusos, y otras naciones africanas podr\u00edan seguirle pronto","og_url":"https:\/\/elcanillita.info\/press\/2023\/04\/17\/la-guerra-de-vladimir-putin-encendio-el-fuego-en-sudan\/","og_site_name":"ElCanillita.Info","article_publisher":"https:\/\/ar-ar.facebook.com\/ElCanillitainfo-114249515285712\/","article_published_time":"2023-04-17T21:11:03+00:00","article_modified_time":"2023-04-18T16:12:12+00:00","og_image":[{"width":600,"height":500,"url":"https:\/\/elcanillita.info\/press\/images\/2023\/04\/Khartum.jpg","type":"image\/jpeg"}],"author":"SalaStampa.eu, world press service","twitter_card":"summary_large_image","twitter_misc":{"Escrito por":"SalaStampa.eu, world press service","Tiempo de lectura":"6 minutos"},"schema":{"@context":"https:\/\/schema.org","@graph":[{"@type":"Article","@id":"https:\/\/elcanillita.info\/press\/2023\/04\/17\/la-guerra-de-vladimir-putin-encendio-el-fuego-en-sudan\/#article","isPartOf":{"@id":"https:\/\/elcanillita.info\/press\/2023\/04\/17\/la-guerra-de-vladimir-putin-encendio-el-fuego-en-sudan\/"},"author":{"name":"SalaStampa.eu, world press service","@id":"https:\/\/elcanillita.info\/press\/#\/schema\/person\/7fcb79f38045700919f7da6d97e71ba0"},"headline":"La guerra de Vladimir Putin encendi\u00f3 el fuego en Sud\u00e1n","datePublished":"2023-04-17T21:11:03+00:00","dateModified":"2023-04-18T16:12:12+00:00","mainEntityOfPage":{"@id":"https:\/\/elcanillita.info\/press\/2023\/04\/17\/la-guerra-de-vladimir-putin-encendio-el-fuego-en-sudan\/"},"wordCount":1109,"publisher":{"@id":"https:\/\/elcanillita.info\/press\/#organization"},"image":{"@id":"https:\/\/elcanillita.info\/press\/2023\/04\/17\/la-guerra-de-vladimir-putin-encendio-el-fuego-en-sudan\/#primaryimage"},"thumbnailUrl":"https:\/\/elcanillita.info\/press\/images\/2023\/04\/Khartum.jpg","keywords":["Sud\u00e1n"],"articleSection":[".","Actualidad","Africa","Corrupci\u00f3n","Guerra"],"inLanguage":"es-AR"},{"@type":"WebPage","@id":"https:\/\/elcanillita.info\/press\/2023\/04\/17\/la-guerra-de-vladimir-putin-encendio-el-fuego-en-sudan\/","url":"https:\/\/elcanillita.info\/press\/2023\/04\/17\/la-guerra-de-vladimir-putin-encendio-el-fuego-en-sudan\/","name":"La guerra de Vladimir Putin encendi\u00f3 el fuego en Sud\u00e1n - ElCanillita.Info","isPartOf":{"@id":"https:\/\/elcanillita.info\/press\/#website"},"primaryImageOfPage":{"@id":"https:\/\/elcanillita.info\/press\/2023\/04\/17\/la-guerra-de-vladimir-putin-encendio-el-fuego-en-sudan\/#primaryimage"},"image":{"@id":"https:\/\/elcanillita.info\/press\/2023\/04\/17\/la-guerra-de-vladimir-putin-encendio-el-fuego-en-sudan\/#primaryimage"},"thumbnailUrl":"https:\/\/elcanillita.info\/press\/images\/2023\/04\/Khartum.jpg","datePublished":"2023-04-17T21:11:03+00:00","dateModified":"2023-04-18T16:12:12+00:00","description":"Sud\u00e1n se resquebraja bajo la influencia de los mercenarios rusos, y otras naciones africanas podr\u00edan seguirle pronto","inLanguage":"es-AR","potentialAction":[{"@type":"ReadAction","target":["https:\/\/elcanillita.info\/press\/2023\/04\/17\/la-guerra-de-vladimir-putin-encendio-el-fuego-en-sudan\/"]}]},{"@type":"ImageObject","inLanguage":"es-AR","@id":"https:\/\/elcanillita.info\/press\/2023\/04\/17\/la-guerra-de-vladimir-putin-encendio-el-fuego-en-sudan\/#primaryimage","url":"https:\/\/elcanillita.info\/press\/images\/2023\/04\/Khartum.jpg","contentUrl":"https:\/\/elcanillita.info\/press\/images\/2023\/04\/Khartum.jpg","width":600,"height":500},{"@type":"WebSite","@id":"https:\/\/elcanillita.info\/press\/#website","url":"https:\/\/elcanillita.info\/press\/","name":"ElCanillita.Info","description":"desde los Apeninos a los Andes","publisher":{"@id":"https:\/\/elcanillita.info\/press\/#organization"},"potentialAction":[{"@type":"SearchAction","target":{"@type":"EntryPoint","urlTemplate":"https:\/\/elcanillita.info\/press\/?s={search_term_string}"},"query-input":{"@type":"PropertyValueSpecification","valueRequired":true,"valueName":"search_term_string"}}],"inLanguage":"es-AR"},{"@type":"Organization","@id":"https:\/\/elcanillita.info\/press\/#organization","name":"Guzzo Photos & Graphic Publications","url":"https:\/\/elcanillita.info\/press\/","logo":{"@type":"ImageObject","inLanguage":"es-AR","@id":"https:\/\/elcanillita.info\/press\/#\/schema\/logo\/image\/","url":"https:\/\/elcanillita.info\/press\/images\/2020\/01\/cropped-cropped-cropped-elcanillitainfo.png","contentUrl":"https:\/\/elcanillita.info\/press\/images\/2020\/01\/cropped-cropped-cropped-elcanillitainfo.png","width":460,"height":50,"caption":"Guzzo Photos & Graphic Publications"},"image":{"@id":"https:\/\/elcanillita.info\/press\/#\/schema\/logo\/image\/"},"sameAs":["https:\/\/ar-ar.facebook.com\/ElCanillitainfo-114249515285712\/"]},{"@type":"Person","@id":"https:\/\/elcanillita.info\/press\/#\/schema\/person\/7fcb79f38045700919f7da6d97e71ba0","name":"SalaStampa.eu, world press service","image":{"@type":"ImageObject","inLanguage":"es-AR","@id":"https:\/\/secure.gravatar.com\/avatar\/c2f0e0d515a107624234994507816ca4724c7199cef73fc8bedebf6931d73888?s=96&d=mm&r=g","url":"https:\/\/secure.gravatar.com\/avatar\/c2f0e0d515a107624234994507816ca4724c7199cef73fc8bedebf6931d73888?s=96&d=mm&r=g","contentUrl":"https:\/\/secure.gravatar.com\/avatar\/c2f0e0d515a107624234994507816ca4724c7199cef73fc8bedebf6931d73888?s=96&d=mm&r=g","caption":"SalaStampa.eu, world press service"}}]}},"views":443,"_links":{"self":[{"href":"https:\/\/elcanillita.info\/press\/wp-json\/wp\/v2\/posts\/3471","targetHints":{"allow":["GET"]}}],"collection":[{"href":"https:\/\/elcanillita.info\/press\/wp-json\/wp\/v2\/posts"}],"about":[{"href":"https:\/\/elcanillita.info\/press\/wp-json\/wp\/v2\/types\/post"}],"author":[{"embeddable":true,"href":"https:\/\/elcanillita.info\/press\/wp-json\/wp\/v2\/users\/1"}],"replies":[{"embeddable":true,"href":"https:\/\/elcanillita.info\/press\/wp-json\/wp\/v2\/comments?post=3471"}],"version-history":[{"count":0,"href":"https:\/\/elcanillita.info\/press\/wp-json\/wp\/v2\/posts\/3471\/revisions"}],"wp:featuredmedia":[{"embeddable":true,"href":"https:\/\/elcanillita.info\/press\/wp-json\/wp\/v2\/media\/3473"}],"wp:attachment":[{"href":"https:\/\/elcanillita.info\/press\/wp-json\/wp\/v2\/media?parent=3471"}],"wp:term":[{"taxonomy":"category","embeddable":true,"href":"https:\/\/elcanillita.info\/press\/wp-json\/wp\/v2\/categories?post=3471"},{"taxonomy":"post_tag","embeddable":true,"href":"https:\/\/elcanillita.info\/press\/wp-json\/wp\/v2\/tags?post=3471"}],"curies":[{"name":"wp","href":"https:\/\/api.w.org\/{rel}","templated":true}]}}