{"id":3465,"date":"2023-04-15T11:36:49","date_gmt":"2023-04-15T14:36:49","guid":{"rendered":"https:\/\/elcanillita.info\/press\/?p=3465"},"modified":"2023-04-15T11:39:40","modified_gmt":"2023-04-15T14:39:40","slug":"la-onu-anticipa-anos-de-dificultades-economicas-para-los-paises-en-desarrollo","status":"publish","type":"post","link":"https:\/\/elcanillita.info\/press\/2023\/04\/15\/la-onu-anticipa-anos-de-dificultades-economicas-para-los-paises-en-desarrollo\/","title":{"rendered":"La ONU anticipa a\u00f1os de dificultades econ\u00f3micas para los pa\u00edses en desarrollo"},"content":{"rendered":"\n<figure class=\"wp-block-audio\"><audio src=\"https:\/\/elcanillita.info\/press\/images\/2023\/04\/ONU anticipa_Original Audio_m301773.mp3\" controls=\"controls\"><\/audio><\/figure>\n\n\n\n<p>La Conferencia de las Naciones Unidas sobre Comercio y Desarrollo advirti\u00f3 que los pa\u00edses en desarrollo se enfrentan a a\u00f1os de dificultades a medida que la econom\u00eda mundial se desacelera. Esta es una actualizaci\u00f3n de nuestra Sala de Redacci\u00f3n.<\/p>\n\n\n\n<p>Voz de Am\u00e9rica \u2013 Publication Date: April 14 2023<br>\u00a9 2023 SalaStampa.Eu affiliate with USAGM \u2013 Edited by Guzzo Photos &amp; Graphic Publications.<br>Copyright \u00a9 1998-2023, VOA. Reprinted by ElCanillita.info with the permission of USAGM \u2013 Washington DC 20036<\/p>\n","protected":false},"excerpt":{"rendered":"<p>La Conferencia de las Naciones Unidas sobre Comercio y Desarrollo advirti\u00f3 que los pa\u00edses en desarrollo se enfrentan a a\u00f1os de dificultades a medida que la econom\u00eda mundial se desacelera. Esta es una actualizaci\u00f3n de nuestra Sala de Redacci\u00f3n.<\/p>\n","protected":false},"author":1,"featured_media":3466,"comment_status":"closed","ping_status":"closed","sticky":false,"template":"","format":"standard","meta":{"footnotes":"","_links_to":"","_links_to_target":""},"categories":[108,8,89,20],"tags":[35],"class_list":["post-3465","post","type-post","status-publish","format-standard","has-post-thumbnail","hentry","category-blogdiario","category-america","category-broadcasting","category-economia","tag-mundo","entry","double"],"yoast_head":"<!-- This site is optimized with the Yoast SEO plugin v27.4 - https:\/\/yoast.com\/product\/yoast-seo-wordpress\/ -->\n<title>La ONU anticipa a\u00f1os de dificultades econ\u00f3micas para los pa\u00edses en desarrollo - ElCanillita.Info<\/title>\n<meta name=\"description\" content=\"La Conferencia de las Naciones Unidas sobre Comercio y Desarrollo advirti\u00f3 que los pa\u00edses en desarrollo se enfrentan a a\u00f1os de dificultades a medida que la econom\u00eda mundial se desacelera. Esta es una actualizaci\u00f3n de nuestra Sala de Redacci\u00f3n.\" \/>\n<meta name=\"robots\" content=\"index, follow, max-snippet:-1, max-image-preview:large, max-video-preview:-1\" \/>\n<link rel=\"canonical\" href=\"https:\/\/elcanillita.info\/press\/2023\/04\/15\/la-onu-anticipa-anos-de-dificultades-economicas-para-los-paises-en-desarrollo\/\" \/>\n<meta property=\"og:locale\" content=\"es_ES\" \/>\n<meta property=\"og:type\" content=\"article\" \/>\n<meta property=\"og:title\" content=\"La ONU anticipa a\u00f1os de dificultades econ\u00f3micas para los pa\u00edses en desarrollo - ElCanillita.Info\" \/>\n<meta property=\"og:description\" content=\"La Conferencia de las Naciones Unidas sobre Comercio y Desarrollo advirti\u00f3 que los pa\u00edses en desarrollo se enfrentan a a\u00f1os de dificultades a medida que la econom\u00eda mundial se desacelera. Esta es una actualizaci\u00f3n de nuestra Sala de Redacci\u00f3n.\" \/>\n<meta property=\"og:url\" content=\"https:\/\/elcanillita.info\/press\/2023\/04\/15\/la-onu-anticipa-anos-de-dificultades-economicas-para-los-paises-en-desarrollo\/\" \/>\n<meta property=\"og:site_name\" content=\"ElCanillita.Info\" \/>\n<meta property=\"article:publisher\" content=\"https:\/\/ar-ar.facebook.com\/ElCanillitainfo-114249515285712\/\" \/>\n<meta property=\"article:published_time\" content=\"2023-04-15T14:36:49+00:00\" \/>\n<meta property=\"article:modified_time\" content=\"2023-04-15T14:39:40+00:00\" \/>\n<meta property=\"og:image\" content=\"https:\/\/elcanillita.info\/press\/images\/2023\/04\/La-ONU-anticipa-anos-de-dificultades-economicas-para-los-paises-en-desarrollo_Thumbnail_m301773.jpg\" \/>\n\t<meta property=\"og:image:width\" content=\"270\" \/>\n\t<meta property=\"og:image:height\" content=\"180\" \/>\n\t<meta property=\"og:image:type\" content=\"image\/jpeg\" \/>\n<meta name=\"author\" content=\"SalaStampa.eu, world press service\" \/>\n<meta name=\"twitter:card\" content=\"summary_large_image\" \/>\n<meta name=\"twitter:label1\" content=\"Escrito por\" \/>\n\t<meta name=\"twitter:data1\" content=\"SalaStampa.eu, world press service\" \/>\n\t<meta name=\"twitter:label2\" content=\"Tiempo de lectura\" \/>\n\t<meta name=\"twitter:data2\" content=\"1 minuto\" \/>\n<script type=\"application\/ld+json\" class=\"yoast-schema-graph\">{\"@context\":\"https:\\\/\\\/schema.org\",\"@graph\":[{\"@type\":\"Article\",\"@id\":\"https:\\\/\\\/elcanillita.info\\\/press\\\/2023\\\/04\\\/15\\\/la-onu-anticipa-anos-de-dificultades-economicas-para-los-paises-en-desarrollo\\\/#article\",\"isPartOf\":{\"@id\":\"https:\\\/\\\/elcanillita.info\\\/press\\\/2023\\\/04\\\/15\\\/la-onu-anticipa-anos-de-dificultades-economicas-para-los-paises-en-desarrollo\\\/\"},\"author\":{\"name\":\"SalaStampa.eu, world press service\",\"@id\":\"https:\\\/\\\/elcanillita.info\\\/press\\\/#\\\/schema\\\/person\\\/7fcb79f38045700919f7da6d97e71ba0\"},\"headline\":\"La ONU anticipa a\u00f1os de dificultades econ\u00f3micas para los pa\u00edses en desarrollo\",\"datePublished\":\"2023-04-15T14:36:49+00:00\",\"dateModified\":\"2023-04-15T14:39:40+00:00\",\"mainEntityOfPage\":{\"@id\":\"https:\\\/\\\/elcanillita.info\\\/press\\\/2023\\\/04\\\/15\\\/la-onu-anticipa-anos-de-dificultades-economicas-para-los-paises-en-desarrollo\\\/\"},\"wordCount\":92,\"publisher\":{\"@id\":\"https:\\\/\\\/elcanillita.info\\\/press\\\/#organization\"},\"image\":{\"@id\":\"https:\\\/\\\/elcanillita.info\\\/press\\\/2023\\\/04\\\/15\\\/la-onu-anticipa-anos-de-dificultades-economicas-para-los-paises-en-desarrollo\\\/#primaryimage\"},\"thumbnailUrl\":\"https:\\\/\\\/elcanillita.info\\\/press\\\/images\\\/2023\\\/04\\\/La-ONU-anticipa-anos-de-dificultades-economicas-para-los-paises-en-desarrollo_Thumbnail_m301773.jpg\",\"keywords\":[\"MUNDO\"],\"articleSection\":[\".\",\"Am\u00e9rica\",\"broadcasting\",\"Economia\"],\"inLanguage\":\"es-AR\"},{\"@type\":\"WebPage\",\"@id\":\"https:\\\/\\\/elcanillita.info\\\/press\\\/2023\\\/04\\\/15\\\/la-onu-anticipa-anos-de-dificultades-economicas-para-los-paises-en-desarrollo\\\/\",\"url\":\"https:\\\/\\\/elcanillita.info\\\/press\\\/2023\\\/04\\\/15\\\/la-onu-anticipa-anos-de-dificultades-economicas-para-los-paises-en-desarrollo\\\/\",\"name\":\"La ONU anticipa a\u00f1os de dificultades econ\u00f3micas para los pa\u00edses en desarrollo - ElCanillita.Info\",\"isPartOf\":{\"@id\":\"https:\\\/\\\/elcanillita.info\\\/press\\\/#website\"},\"primaryImageOfPage\":{\"@id\":\"https:\\\/\\\/elcanillita.info\\\/press\\\/2023\\\/04\\\/15\\\/la-onu-anticipa-anos-de-dificultades-economicas-para-los-paises-en-desarrollo\\\/#primaryimage\"},\"image\":{\"@id\":\"https:\\\/\\\/elcanillita.info\\\/press\\\/2023\\\/04\\\/15\\\/la-onu-anticipa-anos-de-dificultades-economicas-para-los-paises-en-desarrollo\\\/#primaryimage\"},\"thumbnailUrl\":\"https:\\\/\\\/elcanillita.info\\\/press\\\/images\\\/2023\\\/04\\\/La-ONU-anticipa-anos-de-dificultades-economicas-para-los-paises-en-desarrollo_Thumbnail_m301773.jpg\",\"datePublished\":\"2023-04-15T14:36:49+00:00\",\"dateModified\":\"2023-04-15T14:39:40+00:00\",\"description\":\"La Conferencia de las Naciones Unidas sobre Comercio y Desarrollo advirti\u00f3 que los pa\u00edses en desarrollo se enfrentan a a\u00f1os de dificultades a medida que la econom\u00eda mundial se desacelera. Esta es una actualizaci\u00f3n de nuestra Sala de Redacci\u00f3n.\",\"inLanguage\":\"es-AR\",\"potentialAction\":[{\"@type\":\"ReadAction\",\"target\":[\"https:\\\/\\\/elcanillita.info\\\/press\\\/2023\\\/04\\\/15\\\/la-onu-anticipa-anos-de-dificultades-economicas-para-los-paises-en-desarrollo\\\/\"]}]},{\"@type\":\"ImageObject\",\"inLanguage\":\"es-AR\",\"@id\":\"https:\\\/\\\/elcanillita.info\\\/press\\\/2023\\\/04\\\/15\\\/la-onu-anticipa-anos-de-dificultades-economicas-para-los-paises-en-desarrollo\\\/#primaryimage\",\"url\":\"https:\\\/\\\/elcanillita.info\\\/press\\\/images\\\/2023\\\/04\\\/La-ONU-anticipa-anos-de-dificultades-economicas-para-los-paises-en-desarrollo_Thumbnail_m301773.jpg\",\"contentUrl\":\"https:\\\/\\\/elcanillita.info\\\/press\\\/images\\\/2023\\\/04\\\/La-ONU-anticipa-anos-de-dificultades-economicas-para-los-paises-en-desarrollo_Thumbnail_m301773.jpg\",\"width\":270,\"height\":180},{\"@type\":\"WebSite\",\"@id\":\"https:\\\/\\\/elcanillita.info\\\/press\\\/#website\",\"url\":\"https:\\\/\\\/elcanillita.info\\\/press\\\/\",\"name\":\"ElCanillita.Info\",\"description\":\"desde los Apeninos a los Andes\",\"publisher\":{\"@id\":\"https:\\\/\\\/elcanillita.info\\\/press\\\/#organization\"},\"potentialAction\":[{\"@type\":\"SearchAction\",\"target\":{\"@type\":\"EntryPoint\",\"urlTemplate\":\"https:\\\/\\\/elcanillita.info\\\/press\\\/?s={search_term_string}\"},\"query-input\":{\"@type\":\"PropertyValueSpecification\",\"valueRequired\":true,\"valueName\":\"search_term_string\"}}],\"inLanguage\":\"es-AR\"},{\"@type\":\"Organization\",\"@id\":\"https:\\\/\\\/elcanillita.info\\\/press\\\/#organization\",\"name\":\"Guzzo Photos & Graphic Publications\",\"url\":\"https:\\\/\\\/elcanillita.info\\\/press\\\/\",\"logo\":{\"@type\":\"ImageObject\",\"inLanguage\":\"es-AR\",\"@id\":\"https:\\\/\\\/elcanillita.info\\\/press\\\/#\\\/schema\\\/logo\\\/image\\\/\",\"url\":\"https:\\\/\\\/elcanillita.info\\\/press\\\/images\\\/2020\\\/01\\\/cropped-cropped-cropped-elcanillitainfo.png\",\"contentUrl\":\"https:\\\/\\\/elcanillita.info\\\/press\\\/images\\\/2020\\\/01\\\/cropped-cropped-cropped-elcanillitainfo.png\",\"width\":460,\"height\":50,\"caption\":\"Guzzo Photos & Graphic Publications\"},\"image\":{\"@id\":\"https:\\\/\\\/elcanillita.info\\\/press\\\/#\\\/schema\\\/logo\\\/image\\\/\"},\"sameAs\":[\"https:\\\/\\\/ar-ar.facebook.com\\\/ElCanillitainfo-114249515285712\\\/\"]},{\"@type\":\"Person\",\"@id\":\"https:\\\/\\\/elcanillita.info\\\/press\\\/#\\\/schema\\\/person\\\/7fcb79f38045700919f7da6d97e71ba0\",\"name\":\"SalaStampa.eu, world press service\",\"image\":{\"@type\":\"ImageObject\",\"inLanguage\":\"es-AR\",\"@id\":\"https:\\\/\\\/secure.gravatar.com\\\/avatar\\\/c2f0e0d515a107624234994507816ca4724c7199cef73fc8bedebf6931d73888?s=96&d=mm&r=g\",\"url\":\"https:\\\/\\\/secure.gravatar.com\\\/avatar\\\/c2f0e0d515a107624234994507816ca4724c7199cef73fc8bedebf6931d73888?s=96&d=mm&r=g\",\"contentUrl\":\"https:\\\/\\\/secure.gravatar.com\\\/avatar\\\/c2f0e0d515a107624234994507816ca4724c7199cef73fc8bedebf6931d73888?s=96&d=mm&r=g\",\"caption\":\"SalaStampa.eu, world press service\"}}]}<\/script>\n<!-- \/ Yoast SEO plugin. -->","yoast_head_json":{"title":"La ONU anticipa a\u00f1os de dificultades econ\u00f3micas para los pa\u00edses en desarrollo - ElCanillita.Info","description":"La Conferencia de las Naciones Unidas sobre Comercio y Desarrollo advirti\u00f3 que los pa\u00edses en desarrollo se enfrentan a a\u00f1os de dificultades a medida que la econom\u00eda mundial se desacelera. Esta es una actualizaci\u00f3n de nuestra Sala de Redacci\u00f3n.","robots":{"index":"index","follow":"follow","max-snippet":"max-snippet:-1","max-image-preview":"max-image-preview:large","max-video-preview":"max-video-preview:-1"},"canonical":"https:\/\/elcanillita.info\/press\/2023\/04\/15\/la-onu-anticipa-anos-de-dificultades-economicas-para-los-paises-en-desarrollo\/","og_locale":"es_ES","og_type":"article","og_title":"La ONU anticipa a\u00f1os de dificultades econ\u00f3micas para los pa\u00edses en desarrollo - ElCanillita.Info","og_description":"La Conferencia de las Naciones Unidas sobre Comercio y Desarrollo advirti\u00f3 que los pa\u00edses en desarrollo se enfrentan a a\u00f1os de dificultades a medida que la econom\u00eda mundial se desacelera. Esta es una actualizaci\u00f3n de nuestra Sala de Redacci\u00f3n.","og_url":"https:\/\/elcanillita.info\/press\/2023\/04\/15\/la-onu-anticipa-anos-de-dificultades-economicas-para-los-paises-en-desarrollo\/","og_site_name":"ElCanillita.Info","article_publisher":"https:\/\/ar-ar.facebook.com\/ElCanillitainfo-114249515285712\/","article_published_time":"2023-04-15T14:36:49+00:00","article_modified_time":"2023-04-15T14:39:40+00:00","og_image":[{"width":270,"height":180,"url":"https:\/\/elcanillita.info\/press\/images\/2023\/04\/La-ONU-anticipa-anos-de-dificultades-economicas-para-los-paises-en-desarrollo_Thumbnail_m301773.jpg","type":"image\/jpeg"}],"author":"SalaStampa.eu, world press service","twitter_card":"summary_large_image","twitter_misc":{"Escrito por":"SalaStampa.eu, world press service","Tiempo de lectura":"1 minuto"},"schema":{"@context":"https:\/\/schema.org","@graph":[{"@type":"Article","@id":"https:\/\/elcanillita.info\/press\/2023\/04\/15\/la-onu-anticipa-anos-de-dificultades-economicas-para-los-paises-en-desarrollo\/#article","isPartOf":{"@id":"https:\/\/elcanillita.info\/press\/2023\/04\/15\/la-onu-anticipa-anos-de-dificultades-economicas-para-los-paises-en-desarrollo\/"},"author":{"name":"SalaStampa.eu, world press service","@id":"https:\/\/elcanillita.info\/press\/#\/schema\/person\/7fcb79f38045700919f7da6d97e71ba0"},"headline":"La ONU anticipa a\u00f1os de dificultades econ\u00f3micas para los pa\u00edses en desarrollo","datePublished":"2023-04-15T14:36:49+00:00","dateModified":"2023-04-15T14:39:40+00:00","mainEntityOfPage":{"@id":"https:\/\/elcanillita.info\/press\/2023\/04\/15\/la-onu-anticipa-anos-de-dificultades-economicas-para-los-paises-en-desarrollo\/"},"wordCount":92,"publisher":{"@id":"https:\/\/elcanillita.info\/press\/#organization"},"image":{"@id":"https:\/\/elcanillita.info\/press\/2023\/04\/15\/la-onu-anticipa-anos-de-dificultades-economicas-para-los-paises-en-desarrollo\/#primaryimage"},"thumbnailUrl":"https:\/\/elcanillita.info\/press\/images\/2023\/04\/La-ONU-anticipa-anos-de-dificultades-economicas-para-los-paises-en-desarrollo_Thumbnail_m301773.jpg","keywords":["MUNDO"],"articleSection":[".","Am\u00e9rica","broadcasting","Economia"],"inLanguage":"es-AR"},{"@type":"WebPage","@id":"https:\/\/elcanillita.info\/press\/2023\/04\/15\/la-onu-anticipa-anos-de-dificultades-economicas-para-los-paises-en-desarrollo\/","url":"https:\/\/elcanillita.info\/press\/2023\/04\/15\/la-onu-anticipa-anos-de-dificultades-economicas-para-los-paises-en-desarrollo\/","name":"La ONU anticipa a\u00f1os de dificultades econ\u00f3micas para los pa\u00edses en desarrollo - ElCanillita.Info","isPartOf":{"@id":"https:\/\/elcanillita.info\/press\/#website"},"primaryImageOfPage":{"@id":"https:\/\/elcanillita.info\/press\/2023\/04\/15\/la-onu-anticipa-anos-de-dificultades-economicas-para-los-paises-en-desarrollo\/#primaryimage"},"image":{"@id":"https:\/\/elcanillita.info\/press\/2023\/04\/15\/la-onu-anticipa-anos-de-dificultades-economicas-para-los-paises-en-desarrollo\/#primaryimage"},"thumbnailUrl":"https:\/\/elcanillita.info\/press\/images\/2023\/04\/La-ONU-anticipa-anos-de-dificultades-economicas-para-los-paises-en-desarrollo_Thumbnail_m301773.jpg","datePublished":"2023-04-15T14:36:49+00:00","dateModified":"2023-04-15T14:39:40+00:00","description":"La Conferencia de las Naciones Unidas sobre Comercio y Desarrollo advirti\u00f3 que los pa\u00edses en desarrollo se enfrentan a a\u00f1os de dificultades a medida que la econom\u00eda mundial se desacelera. Esta es una actualizaci\u00f3n de nuestra Sala de Redacci\u00f3n.","inLanguage":"es-AR","potentialAction":[{"@type":"ReadAction","target":["https:\/\/elcanillita.info\/press\/2023\/04\/15\/la-onu-anticipa-anos-de-dificultades-economicas-para-los-paises-en-desarrollo\/"]}]},{"@type":"ImageObject","inLanguage":"es-AR","@id":"https:\/\/elcanillita.info\/press\/2023\/04\/15\/la-onu-anticipa-anos-de-dificultades-economicas-para-los-paises-en-desarrollo\/#primaryimage","url":"https:\/\/elcanillita.info\/press\/images\/2023\/04\/La-ONU-anticipa-anos-de-dificultades-economicas-para-los-paises-en-desarrollo_Thumbnail_m301773.jpg","contentUrl":"https:\/\/elcanillita.info\/press\/images\/2023\/04\/La-ONU-anticipa-anos-de-dificultades-economicas-para-los-paises-en-desarrollo_Thumbnail_m301773.jpg","width":270,"height":180},{"@type":"WebSite","@id":"https:\/\/elcanillita.info\/press\/#website","url":"https:\/\/elcanillita.info\/press\/","name":"ElCanillita.Info","description":"desde los Apeninos a los Andes","publisher":{"@id":"https:\/\/elcanillita.info\/press\/#organization"},"potentialAction":[{"@type":"SearchAction","target":{"@type":"EntryPoint","urlTemplate":"https:\/\/elcanillita.info\/press\/?s={search_term_string}"},"query-input":{"@type":"PropertyValueSpecification","valueRequired":true,"valueName":"search_term_string"}}],"inLanguage":"es-AR"},{"@type":"Organization","@id":"https:\/\/elcanillita.info\/press\/#organization","name":"Guzzo Photos & Graphic Publications","url":"https:\/\/elcanillita.info\/press\/","logo":{"@type":"ImageObject","inLanguage":"es-AR","@id":"https:\/\/elcanillita.info\/press\/#\/schema\/logo\/image\/","url":"https:\/\/elcanillita.info\/press\/images\/2020\/01\/cropped-cropped-cropped-elcanillitainfo.png","contentUrl":"https:\/\/elcanillita.info\/press\/images\/2020\/01\/cropped-cropped-cropped-elcanillitainfo.png","width":460,"height":50,"caption":"Guzzo Photos & Graphic Publications"},"image":{"@id":"https:\/\/elcanillita.info\/press\/#\/schema\/logo\/image\/"},"sameAs":["https:\/\/ar-ar.facebook.com\/ElCanillitainfo-114249515285712\/"]},{"@type":"Person","@id":"https:\/\/elcanillita.info\/press\/#\/schema\/person\/7fcb79f38045700919f7da6d97e71ba0","name":"SalaStampa.eu, world press service","image":{"@type":"ImageObject","inLanguage":"es-AR","@id":"https:\/\/secure.gravatar.com\/avatar\/c2f0e0d515a107624234994507816ca4724c7199cef73fc8bedebf6931d73888?s=96&d=mm&r=g","url":"https:\/\/secure.gravatar.com\/avatar\/c2f0e0d515a107624234994507816ca4724c7199cef73fc8bedebf6931d73888?s=96&d=mm&r=g","contentUrl":"https:\/\/secure.gravatar.com\/avatar\/c2f0e0d515a107624234994507816ca4724c7199cef73fc8bedebf6931d73888?s=96&d=mm&r=g","caption":"SalaStampa.eu, world press service"}}]}},"views":342,"_links":{"self":[{"href":"https:\/\/elcanillita.info\/press\/wp-json\/wp\/v2\/posts\/3465","targetHints":{"allow":["GET"]}}],"collection":[{"href":"https:\/\/elcanillita.info\/press\/wp-json\/wp\/v2\/posts"}],"about":[{"href":"https:\/\/elcanillita.info\/press\/wp-json\/wp\/v2\/types\/post"}],"author":[{"embeddable":true,"href":"https:\/\/elcanillita.info\/press\/wp-json\/wp\/v2\/users\/1"}],"replies":[{"embeddable":true,"href":"https:\/\/elcanillita.info\/press\/wp-json\/wp\/v2\/comments?post=3465"}],"version-history":[{"count":0,"href":"https:\/\/elcanillita.info\/press\/wp-json\/wp\/v2\/posts\/3465\/revisions"}],"wp:featuredmedia":[{"embeddable":true,"href":"https:\/\/elcanillita.info\/press\/wp-json\/wp\/v2\/media\/3466"}],"wp:attachment":[{"href":"https:\/\/elcanillita.info\/press\/wp-json\/wp\/v2\/media?parent=3465"}],"wp:term":[{"taxonomy":"category","embeddable":true,"href":"https:\/\/elcanillita.info\/press\/wp-json\/wp\/v2\/categories?post=3465"},{"taxonomy":"post_tag","embeddable":true,"href":"https:\/\/elcanillita.info\/press\/wp-json\/wp\/v2\/tags?post=3465"}],"curies":[{"name":"wp","href":"https:\/\/api.w.org\/{rel}","templated":true}]}}