{"id":3459,"date":"2023-04-12T16:09:33","date_gmt":"2023-04-12T19:09:33","guid":{"rendered":"https:\/\/elcanillita.info\/press\/?p=3459"},"modified":"2023-04-15T06:57:20","modified_gmt":"2023-04-15T09:57:20","slug":"eeuu-y-filipinas-ratifican-sus-lazos-de-cooperacion-en-medio-de-tensiones-en-la-pacifico","status":"publish","type":"post","link":"https:\/\/elcanillita.info\/press\/2023\/04\/12\/eeuu-y-filipinas-ratifican-sus-lazos-de-cooperacion-en-medio-de-tensiones-en-la-pacifico\/","title":{"rendered":"EEUU y Filipinas ratifican sus lazos de cooperaci\u00f3n en medio de tensiones en la Pac\u00edfico"},"content":{"rendered":"\n<figure class=\"wp-block-audio\"><audio src=\"https:\/\/elcanillita.info\/press\/images\/2023\/04\/EEUU_Filipinas_Audio_m300566.mp3\" controls=\"controls\"><\/audio><\/figure>\n\n\n\n<p>Los secretarios de Estado y Defensa de EEUU revisan con l\u00edderes filipinos el inicio de los mayores ejercicios militares conjuntos en medio de tensiones con China. Informa Gioconda Tapia desde la Voz de Am\u00e9rica en Washington DC.<br><br><small>Voz de Am\u00e9rica \u2013 Publication Date: April 12 2023<\/small><br><small>\u00a9 2023 SalaStampa.Eu affiliate with USAGM \u2013 Edited by Guzzo Photos &amp; Graphic Publications.<\/small><br><small>Copyright \u00a9 1998-2023, VOA. Reprinted by ElCanillita.info with the permission of USAGM \u2013 Washington DC 20036<\/small><\/p>\n","protected":false},"excerpt":{"rendered":"<p>Los secretarios de Estado y Defensa de EEUU revisan con l\u00edderes filipinos el inicio de los mayores ejercicios militares conjuntos en medio de tensiones con China. Informa Gioconda Tapia desde la Voz de Am\u00e9rica en Washington DC.<\/p>\n","protected":false},"author":1,"featured_media":3460,"comment_status":"closed","ping_status":"closed","sticky":false,"template":"","format":"standard","meta":{"footnotes":"","_links_to":"","_links_to_target":""},"categories":[108,9,89],"tags":[34],"class_list":["post-3459","post","type-post","status-publish","format-standard","has-post-thumbnail","hentry","category-blogdiario","category-america-del-norte","category-broadcasting","tag-estados-unidos","entry","double"],"yoast_head":"<!-- This site is optimized with the Yoast SEO plugin v27.4 - https:\/\/yoast.com\/product\/yoast-seo-wordpress\/ -->\n<title>EEUU y Filipinas ratifican sus lazos de cooperaci\u00f3n en medio de tensiones en la Pac\u00edfico - ElCanillita.Info<\/title>\n<meta name=\"robots\" content=\"index, follow, max-snippet:-1, max-image-preview:large, max-video-preview:-1\" \/>\n<link rel=\"canonical\" href=\"https:\/\/elcanillita.info\/press\/2023\/04\/12\/eeuu-y-filipinas-ratifican-sus-lazos-de-cooperacion-en-medio-de-tensiones-en-la-pacifico\/\" \/>\n<meta property=\"og:locale\" content=\"es_ES\" \/>\n<meta property=\"og:type\" content=\"article\" \/>\n<meta property=\"og:title\" content=\"EEUU y Filipinas ratifican sus lazos de cooperaci\u00f3n en medio de tensiones en la Pac\u00edfico - ElCanillita.Info\" \/>\n<meta property=\"og:description\" content=\"Los secretarios de Estado y Defensa de EEUU revisan con l\u00edderes filipinos el inicio de los mayores ejercicios militares conjuntos en medio de tensiones con China. Informa Gioconda Tapia desde la Voz de Am\u00e9rica en Washington DC.\" \/>\n<meta property=\"og:url\" content=\"https:\/\/elcanillita.info\/press\/2023\/04\/12\/eeuu-y-filipinas-ratifican-sus-lazos-de-cooperacion-en-medio-de-tensiones-en-la-pacifico\/\" \/>\n<meta property=\"og:site_name\" content=\"ElCanillita.Info\" \/>\n<meta property=\"article:publisher\" content=\"https:\/\/ar-ar.facebook.com\/ElCanillitainfo-114249515285712\/\" \/>\n<meta property=\"article:published_time\" content=\"2023-04-12T19:09:33+00:00\" \/>\n<meta property=\"article:modified_time\" content=\"2023-04-15T09:57:20+00:00\" \/>\n<meta property=\"og:image\" content=\"https:\/\/elcanillita.info\/press\/images\/2023\/04\/EEUU-y-Filipinas-ratifican-sus-lazos-de-cooperacion-en-medio-de-tensiones-en-la-Pacifico_Thumbnail_m300566.jpg\" \/>\n\t<meta property=\"og:image:width\" content=\"270\" \/>\n\t<meta property=\"og:image:height\" content=\"180\" \/>\n\t<meta property=\"og:image:type\" content=\"image\/jpeg\" \/>\n<meta name=\"author\" content=\"SalaStampa.eu, world press service\" \/>\n<meta name=\"twitter:card\" content=\"summary_large_image\" \/>\n<meta name=\"twitter:label1\" content=\"Escrito por\" \/>\n\t<meta name=\"twitter:data1\" content=\"SalaStampa.eu, world press service\" \/>\n\t<meta name=\"twitter:label2\" content=\"Tiempo de lectura\" \/>\n\t<meta name=\"twitter:data2\" content=\"1 minuto\" \/>\n<script type=\"application\/ld+json\" class=\"yoast-schema-graph\">{\"@context\":\"https:\\\/\\\/schema.org\",\"@graph\":[{\"@type\":\"Article\",\"@id\":\"https:\\\/\\\/elcanillita.info\\\/press\\\/2023\\\/04\\\/12\\\/eeuu-y-filipinas-ratifican-sus-lazos-de-cooperacion-en-medio-de-tensiones-en-la-pacifico\\\/#article\",\"isPartOf\":{\"@id\":\"https:\\\/\\\/elcanillita.info\\\/press\\\/2023\\\/04\\\/12\\\/eeuu-y-filipinas-ratifican-sus-lazos-de-cooperacion-en-medio-de-tensiones-en-la-pacifico\\\/\"},\"author\":{\"name\":\"SalaStampa.eu, world press service\",\"@id\":\"https:\\\/\\\/elcanillita.info\\\/press\\\/#\\\/schema\\\/person\\\/7fcb79f38045700919f7da6d97e71ba0\"},\"headline\":\"EEUU y Filipinas ratifican sus lazos de cooperaci\u00f3n en medio de tensiones en la Pac\u00edfico\",\"datePublished\":\"2023-04-12T19:09:33+00:00\",\"dateModified\":\"2023-04-15T09:57:20+00:00\",\"mainEntityOfPage\":{\"@id\":\"https:\\\/\\\/elcanillita.info\\\/press\\\/2023\\\/04\\\/12\\\/eeuu-y-filipinas-ratifican-sus-lazos-de-cooperacion-en-medio-de-tensiones-en-la-pacifico\\\/\"},\"wordCount\":89,\"publisher\":{\"@id\":\"https:\\\/\\\/elcanillita.info\\\/press\\\/#organization\"},\"image\":{\"@id\":\"https:\\\/\\\/elcanillita.info\\\/press\\\/2023\\\/04\\\/12\\\/eeuu-y-filipinas-ratifican-sus-lazos-de-cooperacion-en-medio-de-tensiones-en-la-pacifico\\\/#primaryimage\"},\"thumbnailUrl\":\"https:\\\/\\\/elcanillita.info\\\/press\\\/images\\\/2023\\\/04\\\/EEUU-y-Filipinas-ratifican-sus-lazos-de-cooperacion-en-medio-de-tensiones-en-la-Pacifico_Thumbnail_m300566.jpg\",\"keywords\":[\"Estados Unidos\"],\"articleSection\":[\".\",\"Am\u00e9rica del Norte\",\"broadcasting\"],\"inLanguage\":\"es-AR\"},{\"@type\":\"WebPage\",\"@id\":\"https:\\\/\\\/elcanillita.info\\\/press\\\/2023\\\/04\\\/12\\\/eeuu-y-filipinas-ratifican-sus-lazos-de-cooperacion-en-medio-de-tensiones-en-la-pacifico\\\/\",\"url\":\"https:\\\/\\\/elcanillita.info\\\/press\\\/2023\\\/04\\\/12\\\/eeuu-y-filipinas-ratifican-sus-lazos-de-cooperacion-en-medio-de-tensiones-en-la-pacifico\\\/\",\"name\":\"EEUU y Filipinas ratifican sus lazos de cooperaci\u00f3n en medio de tensiones en la Pac\u00edfico - ElCanillita.Info\",\"isPartOf\":{\"@id\":\"https:\\\/\\\/elcanillita.info\\\/press\\\/#website\"},\"primaryImageOfPage\":{\"@id\":\"https:\\\/\\\/elcanillita.info\\\/press\\\/2023\\\/04\\\/12\\\/eeuu-y-filipinas-ratifican-sus-lazos-de-cooperacion-en-medio-de-tensiones-en-la-pacifico\\\/#primaryimage\"},\"image\":{\"@id\":\"https:\\\/\\\/elcanillita.info\\\/press\\\/2023\\\/04\\\/12\\\/eeuu-y-filipinas-ratifican-sus-lazos-de-cooperacion-en-medio-de-tensiones-en-la-pacifico\\\/#primaryimage\"},\"thumbnailUrl\":\"https:\\\/\\\/elcanillita.info\\\/press\\\/images\\\/2023\\\/04\\\/EEUU-y-Filipinas-ratifican-sus-lazos-de-cooperacion-en-medio-de-tensiones-en-la-Pacifico_Thumbnail_m300566.jpg\",\"datePublished\":\"2023-04-12T19:09:33+00:00\",\"dateModified\":\"2023-04-15T09:57:20+00:00\",\"inLanguage\":\"es-AR\",\"potentialAction\":[{\"@type\":\"ReadAction\",\"target\":[\"https:\\\/\\\/elcanillita.info\\\/press\\\/2023\\\/04\\\/12\\\/eeuu-y-filipinas-ratifican-sus-lazos-de-cooperacion-en-medio-de-tensiones-en-la-pacifico\\\/\"]}]},{\"@type\":\"ImageObject\",\"inLanguage\":\"es-AR\",\"@id\":\"https:\\\/\\\/elcanillita.info\\\/press\\\/2023\\\/04\\\/12\\\/eeuu-y-filipinas-ratifican-sus-lazos-de-cooperacion-en-medio-de-tensiones-en-la-pacifico\\\/#primaryimage\",\"url\":\"https:\\\/\\\/elcanillita.info\\\/press\\\/images\\\/2023\\\/04\\\/EEUU-y-Filipinas-ratifican-sus-lazos-de-cooperacion-en-medio-de-tensiones-en-la-Pacifico_Thumbnail_m300566.jpg\",\"contentUrl\":\"https:\\\/\\\/elcanillita.info\\\/press\\\/images\\\/2023\\\/04\\\/EEUU-y-Filipinas-ratifican-sus-lazos-de-cooperacion-en-medio-de-tensiones-en-la-Pacifico_Thumbnail_m300566.jpg\",\"width\":270,\"height\":180},{\"@type\":\"WebSite\",\"@id\":\"https:\\\/\\\/elcanillita.info\\\/press\\\/#website\",\"url\":\"https:\\\/\\\/elcanillita.info\\\/press\\\/\",\"name\":\"ElCanillita.Info\",\"description\":\"desde los Apeninos a los Andes\",\"publisher\":{\"@id\":\"https:\\\/\\\/elcanillita.info\\\/press\\\/#organization\"},\"potentialAction\":[{\"@type\":\"SearchAction\",\"target\":{\"@type\":\"EntryPoint\",\"urlTemplate\":\"https:\\\/\\\/elcanillita.info\\\/press\\\/?s={search_term_string}\"},\"query-input\":{\"@type\":\"PropertyValueSpecification\",\"valueRequired\":true,\"valueName\":\"search_term_string\"}}],\"inLanguage\":\"es-AR\"},{\"@type\":\"Organization\",\"@id\":\"https:\\\/\\\/elcanillita.info\\\/press\\\/#organization\",\"name\":\"Guzzo Photos & Graphic Publications\",\"url\":\"https:\\\/\\\/elcanillita.info\\\/press\\\/\",\"logo\":{\"@type\":\"ImageObject\",\"inLanguage\":\"es-AR\",\"@id\":\"https:\\\/\\\/elcanillita.info\\\/press\\\/#\\\/schema\\\/logo\\\/image\\\/\",\"url\":\"https:\\\/\\\/elcanillita.info\\\/press\\\/images\\\/2020\\\/01\\\/cropped-cropped-cropped-elcanillitainfo.png\",\"contentUrl\":\"https:\\\/\\\/elcanillita.info\\\/press\\\/images\\\/2020\\\/01\\\/cropped-cropped-cropped-elcanillitainfo.png\",\"width\":460,\"height\":50,\"caption\":\"Guzzo Photos & Graphic Publications\"},\"image\":{\"@id\":\"https:\\\/\\\/elcanillita.info\\\/press\\\/#\\\/schema\\\/logo\\\/image\\\/\"},\"sameAs\":[\"https:\\\/\\\/ar-ar.facebook.com\\\/ElCanillitainfo-114249515285712\\\/\"]},{\"@type\":\"Person\",\"@id\":\"https:\\\/\\\/elcanillita.info\\\/press\\\/#\\\/schema\\\/person\\\/7fcb79f38045700919f7da6d97e71ba0\",\"name\":\"SalaStampa.eu, world press service\",\"image\":{\"@type\":\"ImageObject\",\"inLanguage\":\"es-AR\",\"@id\":\"https:\\\/\\\/secure.gravatar.com\\\/avatar\\\/c2f0e0d515a107624234994507816ca4724c7199cef73fc8bedebf6931d73888?s=96&d=mm&r=g\",\"url\":\"https:\\\/\\\/secure.gravatar.com\\\/avatar\\\/c2f0e0d515a107624234994507816ca4724c7199cef73fc8bedebf6931d73888?s=96&d=mm&r=g\",\"contentUrl\":\"https:\\\/\\\/secure.gravatar.com\\\/avatar\\\/c2f0e0d515a107624234994507816ca4724c7199cef73fc8bedebf6931d73888?s=96&d=mm&r=g\",\"caption\":\"SalaStampa.eu, world press service\"}}]}<\/script>\n<!-- \/ Yoast SEO plugin. -->","yoast_head_json":{"title":"EEUU y Filipinas ratifican sus lazos de cooperaci\u00f3n en medio de tensiones en la Pac\u00edfico - ElCanillita.Info","robots":{"index":"index","follow":"follow","max-snippet":"max-snippet:-1","max-image-preview":"max-image-preview:large","max-video-preview":"max-video-preview:-1"},"canonical":"https:\/\/elcanillita.info\/press\/2023\/04\/12\/eeuu-y-filipinas-ratifican-sus-lazos-de-cooperacion-en-medio-de-tensiones-en-la-pacifico\/","og_locale":"es_ES","og_type":"article","og_title":"EEUU y Filipinas ratifican sus lazos de cooperaci\u00f3n en medio de tensiones en la Pac\u00edfico - ElCanillita.Info","og_description":"Los secretarios de Estado y Defensa de EEUU revisan con l\u00edderes filipinos el inicio de los mayores ejercicios militares conjuntos en medio de tensiones con China. Informa Gioconda Tapia desde la Voz de Am\u00e9rica en Washington DC.","og_url":"https:\/\/elcanillita.info\/press\/2023\/04\/12\/eeuu-y-filipinas-ratifican-sus-lazos-de-cooperacion-en-medio-de-tensiones-en-la-pacifico\/","og_site_name":"ElCanillita.Info","article_publisher":"https:\/\/ar-ar.facebook.com\/ElCanillitainfo-114249515285712\/","article_published_time":"2023-04-12T19:09:33+00:00","article_modified_time":"2023-04-15T09:57:20+00:00","og_image":[{"width":270,"height":180,"url":"https:\/\/elcanillita.info\/press\/images\/2023\/04\/EEUU-y-Filipinas-ratifican-sus-lazos-de-cooperacion-en-medio-de-tensiones-en-la-Pacifico_Thumbnail_m300566.jpg","type":"image\/jpeg"}],"author":"SalaStampa.eu, world press service","twitter_card":"summary_large_image","twitter_misc":{"Escrito por":"SalaStampa.eu, world press service","Tiempo de lectura":"1 minuto"},"schema":{"@context":"https:\/\/schema.org","@graph":[{"@type":"Article","@id":"https:\/\/elcanillita.info\/press\/2023\/04\/12\/eeuu-y-filipinas-ratifican-sus-lazos-de-cooperacion-en-medio-de-tensiones-en-la-pacifico\/#article","isPartOf":{"@id":"https:\/\/elcanillita.info\/press\/2023\/04\/12\/eeuu-y-filipinas-ratifican-sus-lazos-de-cooperacion-en-medio-de-tensiones-en-la-pacifico\/"},"author":{"name":"SalaStampa.eu, world press service","@id":"https:\/\/elcanillita.info\/press\/#\/schema\/person\/7fcb79f38045700919f7da6d97e71ba0"},"headline":"EEUU y Filipinas ratifican sus lazos de cooperaci\u00f3n en medio de tensiones en la Pac\u00edfico","datePublished":"2023-04-12T19:09:33+00:00","dateModified":"2023-04-15T09:57:20+00:00","mainEntityOfPage":{"@id":"https:\/\/elcanillita.info\/press\/2023\/04\/12\/eeuu-y-filipinas-ratifican-sus-lazos-de-cooperacion-en-medio-de-tensiones-en-la-pacifico\/"},"wordCount":89,"publisher":{"@id":"https:\/\/elcanillita.info\/press\/#organization"},"image":{"@id":"https:\/\/elcanillita.info\/press\/2023\/04\/12\/eeuu-y-filipinas-ratifican-sus-lazos-de-cooperacion-en-medio-de-tensiones-en-la-pacifico\/#primaryimage"},"thumbnailUrl":"https:\/\/elcanillita.info\/press\/images\/2023\/04\/EEUU-y-Filipinas-ratifican-sus-lazos-de-cooperacion-en-medio-de-tensiones-en-la-Pacifico_Thumbnail_m300566.jpg","keywords":["Estados Unidos"],"articleSection":[".","Am\u00e9rica del Norte","broadcasting"],"inLanguage":"es-AR"},{"@type":"WebPage","@id":"https:\/\/elcanillita.info\/press\/2023\/04\/12\/eeuu-y-filipinas-ratifican-sus-lazos-de-cooperacion-en-medio-de-tensiones-en-la-pacifico\/","url":"https:\/\/elcanillita.info\/press\/2023\/04\/12\/eeuu-y-filipinas-ratifican-sus-lazos-de-cooperacion-en-medio-de-tensiones-en-la-pacifico\/","name":"EEUU y Filipinas ratifican sus lazos de cooperaci\u00f3n en medio de tensiones en la Pac\u00edfico - ElCanillita.Info","isPartOf":{"@id":"https:\/\/elcanillita.info\/press\/#website"},"primaryImageOfPage":{"@id":"https:\/\/elcanillita.info\/press\/2023\/04\/12\/eeuu-y-filipinas-ratifican-sus-lazos-de-cooperacion-en-medio-de-tensiones-en-la-pacifico\/#primaryimage"},"image":{"@id":"https:\/\/elcanillita.info\/press\/2023\/04\/12\/eeuu-y-filipinas-ratifican-sus-lazos-de-cooperacion-en-medio-de-tensiones-en-la-pacifico\/#primaryimage"},"thumbnailUrl":"https:\/\/elcanillita.info\/press\/images\/2023\/04\/EEUU-y-Filipinas-ratifican-sus-lazos-de-cooperacion-en-medio-de-tensiones-en-la-Pacifico_Thumbnail_m300566.jpg","datePublished":"2023-04-12T19:09:33+00:00","dateModified":"2023-04-15T09:57:20+00:00","inLanguage":"es-AR","potentialAction":[{"@type":"ReadAction","target":["https:\/\/elcanillita.info\/press\/2023\/04\/12\/eeuu-y-filipinas-ratifican-sus-lazos-de-cooperacion-en-medio-de-tensiones-en-la-pacifico\/"]}]},{"@type":"ImageObject","inLanguage":"es-AR","@id":"https:\/\/elcanillita.info\/press\/2023\/04\/12\/eeuu-y-filipinas-ratifican-sus-lazos-de-cooperacion-en-medio-de-tensiones-en-la-pacifico\/#primaryimage","url":"https:\/\/elcanillita.info\/press\/images\/2023\/04\/EEUU-y-Filipinas-ratifican-sus-lazos-de-cooperacion-en-medio-de-tensiones-en-la-Pacifico_Thumbnail_m300566.jpg","contentUrl":"https:\/\/elcanillita.info\/press\/images\/2023\/04\/EEUU-y-Filipinas-ratifican-sus-lazos-de-cooperacion-en-medio-de-tensiones-en-la-Pacifico_Thumbnail_m300566.jpg","width":270,"height":180},{"@type":"WebSite","@id":"https:\/\/elcanillita.info\/press\/#website","url":"https:\/\/elcanillita.info\/press\/","name":"ElCanillita.Info","description":"desde los Apeninos a los Andes","publisher":{"@id":"https:\/\/elcanillita.info\/press\/#organization"},"potentialAction":[{"@type":"SearchAction","target":{"@type":"EntryPoint","urlTemplate":"https:\/\/elcanillita.info\/press\/?s={search_term_string}"},"query-input":{"@type":"PropertyValueSpecification","valueRequired":true,"valueName":"search_term_string"}}],"inLanguage":"es-AR"},{"@type":"Organization","@id":"https:\/\/elcanillita.info\/press\/#organization","name":"Guzzo Photos & Graphic Publications","url":"https:\/\/elcanillita.info\/press\/","logo":{"@type":"ImageObject","inLanguage":"es-AR","@id":"https:\/\/elcanillita.info\/press\/#\/schema\/logo\/image\/","url":"https:\/\/elcanillita.info\/press\/images\/2020\/01\/cropped-cropped-cropped-elcanillitainfo.png","contentUrl":"https:\/\/elcanillita.info\/press\/images\/2020\/01\/cropped-cropped-cropped-elcanillitainfo.png","width":460,"height":50,"caption":"Guzzo Photos & Graphic Publications"},"image":{"@id":"https:\/\/elcanillita.info\/press\/#\/schema\/logo\/image\/"},"sameAs":["https:\/\/ar-ar.facebook.com\/ElCanillitainfo-114249515285712\/"]},{"@type":"Person","@id":"https:\/\/elcanillita.info\/press\/#\/schema\/person\/7fcb79f38045700919f7da6d97e71ba0","name":"SalaStampa.eu, world press service","image":{"@type":"ImageObject","inLanguage":"es-AR","@id":"https:\/\/secure.gravatar.com\/avatar\/c2f0e0d515a107624234994507816ca4724c7199cef73fc8bedebf6931d73888?s=96&d=mm&r=g","url":"https:\/\/secure.gravatar.com\/avatar\/c2f0e0d515a107624234994507816ca4724c7199cef73fc8bedebf6931d73888?s=96&d=mm&r=g","contentUrl":"https:\/\/secure.gravatar.com\/avatar\/c2f0e0d515a107624234994507816ca4724c7199cef73fc8bedebf6931d73888?s=96&d=mm&r=g","caption":"SalaStampa.eu, world press service"}}]}},"views":358,"_links":{"self":[{"href":"https:\/\/elcanillita.info\/press\/wp-json\/wp\/v2\/posts\/3459","targetHints":{"allow":["GET"]}}],"collection":[{"href":"https:\/\/elcanillita.info\/press\/wp-json\/wp\/v2\/posts"}],"about":[{"href":"https:\/\/elcanillita.info\/press\/wp-json\/wp\/v2\/types\/post"}],"author":[{"embeddable":true,"href":"https:\/\/elcanillita.info\/press\/wp-json\/wp\/v2\/users\/1"}],"replies":[{"embeddable":true,"href":"https:\/\/elcanillita.info\/press\/wp-json\/wp\/v2\/comments?post=3459"}],"version-history":[{"count":0,"href":"https:\/\/elcanillita.info\/press\/wp-json\/wp\/v2\/posts\/3459\/revisions"}],"wp:featuredmedia":[{"embeddable":true,"href":"https:\/\/elcanillita.info\/press\/wp-json\/wp\/v2\/media\/3460"}],"wp:attachment":[{"href":"https:\/\/elcanillita.info\/press\/wp-json\/wp\/v2\/media?parent=3459"}],"wp:term":[{"taxonomy":"category","embeddable":true,"href":"https:\/\/elcanillita.info\/press\/wp-json\/wp\/v2\/categories?post=3459"},{"taxonomy":"post_tag","embeddable":true,"href":"https:\/\/elcanillita.info\/press\/wp-json\/wp\/v2\/tags?post=3459"}],"curies":[{"name":"wp","href":"https:\/\/api.w.org\/{rel}","templated":true}]}}