{"id":3451,"date":"2023-04-08T18:41:21","date_gmt":"2023-04-08T21:41:21","guid":{"rendered":"https:\/\/elcanillita.info\/press\/?p=3451"},"modified":"2023-04-17T17:11:35","modified_gmt":"2023-04-17T20:11:35","slug":"una-ex-miembro-de-la-otan-denuncia-su-vision-de-tunel","status":"publish","type":"post","link":"https:\/\/elcanillita.info\/press\/2023\/04\/08\/una-ex-miembro-de-la-otan-denuncia-su-vision-de-tunel\/","title":{"rendered":"Una ex miembro de la OTAN denuncia su &#8220;visi\u00f3n de t\u00fanel&#8221;"},"content":{"rendered":"\n<figure class=\"wp-block-image size-full\"><img loading=\"lazy\" decoding=\"async\" width=\"600\" height=\"400\" src=\"https:\/\/elcanillita.info\/press\/images\/2023\/04\/Stefanie-Babst_20230407.jpg\" alt=\"\" class=\"wp-image-3453\" srcset=\"https:\/\/elcanillita.info\/press\/images\/2023\/04\/Stefanie-Babst_20230407.jpg 600w, https:\/\/elcanillita.info\/press\/images\/2023\/04\/Stefanie-Babst_20230407-300x200.jpg 300w\" sizes=\"auto, (max-width: 600px) 100vw, 600px\" \/><\/figure>\n\n\n\n<p>La OTAN ha celebrado esta semana su 74 cumplea\u00f1os y el bautizo de su 31\u00ba miembro, Finlandia. Se espera que el 32\u00ba,  sea el de Suecia, en verano.<\/p>\n\n\n\n<p>La Alianza parece estar llena de prop\u00f3sitos y gozar de buena salud para cualquier aniversario, sobre todo por aqu\u00e9l que sufri\u00f3 una crisis de mediana edad tras la ca\u00edda del Muro de Berl\u00edn y fue declarado en estado de &#8220;muerte cerebral&#8221; a los 70 a\u00f1os.<\/p>\n\n\n\n<p>Entre bastidores, sin embargo, sus facultades pueden no ser tan agudas como parecen, seg\u00fan el relato de una persona con informaci\u00f3n privilegiada que se publicar\u00e1 en Alemania este mes.<\/p>\n\n\n\n<p>Stefanie Babst, una analista de seguridad alemana que ocup\u00f3 altos cargos en la OTAN durante 22 a\u00f1os, seis de ellos como Subsecretaria General Adjunta y ocho como Directora de su grupo interno de reflexi\u00f3n estrat\u00e9gica, describe una organizaci\u00f3n lastrada por la politiquer\u00eda nacional, la esclerosis burocr\u00e1tica y la miop\u00eda institucional.<\/p>\n\n\n\n<p>En su opini\u00f3n, las cumbres diarias del Consejo de la Alianza son esencialmente una forma diplom\u00e1tica del teatro japon\u00e9s Noh, en el que los representantes de los Estados miembros siguen los mismos movimientos &#8220;ritualizados&#8221; sin arriesgarse a nada que pueda parecerse a un debate animado o con visi\u00f3n de futuro. Esto, seg\u00fan Babst, da lugar a una &#8220;visi\u00f3n de t\u00fanel&#8221; al m\u00e1s alto nivel de la OTAN, que con demasiada frecuencia reacciona ante los acontecimientos en lugar de anticiparse a ellos o darles forma.<\/p>\n\n\n\n<p>En 2012 Babst fue designada para dirigir el nuevo departamento de prospectiva estrat\u00e9gica de la OTAN, encargado de prever las amenazas de los pr\u00f3ximos a\u00f1os e identificar los &#8220;puntos ciegos&#8221; de la alianza. Su equipo, una mezcla de oficiales militares experimentados, soldados j\u00f3venes y diplom\u00e1ticos, se centr\u00f3 r\u00e1pidamente en Rusia.<\/p>\n\n\n\n<p>Durante los meses siguientes, la unidad model\u00f3 las formas en que el Presidente Putin podr\u00eda tratar de subyugar a Ucrania y a otros Estados del este de Europa, como Moldavia. El informe se distribuy\u00f3 en la c\u00fapula de la OTAN.<\/p>\n\n\n\n<p>En su libro Sehenden Auges, cuyo t\u00edtulo podr\u00eda traducirse libremente como &#8220;Ojos que ven&#8221;, Babst recuerda que el an\u00e1lisis fue elogiado como un &#8220;gran \u00e9xito&#8221; y una obra maestra t\u00e9cnica. Sin embargo, algunos Estados miembros, seg\u00fan le dijeron, simplemente ten\u00edan &#8220;reservas fundamentales&#8221; sobre un cambio de estrategia hacia Rusia. No se tomar\u00eda ninguna otra medida. Cuatro meses despu\u00e9s, Rusia invadi\u00f3 Crimea.<\/p>\n\n\n\n<p>Esto marc\u00f3 una pauta. Muchos departamentos gubernamentales de pa\u00edses ricos, como la Oficina del Gabinete del Reino Unido, la canciller\u00eda alemana y al menos otros cuatro ministerios de Berl\u00edn, han creado oficinas similares de &#8220;exploraci\u00f3n del horizonte&#8221; para adelantarse a las tendencias geopol\u00edticas, econ\u00f3micas y tecnol\u00f3gicas. <br><\/p>\n\n\n\n<p>A menudo, sin embargo, al igual que el senador Charles Nesbitt Wilson que lanzaba in\u00fatiles advertencias sobre el Afganist\u00e1n postsovi\u00e9tico, al final, tal como narra <a href=\"#La guerra de Charlie Wilson\">La guerra de Charlie Wilson<\/a>, luchan por ser escuchados seriamente. En las peroratas de la pol\u00edtica cotidiana, los problemas de hoy casi siempre tendr\u00e1n prioridad sobre las hip\u00f3tesis de ma\u00f1ana, por graves e inminentes que parezcan.<\/p>\n\n\n\n<p>No es tan evidente que ocurra lo mismo en la OTAN, una organizaci\u00f3n cuya credibilidad depende de una s\u00f3lida comprensi\u00f3n de la estrategia. Sin embargo, una y otra vez Babst y su equipo se encontraron con que sus advertencias ca\u00edan en saco roto, bien porque algunos Estados miembros las consideraban pol\u00edticamente inconvenientes, bien porque sencillamente habr\u00edan exigido un grado de debate inc\u00f3modamente abierto.<\/p>\n\n\n\n<p>&#8220;Alrededor de 2013 intentamos por todos los medios llamar la atenci\u00f3n del Secretario General sobre China&#8221;, explica Babst. &#8220;Me sangr\u00f3 la nariz durante bastante tiempo porque se consideraba que China era, s\u00ed, un actor estrat\u00e9gico, pero no realmente un peligro significativo en la pantalla del radar&#8221;.<\/p>\n\n\n\n<p>Babst calcula que tuvo que dedicar al menos tanto tiempo a campa\u00f1as internas de presi\u00f3n para conseguir que los altos mandos de la OTAN se fijaran en la investigaci\u00f3n de su unidad como el que dedic\u00f3 a la propia investigaci\u00f3n. Afirma que algunas de sus figuras m\u00e1s poderosas -incluidos Jens Stoltenberg, el secretario general saliente, y Lord Peach, el antiguo jefe de la RAF que presidi\u00f3 el comit\u00e9 militar de la OTAN de 2018 a 2021- mostraron poco o ning\u00fan inter\u00e9s en los informes de prospectiva estrat\u00e9gica.<\/p>\n\n\n\n<p>&#8220;Me result\u00f3 extremadamente frustrante darme cuenta de que probablemente el 20% de los temas llegaban al nivel de toma de decisiones y el resto como que se ahogaban&#8221;, dijo.<\/p>\n\n\n\n<p>En opini\u00f3n de Babst, el presidente franc\u00e9s Macron no iba del todo desencaminado con su diagn\u00f3stico de muerte cerebral. Con demasiada frecuencia, escribe, los altos funcionarios de la OTAN se ocupan sin descanso de &#8220;temas de relleno&#8221;, pero &#8220;el ajetreo no puede sustituir a la acci\u00f3n estrat\u00e9gica o pol\u00edticamente orientada\u2026 no puede ocultar el hecho de que la producci\u00f3n pol\u00edtica real de la organizaci\u00f3n es a menudo realmente escasa&#8221;.<\/p>\n\n\n\n<p>Dentro de Occidente, Babst reserva sus cr\u00edticas m\u00e1s mordaces para su pa\u00eds de origen. Desde que comenz\u00f3 la segunda invasi\u00f3n rusa de Ucrania el a\u00f1o pasado, ya ha habido media docena de libros destacados en los que autores alemanes critican a su Estado por su abrazo a Rusia y su falta de visi\u00f3n estrat\u00e9gica. Lo que hace que el relato de Babst sea inusual es que sus largos a\u00f1os en la OTAN le han dejado algo as\u00ed como la perspectiva de un extra\u00f1o.<\/p>\n\n\n\n<p>&#8220;Lo que observ\u00e9 en muchas reuniones informales, cenas y recepciones fue que, en alg\u00fan momento, las habladur\u00edas negativas sobre Alemania empezaron a hacerse m\u00e1s fuertes y pasaron a un primer plano&#8221;, afirm\u00f3. &#8220;La narrativa subyacente era que a Alemania le gusta predicar, le gusta ocupar la cima moral, le gusta presentarse como el alumno modelo, pero la realidad es muy distinta&#8221;.<\/p>\n\n\n\n<p>A Babst le preocupan los indicios de que Alemania podr\u00eda estar prepar\u00e1ndose para intentar restablecer alg\u00fan tipo de acuerdo con Rusia si se produce una tregua en los combates. Sostiene que Berl\u00edn necesita volver a aprender la lecci\u00f3n del &#8220;largo telegrama&#8221; de George F. Kennan de 1946, que propon\u00eda &#8220;contener&#8221; a la Uni\u00f3n Sovi\u00e9tica como cuesti\u00f3n de m\u00e1xima prioridad.<\/p>\n\n\n\n<p>&#8220;El r\u00e9gimen de Putin ya ha desplegado una guerra h\u00edbrida, pol\u00edticas energ\u00e9ticas agresivas y otras formas de agresi\u00f3n en nuestros pa\u00edses&#8221;, afirm\u00f3. &#8220;Esto continuar\u00e1 mientras este r\u00e9gimen siga en pie. . . Tenemos que contener a Rusia. Eso significar\u00eda que habr\u00eda una especie de Corea del Norte rusa en un lado y un nuevo Tel\u00f3n de Acero que se extender\u00eda por una parte de Europa&#8221;.<br> <br><small>Copyright \u00a9 2023 ElCanillita.info \/ SalaStampa.Eu,  servicio mundial de prensa <\/small><\/p>\n\n\n\n<div style=\"width:90%; padding-left:50px; font-size:0.8em; text-align: justify;\">\n<b><a name=\"La guerra de Charlie Wilson\">La guerra de Charlie Wilson<\/a><\/b><br><br>\nGeorge Crile III (Cleveland, 5 de marzo de 1945 &#8211; Manhattan, 15 de mayo de 2006) fue un periodista y escritor estadounidense, famoso por escribir la novela &#8220;Charlie Wilson&#8217;s War&#8221;: La extraordinaria historia de la mayor operaci\u00f3n encubierta de la historia de la que surgi\u00f3 la operaci\u00f3n Cyclone, y de la que se realiz\u00f3 el largometraje en 2007.<br>\n<br>\n\nLa guerra de Charlie Wilson es una pel\u00edcula de comedia\/drama\/hist\u00f3rica de 2007 dirigida por Mike Nichols, protagonizada por Tom Hanks, Amy Adams, Julia Roberts, Philip Seymour Hoffman, Om Puri, Shiri Appleby.  \n<br><br>\nSinopsis  \n<br><br>\nInspirado en una historia real, el protagonista de la historia es el diputado Charles Wilson quien, bajo el gobierno del presidente Reagan, desde su punto de vista, ve en los continuos conflictos en Afganist\u00e1n, que los rusos visiblemente est\u00e1n cosechando v\u00edctimas. Su prop\u00f3sito es precisamente derrotar a los sovi\u00e9ticos en el pa\u00eds anfitri\u00f3n, de una vez por todas.\n<br><br>\nCopyright \u00a9 2023 ElCanillita.info \/ SalaStampa.Eu \u2013 All rights reserved \n<br><br>\n<\/div>\n","protected":false},"excerpt":{"rendered":"<p>En 2012 Babst fue designada para dirigir el nuevo departamento de prospectiva estrat\u00e9gica de la OTAN, encargado de prever las amenazas de los pr\u00f3ximos a\u00f1os e identificar los &#8220;puntos ciegos&#8221; de la alianza. <\/p>\n","protected":false},"author":1,"featured_media":3453,"comment_status":"closed","ping_status":"closed","sticky":false,"template":"","format":"standard","meta":{"footnotes":"","_links_to":"","_links_to_target":""},"categories":[108,70,23,115],"tags":[69],"class_list":["post-3451","post","type-post","status-publish","format-standard","has-post-thumbnail","hentry","category-blogdiario","category-actualidad","category-politica","category-union-europea","tag-alemania","entry","double"],"yoast_head":"<!-- This site is optimized with the Yoast SEO plugin v27.4 - https:\/\/yoast.com\/product\/yoast-seo-wordpress\/ -->\n<title>Una ex miembro de la OTAN denuncia su &quot;visi\u00f3n de t\u00fanel&quot; - ElCanillita.Info<\/title>\n<meta name=\"description\" content=\"Stefanie Babst, una analista de seguridad alemana que ocup\u00f3 altos cargos en la OTAN durante 22 a\u00f1os, seis de ellos como Subsecretaria General Adjunta y ocho como Directora de su grupo interno de reflexi\u00f3n estrat\u00e9gica, describe una organizaci\u00f3n lastrada por la politiquer\u00eda nacional, la esclerosis burocr\u00e1tica y la miop\u00eda institucional.\" \/>\n<meta name=\"robots\" content=\"index, follow, max-snippet:-1, max-image-preview:large, max-video-preview:-1\" \/>\n<link rel=\"canonical\" href=\"https:\/\/elcanillita.info\/press\/2023\/04\/08\/una-ex-miembro-de-la-otan-denuncia-su-vision-de-tunel\/\" \/>\n<meta property=\"og:locale\" content=\"es_ES\" \/>\n<meta property=\"og:type\" content=\"article\" \/>\n<meta property=\"og:title\" content=\"Una ex miembro de la OTAN denuncia su &quot;visi\u00f3n de t\u00fanel&quot; - ElCanillita.Info\" \/>\n<meta property=\"og:description\" content=\"Stefanie Babst, una analista de seguridad alemana que ocup\u00f3 altos cargos en la OTAN durante 22 a\u00f1os, seis de ellos como Subsecretaria General Adjunta y ocho como Directora de su grupo interno de reflexi\u00f3n estrat\u00e9gica, describe una organizaci\u00f3n lastrada por la politiquer\u00eda nacional, la esclerosis burocr\u00e1tica y la miop\u00eda institucional.\" \/>\n<meta property=\"og:url\" content=\"https:\/\/elcanillita.info\/press\/2023\/04\/08\/una-ex-miembro-de-la-otan-denuncia-su-vision-de-tunel\/\" \/>\n<meta property=\"og:site_name\" content=\"ElCanillita.Info\" \/>\n<meta property=\"article:publisher\" content=\"https:\/\/ar-ar.facebook.com\/ElCanillitainfo-114249515285712\/\" \/>\n<meta property=\"article:published_time\" content=\"2023-04-08T21:41:21+00:00\" \/>\n<meta property=\"article:modified_time\" content=\"2023-04-17T20:11:35+00:00\" \/>\n<meta property=\"og:image\" content=\"https:\/\/elcanillita.info\/press\/images\/2023\/04\/Stefanie-Babst_20230407.jpg\" \/>\n\t<meta property=\"og:image:width\" content=\"600\" \/>\n\t<meta property=\"og:image:height\" content=\"400\" \/>\n\t<meta property=\"og:image:type\" content=\"image\/jpeg\" \/>\n<meta name=\"author\" content=\"SalaStampa.eu, world press service\" \/>\n<meta name=\"twitter:card\" content=\"summary_large_image\" \/>\n<meta name=\"twitter:label1\" content=\"Escrito por\" \/>\n\t<meta name=\"twitter:data1\" content=\"SalaStampa.eu, world press service\" \/>\n\t<meta name=\"twitter:label2\" content=\"Tiempo de lectura\" \/>\n\t<meta name=\"twitter:data2\" content=\"6 minutos\" \/>\n<script type=\"application\/ld+json\" class=\"yoast-schema-graph\">{\"@context\":\"https:\\\/\\\/schema.org\",\"@graph\":[{\"@type\":\"Article\",\"@id\":\"https:\\\/\\\/elcanillita.info\\\/press\\\/2023\\\/04\\\/08\\\/una-ex-miembro-de-la-otan-denuncia-su-vision-de-tunel\\\/#article\",\"isPartOf\":{\"@id\":\"https:\\\/\\\/elcanillita.info\\\/press\\\/2023\\\/04\\\/08\\\/una-ex-miembro-de-la-otan-denuncia-su-vision-de-tunel\\\/\"},\"author\":{\"name\":\"SalaStampa.eu, world press service\",\"@id\":\"https:\\\/\\\/elcanillita.info\\\/press\\\/#\\\/schema\\\/person\\\/7fcb79f38045700919f7da6d97e71ba0\"},\"headline\":\"Una ex miembro de la OTAN denuncia su &#8220;visi\u00f3n de t\u00fanel&#8221;\",\"datePublished\":\"2023-04-08T21:41:21+00:00\",\"dateModified\":\"2023-04-17T20:11:35+00:00\",\"mainEntityOfPage\":{\"@id\":\"https:\\\/\\\/elcanillita.info\\\/press\\\/2023\\\/04\\\/08\\\/una-ex-miembro-de-la-otan-denuncia-su-vision-de-tunel\\\/\"},\"wordCount\":1347,\"publisher\":{\"@id\":\"https:\\\/\\\/elcanillita.info\\\/press\\\/#organization\"},\"image\":{\"@id\":\"https:\\\/\\\/elcanillita.info\\\/press\\\/2023\\\/04\\\/08\\\/una-ex-miembro-de-la-otan-denuncia-su-vision-de-tunel\\\/#primaryimage\"},\"thumbnailUrl\":\"https:\\\/\\\/elcanillita.info\\\/press\\\/images\\\/2023\\\/04\\\/Stefanie-Babst_20230407.jpg\",\"keywords\":[\"Alemania\"],\"articleSection\":[\".\",\"Actualidad\",\"Politica\",\"UE\"],\"inLanguage\":\"es-AR\"},{\"@type\":\"WebPage\",\"@id\":\"https:\\\/\\\/elcanillita.info\\\/press\\\/2023\\\/04\\\/08\\\/una-ex-miembro-de-la-otan-denuncia-su-vision-de-tunel\\\/\",\"url\":\"https:\\\/\\\/elcanillita.info\\\/press\\\/2023\\\/04\\\/08\\\/una-ex-miembro-de-la-otan-denuncia-su-vision-de-tunel\\\/\",\"name\":\"Una ex miembro de la OTAN denuncia su \\\"visi\u00f3n de t\u00fanel\\\" - ElCanillita.Info\",\"isPartOf\":{\"@id\":\"https:\\\/\\\/elcanillita.info\\\/press\\\/#website\"},\"primaryImageOfPage\":{\"@id\":\"https:\\\/\\\/elcanillita.info\\\/press\\\/2023\\\/04\\\/08\\\/una-ex-miembro-de-la-otan-denuncia-su-vision-de-tunel\\\/#primaryimage\"},\"image\":{\"@id\":\"https:\\\/\\\/elcanillita.info\\\/press\\\/2023\\\/04\\\/08\\\/una-ex-miembro-de-la-otan-denuncia-su-vision-de-tunel\\\/#primaryimage\"},\"thumbnailUrl\":\"https:\\\/\\\/elcanillita.info\\\/press\\\/images\\\/2023\\\/04\\\/Stefanie-Babst_20230407.jpg\",\"datePublished\":\"2023-04-08T21:41:21+00:00\",\"dateModified\":\"2023-04-17T20:11:35+00:00\",\"description\":\"Stefanie Babst, una analista de seguridad alemana que ocup\u00f3 altos cargos en la OTAN durante 22 a\u00f1os, seis de ellos como Subsecretaria General Adjunta y ocho como Directora de su grupo interno de reflexi\u00f3n estrat\u00e9gica, describe una organizaci\u00f3n lastrada por la politiquer\u00eda nacional, la esclerosis burocr\u00e1tica y la miop\u00eda institucional.\",\"inLanguage\":\"es-AR\",\"potentialAction\":[{\"@type\":\"ReadAction\",\"target\":[\"https:\\\/\\\/elcanillita.info\\\/press\\\/2023\\\/04\\\/08\\\/una-ex-miembro-de-la-otan-denuncia-su-vision-de-tunel\\\/\"]}]},{\"@type\":\"ImageObject\",\"inLanguage\":\"es-AR\",\"@id\":\"https:\\\/\\\/elcanillita.info\\\/press\\\/2023\\\/04\\\/08\\\/una-ex-miembro-de-la-otan-denuncia-su-vision-de-tunel\\\/#primaryimage\",\"url\":\"https:\\\/\\\/elcanillita.info\\\/press\\\/images\\\/2023\\\/04\\\/Stefanie-Babst_20230407.jpg\",\"contentUrl\":\"https:\\\/\\\/elcanillita.info\\\/press\\\/images\\\/2023\\\/04\\\/Stefanie-Babst_20230407.jpg\",\"width\":600,\"height\":400},{\"@type\":\"WebSite\",\"@id\":\"https:\\\/\\\/elcanillita.info\\\/press\\\/#website\",\"url\":\"https:\\\/\\\/elcanillita.info\\\/press\\\/\",\"name\":\"ElCanillita.Info\",\"description\":\"desde los Apeninos a los Andes\",\"publisher\":{\"@id\":\"https:\\\/\\\/elcanillita.info\\\/press\\\/#organization\"},\"potentialAction\":[{\"@type\":\"SearchAction\",\"target\":{\"@type\":\"EntryPoint\",\"urlTemplate\":\"https:\\\/\\\/elcanillita.info\\\/press\\\/?s={search_term_string}\"},\"query-input\":{\"@type\":\"PropertyValueSpecification\",\"valueRequired\":true,\"valueName\":\"search_term_string\"}}],\"inLanguage\":\"es-AR\"},{\"@type\":\"Organization\",\"@id\":\"https:\\\/\\\/elcanillita.info\\\/press\\\/#organization\",\"name\":\"Guzzo Photos & Graphic Publications\",\"url\":\"https:\\\/\\\/elcanillita.info\\\/press\\\/\",\"logo\":{\"@type\":\"ImageObject\",\"inLanguage\":\"es-AR\",\"@id\":\"https:\\\/\\\/elcanillita.info\\\/press\\\/#\\\/schema\\\/logo\\\/image\\\/\",\"url\":\"https:\\\/\\\/elcanillita.info\\\/press\\\/images\\\/2020\\\/01\\\/cropped-cropped-cropped-elcanillitainfo.png\",\"contentUrl\":\"https:\\\/\\\/elcanillita.info\\\/press\\\/images\\\/2020\\\/01\\\/cropped-cropped-cropped-elcanillitainfo.png\",\"width\":460,\"height\":50,\"caption\":\"Guzzo Photos & Graphic Publications\"},\"image\":{\"@id\":\"https:\\\/\\\/elcanillita.info\\\/press\\\/#\\\/schema\\\/logo\\\/image\\\/\"},\"sameAs\":[\"https:\\\/\\\/ar-ar.facebook.com\\\/ElCanillitainfo-114249515285712\\\/\"]},{\"@type\":\"Person\",\"@id\":\"https:\\\/\\\/elcanillita.info\\\/press\\\/#\\\/schema\\\/person\\\/7fcb79f38045700919f7da6d97e71ba0\",\"name\":\"SalaStampa.eu, world press service\",\"image\":{\"@type\":\"ImageObject\",\"inLanguage\":\"es-AR\",\"@id\":\"https:\\\/\\\/secure.gravatar.com\\\/avatar\\\/c2f0e0d515a107624234994507816ca4724c7199cef73fc8bedebf6931d73888?s=96&d=mm&r=g\",\"url\":\"https:\\\/\\\/secure.gravatar.com\\\/avatar\\\/c2f0e0d515a107624234994507816ca4724c7199cef73fc8bedebf6931d73888?s=96&d=mm&r=g\",\"contentUrl\":\"https:\\\/\\\/secure.gravatar.com\\\/avatar\\\/c2f0e0d515a107624234994507816ca4724c7199cef73fc8bedebf6931d73888?s=96&d=mm&r=g\",\"caption\":\"SalaStampa.eu, world press service\"}}]}<\/script>\n<!-- \/ Yoast SEO plugin. -->","yoast_head_json":{"title":"Una ex miembro de la OTAN denuncia su \"visi\u00f3n de t\u00fanel\" - ElCanillita.Info","description":"Stefanie Babst, una analista de seguridad alemana que ocup\u00f3 altos cargos en la OTAN durante 22 a\u00f1os, seis de ellos como Subsecretaria General Adjunta y ocho como Directora de su grupo interno de reflexi\u00f3n estrat\u00e9gica, describe una organizaci\u00f3n lastrada por la politiquer\u00eda nacional, la esclerosis burocr\u00e1tica y la miop\u00eda institucional.","robots":{"index":"index","follow":"follow","max-snippet":"max-snippet:-1","max-image-preview":"max-image-preview:large","max-video-preview":"max-video-preview:-1"},"canonical":"https:\/\/elcanillita.info\/press\/2023\/04\/08\/una-ex-miembro-de-la-otan-denuncia-su-vision-de-tunel\/","og_locale":"es_ES","og_type":"article","og_title":"Una ex miembro de la OTAN denuncia su \"visi\u00f3n de t\u00fanel\" - ElCanillita.Info","og_description":"Stefanie Babst, una analista de seguridad alemana que ocup\u00f3 altos cargos en la OTAN durante 22 a\u00f1os, seis de ellos como Subsecretaria General Adjunta y ocho como Directora de su grupo interno de reflexi\u00f3n estrat\u00e9gica, describe una organizaci\u00f3n lastrada por la politiquer\u00eda nacional, la esclerosis burocr\u00e1tica y la miop\u00eda institucional.","og_url":"https:\/\/elcanillita.info\/press\/2023\/04\/08\/una-ex-miembro-de-la-otan-denuncia-su-vision-de-tunel\/","og_site_name":"ElCanillita.Info","article_publisher":"https:\/\/ar-ar.facebook.com\/ElCanillitainfo-114249515285712\/","article_published_time":"2023-04-08T21:41:21+00:00","article_modified_time":"2023-04-17T20:11:35+00:00","og_image":[{"width":600,"height":400,"url":"https:\/\/elcanillita.info\/press\/images\/2023\/04\/Stefanie-Babst_20230407.jpg","type":"image\/jpeg"}],"author":"SalaStampa.eu, world press service","twitter_card":"summary_large_image","twitter_misc":{"Escrito por":"SalaStampa.eu, world press service","Tiempo de lectura":"6 minutos"},"schema":{"@context":"https:\/\/schema.org","@graph":[{"@type":"Article","@id":"https:\/\/elcanillita.info\/press\/2023\/04\/08\/una-ex-miembro-de-la-otan-denuncia-su-vision-de-tunel\/#article","isPartOf":{"@id":"https:\/\/elcanillita.info\/press\/2023\/04\/08\/una-ex-miembro-de-la-otan-denuncia-su-vision-de-tunel\/"},"author":{"name":"SalaStampa.eu, world press service","@id":"https:\/\/elcanillita.info\/press\/#\/schema\/person\/7fcb79f38045700919f7da6d97e71ba0"},"headline":"Una ex miembro de la OTAN denuncia su &#8220;visi\u00f3n de t\u00fanel&#8221;","datePublished":"2023-04-08T21:41:21+00:00","dateModified":"2023-04-17T20:11:35+00:00","mainEntityOfPage":{"@id":"https:\/\/elcanillita.info\/press\/2023\/04\/08\/una-ex-miembro-de-la-otan-denuncia-su-vision-de-tunel\/"},"wordCount":1347,"publisher":{"@id":"https:\/\/elcanillita.info\/press\/#organization"},"image":{"@id":"https:\/\/elcanillita.info\/press\/2023\/04\/08\/una-ex-miembro-de-la-otan-denuncia-su-vision-de-tunel\/#primaryimage"},"thumbnailUrl":"https:\/\/elcanillita.info\/press\/images\/2023\/04\/Stefanie-Babst_20230407.jpg","keywords":["Alemania"],"articleSection":[".","Actualidad","Politica","UE"],"inLanguage":"es-AR"},{"@type":"WebPage","@id":"https:\/\/elcanillita.info\/press\/2023\/04\/08\/una-ex-miembro-de-la-otan-denuncia-su-vision-de-tunel\/","url":"https:\/\/elcanillita.info\/press\/2023\/04\/08\/una-ex-miembro-de-la-otan-denuncia-su-vision-de-tunel\/","name":"Una ex miembro de la OTAN denuncia su \"visi\u00f3n de t\u00fanel\" - ElCanillita.Info","isPartOf":{"@id":"https:\/\/elcanillita.info\/press\/#website"},"primaryImageOfPage":{"@id":"https:\/\/elcanillita.info\/press\/2023\/04\/08\/una-ex-miembro-de-la-otan-denuncia-su-vision-de-tunel\/#primaryimage"},"image":{"@id":"https:\/\/elcanillita.info\/press\/2023\/04\/08\/una-ex-miembro-de-la-otan-denuncia-su-vision-de-tunel\/#primaryimage"},"thumbnailUrl":"https:\/\/elcanillita.info\/press\/images\/2023\/04\/Stefanie-Babst_20230407.jpg","datePublished":"2023-04-08T21:41:21+00:00","dateModified":"2023-04-17T20:11:35+00:00","description":"Stefanie Babst, una analista de seguridad alemana que ocup\u00f3 altos cargos en la OTAN durante 22 a\u00f1os, seis de ellos como Subsecretaria General Adjunta y ocho como Directora de su grupo interno de reflexi\u00f3n estrat\u00e9gica, describe una organizaci\u00f3n lastrada por la politiquer\u00eda nacional, la esclerosis burocr\u00e1tica y la miop\u00eda institucional.","inLanguage":"es-AR","potentialAction":[{"@type":"ReadAction","target":["https:\/\/elcanillita.info\/press\/2023\/04\/08\/una-ex-miembro-de-la-otan-denuncia-su-vision-de-tunel\/"]}]},{"@type":"ImageObject","inLanguage":"es-AR","@id":"https:\/\/elcanillita.info\/press\/2023\/04\/08\/una-ex-miembro-de-la-otan-denuncia-su-vision-de-tunel\/#primaryimage","url":"https:\/\/elcanillita.info\/press\/images\/2023\/04\/Stefanie-Babst_20230407.jpg","contentUrl":"https:\/\/elcanillita.info\/press\/images\/2023\/04\/Stefanie-Babst_20230407.jpg","width":600,"height":400},{"@type":"WebSite","@id":"https:\/\/elcanillita.info\/press\/#website","url":"https:\/\/elcanillita.info\/press\/","name":"ElCanillita.Info","description":"desde los Apeninos a los Andes","publisher":{"@id":"https:\/\/elcanillita.info\/press\/#organization"},"potentialAction":[{"@type":"SearchAction","target":{"@type":"EntryPoint","urlTemplate":"https:\/\/elcanillita.info\/press\/?s={search_term_string}"},"query-input":{"@type":"PropertyValueSpecification","valueRequired":true,"valueName":"search_term_string"}}],"inLanguage":"es-AR"},{"@type":"Organization","@id":"https:\/\/elcanillita.info\/press\/#organization","name":"Guzzo Photos & Graphic Publications","url":"https:\/\/elcanillita.info\/press\/","logo":{"@type":"ImageObject","inLanguage":"es-AR","@id":"https:\/\/elcanillita.info\/press\/#\/schema\/logo\/image\/","url":"https:\/\/elcanillita.info\/press\/images\/2020\/01\/cropped-cropped-cropped-elcanillitainfo.png","contentUrl":"https:\/\/elcanillita.info\/press\/images\/2020\/01\/cropped-cropped-cropped-elcanillitainfo.png","width":460,"height":50,"caption":"Guzzo Photos & Graphic Publications"},"image":{"@id":"https:\/\/elcanillita.info\/press\/#\/schema\/logo\/image\/"},"sameAs":["https:\/\/ar-ar.facebook.com\/ElCanillitainfo-114249515285712\/"]},{"@type":"Person","@id":"https:\/\/elcanillita.info\/press\/#\/schema\/person\/7fcb79f38045700919f7da6d97e71ba0","name":"SalaStampa.eu, world press service","image":{"@type":"ImageObject","inLanguage":"es-AR","@id":"https:\/\/secure.gravatar.com\/avatar\/c2f0e0d515a107624234994507816ca4724c7199cef73fc8bedebf6931d73888?s=96&d=mm&r=g","url":"https:\/\/secure.gravatar.com\/avatar\/c2f0e0d515a107624234994507816ca4724c7199cef73fc8bedebf6931d73888?s=96&d=mm&r=g","contentUrl":"https:\/\/secure.gravatar.com\/avatar\/c2f0e0d515a107624234994507816ca4724c7199cef73fc8bedebf6931d73888?s=96&d=mm&r=g","caption":"SalaStampa.eu, world press service"}}]}},"views":602,"_links":{"self":[{"href":"https:\/\/elcanillita.info\/press\/wp-json\/wp\/v2\/posts\/3451","targetHints":{"allow":["GET"]}}],"collection":[{"href":"https:\/\/elcanillita.info\/press\/wp-json\/wp\/v2\/posts"}],"about":[{"href":"https:\/\/elcanillita.info\/press\/wp-json\/wp\/v2\/types\/post"}],"author":[{"embeddable":true,"href":"https:\/\/elcanillita.info\/press\/wp-json\/wp\/v2\/users\/1"}],"replies":[{"embeddable":true,"href":"https:\/\/elcanillita.info\/press\/wp-json\/wp\/v2\/comments?post=3451"}],"version-history":[{"count":0,"href":"https:\/\/elcanillita.info\/press\/wp-json\/wp\/v2\/posts\/3451\/revisions"}],"wp:featuredmedia":[{"embeddable":true,"href":"https:\/\/elcanillita.info\/press\/wp-json\/wp\/v2\/media\/3453"}],"wp:attachment":[{"href":"https:\/\/elcanillita.info\/press\/wp-json\/wp\/v2\/media?parent=3451"}],"wp:term":[{"taxonomy":"category","embeddable":true,"href":"https:\/\/elcanillita.info\/press\/wp-json\/wp\/v2\/categories?post=3451"},{"taxonomy":"post_tag","embeddable":true,"href":"https:\/\/elcanillita.info\/press\/wp-json\/wp\/v2\/tags?post=3451"}],"curies":[{"name":"wp","href":"https:\/\/api.w.org\/{rel}","templated":true}]}}