{"id":3447,"date":"2023-04-08T08:30:16","date_gmt":"2023-04-08T11:30:16","guid":{"rendered":"https:\/\/elcanillita.info\/press\/?p=3447"},"modified":"2023-04-18T13:13:36","modified_gmt":"2023-04-18T16:13:36","slug":"apocalyse-now","status":"publish","type":"post","link":"https:\/\/elcanillita.info\/press\/2023\/04\/08\/apocalyse-now\/","title":{"rendered":"Apocalyse Now"},"content":{"rendered":"\n<figure class=\"wp-block-image\"><img decoding=\"async\" src=\"https:\/\/elcanillita.info\/press\/images\/2023\/04\/ki_20230408.jpg\" alt=\"\"\/><\/figure>\n\n\n\n<p><strong>por Enrique Guillermo Avogadro<\/strong><\/p>\n\n\n\n<p><small><em>\u201cEn d\u00edas tales, la casualidad vive sus momentos m\u00e1s gloriosos:<br>se convierte en la aut\u00e9ntica reina y se\u00f1ora de la historia\u201d.<br><a href=\"#Ryszard Kapu\u015bci\u0144ski\"> Ryszard Kapu\u015bci\u0144ski<\/a><\/em><\/small><\/p>\n\n\n\n<p>Buenos Aires, 8\/04\/2023<br><br>Pese al dolor que naturalmente invade a su familia, s\u00f3lo fue uno m\u00e1s de los que todos los d\u00edas sufren los m\u00e1s pobres, pero el asesinato de Daniel Barrientos, un conductor de colectivos en La Matanza, parece haber sido la gota que derram\u00f3 el vaso de la angustia generalizada que, sin fisuras, reina en los conurbanos de todo el pa\u00eds. La inseguridad es all\u00ed algo todav\u00eda m\u00e1s preocupante que la inflaci\u00f3n, pese a que \u00e9sta destruye a la sociedad hasta sus cimientos, en especial porque es debajo de la pir\u00e1mide donde m\u00e1s hiere.<\/p>\n\n\n\n<p>Cuando a ese sangriento episodio se sum\u00f3 la reacci\u00f3n destemplada y violenta de Sergio Berni y Axel Kiciloff, que apelaron al sempiterno complot opositor-sin\u00e1rquico en contra del proyecto nac&amp;pop que finjen encarnar, la indignaci\u00f3n sigui\u00f3 subiendo y los espont\u00e1neos coparon titulares y redes. Y estall\u00f3 definitivamente cuando se mont\u00f3 un operativo swat digno de una pel\u00edcula de clase B para detener a trabajadores, presuntos agresores del pat\u00e9tico Ministro que se autopercib\u00eda Superman.<\/p>\n\n\n\n<p>Cristina Fern\u00e1ndez, demostrando una vez m\u00e1s la desconexi\u00f3n con la realidad que la afecta, se fue a la banquina cuando compar\u00f3 la tragedia real con el sospechoso atentado del que fue objeto: <em>\u201ctuve m\u00e1s suerte que \u00e9l, porque no sali\u00f3 la bala\u201d<\/em>. A pocos meses de las cruciales, fue un torpedo que abri\u00f3 un enorme rumbo bajo la l\u00ednea de flotaci\u00f3n del Titanic en que se ha convertido ya el Frente de Todos, un tremendo agujero por el cual se fugan, en tropel, los votos de sus enclaves m\u00e1s fieles, que han dejado de ser interpretados por el peronismo; cada vez se justifica m\u00e1s calificar a este proyecto de populismo saqueador como triste, solitario y final.<\/p>\n\n\n\n<p>Volando por debajo del radar ciudadano -un penoso remedo de las haza\u00f1as de nuestros gloriosos aviadores en Malvinas-. que s\u00f3lo registra las cotidianas aflicciones personales que nos tienen a tan mal traer, la maltrecha Argentina sufri\u00f3 en las \u00faltimas semanas los monumentales bombazos que llegaron desde los tribunales de Nueva York y de Londres. Las sumas comprometidas son de tal magnitud que, pr\u00e1cticamente, equivalen a nuestra secular deuda con el FMI.<\/p>\n\n\n\n<p>Sin duda alguna, las causas eficientes de semejante desastre son la soberbia y la impunidad del kirchnerismo pero, sobre todo, la manifiesta incapacidad de quien sue\u00f1a con ser reelecto como Gobernador de la Provincia de Buenos Aires, el mismo que, como Ministro de Econom\u00eda de la emperatriz del Calafate, negoci\u00f3 tan ruinosamente con Repsol, con los holdouts y con el Club de Paris y falsific\u00f3 las estad\u00edsticas para esconder el crecimiento del PBI. Aunque las decisiones pol\u00edticas no sean justiciables, la Argentina alguna vez deber\u00eda responsabilizar personal y patrimonialmente a quienes la representan mal y le infieren tantos e irreparables perjuicios.<\/p>\n\n\n\n<p>El FMI, una vez m\u00e1s, se puso anteojeras para revisar el cumplimiento de las metas fijadas en los acuerdos de refinanciaci\u00f3n y, de esa manera, abri\u00f3 nuevamente su generoso bolsillo, fingiendo no notar la inventiva de Sergio Massa y su equipo de mentirosos que, con tanta eficacia, hacen \u201ccontabilidad creativa\u201d. Aunque no constituy\u00f3 una sorpresa, el <em>Aceitoso <\/em>sac\u00f3 de su inagotable galera otro conejo muerto, ahora denominado \u201csoja III\u201d, que permitir\u00e1 a algunos sectores del complejo agro-industrial vender al Banco Central sus d\u00f3lares a $ 300, para lo cual el Gobierno nuevamente deber\u00e1 imprimir centenares de miles de millones de papelitos de colores, dando nuevo impulso a la incontrolable inflaci\u00f3n.<\/p>\n\n\n\n<p>Aclaro que no creo en las supuestas informaciones que proporcionan las encuestas porque muchas empresas, todav\u00eda lejos de las elecciones, dicen lo que sus clientes quieren y pagan y luego, m\u00e1s cerca, las ajustan para no comprometer su prestigio, porque todas dan cuenta de un enorme porcentaje de entrevistados que se niegan a responder y porque nadie sabe a qu\u00e9 numero llegar\u00e1 la abstenci\u00f3n, expresi\u00f3n clara del hartazgo social.<\/p>\n\n\n\n<p>Hace algunas semanas, en esta columna enumer\u00e9 los tres escenarios en que se desarrollar\u00e1 un ya casi seguro ballotage: 1) Juntos por el Cambio (JxC) vs Frente de Todos (FdT); 2) Javier Milei vs FdT; y 3) JxC vs Milei. Hoy, si bien los tres siguen claramente vigentes, el resultado final se ha modificado dado que, si bien los dirigentes de las coaliciones siguen recitando el viejo mantra <em>\u201cel que gana gobierna y el que pierde acompa\u00f1a\u201d<\/em>, no es seguro que los votantes obedezcan a las c\u00fapulas partidarias; as\u00ed, el comportamiento final de los electores seguir\u00e1 siendo una inc\u00f3gnita.<\/p>\n\n\n\n<p>Me refiero, por ejemplo, al caso en que se diera la variante 1; \u00bfpor qui\u00e9n optar\u00edan quienes apoyaron a Milei en la primera vuelta?, \u00bfser\u00eda lo mismo para ellos que fuera candidato del FdT Daniel Scioli, Wado de Pedro o alg\u00fan nuevo invento de Cristina Fern\u00e1ndez, y Patricia Bullrich u Horacio Rodr\u00edguez Larreta, en JxC; y as\u00ed hasta el infinito. En especial porque, en medio del fracaso del Gobierno en todos los campos, ya no parece tan disparatado imaginar que el FdT pueda resultar tercero.<\/p>\n\n\n\n<p>Como se ve, el final sigue abierto y, por la sensaci\u00f3n de fatalidad que impera en el \u00e1nimo de todos los dirigentes del oficialismo ante la inminencia de una bestial y previsible paliza en las urnas, nada resulta descartable en el futuro, por muy tr\u00e1gico que pueda resultar dados los antecedentes que exibe el peronismo en su historia. Mientras tanto, feliz Pascua de Resurrecci\u00f3n, Jag Sameaj P\u00e9saj o Ramadan Mubarak, seg\u00fan sea su creencia.<\/p>\n\n\n\n<p>Enrique Guillermo Avogadro<br><br><small>Copyright \u00a9 2023 ElCanillita.info \/ SalaStampa.Eu \u2013 All rights reserved<\/small> <br><\/p>\n\n\n\n<hr class=\"wp-block-separator has-alpha-channel-opacity\"\/>\n\n\n\n<div style=\"width:100%; padding-left:50px; font-size:0.8em; text-align: justify;\">\n<b><a name=\"Ryszard Kapu\u015bci\u0144ski\">Ryszard Kapu\u015bci\u0144ski<\/a><\/b><br>Pinsk, 4\/03\/1932 &#8211; Varsovia, 23\/01\/2007- fue un periodista, escritor y ensayista polaco.<br><br>Nacido en Pinsk (entonces parte de Polonia, ahora en Bielorrusia), tras estudiar en Varsovia trabaj\u00f3 hasta 1981 como corresponsal en el extranjero de la agencia de noticias polaca Pap. Envi\u00f3 correspondencia, entre otras cosas, de varios pa\u00edses africanos, de Ir\u00e1n, de la URSS, que fueron traducidas a muchos idiomas y publicadas en los principales peri\u00f3dicos del mundo. Su colega escritor-periodista Tiziano Terzani, el escritor colombiano Gabriel Garc\u00eda M\u00e1rquez y el chileno Luis Sep\u00falveda lo llamaron \u00abMaestro\u00bb.\n<br><br>\nPresenci\u00f3 27 golpes y revoluciones, fue encarcelado 40 veces y escap\u00f3 de cuatro sentencias de muerte. Durante el d\u00eda reuni\u00f3 informaci\u00f3n para los despachos precisos que envi\u00f3 a Pap. Por la noche, escrib\u00eda largos ensayos con referencias hist\u00f3ricas, culturales y hasta fant\u00e1sticas que iban mucho m\u00e1s all\u00e1 de los detalles de los acontecimientos del d\u00eda. Conoci\u00f3 a Patrice Lumumba en el Congo, a Ben Bella en Argelia, al Che Guevara en Cuba, a Idi Amin Dada en Uganda&#8230; Estuvo en Zanz\u00edbar durante los disturbios de 1964, cubri\u00f3 la guerra entre Honduras y El Salvador en 1970 (que \u00e9l mismo bautiz\u00f3 &#8220;guerra del f\u00fatbol&#8221;) y estaba en el sur de Angola en 1975, cuando el pa\u00eds, habi\u00e9ndose independizado de Portugal, entr\u00f3 en guerra civil y fue invadido por Sud\u00e1frica.\n<br><br>\nPublic\u00f3 su opini\u00f3n sobre la profesi\u00f3n de periodista en 2000, en el libro &#8220;El c\u00ednico no sirve para esta profesi\u00f3n&#8221;: conversaciones sobre el buen periodismo. En 2003 volvi\u00f3 sobre el tema en su libro Autoportret reportera (Autorretrato de un reportero) publicado por Znak de Cracovia. En 2003 gan\u00f3 el Premio Pr\u00edncipe de Asturias en la categor\u00eda de Comunicaci\u00f3n y Humanidades. En una entrevista de 2006 con la agencia de noticias brit\u00e1nica Reuters, Kapu\u015bci\u0144ski dijo que no escrib\u00eda para lectores polacos o incluso europeos, sino &#8220;para aquellos en todas partes que, sin embargo, se sent\u00edan lo suficientemente j\u00f3venes como para seguir sintiendo curiosidad por el mundo&#8221;. <br>\n<br> \nAdem\u00e1s del idioma polaco, hablaba con fluidez ruso, ingl\u00e9s, espa\u00f1ol, franc\u00e9s y portugu\u00e9s. Fue \u00abprofesor invitado\u00bb de las universidades de Bangalore, Bonn, Ciudad del Cabo, Caracas, Columbia, Harvard, Irkutsk, Londres, Madrid, M\u00e9xico, San Sebasti\u00e1n, Temple University y Vancouver. Tambi\u00e9n en 2006 recibi\u00f3 un doctorado honoris causa en traducci\u00f3n y mediaci\u00f3n cultural en la Universidad de Udine y, en octubre del mismo a\u00f1o, pas\u00f3 tres d\u00edas en Italia como invitado del Centro por la Paz del Municipio de Bolzano; fue su \u00faltima salida p\u00fablica. Muri\u00f3 el 23 de enero de 2007 en Varsovia.<br><br>\nCopyright \u00a9 2023 ElCanillita.info \/ SalaStampa.Eu \u2013 All rights reserved\n<br><br>\n<\/div>\n","protected":false},"excerpt":{"rendered":"<p>Argentina Hoy: La inseguridad es algo todav\u00eda m\u00e1s preocupante que la inflaci\u00f3n, pese a que \u00e9sta destruye a la sociedad hasta sus cimientos, en especial porque es debajo de la pir\u00e1mide donde m\u00e1s hiere.<\/p>\n","protected":false},"author":1,"featured_media":3448,"comment_status":"closed","ping_status":"closed","sticky":false,"template":"","format":"standard","meta":{"footnotes":"","_links_to":"","_links_to_target":""},"categories":[108,70,11,23],"tags":[29],"class_list":["post-3447","post","type-post","status-publish","format-standard","has-post-thumbnail","hentry","category-blogdiario","category-actualidad","category-america-del-sur","category-politica","tag-argentina","entry","double"],"yoast_head":"<!-- This site is optimized with the Yoast SEO plugin v27.4 - https:\/\/yoast.com\/product\/yoast-seo-wordpress\/ -->\n<title>Apocalyse Now - ElCanillita.Info<\/title>\n<meta name=\"description\" content=\"Argentina Hoy: Pese al dolor que naturalmente invade a su familia, s\u00f3lo fue uno m\u00e1s de los que todos los d\u00edas sufren los m\u00e1s pobres, pero el asesinato de Daniel Barrientos, un conductor de colectivos en La Matanza, parece haber sido la gota que derram\u00f3 el vaso de la angustia generalizada que, sin fisuras, reina en los conurbanos de todo el pa\u00eds.\" \/>\n<meta name=\"robots\" content=\"index, follow, max-snippet:-1, max-image-preview:large, max-video-preview:-1\" \/>\n<link rel=\"canonical\" href=\"https:\/\/elcanillita.info\/press\/2023\/04\/08\/apocalyse-now\/\" \/>\n<meta property=\"og:locale\" content=\"es_ES\" \/>\n<meta property=\"og:type\" content=\"article\" \/>\n<meta property=\"og:title\" content=\"Apocalyse Now - ElCanillita.Info\" \/>\n<meta property=\"og:description\" content=\"Argentina Hoy: Pese al dolor que naturalmente invade a su familia, s\u00f3lo fue uno m\u00e1s de los que todos los d\u00edas sufren los m\u00e1s pobres, pero el asesinato de Daniel Barrientos, un conductor de colectivos en La Matanza, parece haber sido la gota que derram\u00f3 el vaso de la angustia generalizada que, sin fisuras, reina en los conurbanos de todo el pa\u00eds.\" \/>\n<meta property=\"og:url\" content=\"https:\/\/elcanillita.info\/press\/2023\/04\/08\/apocalyse-now\/\" \/>\n<meta property=\"og:site_name\" content=\"ElCanillita.Info\" \/>\n<meta property=\"article:publisher\" content=\"https:\/\/ar-ar.facebook.com\/ElCanillitainfo-114249515285712\/\" \/>\n<meta property=\"article:published_time\" content=\"2023-04-08T11:30:16+00:00\" \/>\n<meta property=\"article:modified_time\" content=\"2023-04-18T16:13:36+00:00\" \/>\n<meta property=\"og:image\" content=\"https:\/\/elcanillita.info\/press\/images\/2023\/04\/ki_20230408cv.jpg\" \/>\n\t<meta property=\"og:image:width\" content=\"600\" \/>\n\t<meta property=\"og:image:height\" content=\"400\" \/>\n\t<meta property=\"og:image:type\" content=\"image\/jpeg\" \/>\n<meta name=\"author\" content=\"SalaStampa.eu, world press service\" \/>\n<meta name=\"twitter:card\" content=\"summary_large_image\" \/>\n<meta name=\"twitter:label1\" content=\"Escrito por\" \/>\n\t<meta name=\"twitter:data1\" content=\"SalaStampa.eu, world press service\" \/>\n\t<meta name=\"twitter:label2\" content=\"Tiempo de lectura\" \/>\n\t<meta name=\"twitter:data2\" content=\"7 minutos\" \/>\n<script type=\"application\/ld+json\" class=\"yoast-schema-graph\">{\"@context\":\"https:\\\/\\\/schema.org\",\"@graph\":[{\"@type\":\"Article\",\"@id\":\"https:\\\/\\\/elcanillita.info\\\/press\\\/2023\\\/04\\\/08\\\/apocalyse-now\\\/#article\",\"isPartOf\":{\"@id\":\"https:\\\/\\\/elcanillita.info\\\/press\\\/2023\\\/04\\\/08\\\/apocalyse-now\\\/\"},\"author\":{\"name\":\"SalaStampa.eu, world press service\",\"@id\":\"https:\\\/\\\/elcanillita.info\\\/press\\\/#\\\/schema\\\/person\\\/7fcb79f38045700919f7da6d97e71ba0\"},\"headline\":\"Apocalyse Now\",\"datePublished\":\"2023-04-08T11:30:16+00:00\",\"dateModified\":\"2023-04-18T16:13:36+00:00\",\"mainEntityOfPage\":{\"@id\":\"https:\\\/\\\/elcanillita.info\\\/press\\\/2023\\\/04\\\/08\\\/apocalyse-now\\\/\"},\"wordCount\":1444,\"publisher\":{\"@id\":\"https:\\\/\\\/elcanillita.info\\\/press\\\/#organization\"},\"image\":{\"@id\":\"https:\\\/\\\/elcanillita.info\\\/press\\\/2023\\\/04\\\/08\\\/apocalyse-now\\\/#primaryimage\"},\"thumbnailUrl\":\"https:\\\/\\\/elcanillita.info\\\/press\\\/images\\\/2023\\\/04\\\/ki_20230408cv.jpg\",\"keywords\":[\"Argentina\"],\"articleSection\":[\".\",\"Actualidad\",\"Am\u00e9rica del Sur\",\"Politica\"],\"inLanguage\":\"es-AR\"},{\"@type\":\"WebPage\",\"@id\":\"https:\\\/\\\/elcanillita.info\\\/press\\\/2023\\\/04\\\/08\\\/apocalyse-now\\\/\",\"url\":\"https:\\\/\\\/elcanillita.info\\\/press\\\/2023\\\/04\\\/08\\\/apocalyse-now\\\/\",\"name\":\"Apocalyse Now - ElCanillita.Info\",\"isPartOf\":{\"@id\":\"https:\\\/\\\/elcanillita.info\\\/press\\\/#website\"},\"primaryImageOfPage\":{\"@id\":\"https:\\\/\\\/elcanillita.info\\\/press\\\/2023\\\/04\\\/08\\\/apocalyse-now\\\/#primaryimage\"},\"image\":{\"@id\":\"https:\\\/\\\/elcanillita.info\\\/press\\\/2023\\\/04\\\/08\\\/apocalyse-now\\\/#primaryimage\"},\"thumbnailUrl\":\"https:\\\/\\\/elcanillita.info\\\/press\\\/images\\\/2023\\\/04\\\/ki_20230408cv.jpg\",\"datePublished\":\"2023-04-08T11:30:16+00:00\",\"dateModified\":\"2023-04-18T16:13:36+00:00\",\"description\":\"Argentina Hoy: Pese al dolor que naturalmente invade a su familia, s\u00f3lo fue uno m\u00e1s de los que todos los d\u00edas sufren los m\u00e1s pobres, pero el asesinato de Daniel Barrientos, un conductor de colectivos en La Matanza, parece haber sido la gota que derram\u00f3 el vaso de la angustia generalizada que, sin fisuras, reina en los conurbanos de todo el pa\u00eds.\",\"inLanguage\":\"es-AR\",\"potentialAction\":[{\"@type\":\"ReadAction\",\"target\":[\"https:\\\/\\\/elcanillita.info\\\/press\\\/2023\\\/04\\\/08\\\/apocalyse-now\\\/\"]}]},{\"@type\":\"ImageObject\",\"inLanguage\":\"es-AR\",\"@id\":\"https:\\\/\\\/elcanillita.info\\\/press\\\/2023\\\/04\\\/08\\\/apocalyse-now\\\/#primaryimage\",\"url\":\"https:\\\/\\\/elcanillita.info\\\/press\\\/images\\\/2023\\\/04\\\/ki_20230408cv.jpg\",\"contentUrl\":\"https:\\\/\\\/elcanillita.info\\\/press\\\/images\\\/2023\\\/04\\\/ki_20230408cv.jpg\",\"width\":600,\"height\":400},{\"@type\":\"WebSite\",\"@id\":\"https:\\\/\\\/elcanillita.info\\\/press\\\/#website\",\"url\":\"https:\\\/\\\/elcanillita.info\\\/press\\\/\",\"name\":\"ElCanillita.Info\",\"description\":\"desde los Apeninos a los Andes\",\"publisher\":{\"@id\":\"https:\\\/\\\/elcanillita.info\\\/press\\\/#organization\"},\"potentialAction\":[{\"@type\":\"SearchAction\",\"target\":{\"@type\":\"EntryPoint\",\"urlTemplate\":\"https:\\\/\\\/elcanillita.info\\\/press\\\/?s={search_term_string}\"},\"query-input\":{\"@type\":\"PropertyValueSpecification\",\"valueRequired\":true,\"valueName\":\"search_term_string\"}}],\"inLanguage\":\"es-AR\"},{\"@type\":\"Organization\",\"@id\":\"https:\\\/\\\/elcanillita.info\\\/press\\\/#organization\",\"name\":\"Guzzo Photos & Graphic Publications\",\"url\":\"https:\\\/\\\/elcanillita.info\\\/press\\\/\",\"logo\":{\"@type\":\"ImageObject\",\"inLanguage\":\"es-AR\",\"@id\":\"https:\\\/\\\/elcanillita.info\\\/press\\\/#\\\/schema\\\/logo\\\/image\\\/\",\"url\":\"https:\\\/\\\/elcanillita.info\\\/press\\\/images\\\/2020\\\/01\\\/cropped-cropped-cropped-elcanillitainfo.png\",\"contentUrl\":\"https:\\\/\\\/elcanillita.info\\\/press\\\/images\\\/2020\\\/01\\\/cropped-cropped-cropped-elcanillitainfo.png\",\"width\":460,\"height\":50,\"caption\":\"Guzzo Photos & Graphic Publications\"},\"image\":{\"@id\":\"https:\\\/\\\/elcanillita.info\\\/press\\\/#\\\/schema\\\/logo\\\/image\\\/\"},\"sameAs\":[\"https:\\\/\\\/ar-ar.facebook.com\\\/ElCanillitainfo-114249515285712\\\/\"]},{\"@type\":\"Person\",\"@id\":\"https:\\\/\\\/elcanillita.info\\\/press\\\/#\\\/schema\\\/person\\\/7fcb79f38045700919f7da6d97e71ba0\",\"name\":\"SalaStampa.eu, world press service\",\"image\":{\"@type\":\"ImageObject\",\"inLanguage\":\"es-AR\",\"@id\":\"https:\\\/\\\/secure.gravatar.com\\\/avatar\\\/c2f0e0d515a107624234994507816ca4724c7199cef73fc8bedebf6931d73888?s=96&d=mm&r=g\",\"url\":\"https:\\\/\\\/secure.gravatar.com\\\/avatar\\\/c2f0e0d515a107624234994507816ca4724c7199cef73fc8bedebf6931d73888?s=96&d=mm&r=g\",\"contentUrl\":\"https:\\\/\\\/secure.gravatar.com\\\/avatar\\\/c2f0e0d515a107624234994507816ca4724c7199cef73fc8bedebf6931d73888?s=96&d=mm&r=g\",\"caption\":\"SalaStampa.eu, world press service\"}}]}<\/script>\n<!-- \/ Yoast SEO plugin. -->","yoast_head_json":{"title":"Apocalyse Now - ElCanillita.Info","description":"Argentina Hoy: Pese al dolor que naturalmente invade a su familia, s\u00f3lo fue uno m\u00e1s de los que todos los d\u00edas sufren los m\u00e1s pobres, pero el asesinato de Daniel Barrientos, un conductor de colectivos en La Matanza, parece haber sido la gota que derram\u00f3 el vaso de la angustia generalizada que, sin fisuras, reina en los conurbanos de todo el pa\u00eds.","robots":{"index":"index","follow":"follow","max-snippet":"max-snippet:-1","max-image-preview":"max-image-preview:large","max-video-preview":"max-video-preview:-1"},"canonical":"https:\/\/elcanillita.info\/press\/2023\/04\/08\/apocalyse-now\/","og_locale":"es_ES","og_type":"article","og_title":"Apocalyse Now - ElCanillita.Info","og_description":"Argentina Hoy: Pese al dolor que naturalmente invade a su familia, s\u00f3lo fue uno m\u00e1s de los que todos los d\u00edas sufren los m\u00e1s pobres, pero el asesinato de Daniel Barrientos, un conductor de colectivos en La Matanza, parece haber sido la gota que derram\u00f3 el vaso de la angustia generalizada que, sin fisuras, reina en los conurbanos de todo el pa\u00eds.","og_url":"https:\/\/elcanillita.info\/press\/2023\/04\/08\/apocalyse-now\/","og_site_name":"ElCanillita.Info","article_publisher":"https:\/\/ar-ar.facebook.com\/ElCanillitainfo-114249515285712\/","article_published_time":"2023-04-08T11:30:16+00:00","article_modified_time":"2023-04-18T16:13:36+00:00","og_image":[{"width":600,"height":400,"url":"https:\/\/elcanillita.info\/press\/images\/2023\/04\/ki_20230408cv.jpg","type":"image\/jpeg"}],"author":"SalaStampa.eu, world press service","twitter_card":"summary_large_image","twitter_misc":{"Escrito por":"SalaStampa.eu, world press service","Tiempo de lectura":"7 minutos"},"schema":{"@context":"https:\/\/schema.org","@graph":[{"@type":"Article","@id":"https:\/\/elcanillita.info\/press\/2023\/04\/08\/apocalyse-now\/#article","isPartOf":{"@id":"https:\/\/elcanillita.info\/press\/2023\/04\/08\/apocalyse-now\/"},"author":{"name":"SalaStampa.eu, world press service","@id":"https:\/\/elcanillita.info\/press\/#\/schema\/person\/7fcb79f38045700919f7da6d97e71ba0"},"headline":"Apocalyse Now","datePublished":"2023-04-08T11:30:16+00:00","dateModified":"2023-04-18T16:13:36+00:00","mainEntityOfPage":{"@id":"https:\/\/elcanillita.info\/press\/2023\/04\/08\/apocalyse-now\/"},"wordCount":1444,"publisher":{"@id":"https:\/\/elcanillita.info\/press\/#organization"},"image":{"@id":"https:\/\/elcanillita.info\/press\/2023\/04\/08\/apocalyse-now\/#primaryimage"},"thumbnailUrl":"https:\/\/elcanillita.info\/press\/images\/2023\/04\/ki_20230408cv.jpg","keywords":["Argentina"],"articleSection":[".","Actualidad","Am\u00e9rica del Sur","Politica"],"inLanguage":"es-AR"},{"@type":"WebPage","@id":"https:\/\/elcanillita.info\/press\/2023\/04\/08\/apocalyse-now\/","url":"https:\/\/elcanillita.info\/press\/2023\/04\/08\/apocalyse-now\/","name":"Apocalyse Now - ElCanillita.Info","isPartOf":{"@id":"https:\/\/elcanillita.info\/press\/#website"},"primaryImageOfPage":{"@id":"https:\/\/elcanillita.info\/press\/2023\/04\/08\/apocalyse-now\/#primaryimage"},"image":{"@id":"https:\/\/elcanillita.info\/press\/2023\/04\/08\/apocalyse-now\/#primaryimage"},"thumbnailUrl":"https:\/\/elcanillita.info\/press\/images\/2023\/04\/ki_20230408cv.jpg","datePublished":"2023-04-08T11:30:16+00:00","dateModified":"2023-04-18T16:13:36+00:00","description":"Argentina Hoy: Pese al dolor que naturalmente invade a su familia, s\u00f3lo fue uno m\u00e1s de los que todos los d\u00edas sufren los m\u00e1s pobres, pero el asesinato de Daniel Barrientos, un conductor de colectivos en La Matanza, parece haber sido la gota que derram\u00f3 el vaso de la angustia generalizada que, sin fisuras, reina en los conurbanos de todo el pa\u00eds.","inLanguage":"es-AR","potentialAction":[{"@type":"ReadAction","target":["https:\/\/elcanillita.info\/press\/2023\/04\/08\/apocalyse-now\/"]}]},{"@type":"ImageObject","inLanguage":"es-AR","@id":"https:\/\/elcanillita.info\/press\/2023\/04\/08\/apocalyse-now\/#primaryimage","url":"https:\/\/elcanillita.info\/press\/images\/2023\/04\/ki_20230408cv.jpg","contentUrl":"https:\/\/elcanillita.info\/press\/images\/2023\/04\/ki_20230408cv.jpg","width":600,"height":400},{"@type":"WebSite","@id":"https:\/\/elcanillita.info\/press\/#website","url":"https:\/\/elcanillita.info\/press\/","name":"ElCanillita.Info","description":"desde los Apeninos a los Andes","publisher":{"@id":"https:\/\/elcanillita.info\/press\/#organization"},"potentialAction":[{"@type":"SearchAction","target":{"@type":"EntryPoint","urlTemplate":"https:\/\/elcanillita.info\/press\/?s={search_term_string}"},"query-input":{"@type":"PropertyValueSpecification","valueRequired":true,"valueName":"search_term_string"}}],"inLanguage":"es-AR"},{"@type":"Organization","@id":"https:\/\/elcanillita.info\/press\/#organization","name":"Guzzo Photos & Graphic Publications","url":"https:\/\/elcanillita.info\/press\/","logo":{"@type":"ImageObject","inLanguage":"es-AR","@id":"https:\/\/elcanillita.info\/press\/#\/schema\/logo\/image\/","url":"https:\/\/elcanillita.info\/press\/images\/2020\/01\/cropped-cropped-cropped-elcanillitainfo.png","contentUrl":"https:\/\/elcanillita.info\/press\/images\/2020\/01\/cropped-cropped-cropped-elcanillitainfo.png","width":460,"height":50,"caption":"Guzzo Photos & Graphic Publications"},"image":{"@id":"https:\/\/elcanillita.info\/press\/#\/schema\/logo\/image\/"},"sameAs":["https:\/\/ar-ar.facebook.com\/ElCanillitainfo-114249515285712\/"]},{"@type":"Person","@id":"https:\/\/elcanillita.info\/press\/#\/schema\/person\/7fcb79f38045700919f7da6d97e71ba0","name":"SalaStampa.eu, world press service","image":{"@type":"ImageObject","inLanguage":"es-AR","@id":"https:\/\/secure.gravatar.com\/avatar\/c2f0e0d515a107624234994507816ca4724c7199cef73fc8bedebf6931d73888?s=96&d=mm&r=g","url":"https:\/\/secure.gravatar.com\/avatar\/c2f0e0d515a107624234994507816ca4724c7199cef73fc8bedebf6931d73888?s=96&d=mm&r=g","contentUrl":"https:\/\/secure.gravatar.com\/avatar\/c2f0e0d515a107624234994507816ca4724c7199cef73fc8bedebf6931d73888?s=96&d=mm&r=g","caption":"SalaStampa.eu, world press service"}}]}},"views":337,"_links":{"self":[{"href":"https:\/\/elcanillita.info\/press\/wp-json\/wp\/v2\/posts\/3447","targetHints":{"allow":["GET"]}}],"collection":[{"href":"https:\/\/elcanillita.info\/press\/wp-json\/wp\/v2\/posts"}],"about":[{"href":"https:\/\/elcanillita.info\/press\/wp-json\/wp\/v2\/types\/post"}],"author":[{"embeddable":true,"href":"https:\/\/elcanillita.info\/press\/wp-json\/wp\/v2\/users\/1"}],"replies":[{"embeddable":true,"href":"https:\/\/elcanillita.info\/press\/wp-json\/wp\/v2\/comments?post=3447"}],"version-history":[{"count":0,"href":"https:\/\/elcanillita.info\/press\/wp-json\/wp\/v2\/posts\/3447\/revisions"}],"wp:featuredmedia":[{"embeddable":true,"href":"https:\/\/elcanillita.info\/press\/wp-json\/wp\/v2\/media\/3448"}],"wp:attachment":[{"href":"https:\/\/elcanillita.info\/press\/wp-json\/wp\/v2\/media?parent=3447"}],"wp:term":[{"taxonomy":"category","embeddable":true,"href":"https:\/\/elcanillita.info\/press\/wp-json\/wp\/v2\/categories?post=3447"},{"taxonomy":"post_tag","embeddable":true,"href":"https:\/\/elcanillita.info\/press\/wp-json\/wp\/v2\/tags?post=3447"}],"curies":[{"name":"wp","href":"https:\/\/api.w.org\/{rel}","templated":true}]}}